{"id":1846,"date":"2014-02-18T14:36:23","date_gmt":"2014-02-18T13:36:23","guid":{"rendered":"http:\/\/blog.printu.pl\/?p=1846"},"modified":"2015-12-16T16:24:12","modified_gmt":"2015-12-16T15:24:12","slug":"wspomnienie-lata-w-fotoksiazce","status":"publish","type":"post","link":"https:\/\/printu.pl\/blog\/2014\/02\/18\/wspomnienie-lata-w-fotoksiazce\/","title":{"rendered":"Wspomnienie lata w fotoksi\u0105\u017cce"},"content":{"rendered":"<p><img decoding=\"async\" loading=\"lazy\" class=\"alignnone  wp-image-1847\" src=\"http:\/\/blog.printu.pl\/wp-content\/uploads\/2014\/02\/fotoksi\u0105\u017cka-z-wakacji.jpg\" alt=\"Wakacyjna fotoksi\u0105\u017cka\" width=\"700\" height=\"350\" srcset=\"https:\/\/s3-eu-central-1.amazonaws.com\/printu-blog\/wp-content\/uploads\/2014\/02\/fotoksi%C4%85%C5%BCka-z-wakacji.jpg 700w, https:\/\/s3-eu-central-1.amazonaws.com\/printu-blog\/wp-content\/uploads\/2014\/02\/fotoksi%C4%85%C5%BCka-z-wakacji-300x150.jpg 300w\" sizes=\"(max-width: 700px) 100vw, 700px\" \/><\/p>\n<blockquote><p>&#8222;W zimowe dni lubi\u0119 wraca\u0107 do ciep\u0142ych wspomnie\u0144. Wspominam ciep\u0142e wakacje sp\u0119dzone tu nad morzem i tam, daleko w okolicach Morza \u015ar\u00f3dziemnego. Jestem tradycjonalistk\u0105 i nie wyobra\u017cam sobie przechowywania zdj\u0119\u0107 tylko na dysku komputera. To nie to, zdj\u0119cia trzeba dotkn\u0105\u0107, \u017ceby poczu\u0107 klimat i zapach uwiecznionych miejsc.<\/p>\n<p><!--more-->Postanowi\u0142am, \u017ce z ka\u017cdej naszej wsp\u00f3lnej podr\u00f3\u017cy b\u0119d\u0119 przygotowywa\u0142a fotoalbum, tak by\u015bmy do papierowych wspomnie\u0144 mogli wr\u00f3ci\u0107 zawsze. Bo ja nie lubi\u0119 typowych pami\u0105tek z wyjazd\u00f3w, dla mnie najlepsz\u0105 pami\u0105tk\u0105 jest zbi\u00f3r zdj\u0119\u0107&#8221;.<\/p><\/blockquote>\n<p><strong>Zapraszamy do ca\u0142ego wpisu redaktor Marysi z bloga \u201eART ATTACK BE INSPIRED\u201d tutaj:<\/strong><br \/>\n<a href=\"http:\/\/www.artattack.com.pl\/2014\/02\/wspomnienie-lata-w-fotoksiazce.html\" target=\"_blank\" rel=\"nofollow\"><strong>\u201eWspomnienie lata w fotoksi\u0105\u017cce\u201d<\/strong><\/a><\/p>\n<p>Swoj\u0105 fotoksi\u0105\u017ck\u0119 z wakacji zaprojektujesz na:\u00a0<a href=\"http:\/\/www.printu.pl\/\" target=\"_blank\">www.printu.pl<\/a><\/p>\n","protected":false},"excerpt":{"rendered":"<p>Postanowi\u0142am, \u017ce z ka\u017cdej naszej wsp\u00f3lnej podr\u00f3\u017cy b\u0119d\u0119 przygotowywa\u0142a fotoalbum, tak by\u015bmy do papierowych wspomnie\u0144 mogli wr\u00f3ci\u0107 zawsze. Bo ja nie lubi\u0119 typowych pami\u0105tek z wyjazd\u00f3w, dla mnie najlepsz\u0105 pami\u0105tk\u0105 jest zbi\u00f3r zdj\u0119\u0107.<\/p>\n","protected":false},"author":4,"featured_media":0,"comment_status":"open","ping_status":"open","sticky":false,"template":"","format":"standard","meta":[],"categories":[143],"tags":[150,579,92,91,122,577,99,578],"yoast_head":"<!-- This site is optimized with the Yoast SEO plugin v19.13 - https:\/\/yoast.com\/wordpress\/plugins\/seo\/ -->\n<title>Wspomnienie lata w fotoksi\u0105\u017cce - Printu.pl<\/title>\n<meta name=\"robots\" content=\"index, follow, max-snippet:-1, max-image-preview:large, max-video-preview:-1\" \/>\n<link rel=\"canonical\" href=\"https:\/\/printu.pl\/blog\/2014\/02\/18\/wspomnienie-lata-w-fotoksiazce\/\" \/>\n<meta property=\"og:locale\" content=\"pl_PL\" \/>\n<meta property=\"og:type\" content=\"article\" \/>\n<meta property=\"og:title\" content=\"Wspomnienie lata w fotoksi\u0105\u017cce - Printu.pl\" \/>\n<meta property=\"og:description\" content=\"Postanowi\u0142am, \u017ce z ka\u017cdej naszej wsp\u00f3lnej podr\u00f3\u017cy b\u0119d\u0119 przygotowywa\u0142a fotoalbum, tak by\u015bmy do papierowych wspomnie\u0144 mogli wr\u00f3ci\u0107 zawsze. Bo ja nie lubi\u0119 typowych pami\u0105tek z wyjazd\u00f3w, dla mnie najlepsz\u0105 pami\u0105tk\u0105 jest zbi\u00f3r zdj\u0119\u0107.\" \/>\n<meta property=\"og:url\" content=\"https:\/\/printu.pl\/blog\/2014\/02\/18\/wspomnienie-lata-w-fotoksiazce\/\" \/>\n<meta property=\"og:site_name\" content=\"blog\" \/>\n<meta property=\"article:publisher\" content=\"https:\/\/www.facebook.com\/printupl\" \/>\n<meta property=\"article:published_time\" content=\"2014-02-18T13:36:23+00:00\" \/>\n<meta property=\"article:modified_time\" content=\"2015-12-16T15:24:12+00:00\" \/>\n<meta name=\"author\" content=\"Katarzyna\" \/>\n<meta name=\"twitter:card\" content=\"summary_large_image\" \/>\n<meta name=\"twitter:creator\" content=\"@printupl\" \/>\n<meta name=\"twitter:site\" content=\"@printupl\" \/>\n<meta name=\"twitter:label1\" content=\"Napisane przez\" \/>\n\t<meta name=\"twitter:data1\" content=\"Katarzyna\" \/>\n\t<meta name=\"twitter:label2\" content=\"Szacowany czas czytania\" \/>\n\t<meta name=\"twitter:data2\" content=\"1 minuta\" \/>\n<!-- \/ Yoast SEO plugin. -->","yoast_head_json":{"title":"Wspomnienie lata w fotoksi\u0105\u017cce - Printu.pl","robots":{"index":"index","follow":"follow","max-snippet":"max-snippet:-1","max-image-preview":"max-image-preview:large","max-video-preview":"max-video-preview:-1"},"canonical":"https:\/\/printu.pl\/blog\/2014\/02\/18\/wspomnienie-lata-w-fotoksiazce\/","og_locale":"pl_PL","og_type":"article","og_title":"Wspomnienie lata w fotoksi\u0105\u017cce - Printu.pl","og_description":"Postanowi\u0142am, \u017ce z ka\u017cdej naszej wsp\u00f3lnej podr\u00f3\u017cy b\u0119d\u0119 przygotowywa\u0142a fotoalbum, tak by\u015bmy do papierowych wspomnie\u0144 mogli wr\u00f3ci\u0107 zawsze. Bo ja nie lubi\u0119 typowych pami\u0105tek z wyjazd\u00f3w, dla mnie najlepsz\u0105 pami\u0105tk\u0105 jest zbi\u00f3r zdj\u0119\u0107.","og_url":"https:\/\/printu.pl\/blog\/2014\/02\/18\/wspomnienie-lata-w-fotoksiazce\/","og_site_name":"blog","article_publisher":"https:\/\/www.facebook.com\/printupl","article_published_time":"2014-02-18T13:36:23+00:00","article_modified_time":"2015-12-16T15:24:12+00:00","author":"Katarzyna","twitter_card":"summary_large_image","twitter_creator":"@printupl","twitter_site":"@printupl","twitter_misc":{"Napisane przez":"Katarzyna","Szacowany czas czytania":"1 minuta"},"schema":{"@context":"https:\/\/schema.org","@graph":[{"@type":"Article","@id":"https:\/\/printu.pl\/blog\/2014\/02\/18\/wspomnienie-lata-w-fotoksiazce\/#article","isPartOf":{"@id":"https:\/\/printu.pl\/blog\/2014\/02\/18\/wspomnienie-lata-w-fotoksiazce\/"},"author":{"name":"Katarzyna","@id":"https:\/\/printu.pl\/blog\/#\/schema\/person\/1552825435ffb2cc058d57ea4dd17e22"},"headline":"Wspomnienie lata w fotoksi\u0105\u017cce","datePublished":"2014-02-18T13:36:23+00:00","dateModified":"2015-12-16T15:24:12+00:00","mainEntityOfPage":{"@id":"https:\/\/printu.pl\/blog\/2014\/02\/18\/wspomnienie-lata-w-fotoksiazce\/"},"wordCount":132,"commentCount":0,"publisher":{"@id":"https:\/\/printu.pl\/blog\/#organization"},"keywords":["fotoksi\u0105\u017cka opinie","fotoksi\u0105\u017cka z Hiszpanii","fotoksi\u0105\u017cka z podr\u00f3\u017cy","fotoksi\u0105\u017cka z wakacji","najlepsza fotoksi\u0105\u017cka","opinie fotoksi\u0105\u017cki","wakacyjna fotoksi\u0105\u017cka","wspomnienie lata w fotoksi\u0105\u017cce"],"articleSection":["Napisali o nas"],"inLanguage":"pl-PL","potentialAction":[{"@type":"CommentAction","name":"Comment","target":["https:\/\/printu.pl\/blog\/2014\/02\/18\/wspomnienie-lata-w-fotoksiazce\/#respond"]}]},{"@type":"WebPage","@id":"https:\/\/printu.pl\/blog\/2014\/02\/18\/wspomnienie-lata-w-fotoksiazce\/","url":"https:\/\/printu.pl\/blog\/2014\/02\/18\/wspomnienie-lata-w-fotoksiazce\/","name":"Wspomnienie lata w fotoksi\u0105\u017cce - Printu.pl","isPartOf":{"@id":"https:\/\/printu.pl\/blog\/#website"},"datePublished":"2014-02-18T13:36:23+00:00","dateModified":"2015-12-16T15:24:12+00:00","breadcrumb":{"@id":"https:\/\/printu.pl\/blog\/2014\/02\/18\/wspomnienie-lata-w-fotoksiazce\/#breadcrumb"},"inLanguage":"pl-PL","potentialAction":[{"@type":"ReadAction","target":["https:\/\/printu.pl\/blog\/2014\/02\/18\/wspomnienie-lata-w-fotoksiazce\/"]}]},{"@type":"BreadcrumbList","@id":"https:\/\/printu.pl\/blog\/2014\/02\/18\/wspomnienie-lata-w-fotoksiazce\/#breadcrumb","itemListElement":[{"@type":"ListItem","position":1,"name":"Strona g\u0142\u00f3wna","item":"https:\/\/printu.pl\/blog\/"},{"@type":"ListItem","position":2,"name":"Wspomnienie lata w fotoksi\u0105\u017cce"}]},{"@type":"WebSite","@id":"https:\/\/printu.pl\/blog\/#website","url":"https:\/\/printu.pl\/blog\/","name":"blog","description":"blog","publisher":{"@id":"https:\/\/printu.pl\/blog\/#organization"},"potentialAction":[{"@type":"SearchAction","target":{"@type":"EntryPoint","urlTemplate":"https:\/\/printu.pl\/blog\/?s={search_term_string}"},"query-input":"required name=search_term_string"}],"inLanguage":"pl-PL"},{"@type":"Organization","@id":"https:\/\/printu.pl\/blog\/#organization","name":"blog","url":"https:\/\/printu.pl\/blog\/","logo":{"@type":"ImageObject","inLanguage":"pl-PL","@id":"https:\/\/printu.pl\/blog\/#\/schema\/logo\/image\/","url":"https:\/\/s3-eu-central-1.amazonaws.com\/printu-blog\/wp-content\/uploads\/2017\/02\/printu-logo.png","contentUrl":"https:\/\/s3-eu-central-1.amazonaws.com\/printu-blog\/wp-content\/uploads\/2017\/02\/printu-logo.png","width":143,"height":34,"caption":" blog"},"image":{"@id":"https:\/\/printu.pl\/blog\/#\/schema\/logo\/image\/"},"sameAs":["https:\/\/instagram.com\/printupl","https:\/\/www.facebook.com\/printupl","https:\/\/twitter.com\/printupl"]},{"@type":"Person","@id":"https:\/\/printu.pl\/blog\/#\/schema\/person\/1552825435ffb2cc058d57ea4dd17e22","name":"Katarzyna","image":{"@type":"ImageObject","inLanguage":"pl-PL","@id":"https:\/\/printu.pl\/blog\/#\/schema\/person\/image\/","url":"https:\/\/secure.gravatar.com\/avatar\/39b1f1f0db1aa82c65afeee9d7610280?s=96&d=mm&r=g","contentUrl":"https:\/\/secure.gravatar.com\/avatar\/39b1f1f0db1aa82c65afeee9d7610280?s=96&d=mm&r=g","caption":"Katarzyna"}}]}},"_links":{"self":[{"href":"https:\/\/printu.pl\/blog\/wp-json\/wp\/v2\/posts\/1846"}],"collection":[{"href":"https:\/\/printu.pl\/blog\/wp-json\/wp\/v2\/posts"}],"about":[{"href":"https:\/\/printu.pl\/blog\/wp-json\/wp\/v2\/types\/post"}],"author":[{"embeddable":true,"href":"https:\/\/printu.pl\/blog\/wp-json\/wp\/v2\/users\/4"}],"replies":[{"embeddable":true,"href":"https:\/\/printu.pl\/blog\/wp-json\/wp\/v2\/comments?post=1846"}],"version-history":[{"count":6,"href":"https:\/\/printu.pl\/blog\/wp-json\/wp\/v2\/posts\/1846\/revisions"}],"predecessor-version":[{"id":6218,"href":"https:\/\/printu.pl\/blog\/wp-json\/wp\/v2\/posts\/1846\/revisions\/6218"}],"wp:attachment":[{"href":"https:\/\/printu.pl\/blog\/wp-json\/wp\/v2\/media?parent=1846"}],"wp:term":[{"taxonomy":"category","embeddable":true,"href":"https:\/\/printu.pl\/blog\/wp-json\/wp\/v2\/categories?post=1846"},{"taxonomy":"post_tag","embeddable":true,"href":"https:\/\/printu.pl\/blog\/wp-json\/wp\/v2\/tags?post=1846"}],"curies":[{"name":"wp","href":"https:\/\/api.w.org\/{rel}","templated":true}]}}