{"id":2050,"date":"2014-03-21T19:19:11","date_gmt":"2014-03-21T18:19:11","guid":{"rendered":"http:\/\/blog.printu.pl\/?p=2050"},"modified":"2015-12-16T16:22:29","modified_gmt":"2015-12-16T15:22:29","slug":"rodzinna-fotoksiazka-printu","status":"publish","type":"post","link":"https:\/\/printu.pl\/blog\/2014\/03\/21\/rodzinna-fotoksiazka-printu\/","title":{"rendered":"Rodzinna fotoksi\u0105\u017cka Printu"},"content":{"rendered":"<p><img decoding=\"async\" loading=\"lazy\" class=\"alignnone  wp-image-2051\" src=\"http:\/\/blog.printu.pl\/wp-content\/uploads\/2014\/04\/fotoksi\u0105\u017cka-z-wakacji.jpg\" alt=\"Rodzinna fotoksi\u0105\u017cka Printu\" width=\"700\" height=\"350\" srcset=\"https:\/\/s3-eu-central-1.amazonaws.com\/printu-blog\/wp-content\/uploads\/2014\/04\/fotoksi%C4%85%C5%BCka-z-wakacji.jpg 700w, https:\/\/s3-eu-central-1.amazonaws.com\/printu-blog\/wp-content\/uploads\/2014\/04\/fotoksi%C4%85%C5%BCka-z-wakacji-300x150.jpg 300w\" sizes=\"(max-width: 700px) 100vw, 700px\" \/><\/p>\n<blockquote><p><em>&#8222;Sofie life&#8221;<\/em> tak zatytu\u0142owali\u015bmy nasz\u0105 pierwsz\u0105 rodzinn\u0105 fotoksi\u0105zk\u0119, nie wiedz\u0105c czy spodoba nam si\u0119 na tyle by powsta\u0142y jej kolejne cz\u0119\u015bci. Jednak\u017ce kiedy po wyci\u0105gni\u0119ciu z paczkomatu otworzy\u0142am w domu paczuszk\u0119, od razu wiedzia\u0142am, \u017ce b\u0119d\u0105 jej kolejne edycje&#8221;.\u00a0<strong>Zapraszamy do ca\u0142ego wpisu redaktor Iwony z bloga \u201emylittlesofie.blogspot.com\u201d tutaj:\u00a0<\/strong><a href=\"http:\/\/mylittlesofie.blogspot.com\/2014\/03\/fotoksiazka.html\" target=\"_blank\" rel=\"nofollow\"><strong>\u201eFotoksi\u0105\u017cka Printu\u201d<\/strong><\/a><\/p><\/blockquote>\n<p><!--more-->Ty tak\u017ce przekonaj si\u0119, dlaczego warto stworzy\u0107 fotoksi\u0105\u017ck\u0119 PRINTU. Zapraszamy:\u00a0<a href=\"http:\/\/www.printu.pl\/\" target=\"_blank\" rel=\"nofollow\">www.printu.pl<\/a><\/p>\n","protected":false},"excerpt":{"rendered":"<p>&#8222;Sofie life&#8221;  tak zatytu\u0142owali\u015bmy nasz\u0105 pierwsz\u0105 rodzinn\u0105 fotoksi\u0105zk\u0119, nie wiedz\u0105c czy spodoba nam si\u0119 na tyle by powsta\u0142y jej kolejne cz\u0119\u015bci. Jednak\u017ce kiedy po wyci\u0105gni\u0119ciu z paczkomatu otworzy\u0142am w domu paczuszk\u0119, od razu wiedzia\u0142am, \u017ce b\u0119d\u0105 jej kolejne edycje.<\/p>\n","protected":false},"author":4,"featured_media":0,"comment_status":"open","ping_status":"open","sticky":false,"template":"","format":"standard","meta":[],"categories":[143],"tags":[497,218,150,141,706,44,122,474,639,705,640,707,638],"yoast_head":"<!-- This site is optimized with the Yoast SEO plugin v19.13 - https:\/\/yoast.com\/wordpress\/plugins\/seo\/ -->\n<title>Rodzinna fotoksi\u0105\u017cka Printu - Printu.pl<\/title>\n<meta name=\"robots\" content=\"index, follow, max-snippet:-1, max-image-preview:large, max-video-preview:-1\" \/>\n<link rel=\"canonical\" href=\"https:\/\/printu.pl\/blog\/2014\/03\/21\/rodzinna-fotoksiazka-printu\/\" \/>\n<meta property=\"og:locale\" content=\"pl_PL\" \/>\n<meta property=\"og:type\" content=\"article\" \/>\n<meta property=\"og:title\" content=\"Rodzinna fotoksi\u0105\u017cka Printu - Printu.pl\" \/>\n<meta property=\"og:description\" content=\"&quot;Sofie life&quot; tak zatytu\u0142owali\u015bmy nasz\u0105 pierwsz\u0105 rodzinn\u0105 fotoksi\u0105zk\u0119, nie wiedz\u0105c czy spodoba nam si\u0119 na tyle by powsta\u0142y jej kolejne cz\u0119\u015bci. Jednak\u017ce kiedy po wyci\u0105gni\u0119ciu z paczkomatu otworzy\u0142am w domu paczuszk\u0119, od razu wiedzia\u0142am, \u017ce b\u0119d\u0105 jej kolejne edycje.\" \/>\n<meta property=\"og:url\" content=\"https:\/\/printu.pl\/blog\/2014\/03\/21\/rodzinna-fotoksiazka-printu\/\" \/>\n<meta property=\"og:site_name\" content=\"blog\" \/>\n<meta property=\"article:publisher\" content=\"https:\/\/www.facebook.com\/printupl\" \/>\n<meta property=\"article:published_time\" content=\"2014-03-21T18:19:11+00:00\" \/>\n<meta property=\"article:modified_time\" content=\"2015-12-16T15:22:29+00:00\" \/>\n<meta name=\"author\" content=\"Katarzyna\" \/>\n<meta name=\"twitter:card\" content=\"summary_large_image\" \/>\n<meta name=\"twitter:creator\" content=\"@printupl\" \/>\n<meta name=\"twitter:site\" content=\"@printupl\" \/>\n<meta name=\"twitter:label1\" content=\"Napisane przez\" \/>\n\t<meta name=\"twitter:data1\" content=\"Katarzyna\" \/>\n<!-- \/ Yoast SEO plugin. -->","yoast_head_json":{"title":"Rodzinna fotoksi\u0105\u017cka Printu - Printu.pl","robots":{"index":"index","follow":"follow","max-snippet":"max-snippet:-1","max-image-preview":"max-image-preview:large","max-video-preview":"max-video-preview:-1"},"canonical":"https:\/\/printu.pl\/blog\/2014\/03\/21\/rodzinna-fotoksiazka-printu\/","og_locale":"pl_PL","og_type":"article","og_title":"Rodzinna fotoksi\u0105\u017cka Printu - Printu.pl","og_description":"\"Sofie life\" tak zatytu\u0142owali\u015bmy nasz\u0105 pierwsz\u0105 rodzinn\u0105 fotoksi\u0105zk\u0119, nie wiedz\u0105c czy spodoba nam si\u0119 na tyle by powsta\u0142y jej kolejne cz\u0119\u015bci. Jednak\u017ce kiedy po wyci\u0105gni\u0119ciu z paczkomatu otworzy\u0142am w domu paczuszk\u0119, od razu wiedzia\u0142am, \u017ce b\u0119d\u0105 jej kolejne edycje.","og_url":"https:\/\/printu.pl\/blog\/2014\/03\/21\/rodzinna-fotoksiazka-printu\/","og_site_name":"blog","article_publisher":"https:\/\/www.facebook.com\/printupl","article_published_time":"2014-03-21T18:19:11+00:00","article_modified_time":"2015-12-16T15:22:29+00:00","author":"Katarzyna","twitter_card":"summary_large_image","twitter_creator":"@printupl","twitter_site":"@printupl","twitter_misc":{"Napisane przez":"Katarzyna"},"schema":{"@context":"https:\/\/schema.org","@graph":[{"@type":"Article","@id":"https:\/\/printu.pl\/blog\/2014\/03\/21\/rodzinna-fotoksiazka-printu\/#article","isPartOf":{"@id":"https:\/\/printu.pl\/blog\/2014\/03\/21\/rodzinna-fotoksiazka-printu\/"},"author":{"name":"Katarzyna","@id":"https:\/\/printu.pl\/blog\/#\/schema\/person\/1552825435ffb2cc058d57ea4dd17e22"},"headline":"Rodzinna fotoksi\u0105\u017cka Printu","datePublished":"2014-03-21T18:19:11+00:00","dateModified":"2015-12-16T15:22:29+00:00","mainEntityOfPage":{"@id":"https:\/\/printu.pl\/blog\/2014\/03\/21\/rodzinna-fotoksiazka-printu\/"},"wordCount":86,"commentCount":0,"publisher":{"@id":"https:\/\/printu.pl\/blog\/#organization"},"keywords":["fajna fotoksi\u0105\u017cka","fotoksi\u0105\u017cka dziecka","fotoksi\u0105\u017cka opinie","fotoksi\u0105\u017cka PRINTU","fotoksi\u0105\u017cka printu opinie","gdzie przechowywa\u0107 zdj\u0119cia","najlepsza fotoksi\u0105\u017cka","pi\u0119kna fotoksi\u0105\u017cka","plusy fotoksi\u0105\u017cek","printu opinie","przewagas fotoksia\u017cki nad albumem","Rodzinna fotoksi\u0105\u017cka Printu","zalety fotoksi\u0105\u017cek"],"articleSection":["Napisali o nas"],"inLanguage":"pl-PL","potentialAction":[{"@type":"CommentAction","name":"Comment","target":["https:\/\/printu.pl\/blog\/2014\/03\/21\/rodzinna-fotoksiazka-printu\/#respond"]}]},{"@type":"WebPage","@id":"https:\/\/printu.pl\/blog\/2014\/03\/21\/rodzinna-fotoksiazka-printu\/","url":"https:\/\/printu.pl\/blog\/2014\/03\/21\/rodzinna-fotoksiazka-printu\/","name":"Rodzinna fotoksi\u0105\u017cka Printu - Printu.pl","isPartOf":{"@id":"https:\/\/printu.pl\/blog\/#website"},"datePublished":"2014-03-21T18:19:11+00:00","dateModified":"2015-12-16T15:22:29+00:00","breadcrumb":{"@id":"https:\/\/printu.pl\/blog\/2014\/03\/21\/rodzinna-fotoksiazka-printu\/#breadcrumb"},"inLanguage":"pl-PL","potentialAction":[{"@type":"ReadAction","target":["https:\/\/printu.pl\/blog\/2014\/03\/21\/rodzinna-fotoksiazka-printu\/"]}]},{"@type":"BreadcrumbList","@id":"https:\/\/printu.pl\/blog\/2014\/03\/21\/rodzinna-fotoksiazka-printu\/#breadcrumb","itemListElement":[{"@type":"ListItem","position":1,"name":"Strona g\u0142\u00f3wna","item":"https:\/\/printu.pl\/blog\/"},{"@type":"ListItem","position":2,"name":"Rodzinna fotoksi\u0105\u017cka Printu"}]},{"@type":"WebSite","@id":"https:\/\/printu.pl\/blog\/#website","url":"https:\/\/printu.pl\/blog\/","name":"blog","description":"blog","publisher":{"@id":"https:\/\/printu.pl\/blog\/#organization"},"potentialAction":[{"@type":"SearchAction","target":{"@type":"EntryPoint","urlTemplate":"https:\/\/printu.pl\/blog\/?s={search_term_string}"},"query-input":"required name=search_term_string"}],"inLanguage":"pl-PL"},{"@type":"Organization","@id":"https:\/\/printu.pl\/blog\/#organization","name":"blog","url":"https:\/\/printu.pl\/blog\/","logo":{"@type":"ImageObject","inLanguage":"pl-PL","@id":"https:\/\/printu.pl\/blog\/#\/schema\/logo\/image\/","url":"https:\/\/s3-eu-central-1.amazonaws.com\/printu-blog\/wp-content\/uploads\/2017\/02\/printu-logo.png","contentUrl":"https:\/\/s3-eu-central-1.amazonaws.com\/printu-blog\/wp-content\/uploads\/2017\/02\/printu-logo.png","width":143,"height":34,"caption":" blog"},"image":{"@id":"https:\/\/printu.pl\/blog\/#\/schema\/logo\/image\/"},"sameAs":["https:\/\/instagram.com\/printupl","https:\/\/www.facebook.com\/printupl","https:\/\/twitter.com\/printupl"]},{"@type":"Person","@id":"https:\/\/printu.pl\/blog\/#\/schema\/person\/1552825435ffb2cc058d57ea4dd17e22","name":"Katarzyna","image":{"@type":"ImageObject","inLanguage":"pl-PL","@id":"https:\/\/printu.pl\/blog\/#\/schema\/person\/image\/","url":"https:\/\/secure.gravatar.com\/avatar\/39b1f1f0db1aa82c65afeee9d7610280?s=96&d=mm&r=g","contentUrl":"https:\/\/secure.gravatar.com\/avatar\/39b1f1f0db1aa82c65afeee9d7610280?s=96&d=mm&r=g","caption":"Katarzyna"}}]}},"_links":{"self":[{"href":"https:\/\/printu.pl\/blog\/wp-json\/wp\/v2\/posts\/2050"}],"collection":[{"href":"https:\/\/printu.pl\/blog\/wp-json\/wp\/v2\/posts"}],"about":[{"href":"https:\/\/printu.pl\/blog\/wp-json\/wp\/v2\/types\/post"}],"author":[{"embeddable":true,"href":"https:\/\/printu.pl\/blog\/wp-json\/wp\/v2\/users\/4"}],"replies":[{"embeddable":true,"href":"https:\/\/printu.pl\/blog\/wp-json\/wp\/v2\/comments?post=2050"}],"version-history":[{"count":7,"href":"https:\/\/printu.pl\/blog\/wp-json\/wp\/v2\/posts\/2050\/revisions"}],"predecessor-version":[{"id":6213,"href":"https:\/\/printu.pl\/blog\/wp-json\/wp\/v2\/posts\/2050\/revisions\/6213"}],"wp:attachment":[{"href":"https:\/\/printu.pl\/blog\/wp-json\/wp\/v2\/media?parent=2050"}],"wp:term":[{"taxonomy":"category","embeddable":true,"href":"https:\/\/printu.pl\/blog\/wp-json\/wp\/v2\/categories?post=2050"},{"taxonomy":"post_tag","embeddable":true,"href":"https:\/\/printu.pl\/blog\/wp-json\/wp\/v2\/tags?post=2050"}],"curies":[{"name":"wp","href":"https:\/\/api.w.org\/{rel}","templated":true}]}}