{"id":2211,"date":"2014-06-10T15:47:43","date_gmt":"2014-06-10T13:47:43","guid":{"rendered":"http:\/\/blog.printu.pl\/?p=2211"},"modified":"2015-12-16T15:53:14","modified_gmt":"2015-12-16T14:53:14","slug":"fotoksiazka-przedszkolna-i-szkolna","status":"publish","type":"post","link":"https:\/\/printu.pl\/blog\/2014\/06\/10\/fotoksiazka-przedszkolna-i-szkolna\/","title":{"rendered":"Fotoksi\u0105\u017cka przedszkolna i szkolna"},"content":{"rendered":"<p><img decoding=\"async\" loading=\"lazy\" class=\"alignnone  wp-image-2212\" src=\"http:\/\/blog.printu.pl\/wp-content\/uploads\/2014\/06\/fotoksi\u0105\u017cka-szkolna.jpg\" alt=\"Fotoksi\u0105\u017cka przedszkolna i szkolna\" width=\"700\" height=\"350\" srcset=\"https:\/\/s3-eu-central-1.amazonaws.com\/printu-blog\/wp-content\/uploads\/2014\/06\/fotoksi%C4%85%C5%BCka-szkolna.jpg 700w, https:\/\/s3-eu-central-1.amazonaws.com\/printu-blog\/wp-content\/uploads\/2014\/06\/fotoksi%C4%85%C5%BCka-szkolna-300x150.jpg 300w\" sizes=\"(max-width: 700px) 100vw, 700px\" \/><\/p>\n<p>Koniec roku szkolnego zbli\u017ca si\u0119 wielkimi krokami. Zaproponuj rodzicom innych dzieci oryginaln\u0105 pami\u0105tk\u0119 &#8211; przedszkoln\u0105 lub szkoln\u0105 fotoksi\u0105zk\u0119 z opisami i zdj\u0119ciami Waszych pociech\u00a0z wa\u017cnych uroczysto\u015bci, wycieczek, zawod\u00f3w, konkurs\u00f3w, itp. Taka fotoksi\u0105\u017cka Printu b\u0119dzie pi\u0119kn\u0105 kronik\u0105 wydarze\u0144 z \u017cycia grupy i klasy, kt\u00f3ra utrwali najlepsze wspomnienia ze szkolnych lat.<!--more-->Na zako\u0144czenie roku szkolnego proponujemy stworzenie fotoksi\u0105\u017cek zar\u00f3wno dla uczni\u00f3w, jak i wychowawc\u00f3w i skorzystanie z naszej specjalnej oferty. Szczeg\u00f3\u0142y poni\u017cej!<\/p>\n<h2><strong>Fotoksi\u0105\u017cka dla przedszkolak\u00f3w i uczni\u00f3w\u00a0<\/strong><\/h2>\n<p>Kiedy\u015b tworzono kroniki klasowe, dzi\u015b nadszed\u0142 czas na fotoksi\u0105\u017cki, na kt\u00f3re rodzice cz\u0119sto mawiaj\u0105 te\u017c: schoolbook czy yearbook. Nie wiesz od czego zacz\u0105\u0107 przy projektowaniu takiej fotoksi\u0105\u017cki? Porozmiawiaj z innymi rodzicami, zbierzcie zdj\u0119cia dzieci, informacje o ka\u017cdym z nich (np. kim chce zosta\u0107 w przysz\u0142o\u015bci), przygotujcie zdj\u0119cie wychowawcy, wejd\u017acie na <a href=\"http:\/\/www.printu.pl\/\" target=\"_blank\" rel=\"nofollow nofollow\">www.printu.pl<\/a>\u00a0i do dzie\u0142a!<\/p>\n<h2><strong>Fotoksi\u0105\u017cka dla nauczyciela<\/strong><\/h2>\n<p>Fotoksi\u0105\u017cka to tak\u017ce wspania\u0142y pomys\u0142 na prezent dla wychowawcy na zako\u0144czenie roku przedszkolnego czy szkolnego. Zamiast wr\u0119cza\u0107 nauczycielowi po raz kolejny kwiaty czy kupowane na szybko bibeloty, warto zaskoczy\u0107 go naprawd\u0119 oryginalnym prezentem. Ch\u0119tnie obejrzy zdj\u0119cia ze swoimi uczniami w wyj\u0105tkowej oprawie, opatrzone dedykacj\u0105 i podzi\u0119kowaniami.<\/p>\n<h2><strong>Specjalna oferta promocyjna<\/strong><\/h2>\n<p>Dla przedszkoli i szk\u00f3\u0142 przygotowali\u015bmy specjaln\u0105 ofert\u0119 promocyjn\u0105, kt\u00f3ra jest wa\u017cna do 20.06.2014r. Szczeg\u00f3\u0142y promocji i kody zni\u017ckowe znajduj\u0105 si\u0119 na stronie: <a href=\" http:\/\/printu.pl\/promocja-przedszkola-szkoly\" target=\"_blank\">Promocja dla przedszkoli i szk\u00f3\u0142<\/a>.<\/p>\n<h2><strong>Masz pytanie? Skontaktuj si\u0119 z nami!<\/strong><\/h2>\n<p>W razie pyta\u0144 prosimy o kontakt mailowy: pomoc@printu.pl lub telefoniczny: 32 720 22 84.<\/p>\n","protected":false},"excerpt":{"rendered":"<p>Koniec roku szkolnego zbli\u017ca si\u0119 wielkimi krokami. Zaproponuj rodzicom innych dzieci oryginaln\u0105 pami\u0105tk\u0119 &#8211; przedszkoln\u0105 lub szkoln\u0105 fotoksi\u0105zk\u0119 z opisami i zdj\u0119ciami Waszych pociech z wa\u017cnych uroczysto\u015bci, wycieczek, zawod\u00f3w, konkurs\u00f3w, itp. Taka fotoksi\u0105\u017cka Printu b\u0119dzie pi\u0119kn\u0105 kronik\u0105 wydarze\u0144 z \u017cycia grupy i klasy, kt\u00f3ra utrwali najlepsze wspomnienia ze szkolnych lat.<\/p>\n","protected":false},"author":4,"featured_media":0,"comment_status":"open","ping_status":"open","sticky":false,"template":"","format":"standard","meta":[],"categories":[43],"tags":[778,768,525,769,773,142,775,764,766,765,777,776,772,763,774,524,522,770,779,780,762,771,539,781,767,782,783,784],"yoast_head":"<!-- This site is optimized with the Yoast SEO plugin v19.13 - https:\/\/yoast.com\/wordpress\/plugins\/seo\/ -->\n<title>Fotoksi\u0105\u017cka przedszkolna i szkolna - Printu.pl<\/title>\n<meta name=\"robots\" content=\"index, follow, max-snippet:-1, max-image-preview:large, max-video-preview:-1\" \/>\n<link rel=\"canonical\" href=\"https:\/\/printu.pl\/blog\/2014\/06\/10\/fotoksiazka-przedszkolna-i-szkolna\/\" \/>\n<meta property=\"og:locale\" content=\"pl_PL\" \/>\n<meta property=\"og:type\" content=\"article\" \/>\n<meta property=\"og:title\" content=\"Fotoksi\u0105\u017cka przedszkolna i szkolna - Printu.pl\" \/>\n<meta property=\"og:description\" content=\"Koniec roku szkolnego zbli\u017ca si\u0119 wielkimi krokami. Zaproponuj rodzicom innych dzieci oryginaln\u0105 pami\u0105tk\u0119 - przedszkoln\u0105 lub szkoln\u0105 fotoksi\u0105zk\u0119 z opisami i zdj\u0119ciami Waszych pociech z wa\u017cnych uroczysto\u015bci, wycieczek, zawod\u00f3w, konkurs\u00f3w, itp. Taka fotoksi\u0105\u017cka Printu b\u0119dzie pi\u0119kn\u0105 kronik\u0105 wydarze\u0144 z \u017cycia grupy i klasy, kt\u00f3ra utrwali najlepsze wspomnienia ze szkolnych lat.\" \/>\n<meta property=\"og:url\" content=\"https:\/\/printu.pl\/blog\/2014\/06\/10\/fotoksiazka-przedszkolna-i-szkolna\/\" \/>\n<meta property=\"og:site_name\" content=\"blog\" \/>\n<meta property=\"article:publisher\" content=\"https:\/\/www.facebook.com\/printupl\" \/>\n<meta property=\"article:published_time\" content=\"2014-06-10T13:47:43+00:00\" \/>\n<meta property=\"article:modified_time\" content=\"2015-12-16T14:53:14+00:00\" \/>\n<meta name=\"author\" content=\"Katarzyna\" \/>\n<meta name=\"twitter:card\" content=\"summary_large_image\" \/>\n<meta name=\"twitter:creator\" content=\"@printupl\" \/>\n<meta name=\"twitter:site\" content=\"@printupl\" \/>\n<meta name=\"twitter:label1\" content=\"Napisane przez\" \/>\n\t<meta name=\"twitter:data1\" content=\"Katarzyna\" \/>\n\t<meta name=\"twitter:label2\" content=\"Szacowany czas czytania\" \/>\n\t<meta name=\"twitter:data2\" content=\"1 minuta\" \/>\n<!-- \/ Yoast SEO plugin. -->","yoast_head_json":{"title":"Fotoksi\u0105\u017cka przedszkolna i szkolna - Printu.pl","robots":{"index":"index","follow":"follow","max-snippet":"max-snippet:-1","max-image-preview":"max-image-preview:large","max-video-preview":"max-video-preview:-1"},"canonical":"https:\/\/printu.pl\/blog\/2014\/06\/10\/fotoksiazka-przedszkolna-i-szkolna\/","og_locale":"pl_PL","og_type":"article","og_title":"Fotoksi\u0105\u017cka przedszkolna i szkolna - Printu.pl","og_description":"Koniec roku szkolnego zbli\u017ca si\u0119 wielkimi krokami. Zaproponuj rodzicom innych dzieci oryginaln\u0105 pami\u0105tk\u0119 - przedszkoln\u0105 lub szkoln\u0105 fotoksi\u0105zk\u0119 z opisami i zdj\u0119ciami Waszych pociech z wa\u017cnych uroczysto\u015bci, wycieczek, zawod\u00f3w, konkurs\u00f3w, itp. Taka fotoksi\u0105\u017cka Printu b\u0119dzie pi\u0119kn\u0105 kronik\u0105 wydarze\u0144 z \u017cycia grupy i klasy, kt\u00f3ra utrwali najlepsze wspomnienia ze szkolnych lat.","og_url":"https:\/\/printu.pl\/blog\/2014\/06\/10\/fotoksiazka-przedszkolna-i-szkolna\/","og_site_name":"blog","article_publisher":"https:\/\/www.facebook.com\/printupl","article_published_time":"2014-06-10T13:47:43+00:00","article_modified_time":"2015-12-16T14:53:14+00:00","author":"Katarzyna","twitter_card":"summary_large_image","twitter_creator":"@printupl","twitter_site":"@printupl","twitter_misc":{"Napisane przez":"Katarzyna","Szacowany czas czytania":"1 minuta"},"schema":{"@context":"https:\/\/schema.org","@graph":[{"@type":"Article","@id":"https:\/\/printu.pl\/blog\/2014\/06\/10\/fotoksiazka-przedszkolna-i-szkolna\/#article","isPartOf":{"@id":"https:\/\/printu.pl\/blog\/2014\/06\/10\/fotoksiazka-przedszkolna-i-szkolna\/"},"author":{"name":"Katarzyna","@id":"https:\/\/printu.pl\/blog\/#\/schema\/person\/1552825435ffb2cc058d57ea4dd17e22"},"headline":"Fotoksi\u0105\u017cka przedszkolna i szkolna","datePublished":"2014-06-10T13:47:43+00:00","dateModified":"2015-12-16T14:53:14+00:00","mainEntityOfPage":{"@id":"https:\/\/printu.pl\/blog\/2014\/06\/10\/fotoksiazka-przedszkolna-i-szkolna\/"},"wordCount":282,"commentCount":0,"publisher":{"@id":"https:\/\/printu.pl\/blog\/#organization"},"keywords":["fotografia szkolna","Fotoksi\u0105\u017cka dla nauczyciela","fotoksi\u0105\u017cka klasowa","fotoksi\u0105\u017cka kronika szkolna","fotoksi\u0105\u017cka licealisty","fotoksi\u0105\u017cka na prezent","fotoksi\u0105\u017cka na zako\u0144czenie gimnazjum","fotoksi\u0105\u017cka na zako\u0144czenie roku","fotoksi\u0105\u017cka na zako\u0144czenie roku przedszkolnego","fotoksi\u0105\u017cka na zako\u0144czenie roku szkolnego","fotoksi\u0105\u017cka na zako\u0144czenie studi\u00f3w","fotoksi\u0105\u017cka na zako\u0144czenie szko\u0142y podstawowej","fotoksi\u0105\u017cka pierwszoklasisty","fotoksi\u0105\u017cka przedszkolna","fotoksi\u0105\u017cka studencka","fotoksi\u0105\u017cka szkolna","kronika szkolna","nowoczesna kronika szkolna","pomys\u0142 na prezent na nauczyciela","prezent dla nauczyciela","promocja dla szk\u00f3\u0142 i przedszkoli","promocja fotoksi\u0105\u017cki","schoolbook","szkolna fotoksi\u0105\u017cka","yearbook","zako\u0144czenie roku szkolnego","zdj\u0119cia klasowe","zdj\u0119cia z wycieczek szkolnych"],"articleSection":["Wydarzenia"],"inLanguage":"pl-PL","potentialAction":[{"@type":"CommentAction","name":"Comment","target":["https:\/\/printu.pl\/blog\/2014\/06\/10\/fotoksiazka-przedszkolna-i-szkolna\/#respond"]}]},{"@type":"WebPage","@id":"https:\/\/printu.pl\/blog\/2014\/06\/10\/fotoksiazka-przedszkolna-i-szkolna\/","url":"https:\/\/printu.pl\/blog\/2014\/06\/10\/fotoksiazka-przedszkolna-i-szkolna\/","name":"Fotoksi\u0105\u017cka przedszkolna i szkolna - Printu.pl","isPartOf":{"@id":"https:\/\/printu.pl\/blog\/#website"},"datePublished":"2014-06-10T13:47:43+00:00","dateModified":"2015-12-16T14:53:14+00:00","breadcrumb":{"@id":"https:\/\/printu.pl\/blog\/2014\/06\/10\/fotoksiazka-przedszkolna-i-szkolna\/#breadcrumb"},"inLanguage":"pl-PL","potentialAction":[{"@type":"ReadAction","target":["https:\/\/printu.pl\/blog\/2014\/06\/10\/fotoksiazka-przedszkolna-i-szkolna\/"]}]},{"@type":"BreadcrumbList","@id":"https:\/\/printu.pl\/blog\/2014\/06\/10\/fotoksiazka-przedszkolna-i-szkolna\/#breadcrumb","itemListElement":[{"@type":"ListItem","position":1,"name":"Strona g\u0142\u00f3wna","item":"https:\/\/printu.pl\/blog\/"},{"@type":"ListItem","position":2,"name":"Fotoksi\u0105\u017cka przedszkolna i szkolna"}]},{"@type":"WebSite","@id":"https:\/\/printu.pl\/blog\/#website","url":"https:\/\/printu.pl\/blog\/","name":"blog","description":"blog","publisher":{"@id":"https:\/\/printu.pl\/blog\/#organization"},"potentialAction":[{"@type":"SearchAction","target":{"@type":"EntryPoint","urlTemplate":"https:\/\/printu.pl\/blog\/?s={search_term_string}"},"query-input":"required name=search_term_string"}],"inLanguage":"pl-PL"},{"@type":"Organization","@id":"https:\/\/printu.pl\/blog\/#organization","name":"blog","url":"https:\/\/printu.pl\/blog\/","logo":{"@type":"ImageObject","inLanguage":"pl-PL","@id":"https:\/\/printu.pl\/blog\/#\/schema\/logo\/image\/","url":"https:\/\/s3-eu-central-1.amazonaws.com\/printu-blog\/wp-content\/uploads\/2017\/02\/printu-logo.png","contentUrl":"https:\/\/s3-eu-central-1.amazonaws.com\/printu-blog\/wp-content\/uploads\/2017\/02\/printu-logo.png","width":143,"height":34,"caption":" blog"},"image":{"@id":"https:\/\/printu.pl\/blog\/#\/schema\/logo\/image\/"},"sameAs":["https:\/\/instagram.com\/printupl","https:\/\/www.facebook.com\/printupl","https:\/\/twitter.com\/printupl"]},{"@type":"Person","@id":"https:\/\/printu.pl\/blog\/#\/schema\/person\/1552825435ffb2cc058d57ea4dd17e22","name":"Katarzyna","image":{"@type":"ImageObject","inLanguage":"pl-PL","@id":"https:\/\/printu.pl\/blog\/#\/schema\/person\/image\/","url":"https:\/\/secure.gravatar.com\/avatar\/39b1f1f0db1aa82c65afeee9d7610280?s=96&d=mm&r=g","contentUrl":"https:\/\/secure.gravatar.com\/avatar\/39b1f1f0db1aa82c65afeee9d7610280?s=96&d=mm&r=g","caption":"Katarzyna"}}]}},"_links":{"self":[{"href":"https:\/\/printu.pl\/blog\/wp-json\/wp\/v2\/posts\/2211"}],"collection":[{"href":"https:\/\/printu.pl\/blog\/wp-json\/wp\/v2\/posts"}],"about":[{"href":"https:\/\/printu.pl\/blog\/wp-json\/wp\/v2\/types\/post"}],"author":[{"embeddable":true,"href":"https:\/\/printu.pl\/blog\/wp-json\/wp\/v2\/users\/4"}],"replies":[{"embeddable":true,"href":"https:\/\/printu.pl\/blog\/wp-json\/wp\/v2\/comments?post=2211"}],"version-history":[{"count":9,"href":"https:\/\/printu.pl\/blog\/wp-json\/wp\/v2\/posts\/2211\/revisions"}],"predecessor-version":[{"id":6181,"href":"https:\/\/printu.pl\/blog\/wp-json\/wp\/v2\/posts\/2211\/revisions\/6181"}],"wp:attachment":[{"href":"https:\/\/printu.pl\/blog\/wp-json\/wp\/v2\/media?parent=2211"}],"wp:term":[{"taxonomy":"category","embeddable":true,"href":"https:\/\/printu.pl\/blog\/wp-json\/wp\/v2\/categories?post=2211"},{"taxonomy":"post_tag","embeddable":true,"href":"https:\/\/printu.pl\/blog\/wp-json\/wp\/v2\/tags?post=2211"}],"curies":[{"name":"wp","href":"https:\/\/api.w.org\/{rel}","templated":true}]}}