{"id":222,"date":"2013-08-24T12:21:22","date_gmt":"2013-08-24T10:21:22","guid":{"rendered":"http:\/\/blog.printu.pl\/?p=222"},"modified":"2015-12-16T19:51:04","modified_gmt":"2015-12-16T18:51:04","slug":"gdzie-przechowywac-zdjecia","status":"publish","type":"post","link":"https:\/\/printu.pl\/blog\/2013\/08\/24\/gdzie-przechowywac-zdjecia\/","title":{"rendered":"Gdzie przechowywa\u0107 zdj\u0119cia?"},"content":{"rendered":"<p><img decoding=\"async\" loading=\"lazy\" class=\"aligncenter  wp-image-2849\" src=\"http:\/\/blog.printu.pl\/wp-content\/uploads\/2013\/08\/Gdzie-przechowywa\u0107-zdj\u0119cia.jpg\" alt=\"Gdzie przechowywa\u0107 zdj\u0119cia\" width=\"700\" height=\"350\" srcset=\"https:\/\/s3-eu-central-1.amazonaws.com\/printu-blog\/wp-content\/uploads\/2013\/08\/Gdzie-przechowywa%C4%87-zdj%C4%99cia.jpg 700w, https:\/\/s3-eu-central-1.amazonaws.com\/printu-blog\/wp-content\/uploads\/2013\/08\/Gdzie-przechowywa%C4%87-zdj%C4%99cia-300x150.jpg 300w\" sizes=\"(max-width: 700px) 100vw, 700px\" \/>Online, na dysku, na p\u0142ytach, a mo\u017ce w albumie? Kt\u00f3ra mo\u017cliwo\u015b\u0107 jest najlepszym rozwi\u0105zaniem? Wywo\u0142ywa\u0107 czy przechowywa\u0107 w wersji cyfrowej? Zaraz wsp\u00f3lnie postaramy si\u0119 znale\u017a\u0107 odpowiednie miejsce dla Twoich zdj\u0119\u0107.<!--more--><\/p>\n<h2><strong>Wywo\u0142ywa\u0107? TAK, ale tylko te najlepsze!<\/strong><\/h2>\n<p>Kiedy pojawi\u0142y si\u0119 pierwsze aparaty analogowe, \u017ceby zobaczy\u0107 zdj\u0119cie trzeba je by\u0142o najpierw wywo\u0142a\u0107. Od kiedy na rynek wkroczy\u0142y aparaty cyfrowe, wywo\u0142ywanie zdj\u0119\u0107 ju\u017c nie jest czynno\u015bci\u0105 tak oczywist\u0105. Moim zdaniem aparaty to urz\u0105dzenia stworzone przede wszystkim do tego, by\u015bmy mogli w r\u0119kach trzyma\u0107 nasze wspomnienia. Nic nie ma wi\u0119kszej warto\u015bci od kawa\u0142ka papieru z uwiecznionymi na nim lud\u017ami i emocjami. Nie b\u00f3j si\u0119 wywo\u0142ywania zdj\u0119\u0107. Wybierz po kilka najlepszych uj\u0119\u0107 z ka\u017cdej sesji i po prostu zr\u00f3b to! Do tego wybierz album, w kt\u00f3rym umie\u015bcisz najlepsze kadry. Zdj\u0119cia od razu <strong>posegreguj i opisz<\/strong> (oznacz ludzi, miejsca lub cytaty na karteczce papieru i przydziel je do zdj\u0119\u0107). Nie zaniedbuj tej czynno\u015bci, jak\u0105 jest natychmiastowe porz\u0105dkowanie zdj\u0119\u0107 w albumie. Niech to b\u0119dzie czynno\u015b\u0107 przyjemna, mo\u017ce nawet podlegaj\u0105ca pewnemu rytua\u0142owi. Kup \u0142adny album, usi\u0105d\u017a wieczorem przy oknie, zapal \u015bwieczki i wk\u0142adaj\u0105c zdj\u0119cia pod foli\u0119 po prostu wspominaj\u2026<\/p>\n<p style=\"text-align: center;\"><img decoding=\"async\" class=\"aligncenter  wp-image-2850\" src=\"http:\/\/blog.printu.pl\/wp-content\/uploads\/2013\/08\/Jak-przechowywa\u0107-zdj\u0119cia.jpg\" alt=\"Jak przechowywa\u0107 zdj\u0119cia\" width=\"700\" srcset=\"https:\/\/s3-eu-central-1.amazonaws.com\/printu-blog\/wp-content\/uploads\/2013\/08\/Jak-przechowywa%C4%87-zdj%C4%99cia.jpg 1024w, https:\/\/s3-eu-central-1.amazonaws.com\/printu-blog\/wp-content\/uploads\/2013\/08\/Jak-przechowywa%C4%87-zdj%C4%99cia-300x199.jpg 300w, https:\/\/s3-eu-central-1.amazonaws.com\/printu-blog\/wp-content\/uploads\/2013\/08\/Jak-przechowywa%C4%87-zdj%C4%99cia-768x510.jpg 768w, https:\/\/s3-eu-central-1.amazonaws.com\/printu-blog\/wp-content\/uploads\/2013\/08\/Jak-przechowywa%C4%87-zdj%C4%99cia-700x465.jpg 700w\" sizes=\"(max-width: 1024px) 100vw, 1024px\" \/><\/p>\n<h2><strong>Fotoksi\u0105\u017cka? TAK, to pi\u0119kna pami\u0105tka na d\u0142ugie lata!<\/strong><\/h2>\n<p>Je\u015bli preferujesz bardziej nowoczesne formy przechowywania zdj\u0119\u0107, ciekawym rozwi\u0105zaniem jest stworzenie fotoksi\u0105\u017cki. Jest to bardzo prosta czynno\u015b\u0107: wystarczy \u017ce wybierzesz zdj\u0119cia, szablon kt\u00f3ry Ci si\u0119 podoba i rozmie\u015bcisz w nim zdj\u0119cia. Do tego opisy, zapisanie projektu i gotowe! Fotoksi\u0105\u017cka to niebanalna i pi\u0119kna pami\u0105tka na d\u0142ugie lata. Przekonaj si\u0119 o tym sam\/sama -&gt; <a href=\"https:\/\/printu.pl\/fotoksiazka\/\">https:\/\/printu.pl\/fotoksiazka\/<\/a><\/p>\n<h2 style=\"text-align: left;\"><strong>Dysk? TAK, ale ten zewn\u0119trzny!<\/strong><\/h2>\n<p>\u017byjemy w rzeczywisto\u015bci w kt\u00f3rej wszystko podlega cyfryzacji. Zdj\u0119cia zapisujemy ju\u017c na kartach SD, kt\u00f3re wystarczy w\u0142o\u017cy\u0107 do komputera, by szybko i \u0142atwo zgra\u0107 zdj\u0119cia. Dysk komputera to jednak nie za dobre miejsce do przechowywania kadr\u00f3w na d\u0142u\u017csz\u0105 met\u0119. Zdj\u0119cia powinni\u015bmy archiwizowa\u0107 (co najmniej raz na rok), to znaczy kopiowa\u0107 je na dysk zewn\u0119trzny (to bardzo dobra inwestycja, &#8211; Twoje zdj\u0119cia b\u0119d\u0105 na nim bezpieczne).<\/p>\n<p style=\"text-align: center;\"><img decoding=\"async\" loading=\"lazy\" class=\"aligncenter  wp-image-2851\" src=\"http:\/\/blog.printu.pl\/wp-content\/uploads\/2013\/08\/Gdzie-i-jak-przechowywa\u0107-zdj\u0119cia.jpg\" alt=\"Gdzie i jak przechowywa\u0107 zdj\u0119cia\" width=\"697\" height=\"463\" srcset=\"https:\/\/s3-eu-central-1.amazonaws.com\/printu-blog\/wp-content\/uploads\/2013\/08\/Gdzie-i-jak-przechowywa%C4%87-zdj%C4%99cia.jpg 697w, https:\/\/s3-eu-central-1.amazonaws.com\/printu-blog\/wp-content\/uploads\/2013\/08\/Gdzie-i-jak-przechowywa%C4%87-zdj%C4%99cia-300x199.jpg 300w\" sizes=\"(max-width: 697px) 100vw, 697px\" \/><\/p>\n<h2><strong>P\u0142yty?<\/strong> <strong>Nie, maj\u0105 ograniczon\u0105 \u017cywotno\u015b\u0107!<\/strong><\/h2>\n<p>Je\u015bli przechowujesz zdj\u0119cia na p\u0142ytach, pami\u0119taj, \u017ce powinni\u015bmy by\u0107 one trzymane w odpowiednich warunkach. Zaniedbanie tego punktu mo\u017ce znacznie skr\u00f3ci\u0107 \u017cywotno\u015b\u0107 p\u0142yt i przyczyni\u0107 si\u0119 do utraty danych. Osobi\u015bcie odradzam p\u0142yty CD i DVD &#8211; po jakim\u015b czasie mo\u017cesz mie\u0107 problem z ich odczytem.<\/p>\n<h2><strong>Na zako\u0144czenie<\/strong><\/h2>\n<p>Jak przechowywa\u0107 zdj\u0119cia? Decyzja nale\u017cy do Was. Ja, jako, \u017ce jestem fotograficzn\u0105 maniaczk\u0105, archiwizuj\u0119 moje kadry na wszystkie wy\u017cej wymienione sposoby. Cyfrowe przechowywanie zdj\u0119\u0107 jest wygodne, bezpiecze\u0144stwo zapewnia moim zdj\u0119ciom dysk zewn\u0119trzny, a r\u0119czne wywo\u0142ywanie jest \u015bwietn\u0105 zabaw\u0105, a <a href=\"http:\/\/www.printu.pl\" target=\"_blank\">tworzenie fotoksi\u0105\u017cek <\/a>wci\u0105ga i sprawia, \u017ce moje zdj\u0119cia maj\u0105 pi\u0119kn\u0105 opraw\u0119. Gor\u0105co polecam!<\/p>\n<h2><strong>Przeczytaj te\u017c<\/strong><\/h2>\n<p><a href=\"http:\/\/blog.printu.pl\/2013\/08\/13\/jak-segregowac-zdjecia\/\" target=\"_blank\">Jak segregowa\u0107 zdj\u0119cia?<br \/>\n<\/a><a href=\"http:\/\/blog.printu.pl\/2013\/12\/12\/cyfrowa-obrobka-zdjec-od-podstaw\/\" target=\"_blank\">Obr\u00f3bka zdj\u0119\u0107 od podstaw<\/a><\/p>\n","protected":false},"excerpt":{"rendered":"<p>Online, na dysku, na p\u0142ytach, a mo\u017ce w albumie? Kt\u00f3ra mo\u017cliwo\u015b\u0107 jest najlepszym rozwi\u0105zaniem? Wywo\u0142ywa\u0107 czy przechowywa\u0107 w wersji cyfrowej? Zaraz wsp\u00f3lnie postaramy si\u0119 znale\u017a\u0107 odpowiednie miejsce dla Twoich zdj\u0119\u0107.<\/p>\n","protected":false},"author":6,"featured_media":0,"comment_status":"open","ping_status":"open","sticky":false,"template":"","format":"standard","meta":[],"categories":[8],"tags":[4,47,46,44,49,48,45,50,51],"yoast_head":"<!-- This site is optimized with the Yoast SEO plugin v19.13 - https:\/\/yoast.com\/wordpress\/plugins\/seo\/ -->\n<title>Gdzie przechowywa\u0107 zdj\u0119cia? - Printu.pl<\/title>\n<meta name=\"robots\" content=\"index, follow, max-snippet:-1, max-image-preview:large, max-video-preview:-1\" \/>\n<link rel=\"canonical\" href=\"https:\/\/printu.pl\/blog\/2013\/08\/24\/gdzie-przechowywac-zdjecia\/\" \/>\n<meta property=\"og:locale\" content=\"pl_PL\" \/>\n<meta property=\"og:type\" content=\"article\" \/>\n<meta property=\"og:title\" content=\"Gdzie przechowywa\u0107 zdj\u0119cia? - Printu.pl\" \/>\n<meta property=\"og:description\" content=\"Online, na dysku, na p\u0142ytach, a mo\u017ce w albumie? Kt\u00f3ra mo\u017cliwo\u015b\u0107 jest najlepszym rozwi\u0105zaniem? Wywo\u0142ywa\u0107 czy przechowywa\u0107 w wersji cyfrowej? Zaraz wsp\u00f3lnie postaramy si\u0119 znale\u017a\u0107 odpowiednie miejsce dla Twoich zdj\u0119\u0107.\" \/>\n<meta property=\"og:url\" content=\"https:\/\/printu.pl\/blog\/2013\/08\/24\/gdzie-przechowywac-zdjecia\/\" \/>\n<meta property=\"og:site_name\" content=\"blog\" \/>\n<meta property=\"article:publisher\" content=\"https:\/\/www.facebook.com\/printupl\" \/>\n<meta property=\"article:published_time\" content=\"2013-08-24T10:21:22+00:00\" \/>\n<meta property=\"article:modified_time\" content=\"2015-12-16T18:51:04+00:00\" \/>\n<meta name=\"author\" content=\"Patrycja\" \/>\n<meta name=\"twitter:card\" content=\"summary_large_image\" \/>\n<meta name=\"twitter:creator\" content=\"@printupl\" \/>\n<meta name=\"twitter:site\" content=\"@printupl\" \/>\n<meta name=\"twitter:label1\" content=\"Napisane przez\" \/>\n\t<meta name=\"twitter:data1\" content=\"Patrycja\" \/>\n\t<meta name=\"twitter:label2\" content=\"Szacowany czas czytania\" \/>\n\t<meta name=\"twitter:data2\" content=\"3 minuty\" \/>\n<!-- \/ Yoast SEO plugin. -->","yoast_head_json":{"title":"Gdzie przechowywa\u0107 zdj\u0119cia? - Printu.pl","robots":{"index":"index","follow":"follow","max-snippet":"max-snippet:-1","max-image-preview":"max-image-preview:large","max-video-preview":"max-video-preview:-1"},"canonical":"https:\/\/printu.pl\/blog\/2013\/08\/24\/gdzie-przechowywac-zdjecia\/","og_locale":"pl_PL","og_type":"article","og_title":"Gdzie przechowywa\u0107 zdj\u0119cia? - Printu.pl","og_description":"Online, na dysku, na p\u0142ytach, a mo\u017ce w albumie? Kt\u00f3ra mo\u017cliwo\u015b\u0107 jest najlepszym rozwi\u0105zaniem? Wywo\u0142ywa\u0107 czy przechowywa\u0107 w wersji cyfrowej? Zaraz wsp\u00f3lnie postaramy si\u0119 znale\u017a\u0107 odpowiednie miejsce dla Twoich zdj\u0119\u0107.","og_url":"https:\/\/printu.pl\/blog\/2013\/08\/24\/gdzie-przechowywac-zdjecia\/","og_site_name":"blog","article_publisher":"https:\/\/www.facebook.com\/printupl","article_published_time":"2013-08-24T10:21:22+00:00","article_modified_time":"2015-12-16T18:51:04+00:00","author":"Patrycja","twitter_card":"summary_large_image","twitter_creator":"@printupl","twitter_site":"@printupl","twitter_misc":{"Napisane przez":"Patrycja","Szacowany czas czytania":"3 minuty"},"schema":{"@context":"https:\/\/schema.org","@graph":[{"@type":"Article","@id":"https:\/\/printu.pl\/blog\/2013\/08\/24\/gdzie-przechowywac-zdjecia\/#article","isPartOf":{"@id":"https:\/\/printu.pl\/blog\/2013\/08\/24\/gdzie-przechowywac-zdjecia\/"},"author":{"name":"Patrycja","@id":"https:\/\/printu.pl\/blog\/#\/schema\/person\/ed562f68ed42d428b16b542265929637"},"headline":"Gdzie przechowywa\u0107 zdj\u0119cia?","datePublished":"2013-08-24T10:21:22+00:00","dateModified":"2015-12-16T18:51:04+00:00","mainEntityOfPage":{"@id":"https:\/\/printu.pl\/blog\/2013\/08\/24\/gdzie-przechowywac-zdjecia\/"},"wordCount":532,"commentCount":1,"publisher":{"@id":"https:\/\/printu.pl\/blog\/#organization"},"keywords":["fotoksi\u0105\u017cka","gdzie bezpiecznie przechowywa\u0107 zdj\u0119cia","gdzie najlepiej przechowywa\u0107 zdj\u0119cia","gdzie przechowywa\u0107 zdj\u0119cia","gdzie przechowywa\u0107 zdj\u0119cia na komputerze","gdzie przechowywa\u0107 zdj\u0119cia online","gdzie trzyma\u0107 zdj\u0119cia","porz\u0105dkowanie zdj\u0119\u0107 w albumie","wywo\u0142ywanie zdj\u0119\u0107"],"articleSection":["Poradnik FOTO"],"inLanguage":"pl-PL","potentialAction":[{"@type":"CommentAction","name":"Comment","target":["https:\/\/printu.pl\/blog\/2013\/08\/24\/gdzie-przechowywac-zdjecia\/#respond"]}]},{"@type":"WebPage","@id":"https:\/\/printu.pl\/blog\/2013\/08\/24\/gdzie-przechowywac-zdjecia\/","url":"https:\/\/printu.pl\/blog\/2013\/08\/24\/gdzie-przechowywac-zdjecia\/","name":"Gdzie przechowywa\u0107 zdj\u0119cia? - Printu.pl","isPartOf":{"@id":"https:\/\/printu.pl\/blog\/#website"},"datePublished":"2013-08-24T10:21:22+00:00","dateModified":"2015-12-16T18:51:04+00:00","breadcrumb":{"@id":"https:\/\/printu.pl\/blog\/2013\/08\/24\/gdzie-przechowywac-zdjecia\/#breadcrumb"},"inLanguage":"pl-PL","potentialAction":[{"@type":"ReadAction","target":["https:\/\/printu.pl\/blog\/2013\/08\/24\/gdzie-przechowywac-zdjecia\/"]}]},{"@type":"BreadcrumbList","@id":"https:\/\/printu.pl\/blog\/2013\/08\/24\/gdzie-przechowywac-zdjecia\/#breadcrumb","itemListElement":[{"@type":"ListItem","position":1,"name":"Strona g\u0142\u00f3wna","item":"https:\/\/printu.pl\/blog\/"},{"@type":"ListItem","position":2,"name":"Gdzie przechowywa\u0107 zdj\u0119cia?"}]},{"@type":"WebSite","@id":"https:\/\/printu.pl\/blog\/#website","url":"https:\/\/printu.pl\/blog\/","name":"blog","description":"blog","publisher":{"@id":"https:\/\/printu.pl\/blog\/#organization"},"potentialAction":[{"@type":"SearchAction","target":{"@type":"EntryPoint","urlTemplate":"https:\/\/printu.pl\/blog\/?s={search_term_string}"},"query-input":"required name=search_term_string"}],"inLanguage":"pl-PL"},{"@type":"Organization","@id":"https:\/\/printu.pl\/blog\/#organization","name":"blog","url":"https:\/\/printu.pl\/blog\/","logo":{"@type":"ImageObject","inLanguage":"pl-PL","@id":"https:\/\/printu.pl\/blog\/#\/schema\/logo\/image\/","url":"https:\/\/s3-eu-central-1.amazonaws.com\/printu-blog\/wp-content\/uploads\/2017\/02\/printu-logo.png","contentUrl":"https:\/\/s3-eu-central-1.amazonaws.com\/printu-blog\/wp-content\/uploads\/2017\/02\/printu-logo.png","width":143,"height":34,"caption":" blog"},"image":{"@id":"https:\/\/printu.pl\/blog\/#\/schema\/logo\/image\/"},"sameAs":["https:\/\/instagram.com\/printupl","https:\/\/www.facebook.com\/printupl","https:\/\/twitter.com\/printupl"]},{"@type":"Person","@id":"https:\/\/printu.pl\/blog\/#\/schema\/person\/ed562f68ed42d428b16b542265929637","name":"Patrycja","image":{"@type":"ImageObject","inLanguage":"pl-PL","@id":"https:\/\/printu.pl\/blog\/#\/schema\/person\/image\/","url":"https:\/\/secure.gravatar.com\/avatar\/31e32a674461b1a1276cd0b9061f10a2?s=96&d=mm&r=g","contentUrl":"https:\/\/secure.gravatar.com\/avatar\/31e32a674461b1a1276cd0b9061f10a2?s=96&d=mm&r=g","caption":"Patrycja"}}]}},"_links":{"self":[{"href":"https:\/\/printu.pl\/blog\/wp-json\/wp\/v2\/posts\/222"}],"collection":[{"href":"https:\/\/printu.pl\/blog\/wp-json\/wp\/v2\/posts"}],"about":[{"href":"https:\/\/printu.pl\/blog\/wp-json\/wp\/v2\/types\/post"}],"author":[{"embeddable":true,"href":"https:\/\/printu.pl\/blog\/wp-json\/wp\/v2\/users\/6"}],"replies":[{"embeddable":true,"href":"https:\/\/printu.pl\/blog\/wp-json\/wp\/v2\/comments?post=222"}],"version-history":[{"count":16,"href":"https:\/\/printu.pl\/blog\/wp-json\/wp\/v2\/posts\/222\/revisions"}],"predecessor-version":[{"id":6336,"href":"https:\/\/printu.pl\/blog\/wp-json\/wp\/v2\/posts\/222\/revisions\/6336"}],"wp:attachment":[{"href":"https:\/\/printu.pl\/blog\/wp-json\/wp\/v2\/media?parent=222"}],"wp:term":[{"taxonomy":"category","embeddable":true,"href":"https:\/\/printu.pl\/blog\/wp-json\/wp\/v2\/categories?post=222"},{"taxonomy":"post_tag","embeddable":true,"href":"https:\/\/printu.pl\/blog\/wp-json\/wp\/v2\/tags?post=222"}],"curies":[{"name":"wp","href":"https:\/\/api.w.org\/{rel}","templated":true}]}}