{"id":2335,"date":"2014-06-09T16:44:02","date_gmt":"2014-06-09T14:44:02","guid":{"rendered":"http:\/\/blog.printu.pl\/?p=2335"},"modified":"2015-12-16T16:05:24","modified_gmt":"2015-12-16T15:05:24","slug":"chwile-sa-ulotne-zdjecia-nie","status":"publish","type":"post","link":"https:\/\/printu.pl\/blog\/2014\/06\/09\/chwile-sa-ulotne-zdjecia-nie\/","title":{"rendered":"Chwile s\u0105 ulotne, zdj\u0119cia nie"},"content":{"rendered":"<p><img decoding=\"async\" loading=\"lazy\" class=\"alignnone  wp-image-2336\" src=\"http:\/\/blog.printu.pl\/wp-content\/uploads\/2014\/07\/wow-spotkanie-blogerek.jpg\" alt=\"Fotoksi\u0105\u017cka ze spotkania blogerek\" width=\"700\" height=\"350\" srcset=\"https:\/\/s3-eu-central-1.amazonaws.com\/printu-blog\/wp-content\/uploads\/2014\/07\/wow-spotkanie-blogerek.jpg 700w, https:\/\/s3-eu-central-1.amazonaws.com\/printu-blog\/wp-content\/uploads\/2014\/07\/wow-spotkanie-blogerek-300x150.jpg 300w\" sizes=\"(max-width: 700px) 100vw, 700px\" \/><\/p>\n<blockquote><p>&#8222;Blogowe WOW\u00a0&#8211;\u00a0Park Hotel Bydgoszcz. Mn\u00f3stwo wra\u017ce\u0144, nowe znajomo\u015bci, ale to wszystko za kilka, czy kilkana\u015bcie lat pozostanie mi\u0142ym wspomnieniem. Nie b\u0119d\u0119 pami\u0119ta\u0142a, kto by\u0142, co by\u0142o tak dok\u0142adnie, jak zosta\u0142o to przedstawione na zdj\u0119ciach. Poza tym prze\u015bliczne zdj\u0119cia autorstwa<a href=\"http:\/\/www.wegner-keiling.blogspot.com\/\">\u00a0<\/a>Wegner Keiling-Photography\u00a0zas\u0142uguj\u0105 na uwiecznienie.<\/p>\n<p><!--more-->D\u0142ugo si\u0119 nie zastanawiaj\u0105c zakupi\u0142y\u015bmy fotoksi\u0105\u017ck\u0119 w\u00a0<a href=\"http:\/\/printu.pl\/\">Printu.pl<\/a>. Jest prze\u015bliczna ! Wybra\u0142y\u015bmy format 25x20cm, tward\u0105 opraw\u0119 i b\u0142yszcz\u0105cy papier. Rewelacyjnie si\u0119 prezentuje, a co najwa\u017cniejsze za te 10, czy 15 lat wci\u0105\u017c b\u0119dziemy mog\u0142y Was ogl\u0105da\u0107 ;)&#8221;<\/p><\/blockquote>\n<p><strong>Zapraszamy do ca\u0142ego wpisu redaktor Pauliny z bloga \u201epaulinakwiatkowska.pl\u201d tutaj:<\/strong><br \/>\n<a href=\"http:\/\/www.paulinakwiatkowska.pl\/2014\/06\/chwile-sa-ulotne-zdjecia-nie.html\" target=\"_blank\" rel=\"nofollow\"><strong>\u201eChwile s\u0105 ulotne, zdj\u0119cia nie\u201d<\/strong><\/a><\/p>\n<p>A je\u015bli i Ty wybierasz si\u0119 na spotkanie blogerek, ch\u0119tnie wydrukujemy z niego relacj\u0119. Zapraszamy na\u00a0<a href=\"http:\/\/www.printu.pl\/\" target=\"_blank\"><strong>www.printu.pl<\/strong><\/a><\/p>\n","protected":false},"excerpt":{"rendered":"<p>A je\u015bli i Ty wybierasz si\u0119 na spotkanie blogerek, ch\u0119tnie wydrukujemy z niego relacj\u0119. Zapraszamy na www.printu.pl<\/p>\n","protected":false},"author":4,"featured_media":0,"comment_status":"open","ping_status":"open","sticky":false,"template":"","format":"standard","meta":[],"categories":[143],"tags":[872,874,873,871],"yoast_head":"<!-- This site is optimized with the Yoast SEO plugin v19.13 - https:\/\/yoast.com\/wordpress\/plugins\/seo\/ -->\n<title>Chwile s\u0105 ulotne, zdj\u0119cia nie - Printu.pl<\/title>\n<meta name=\"robots\" content=\"index, follow, max-snippet:-1, max-image-preview:large, max-video-preview:-1\" \/>\n<link rel=\"canonical\" href=\"https:\/\/printu.pl\/blog\/2014\/06\/09\/chwile-sa-ulotne-zdjecia-nie\/\" \/>\n<meta property=\"og:locale\" content=\"pl_PL\" \/>\n<meta property=\"og:type\" content=\"article\" \/>\n<meta property=\"og:title\" content=\"Chwile s\u0105 ulotne, zdj\u0119cia nie - Printu.pl\" \/>\n<meta property=\"og:description\" content=\"A je\u015bli i Ty wybierasz si\u0119 na spotkanie blogerek, ch\u0119tnie wydrukujemy z niego relacj\u0119. Zapraszamy na www.printu.pl\" \/>\n<meta property=\"og:url\" content=\"https:\/\/printu.pl\/blog\/2014\/06\/09\/chwile-sa-ulotne-zdjecia-nie\/\" \/>\n<meta property=\"og:site_name\" content=\"blog\" \/>\n<meta property=\"article:publisher\" content=\"https:\/\/www.facebook.com\/printupl\" \/>\n<meta property=\"article:published_time\" content=\"2014-06-09T14:44:02+00:00\" \/>\n<meta property=\"article:modified_time\" content=\"2015-12-16T15:05:24+00:00\" \/>\n<meta property=\"og:image\" content=\"http:\/\/blog.printu.pl\/wp-content\/uploads\/2014\/07\/wow-spotkanie-blogerek.jpg\" \/>\n<meta name=\"author\" content=\"Katarzyna\" \/>\n<meta name=\"twitter:card\" content=\"summary_large_image\" \/>\n<meta name=\"twitter:creator\" content=\"@printupl\" \/>\n<meta name=\"twitter:site\" content=\"@printupl\" \/>\n<meta name=\"twitter:label1\" content=\"Napisane przez\" \/>\n\t<meta name=\"twitter:data1\" content=\"Katarzyna\" \/>\n\t<meta name=\"twitter:label2\" content=\"Szacowany czas czytania\" \/>\n\t<meta name=\"twitter:data2\" content=\"1 minuta\" \/>\n<!-- \/ Yoast SEO plugin. -->","yoast_head_json":{"title":"Chwile s\u0105 ulotne, zdj\u0119cia nie - Printu.pl","robots":{"index":"index","follow":"follow","max-snippet":"max-snippet:-1","max-image-preview":"max-image-preview:large","max-video-preview":"max-video-preview:-1"},"canonical":"https:\/\/printu.pl\/blog\/2014\/06\/09\/chwile-sa-ulotne-zdjecia-nie\/","og_locale":"pl_PL","og_type":"article","og_title":"Chwile s\u0105 ulotne, zdj\u0119cia nie - Printu.pl","og_description":"A je\u015bli i Ty wybierasz si\u0119 na spotkanie blogerek, ch\u0119tnie wydrukujemy z niego relacj\u0119. Zapraszamy na www.printu.pl","og_url":"https:\/\/printu.pl\/blog\/2014\/06\/09\/chwile-sa-ulotne-zdjecia-nie\/","og_site_name":"blog","article_publisher":"https:\/\/www.facebook.com\/printupl","article_published_time":"2014-06-09T14:44:02+00:00","article_modified_time":"2015-12-16T15:05:24+00:00","og_image":[{"url":"http:\/\/blog.printu.pl\/wp-content\/uploads\/2014\/07\/wow-spotkanie-blogerek.jpg"}],"author":"Katarzyna","twitter_card":"summary_large_image","twitter_creator":"@printupl","twitter_site":"@printupl","twitter_misc":{"Napisane przez":"Katarzyna","Szacowany czas czytania":"1 minuta"},"schema":{"@context":"https:\/\/schema.org","@graph":[{"@type":"Article","@id":"https:\/\/printu.pl\/blog\/2014\/06\/09\/chwile-sa-ulotne-zdjecia-nie\/#article","isPartOf":{"@id":"https:\/\/printu.pl\/blog\/2014\/06\/09\/chwile-sa-ulotne-zdjecia-nie\/"},"author":{"name":"Katarzyna","@id":"https:\/\/printu.pl\/blog\/#\/schema\/person\/1552825435ffb2cc058d57ea4dd17e22"},"headline":"Chwile s\u0105 ulotne, zdj\u0119cia nie","datePublished":"2014-06-09T14:44:02+00:00","dateModified":"2015-12-16T15:05:24+00:00","mainEntityOfPage":{"@id":"https:\/\/printu.pl\/blog\/2014\/06\/09\/chwile-sa-ulotne-zdjecia-nie\/"},"wordCount":155,"commentCount":0,"publisher":{"@id":"https:\/\/printu.pl\/blog\/#organization"},"keywords":["blogerki","blogowe WOW","fotoksi\u0105\u017cka ze spotkania blogerek","spotkanie blogerek"],"articleSection":["Napisali o nas"],"inLanguage":"pl-PL","potentialAction":[{"@type":"CommentAction","name":"Comment","target":["https:\/\/printu.pl\/blog\/2014\/06\/09\/chwile-sa-ulotne-zdjecia-nie\/#respond"]}]},{"@type":"WebPage","@id":"https:\/\/printu.pl\/blog\/2014\/06\/09\/chwile-sa-ulotne-zdjecia-nie\/","url":"https:\/\/printu.pl\/blog\/2014\/06\/09\/chwile-sa-ulotne-zdjecia-nie\/","name":"Chwile s\u0105 ulotne, zdj\u0119cia nie - Printu.pl","isPartOf":{"@id":"https:\/\/printu.pl\/blog\/#website"},"datePublished":"2014-06-09T14:44:02+00:00","dateModified":"2015-12-16T15:05:24+00:00","breadcrumb":{"@id":"https:\/\/printu.pl\/blog\/2014\/06\/09\/chwile-sa-ulotne-zdjecia-nie\/#breadcrumb"},"inLanguage":"pl-PL","potentialAction":[{"@type":"ReadAction","target":["https:\/\/printu.pl\/blog\/2014\/06\/09\/chwile-sa-ulotne-zdjecia-nie\/"]}]},{"@type":"BreadcrumbList","@id":"https:\/\/printu.pl\/blog\/2014\/06\/09\/chwile-sa-ulotne-zdjecia-nie\/#breadcrumb","itemListElement":[{"@type":"ListItem","position":1,"name":"Strona g\u0142\u00f3wna","item":"https:\/\/printu.pl\/blog\/"},{"@type":"ListItem","position":2,"name":"Chwile s\u0105 ulotne, zdj\u0119cia nie"}]},{"@type":"WebSite","@id":"https:\/\/printu.pl\/blog\/#website","url":"https:\/\/printu.pl\/blog\/","name":"blog","description":"blog","publisher":{"@id":"https:\/\/printu.pl\/blog\/#organization"},"potentialAction":[{"@type":"SearchAction","target":{"@type":"EntryPoint","urlTemplate":"https:\/\/printu.pl\/blog\/?s={search_term_string}"},"query-input":"required name=search_term_string"}],"inLanguage":"pl-PL"},{"@type":"Organization","@id":"https:\/\/printu.pl\/blog\/#organization","name":"blog","url":"https:\/\/printu.pl\/blog\/","logo":{"@type":"ImageObject","inLanguage":"pl-PL","@id":"https:\/\/printu.pl\/blog\/#\/schema\/logo\/image\/","url":"https:\/\/s3-eu-central-1.amazonaws.com\/printu-blog\/wp-content\/uploads\/2017\/02\/printu-logo.png","contentUrl":"https:\/\/s3-eu-central-1.amazonaws.com\/printu-blog\/wp-content\/uploads\/2017\/02\/printu-logo.png","width":143,"height":34,"caption":" blog"},"image":{"@id":"https:\/\/printu.pl\/blog\/#\/schema\/logo\/image\/"},"sameAs":["https:\/\/instagram.com\/printupl","https:\/\/www.facebook.com\/printupl","https:\/\/twitter.com\/printupl"]},{"@type":"Person","@id":"https:\/\/printu.pl\/blog\/#\/schema\/person\/1552825435ffb2cc058d57ea4dd17e22","name":"Katarzyna","image":{"@type":"ImageObject","inLanguage":"pl-PL","@id":"https:\/\/printu.pl\/blog\/#\/schema\/person\/image\/","url":"https:\/\/secure.gravatar.com\/avatar\/39b1f1f0db1aa82c65afeee9d7610280?s=96&d=mm&r=g","contentUrl":"https:\/\/secure.gravatar.com\/avatar\/39b1f1f0db1aa82c65afeee9d7610280?s=96&d=mm&r=g","caption":"Katarzyna"}}]}},"_links":{"self":[{"href":"https:\/\/printu.pl\/blog\/wp-json\/wp\/v2\/posts\/2335"}],"collection":[{"href":"https:\/\/printu.pl\/blog\/wp-json\/wp\/v2\/posts"}],"about":[{"href":"https:\/\/printu.pl\/blog\/wp-json\/wp\/v2\/types\/post"}],"author":[{"embeddable":true,"href":"https:\/\/printu.pl\/blog\/wp-json\/wp\/v2\/users\/4"}],"replies":[{"embeddable":true,"href":"https:\/\/printu.pl\/blog\/wp-json\/wp\/v2\/comments?post=2335"}],"version-history":[{"count":6,"href":"https:\/\/printu.pl\/blog\/wp-json\/wp\/v2\/posts\/2335\/revisions"}],"predecessor-version":[{"id":6183,"href":"https:\/\/printu.pl\/blog\/wp-json\/wp\/v2\/posts\/2335\/revisions\/6183"}],"wp:attachment":[{"href":"https:\/\/printu.pl\/blog\/wp-json\/wp\/v2\/media?parent=2335"}],"wp:term":[{"taxonomy":"category","embeddable":true,"href":"https:\/\/printu.pl\/blog\/wp-json\/wp\/v2\/categories?post=2335"},{"taxonomy":"post_tag","embeddable":true,"href":"https:\/\/printu.pl\/blog\/wp-json\/wp\/v2\/tags?post=2335"}],"curies":[{"name":"wp","href":"https:\/\/api.w.org\/{rel}","templated":true}]}}