{"id":2357,"date":"2014-07-23T16:52:57","date_gmt":"2014-07-23T14:52:57","guid":{"rendered":"http:\/\/blog.printu.pl\/?p=2357"},"modified":"2015-12-16T15:37:44","modified_gmt":"2015-12-16T14:37:44","slug":"fotoksiazka-printu-mamy-taty-babci-cioci","status":"publish","type":"post","link":"https:\/\/printu.pl\/blog\/2014\/07\/23\/fotoksiazka-printu-mamy-taty-babci-cioci\/","title":{"rendered":"Fotoksi\u0105\u017cka PRINTU dla Mamy, Taty, Babci, Cioci&#8230;"},"content":{"rendered":"<p><iframe loading=\"lazy\" src=\"\/\/www.youtube.com\/embed\/w3XD1rfMH6A\" width=\"700\" height=\"400\" frameborder=\"0\" allowfullscreen=\"allowfullscreen\"><\/iframe><\/p>\n<p>Ania z kana\u0142u <a href=\"https:\/\/www.youtube.com\/channel\/UC4yVdQphROQM_bIad1w7HDg\" target=\"_blank\" rel=\"nofollow\">TheKretka2<\/a> m\u00f3wi o fotoksi\u0105\u017cce, kt\u00f3r\u0105 stworzy\u0142a dla swojej c\u00f3reczki Victorii. Format fotoksia\u017cki to 25&#215;20 cm, oprawa twarda. Zapraszam do filmiku!\u00a0Wi\u0119cej informacji o fotoksi\u0105\u017cce dziecka: <a href=\"http:\/\/printu.pl\/fotoksiazka\/dzieci\/\" target=\"_blank\">tutaj<\/a>\u00a0A na kanale TheKretka2 czeka tak\u017ce drugie video Ani na temat instabooka &#8211; fotoksi\u0105\u017cki ze zdj\u0119ciami z Instagrama:\u00a0<a href=\"http:\/\/blog.printu.pl\/2014\/07\/05\/recenzja-fotoksiazki-printu\/\" target=\"_blank\">Fotoksi\u0105\u017cka z Instagrama<\/a><\/p>\n","protected":false},"excerpt":{"rendered":"<p>Ania z kana\u0142u TheKretka2 m\u00f3wi o fotoksi\u0105\u017cce, kt\u00f3r\u0105 stworzy\u0142a dla swojej c\u00f3reczki Victorii. Format fotoksia\u017cki to 25&#215;20 cm, oprawa twarda. Zapraszam do filmiku!<\/p>\n","protected":false},"author":4,"featured_media":0,"comment_status":"open","ping_status":"open","sticky":false,"template":"","format":"standard","meta":[],"categories":[143,1067],"tags":[152,141,828,879,414,122,877,878,747,875,741,746],"yoast_head":"<!-- This site is optimized with the Yoast SEO plugin v19.13 - https:\/\/yoast.com\/wordpress\/plugins\/seo\/ -->\n<title>Fotoksi\u0105\u017cka PRINTU dla Mamy, Taty, Babci, Cioci... - Printu.pl<\/title>\n<meta name=\"robots\" content=\"index, follow, max-snippet:-1, max-image-preview:large, max-video-preview:-1\" \/>\n<link rel=\"canonical\" href=\"https:\/\/printu.pl\/blog\/2014\/07\/23\/fotoksiazka-printu-mamy-taty-babci-cioci\/\" \/>\n<meta property=\"og:locale\" content=\"pl_PL\" \/>\n<meta property=\"og:type\" content=\"article\" \/>\n<meta property=\"og:title\" content=\"Fotoksi\u0105\u017cka PRINTU dla Mamy, Taty, Babci, Cioci... - Printu.pl\" \/>\n<meta property=\"og:description\" content=\"Ania z kana\u0142u TheKretka2 m\u00f3wi o fotoksi\u0105\u017cce, kt\u00f3r\u0105 stworzy\u0142a dla swojej c\u00f3reczki Victorii. Format fotoksia\u017cki to 25x20 cm, oprawa twarda. Zapraszam do filmiku!\" \/>\n<meta property=\"og:url\" content=\"https:\/\/printu.pl\/blog\/2014\/07\/23\/fotoksiazka-printu-mamy-taty-babci-cioci\/\" \/>\n<meta property=\"og:site_name\" content=\"blog\" \/>\n<meta property=\"article:publisher\" content=\"https:\/\/www.facebook.com\/printupl\" \/>\n<meta property=\"article:published_time\" content=\"2014-07-23T14:52:57+00:00\" \/>\n<meta property=\"article:modified_time\" content=\"2015-12-16T14:37:44+00:00\" \/>\n<meta name=\"author\" content=\"Katarzyna\" \/>\n<meta name=\"twitter:card\" content=\"summary_large_image\" \/>\n<meta name=\"twitter:creator\" content=\"@printupl\" \/>\n<meta name=\"twitter:site\" content=\"@printupl\" \/>\n<meta name=\"twitter:label1\" content=\"Napisane przez\" \/>\n\t<meta name=\"twitter:data1\" content=\"Katarzyna\" \/>\n<!-- \/ Yoast SEO plugin. -->","yoast_head_json":{"title":"Fotoksi\u0105\u017cka PRINTU dla Mamy, Taty, Babci, Cioci... - Printu.pl","robots":{"index":"index","follow":"follow","max-snippet":"max-snippet:-1","max-image-preview":"max-image-preview:large","max-video-preview":"max-video-preview:-1"},"canonical":"https:\/\/printu.pl\/blog\/2014\/07\/23\/fotoksiazka-printu-mamy-taty-babci-cioci\/","og_locale":"pl_PL","og_type":"article","og_title":"Fotoksi\u0105\u017cka PRINTU dla Mamy, Taty, Babci, Cioci... - Printu.pl","og_description":"Ania z kana\u0142u TheKretka2 m\u00f3wi o fotoksi\u0105\u017cce, kt\u00f3r\u0105 stworzy\u0142a dla swojej c\u00f3reczki Victorii. Format fotoksia\u017cki to 25x20 cm, oprawa twarda. Zapraszam do filmiku!","og_url":"https:\/\/printu.pl\/blog\/2014\/07\/23\/fotoksiazka-printu-mamy-taty-babci-cioci\/","og_site_name":"blog","article_publisher":"https:\/\/www.facebook.com\/printupl","article_published_time":"2014-07-23T14:52:57+00:00","article_modified_time":"2015-12-16T14:37:44+00:00","author":"Katarzyna","twitter_card":"summary_large_image","twitter_creator":"@printupl","twitter_site":"@printupl","twitter_misc":{"Napisane przez":"Katarzyna"},"schema":{"@context":"https:\/\/schema.org","@graph":[{"@type":"Article","@id":"https:\/\/printu.pl\/blog\/2014\/07\/23\/fotoksiazka-printu-mamy-taty-babci-cioci\/#article","isPartOf":{"@id":"https:\/\/printu.pl\/blog\/2014\/07\/23\/fotoksiazka-printu-mamy-taty-babci-cioci\/"},"author":{"name":"Katarzyna","@id":"https:\/\/printu.pl\/blog\/#\/schema\/person\/1552825435ffb2cc058d57ea4dd17e22"},"headline":"Fotoksi\u0105\u017cka PRINTU dla Mamy, Taty, Babci, Cioci&#8230;","datePublished":"2014-07-23T14:52:57+00:00","dateModified":"2015-12-16T14:37:44+00:00","mainEntityOfPage":{"@id":"https:\/\/printu.pl\/blog\/2014\/07\/23\/fotoksiazka-printu-mamy-taty-babci-cioci\/"},"wordCount":71,"commentCount":0,"publisher":{"@id":"https:\/\/printu.pl\/blog\/#organization"},"keywords":["fotoksi\u0105\u017cka gdzie najlepiej","fotoksi\u0105\u017cka PRINTU","fotoksi\u0105\u017cka w prezencie","fotoprezent","gdzie najlepsze fotoksi\u0105\u017cki","najlepsza fotoksi\u0105\u017cka","najlepsze fotoksi\u0105\u017cki w Polsce","pi\u0119kny prezent","video fotoksi\u0105\u017cka","video o printu","video recenzja","Video recenzja o PRINTU"],"articleSection":["Napisali o nas","Video"],"inLanguage":"pl-PL","potentialAction":[{"@type":"CommentAction","name":"Comment","target":["https:\/\/printu.pl\/blog\/2014\/07\/23\/fotoksiazka-printu-mamy-taty-babci-cioci\/#respond"]}]},{"@type":"WebPage","@id":"https:\/\/printu.pl\/blog\/2014\/07\/23\/fotoksiazka-printu-mamy-taty-babci-cioci\/","url":"https:\/\/printu.pl\/blog\/2014\/07\/23\/fotoksiazka-printu-mamy-taty-babci-cioci\/","name":"Fotoksi\u0105\u017cka PRINTU dla Mamy, Taty, Babci, Cioci... - Printu.pl","isPartOf":{"@id":"https:\/\/printu.pl\/blog\/#website"},"datePublished":"2014-07-23T14:52:57+00:00","dateModified":"2015-12-16T14:37:44+00:00","breadcrumb":{"@id":"https:\/\/printu.pl\/blog\/2014\/07\/23\/fotoksiazka-printu-mamy-taty-babci-cioci\/#breadcrumb"},"inLanguage":"pl-PL","potentialAction":[{"@type":"ReadAction","target":["https:\/\/printu.pl\/blog\/2014\/07\/23\/fotoksiazka-printu-mamy-taty-babci-cioci\/"]}]},{"@type":"BreadcrumbList","@id":"https:\/\/printu.pl\/blog\/2014\/07\/23\/fotoksiazka-printu-mamy-taty-babci-cioci\/#breadcrumb","itemListElement":[{"@type":"ListItem","position":1,"name":"Strona g\u0142\u00f3wna","item":"https:\/\/printu.pl\/blog\/"},{"@type":"ListItem","position":2,"name":"Fotoksi\u0105\u017cka PRINTU dla Mamy, Taty, Babci, Cioci&#8230;"}]},{"@type":"WebSite","@id":"https:\/\/printu.pl\/blog\/#website","url":"https:\/\/printu.pl\/blog\/","name":"blog","description":"blog","publisher":{"@id":"https:\/\/printu.pl\/blog\/#organization"},"potentialAction":[{"@type":"SearchAction","target":{"@type":"EntryPoint","urlTemplate":"https:\/\/printu.pl\/blog\/?s={search_term_string}"},"query-input":"required name=search_term_string"}],"inLanguage":"pl-PL"},{"@type":"Organization","@id":"https:\/\/printu.pl\/blog\/#organization","name":"blog","url":"https:\/\/printu.pl\/blog\/","logo":{"@type":"ImageObject","inLanguage":"pl-PL","@id":"https:\/\/printu.pl\/blog\/#\/schema\/logo\/image\/","url":"https:\/\/s3-eu-central-1.amazonaws.com\/printu-blog\/wp-content\/uploads\/2017\/02\/printu-logo.png","contentUrl":"https:\/\/s3-eu-central-1.amazonaws.com\/printu-blog\/wp-content\/uploads\/2017\/02\/printu-logo.png","width":143,"height":34,"caption":" blog"},"image":{"@id":"https:\/\/printu.pl\/blog\/#\/schema\/logo\/image\/"},"sameAs":["https:\/\/instagram.com\/printupl","https:\/\/www.facebook.com\/printupl","https:\/\/twitter.com\/printupl"]},{"@type":"Person","@id":"https:\/\/printu.pl\/blog\/#\/schema\/person\/1552825435ffb2cc058d57ea4dd17e22","name":"Katarzyna","image":{"@type":"ImageObject","inLanguage":"pl-PL","@id":"https:\/\/printu.pl\/blog\/#\/schema\/person\/image\/","url":"https:\/\/secure.gravatar.com\/avatar\/39b1f1f0db1aa82c65afeee9d7610280?s=96&d=mm&r=g","contentUrl":"https:\/\/secure.gravatar.com\/avatar\/39b1f1f0db1aa82c65afeee9d7610280?s=96&d=mm&r=g","caption":"Katarzyna"}}]}},"_links":{"self":[{"href":"https:\/\/printu.pl\/blog\/wp-json\/wp\/v2\/posts\/2357"}],"collection":[{"href":"https:\/\/printu.pl\/blog\/wp-json\/wp\/v2\/posts"}],"about":[{"href":"https:\/\/printu.pl\/blog\/wp-json\/wp\/v2\/types\/post"}],"author":[{"embeddable":true,"href":"https:\/\/printu.pl\/blog\/wp-json\/wp\/v2\/users\/4"}],"replies":[{"embeddable":true,"href":"https:\/\/printu.pl\/blog\/wp-json\/wp\/v2\/comments?post=2357"}],"version-history":[{"count":12,"href":"https:\/\/printu.pl\/blog\/wp-json\/wp\/v2\/posts\/2357\/revisions"}],"predecessor-version":[{"id":6171,"href":"https:\/\/printu.pl\/blog\/wp-json\/wp\/v2\/posts\/2357\/revisions\/6171"}],"wp:attachment":[{"href":"https:\/\/printu.pl\/blog\/wp-json\/wp\/v2\/media?parent=2357"}],"wp:term":[{"taxonomy":"category","embeddable":true,"href":"https:\/\/printu.pl\/blog\/wp-json\/wp\/v2\/categories?post=2357"},{"taxonomy":"post_tag","embeddable":true,"href":"https:\/\/printu.pl\/blog\/wp-json\/wp\/v2\/tags?post=2357"}],"curies":[{"name":"wp","href":"https:\/\/api.w.org\/{rel}","templated":true}]}}