{"id":2422,"date":"2014-08-14T19:31:41","date_gmt":"2014-08-14T17:31:41","guid":{"rendered":"http:\/\/blog.printu.pl\/?p=2422"},"modified":"2015-12-16T15:02:30","modified_gmt":"2015-12-16T14:02:30","slug":"lamanie-zasad-fotografii","status":"publish","type":"post","link":"https:\/\/printu.pl\/blog\/2014\/08\/14\/lamanie-zasad-fotografii\/","title":{"rendered":"\u0141amanie zasad w fotografii"},"content":{"rendered":"<p style=\"text-align: left;\"><img decoding=\"async\" loading=\"lazy\" class=\"aligncenter  wp-image-2423\" src=\"http:\/\/blog.printu.pl\/wp-content\/uploads\/2014\/08\/\u0142amanie-zasad-w-fotografii.jpg\" alt=\"\u0141amanie zasad w fotografii\" width=\"700\" height=\"350\" srcset=\"https:\/\/s3-eu-central-1.amazonaws.com\/printu-blog\/wp-content\/uploads\/2014\/08\/%C5%82amanie-zasad-w-fotografii.jpg 700w, https:\/\/s3-eu-central-1.amazonaws.com\/printu-blog\/wp-content\/uploads\/2014\/08\/%C5%82amanie-zasad-w-fotografii-300x150.jpg 300w\" sizes=\"(max-width: 700px) 100vw, 700px\" \/>Fotografia podobnie jak wiele innych dziedzin mniej lub bardziej artystycznych, doczeka\u0142a si\u0119 sprawdzenia i sformu\u0142owania licznych zasad. Zasad niejako gwarantuj\u0105cych sukces w postaci udanego zdj\u0119cia. Zasad, kt\u00f3rych pocz\u0105tkuj\u0105cy fotograf trzyma si\u0119 kurczowo i kt\u00f3rych nieprzestrzeganie niejednokrotnie od razu zdradza amatorsk\u0105 r\u0119k\u0119.<!--more-->Jednak obserwuj\u0105c dzie\u0142a najwybitniejszych artyst\u00f3w w jakiejkolwiek dziedzinie nie spos\u00f3b oprze\u0107 si\u0119 wra\u017ceniu, \u017ce zasady nale\u017cy dobrze pozna\u0107 i przyswoi\u0107 sobie g\u0142\u00f3wnie po to, by p\u00f3\u017aniej&#8230; m\u00f3c je \u015bwiadomie \u0142ama\u0107. Wielokrotnie zdarza si\u0119, i\u017c najlepsze, najwybitniejsze, najbardziej przyci\u0105gaj\u0105ce uwag\u0119 zdj\u0119cia to te, w kt\u00f3rych wszelkie zasady zosta\u0142y pomini\u0119te. Autor z pe\u0142n\u0105 premedytacj\u0105 zrobi\u0142 co\u015b wr\u0119cz odwrotnego ni\u017c to, o czym czytamy w poradnikach i podr\u0119cznikach. Po co? Po to, by uzyska\u0107 zamierzony przez siebie efekt.<\/p>\n<h2><strong>Zasada nr 1- unikaj kompozycji centralnej<\/strong><\/h2>\n<p>A co za tym idzie, trzymaj si\u0119 tzw. tr\u00f3jpodzia\u0142u, najwa\u017cniejsze elementy umieszczaj\u0105c na przeci\u0119ciach 4 r\u00f3wnomiernie roz\u0142o\u017conych linii dziel\u0105cych kadr na 9 element\u00f3w, czyli w mocnych punktach (o tr\u00f3jpodziale wspominali\u015bmy w artykule Jak zrobi\u0107 dobry portret? cz.1). Zasada ta sprawdza si\u0119 w wi\u0119kszo\u015bci przypadk\u00f3w, pozwalaj\u0105c stworzy\u0107 poprawne portrety, \u0142adne krajobrazy oraz ciekawe uj\u0119cia reporta\u017cowe.<\/p>\n<p>Czy jednak \u00f3w tr\u00f3jpodzia\u0142 to jedyna zawsze s\u0142uszna kompozycja? Oczywi\u015bcie, \u017ce nie. Umieszczaj\u0105c bowiem g\u0142\u00f3wny element (cho\u0107by twarz, posta\u0107, lini\u0119 horyzontu) w centrum kadru, mo\u017cemy nieraz uzyska\u0107 wyj\u0105tkowy efekt. Najcz\u0119\u015bciej taki zabieg pozwoli nam uwypukli\u0107 symetri\u0119 zdj\u0119cia lub wr\u0119cz przeciwnie &#8211; zaznaczy\u0107 r\u00f3\u017cnice pomi\u0119dzy jedn\u0105 i druga stron\u0105 kadru. Centralna kompozycja sprawdza si\u0119 \u015bwietnie w zestawieniu z liniami prowadz\u0105cymi, kt\u00f3re dos\u0142ownie prowadz\u0105 wzrok widza w sam \u015brodek zdj\u0119cia i do tego, co jest w nim najistotniejsze.<\/p>\n<h2><strong>Zasada nr 2 &#8211; nigdy nie r\u00f3b zdj\u0119\u0107 pod \u015bwiat\u0142o<\/strong><\/h2>\n<p>W ko\u0144cu ka\u017cdy, nawet kompletny laik wie, \u017ce fotografuj\u0105c pod \u015bwiat\u0142o (np. z obiektywem skierowanym w stron\u0119 okna lub s\u0142o\u0144ca) uzyskasz nic wi\u0119cej jak tylko kompletnie czarne postacie lub obiekty na jasnym tle. I cho\u0107 w wi\u0119kszo\u015bci przypadk\u00f3w trzymanie si\u0119 tej zasady pozwoli nam uzyska\u0107 dobrze o\u015bwietlone, poprawne zdj\u0119cia, warto zastanowi\u0107 si\u0119, jak mo\u017cna by j\u0105 kreatywnie z\u0142ama\u0107.<\/p>\n<p>D\u0142ugo szuka\u0107 nie trzeba. Pierwszy spos\u00f3b na wykorzystanie \u015bwiat\u0142a padaj\u0105cego z ty\u0142u fotografowanego obiektu lub osoby to symbol. Fotografuj\u0105c w ten spos\u00f3b uzyska\u0107 mo\u017cemy bowiem zdj\u0119cie konturowe, pokazuj\u0105ce jedynie zarys postaci na tle, np. zachodz\u0105cego s\u0142o\u0144ca lub kszta\u0142t jakiego\u015b obiektu.<\/p>\n<p>\u015awiat\u0142o nazywane r\u00f3wnie\u017c konturowym mo\u017cemy zastosowa\u0107 tak\u017ce wtedy, gdy pod r\u0119k\u0105 mamy cokolwiek, co pozwoli nam dodatkowo roz\u015bwietli\u0107 scen\u0119 z przodu. Mo\u017ce to by\u0107 fotograficzna blenda lub lampa b\u0142yskowa. Takie techniki to ju\u017c lekko zaawansowana i nieco bardziej k\u0142opotliwa szko\u0142a jazdy, ale pozwala na stworzenie niezwyk\u0142ego klimatu na zdj\u0119ciu. Bardzo dobrze sprawdza si\u0119 przy ciep\u0142ym, zachodz\u0105cym ju\u017c wieczorem s\u0142o\u0144cu.<\/p>\n<h2><strong>Zasada nr 3 &#8211; robi\u0105c zdj\u0119cia dzieciom schod\u017a do ich poziomu<\/strong><\/h2>\n<p>A wi\u0119c kucaj, przykl\u0119knij, po\u0142\u00f3\u017c si\u0119 na ziemi. Wa\u017cne aby\u015b obiektyw zawsze trzyma\u0142\/a na wysoko\u015bci oczu dziecka. Proporcje s\u0105 wtedy \u0142adne i tradycyjnie ju\u017c &#8211; zupe\u0142nie poprawne.<\/p>\n<p>Je\u017celi jednak nie na poprawno\u015bci Ci zale\u017cy, ale na zdj\u0119ciach ciekawych i zachwycaj\u0105cych, porzu\u0107 czasem utarte schematy i&#8230; zr\u00f3b par\u0119 uj\u0119\u0107 kompletnie z g\u00f3ry, zupe\u0142nie wypaczaj\u0105c perspektyw\u0119. Taka kompozycja \u015bwietnie wygl\u0105da, gdy maluch spojrzy prosto w obiektyw, bawi\u0105c si\u0119 na pod\u0142odze lub w piaskownicy. Uj\u0119cia &#8222;z lotu ptaka&#8221; podkre\u015blaj\u0105 charakter sytuacji, a tak\u017ce stwarzaj\u0105 wra\u017cenie dystansu pomi\u0119dzy widzem, a bohaterem uj\u0119cia. Niejednokrotnie pozwalaj\u0105 pokaza\u0107 wi\u0119cej i szerzej, przedstawiaj\u0105c nie tylko maluszka, ale r\u00f3wnie\u017c pozwalaj\u0105c na &#8222;podgl\u0105dni\u0119cie&#8221; jego \u015bwiata i otoczenia.<\/p>\n<h2><strong>Zasada nr 4 &#8211; nigdy nie r\u00f3b portret\u00f3w z bliska<\/strong><\/h2>\n<p>Zawsze utrzymuj odleg\u0142o\u015b\u0107 co najmniej 1,5-2 metr\u00f3w, by unikn\u0105\u0107 zniekszta\u0142ce\u0144 twarzy i zachwiania proporcji pomi\u0119dzy poszczeg\u00f3lnymi jej elementami. Je\u017celi masz mo\u017cliwo\u015b\u0107, do portret\u00f3w podchod\u017a wy\u0142\u0105cznie z obiektywem o ogniskowej powy\u017cej 50 mm&#8230;<\/p>\n<p>&#8230; chyba \u017ce chcesz przerwa\u0107 rutyn\u0119 ;) Je\u017celi tak, we\u017a szerokok\u0105tny obiektyw i portret wykonaj z odleg\u0142o\u015bci wyci\u0105gni\u0119tej r\u0119ki. Prawdopodobnie b\u0119dzie dziwny, \u015bmieszny, ale i ciekawy. Szeroki k\u0105t spot\u0119gowany ma\u0142\u0105 odleg\u0142o\u015bci\u0105 zupe\u0142nie zniekszta\u0142ci twarz fotografowanej osoby. Pozwoli jednak na uwypuklenie pewnych cech lub emocji. Takie uj\u0119cia to r\u00f3wnie\u017c ciekawa gratka dla widza, kt\u00f3ry ma wra\u017cenie stania twarz\u0105 w twarz, a wr\u0119cz nosem w nos z osob\u0105 przedstawion\u0105 na zdj\u0119ciu.<\/p>\n<p style=\"text-align: center;\"><img decoding=\"async\" loading=\"lazy\" class=\"aligncenter  wp-image-2424\" src=\"http:\/\/blog.printu.pl\/wp-content\/uploads\/2014\/08\/portret-dziecka.jpg\" alt=\"Portret dziecka\" width=\"700\" height=\"467\" srcset=\"https:\/\/s3-eu-central-1.amazonaws.com\/printu-blog\/wp-content\/uploads\/2014\/08\/portret-dziecka.jpg 1050w, https:\/\/s3-eu-central-1.amazonaws.com\/printu-blog\/wp-content\/uploads\/2014\/08\/portret-dziecka-300x200.jpg 300w, https:\/\/s3-eu-central-1.amazonaws.com\/printu-blog\/wp-content\/uploads\/2014\/08\/portret-dziecka-768x512.jpg 768w, https:\/\/s3-eu-central-1.amazonaws.com\/printu-blog\/wp-content\/uploads\/2014\/08\/portret-dziecka-700x467.jpg 700w\" sizes=\"(max-width: 700px) 100vw, 700px\" \/><\/p>\n<h2><strong>Zasada nr 5 &#8211; dbaj o poprawn\u0105 ekspozycj\u0119<\/strong><\/h2>\n<p>A wi\u0119c pami\u0119taj, by \u015bwiat\u0142a nie by\u0142o ani za du\u017co (zdj\u0119cia prze\u015bwietlone), ani za ma\u0142o (zdj\u0119cia niedo\u015bwietlone). Zar\u00f3wno w zupe\u0142nej bieli na zdj\u0119ciu, jak i w cieniach g\u0142\u0119bokiej czerni gubi\u0105 si\u0119 wszelkie szczeg\u00f3\u0142y. Na og\u00f3\u0142 wi\u0119c takie zdj\u0119cia uznawane s\u0105 za niepoprawne i najcz\u0119\u015bciej d\u0105\u017cymy do tego, by r\u00f3wnomiernie do\u015bwietli\u0107 ca\u0142y kadr.<\/p>\n<p>Wystarczy jednak poczyta\u0107 sobie o zaawansowanych technikach takich, jak high-key i low-key, by zrozumie\u0107, \u017ce poprawna ekspozycja jest wtedy, kiedy idealnie odpowiada potrzebom fotografa. A te nie zawsze skupiaj\u0105 si\u0119 na wiernym oddaniu wszystkich szczeg\u00f3\u0142\u00f3w zdj\u0119cia. Fotografie w technice high-key powstaj\u0105, gdy cz\u0119\u015b\u0107 kadru &#8222;rozp\u0142ywa si\u0119&#8221; w zupe\u0142nej bieli. Low-key jest wtedy, gdy zdj\u0119cie stopniowo wpada w czer\u0144. I nawet je\u015bli stworzenie idealnych zdj\u0119\u0107 w tych technikach przekracza nasze mo\u017cliwo\u015bci, same pr\u00f3by ich uzyskania mog\u0105 wygl\u0105da\u0107 interesuj\u0105co i przerw\u0105 rutyn\u0119 naszych codziennych zdj\u0119\u0107.<\/p>\n<p>Tych kilka przedstawionych powy\u017cej zasad oraz pomys\u0142\u00f3w na ich z\u0142amanie to jedynie inspiracja. Do tego, by uczu\u0107 si\u0119 metod poprawnych, a nast\u0119pnie \u015bwiadomie zast\u0119powa\u0107 je w\u0142asn\u0105 inwencj\u0105. Efekty by\u0107 mo\u017ce nie zawsze b\u0119d\u0105 spektakularne, ale warto pr\u00f3bowa\u0107. W ko\u0144cu fotografia to dziedzina artystyczna, wi\u0119c ile\u017c mo\u017cna robi\u0107 tych zwyk\u0142ych, tak nudnie poprawnych zdj\u0119\u0107.<\/p>\n<h2><strong>Podobne tematy:<\/strong><\/h2>\n<p>Wi\u0119cej na temat kompozycji znajdziesz w tek\u015bcie: <a href=\"http:\/\/blog.printu.pl\/2013\/09\/27\/co-to-jest-kompozycja\/\" target=\"_blank\">Co to jest kompozycja?<\/a><br \/>\nJe\u015bli interesuj\u0105 Ci\u0119 portrety, zajrzyj do poradnika: <a href=\"http:\/\/blog.printu.pl\/2014\/06\/15\/jak-zrobic-dobry-portret\/\" target=\"_blank\">Jak zrobi\u0107 dobry portret?<br \/>\n<\/a>O fotografowaniu emocji przeczytasz tutaj: <a href=\"http:\/\/blog.printu.pl\/2014\/02\/13\/sekrety-fotografowania-emocji\/\" target=\"_blank\">Sekrety fotografowania emocji<\/a><\/p>\n","protected":false},"excerpt":{"rendered":"<p>Fotografia podobnie jak wiele innych dziedzin mniej lub bardziej artystycznych, doczeka\u0142a si\u0119 sprawdzenia i sformu\u0142owania licznych zasad. Zasad niejako gwarantuj\u0105cych sukces w postaci udanego zdj\u0119cia. Zasad, kt\u00f3rych pocz\u0105tkuj\u0105cy fotograf trzyma si\u0119 kurczowo i kt\u00f3rych nieprzestrzeganie niejednokrotnie od razu zdradza amatorsk\u0105 r\u0119k\u0119.<\/p>\n","protected":false},"author":5,"featured_media":0,"comment_status":"open","ping_status":"open","sticky":false,"template":"","format":"standard","meta":[],"categories":[8],"tags":[174,288,9,894,177,891,890,892,893,895,191],"yoast_head":"<!-- This site is optimized with the Yoast SEO plugin v19.13 - https:\/\/yoast.com\/wordpress\/plugins\/seo\/ -->\n<title>\u0141amanie zasad w fotografii - Printu.pl<\/title>\n<meta name=\"robots\" content=\"index, follow, max-snippet:-1, max-image-preview:large, max-video-preview:-1\" \/>\n<link rel=\"canonical\" href=\"https:\/\/printu.pl\/blog\/2014\/08\/14\/lamanie-zasad-fotografii\/\" \/>\n<meta property=\"og:locale\" content=\"pl_PL\" \/>\n<meta property=\"og:type\" content=\"article\" \/>\n<meta property=\"og:title\" content=\"\u0141amanie zasad w fotografii - Printu.pl\" \/>\n<meta property=\"og:description\" content=\"Fotografia podobnie jak wiele innych dziedzin mniej lub bardziej artystycznych, doczeka\u0142a si\u0119 sprawdzenia i sformu\u0142owania licznych zasad. Zasad niejako gwarantuj\u0105cych sukces w postaci udanego zdj\u0119cia. Zasad, kt\u00f3rych pocz\u0105tkuj\u0105cy fotograf trzyma si\u0119 kurczowo i kt\u00f3rych nieprzestrzeganie niejednokrotnie od razu zdradza amatorsk\u0105 r\u0119k\u0119.\" \/>\n<meta property=\"og:url\" content=\"https:\/\/printu.pl\/blog\/2014\/08\/14\/lamanie-zasad-fotografii\/\" \/>\n<meta property=\"og:site_name\" content=\"blog\" \/>\n<meta property=\"article:publisher\" content=\"https:\/\/www.facebook.com\/printupl\" \/>\n<meta property=\"article:published_time\" content=\"2014-08-14T17:31:41+00:00\" \/>\n<meta property=\"article:modified_time\" content=\"2015-12-16T14:02:30+00:00\" \/>\n<meta property=\"og:image\" content=\"http:\/\/blog.printu.pl\/wp-content\/uploads\/2014\/08\/portret-dziecka.jpg\" \/>\n<meta name=\"author\" content=\"Iwona\" \/>\n<meta name=\"twitter:card\" content=\"summary_large_image\" \/>\n<meta name=\"twitter:creator\" content=\"@printupl\" \/>\n<meta name=\"twitter:site\" content=\"@printupl\" \/>\n<meta name=\"twitter:label1\" content=\"Napisane przez\" \/>\n\t<meta name=\"twitter:data1\" content=\"Iwona\" \/>\n\t<meta name=\"twitter:label2\" content=\"Szacowany czas czytania\" \/>\n\t<meta name=\"twitter:data2\" content=\"5 minut\" \/>\n<!-- \/ Yoast SEO plugin. -->","yoast_head_json":{"title":"\u0141amanie zasad w fotografii - Printu.pl","robots":{"index":"index","follow":"follow","max-snippet":"max-snippet:-1","max-image-preview":"max-image-preview:large","max-video-preview":"max-video-preview:-1"},"canonical":"https:\/\/printu.pl\/blog\/2014\/08\/14\/lamanie-zasad-fotografii\/","og_locale":"pl_PL","og_type":"article","og_title":"\u0141amanie zasad w fotografii - Printu.pl","og_description":"Fotografia podobnie jak wiele innych dziedzin mniej lub bardziej artystycznych, doczeka\u0142a si\u0119 sprawdzenia i sformu\u0142owania licznych zasad. Zasad niejako gwarantuj\u0105cych sukces w postaci udanego zdj\u0119cia. Zasad, kt\u00f3rych pocz\u0105tkuj\u0105cy fotograf trzyma si\u0119 kurczowo i kt\u00f3rych nieprzestrzeganie niejednokrotnie od razu zdradza amatorsk\u0105 r\u0119k\u0119.","og_url":"https:\/\/printu.pl\/blog\/2014\/08\/14\/lamanie-zasad-fotografii\/","og_site_name":"blog","article_publisher":"https:\/\/www.facebook.com\/printupl","article_published_time":"2014-08-14T17:31:41+00:00","article_modified_time":"2015-12-16T14:02:30+00:00","og_image":[{"url":"http:\/\/blog.printu.pl\/wp-content\/uploads\/2014\/08\/portret-dziecka.jpg"}],"author":"Iwona","twitter_card":"summary_large_image","twitter_creator":"@printupl","twitter_site":"@printupl","twitter_misc":{"Napisane przez":"Iwona","Szacowany czas czytania":"5 minut"},"schema":{"@context":"https:\/\/schema.org","@graph":[{"@type":"Article","@id":"https:\/\/printu.pl\/blog\/2014\/08\/14\/lamanie-zasad-fotografii\/#article","isPartOf":{"@id":"https:\/\/printu.pl\/blog\/2014\/08\/14\/lamanie-zasad-fotografii\/"},"author":{"name":"Iwona","@id":"https:\/\/printu.pl\/blog\/#\/schema\/person\/f434bfe5febea26b786a498ae5cbac79"},"headline":"\u0141amanie zasad w fotografii","datePublished":"2014-08-14T17:31:41+00:00","dateModified":"2015-12-16T14:02:30+00:00","mainEntityOfPage":{"@id":"https:\/\/printu.pl\/blog\/2014\/08\/14\/lamanie-zasad-fotografii\/"},"wordCount":1092,"commentCount":0,"publisher":{"@id":"https:\/\/printu.pl\/blog\/#organization"},"keywords":["co to jest kompozycja","fotografowanie emocji","jak fotografowa\u0107 dzieci","jak robi\u0107 portrety","kompozycja centralna","\u0142amanie regu\u0142 kompozycji w fotografii","\u0142amanie zasad w fotografii","poprawna ekspozycja w fotografii","portrety","robienie zdj\u0119\u0107 pod \u015bwiat\u0142o","zasady w fotografii"],"articleSection":["Poradnik FOTO"],"inLanguage":"pl-PL","potentialAction":[{"@type":"CommentAction","name":"Comment","target":["https:\/\/printu.pl\/blog\/2014\/08\/14\/lamanie-zasad-fotografii\/#respond"]}]},{"@type":"WebPage","@id":"https:\/\/printu.pl\/blog\/2014\/08\/14\/lamanie-zasad-fotografii\/","url":"https:\/\/printu.pl\/blog\/2014\/08\/14\/lamanie-zasad-fotografii\/","name":"\u0141amanie zasad w fotografii - Printu.pl","isPartOf":{"@id":"https:\/\/printu.pl\/blog\/#website"},"datePublished":"2014-08-14T17:31:41+00:00","dateModified":"2015-12-16T14:02:30+00:00","breadcrumb":{"@id":"https:\/\/printu.pl\/blog\/2014\/08\/14\/lamanie-zasad-fotografii\/#breadcrumb"},"inLanguage":"pl-PL","potentialAction":[{"@type":"ReadAction","target":["https:\/\/printu.pl\/blog\/2014\/08\/14\/lamanie-zasad-fotografii\/"]}]},{"@type":"BreadcrumbList","@id":"https:\/\/printu.pl\/blog\/2014\/08\/14\/lamanie-zasad-fotografii\/#breadcrumb","itemListElement":[{"@type":"ListItem","position":1,"name":"Strona g\u0142\u00f3wna","item":"https:\/\/printu.pl\/blog\/"},{"@type":"ListItem","position":2,"name":"\u0141amanie zasad w fotografii"}]},{"@type":"WebSite","@id":"https:\/\/printu.pl\/blog\/#website","url":"https:\/\/printu.pl\/blog\/","name":"blog","description":"blog","publisher":{"@id":"https:\/\/printu.pl\/blog\/#organization"},"potentialAction":[{"@type":"SearchAction","target":{"@type":"EntryPoint","urlTemplate":"https:\/\/printu.pl\/blog\/?s={search_term_string}"},"query-input":"required name=search_term_string"}],"inLanguage":"pl-PL"},{"@type":"Organization","@id":"https:\/\/printu.pl\/blog\/#organization","name":"blog","url":"https:\/\/printu.pl\/blog\/","logo":{"@type":"ImageObject","inLanguage":"pl-PL","@id":"https:\/\/printu.pl\/blog\/#\/schema\/logo\/image\/","url":"https:\/\/s3-eu-central-1.amazonaws.com\/printu-blog\/wp-content\/uploads\/2017\/02\/printu-logo.png","contentUrl":"https:\/\/s3-eu-central-1.amazonaws.com\/printu-blog\/wp-content\/uploads\/2017\/02\/printu-logo.png","width":143,"height":34,"caption":" blog"},"image":{"@id":"https:\/\/printu.pl\/blog\/#\/schema\/logo\/image\/"},"sameAs":["https:\/\/instagram.com\/printupl","https:\/\/www.facebook.com\/printupl","https:\/\/twitter.com\/printupl"]},{"@type":"Person","@id":"https:\/\/printu.pl\/blog\/#\/schema\/person\/f434bfe5febea26b786a498ae5cbac79","name":"Iwona","image":{"@type":"ImageObject","inLanguage":"pl-PL","@id":"https:\/\/printu.pl\/blog\/#\/schema\/person\/image\/","url":"https:\/\/secure.gravatar.com\/avatar\/5bf1effed06ddadd1d572859a8cd5ca5?s=96&d=mm&r=g","contentUrl":"https:\/\/secure.gravatar.com\/avatar\/5bf1effed06ddadd1d572859a8cd5ca5?s=96&d=mm&r=g","caption":"Iwona"}}]}},"_links":{"self":[{"href":"https:\/\/printu.pl\/blog\/wp-json\/wp\/v2\/posts\/2422"}],"collection":[{"href":"https:\/\/printu.pl\/blog\/wp-json\/wp\/v2\/posts"}],"about":[{"href":"https:\/\/printu.pl\/blog\/wp-json\/wp\/v2\/types\/post"}],"author":[{"embeddable":true,"href":"https:\/\/printu.pl\/blog\/wp-json\/wp\/v2\/users\/5"}],"replies":[{"embeddable":true,"href":"https:\/\/printu.pl\/blog\/wp-json\/wp\/v2\/comments?post=2422"}],"version-history":[{"count":8,"href":"https:\/\/printu.pl\/blog\/wp-json\/wp\/v2\/posts\/2422\/revisions"}],"predecessor-version":[{"id":6160,"href":"https:\/\/printu.pl\/blog\/wp-json\/wp\/v2\/posts\/2422\/revisions\/6160"}],"wp:attachment":[{"href":"https:\/\/printu.pl\/blog\/wp-json\/wp\/v2\/media?parent=2422"}],"wp:term":[{"taxonomy":"category","embeddable":true,"href":"https:\/\/printu.pl\/blog\/wp-json\/wp\/v2\/categories?post=2422"},{"taxonomy":"post_tag","embeddable":true,"href":"https:\/\/printu.pl\/blog\/wp-json\/wp\/v2\/tags?post=2422"}],"curies":[{"name":"wp","href":"https:\/\/api.w.org\/{rel}","templated":true}]}}