{"id":2567,"date":"2014-09-10T14:24:36","date_gmt":"2014-09-10T12:24:36","guid":{"rendered":"http:\/\/blog.printu.pl\/?p=2567"},"modified":"2015-12-16T14:59:22","modified_gmt":"2015-12-16T13:59:22","slug":"fotoksiazka-z-dzielami-malego-artysty","status":"publish","type":"post","link":"https:\/\/printu.pl\/blog\/2014\/09\/10\/fotoksiazka-z-dzielami-malego-artysty\/","title":{"rendered":"Fotoksi\u0105\u017cka z dzie\u0142ami ma\u0142ego artysty"},"content":{"rendered":"<blockquote>\n<p style=\"text-align: left;\"><img decoding=\"async\" loading=\"lazy\" class=\"aligncenter  wp-image-2569\" src=\"http:\/\/blog.printu.pl\/wp-content\/uploads\/2014\/09\/fotoksi\u0105\u017cka-z-rysunkami-dziecka.jpg\" alt=\"Fotoksi\u0105\u017cka z rysunkami dziecka\" width=\"700\" height=\"350\" srcset=\"https:\/\/s3-eu-central-1.amazonaws.com\/printu-blog\/wp-content\/uploads\/2014\/09\/fotoksi%C4%85%C5%BCka-z-rysunkami-dziecka.jpg 700w, https:\/\/s3-eu-central-1.amazonaws.com\/printu-blog\/wp-content\/uploads\/2014\/09\/fotoksi%C4%85%C5%BCka-z-rysunkami-dziecka-300x150.jpg 300w\" sizes=\"(max-width: 700px) 100vw, 700px\" \/><br \/>\n&#8222;Pierwszy album z dzie\u0142ami Ma\u0142ej Wielkiej Artystki! Malunki, rysunki, portrety przy pracy, detale. No ksi\u0105\u017cka o Ewkowej Tw\u00f3rczo\u015bci. Zamiast teczki z wymi\u0119tolonymi kartkami, mamy zamkni\u0119ty w twardej oprawie zbi\u00f3r najwi\u0119kszych dzie\u0142 Artystki&#8221;. To super pomys\u0142 na pami\u0105tk\u0119 w formie drukowanej, kt\u00f3ra stanowi archiwum rysunk\u00f3w z najlepszymi pracami dziecka.<\/p>\n<\/blockquote>\n<p style=\"text-align: left;\"><!--more-->Polecamy format 25 x 20 cm w oprawie twardej &#8211; taki jest w\u0142a\u015bnie format ksi\u0105\u017cki widocznej na zdj\u0119ciach poni\u017cej.<\/p>\n<p>Zapraszamy do ca\u0142ego wpisu redaktor Olgi z bloga \u201eO tym, \u017ce\u201d tutaj:\u00a0<a href=\"http:\/\/www.otymze.pl\/2014\/07\/prezenty-prezenty-konkurs.html\" target=\"_blank\">\u201ePrezenty, prezenty\u201d<\/a><\/p>\n<p>Wybierz najlepsze prace swojej pociechy i dzia\u0142aj na <a href=\"http:\/\/printu.pl\/\" target=\"_blank\">printu.pl<\/a>!<\/p>\n<p style=\"text-align: center;\"><img decoding=\"async\" loading=\"lazy\" class=\"aligncenter  wp-image-2573\" src=\"http:\/\/blog.printu.pl\/wp-content\/uploads\/2014\/09\/fotoksi\u0105\u017cka-ma\u0142ej-artystki.jpg\" alt=\"fotoksi\u0105\u017cka ma\u0142ej artystki\" width=\"700\" height=\"525\" srcset=\"https:\/\/s3-eu-central-1.amazonaws.com\/printu-blog\/wp-content\/uploads\/2014\/09\/fotoksi%C4%85%C5%BCka-ma%C5%82ej-artystki.jpg 700w, https:\/\/s3-eu-central-1.amazonaws.com\/printu-blog\/wp-content\/uploads\/2014\/09\/fotoksi%C4%85%C5%BCka-ma%C5%82ej-artystki-300x225.jpg 300w, https:\/\/s3-eu-central-1.amazonaws.com\/printu-blog\/wp-content\/uploads\/2014\/09\/fotoksi%C4%85%C5%BCka-ma%C5%82ej-artystki-667x500.jpg 667w\" sizes=\"(max-width: 700px) 100vw, 700px\" \/> <img decoding=\"async\" loading=\"lazy\" class=\"aligncenter  wp-image-2574\" src=\"http:\/\/blog.printu.pl\/wp-content\/uploads\/2014\/09\/fotoksi\u0105\u017cka-z-dzie\u0142ami-ma\u0142ego-artysty.jpg\" alt=\"fotoksi\u0105\u017cka z dzie\u0142ami ma\u0142ego artysty\" width=\"700\" height=\"525\" srcset=\"https:\/\/s3-eu-central-1.amazonaws.com\/printu-blog\/wp-content\/uploads\/2014\/09\/fotoksi%C4%85%C5%BCka-z-dzie%C5%82ami-ma%C5%82ego-artysty.jpg 700w, https:\/\/s3-eu-central-1.amazonaws.com\/printu-blog\/wp-content\/uploads\/2014\/09\/fotoksi%C4%85%C5%BCka-z-dzie%C5%82ami-ma%C5%82ego-artysty-300x225.jpg 300w, https:\/\/s3-eu-central-1.amazonaws.com\/printu-blog\/wp-content\/uploads\/2014\/09\/fotoksi%C4%85%C5%BCka-z-dzie%C5%82ami-ma%C5%82ego-artysty-667x500.jpg 667w\" sizes=\"(max-width: 700px) 100vw, 700px\" \/> <img decoding=\"async\" loading=\"lazy\" class=\"aligncenter  wp-image-2575\" src=\"http:\/\/blog.printu.pl\/wp-content\/uploads\/2014\/09\/fotoksi\u0105\u017cka-zdolnego-przedszkolaka.jpg\" alt=\"fotoksi\u0105\u017cka zdolnego przedszkolaka\" width=\"700\" height=\"525\" srcset=\"https:\/\/s3-eu-central-1.amazonaws.com\/printu-blog\/wp-content\/uploads\/2014\/09\/fotoksi%C4%85%C5%BCka-zdolnego-przedszkolaka.jpg 700w, https:\/\/s3-eu-central-1.amazonaws.com\/printu-blog\/wp-content\/uploads\/2014\/09\/fotoksi%C4%85%C5%BCka-zdolnego-przedszkolaka-300x225.jpg 300w, https:\/\/s3-eu-central-1.amazonaws.com\/printu-blog\/wp-content\/uploads\/2014\/09\/fotoksi%C4%85%C5%BCka-zdolnego-przedszkolaka-667x500.jpg 667w\" sizes=\"(max-width: 700px) 100vw, 700px\" \/> <img decoding=\"async\" loading=\"lazy\" class=\"aligncenter  wp-image-2576\" src=\"http:\/\/blog.printu.pl\/wp-content\/uploads\/2014\/09\/fotoksi\u0105\u017cka-z-malunkami-dziecka.jpg\" alt=\"fotoksi\u0105\u017cka z malunkami dziecka\" width=\"700\" height=\"525\" srcset=\"https:\/\/s3-eu-central-1.amazonaws.com\/printu-blog\/wp-content\/uploads\/2014\/09\/fotoksi%C4%85%C5%BCka-z-malunkami-dziecka.jpg 700w, https:\/\/s3-eu-central-1.amazonaws.com\/printu-blog\/wp-content\/uploads\/2014\/09\/fotoksi%C4%85%C5%BCka-z-malunkami-dziecka-300x225.jpg 300w, https:\/\/s3-eu-central-1.amazonaws.com\/printu-blog\/wp-content\/uploads\/2014\/09\/fotoksi%C4%85%C5%BCka-z-malunkami-dziecka-667x500.jpg 667w\" sizes=\"(max-width: 700px) 100vw, 700px\" \/> <img decoding=\"async\" loading=\"lazy\" class=\"aligncenter  wp-image-2577\" src=\"http:\/\/blog.printu.pl\/wp-content\/uploads\/2014\/09\/fotoksi\u0105\u017cka-z-pracami-dziecka.jpg\" alt=\"fotoksi\u0105\u017cka z pracami dziecka\" width=\"700\" height=\"525\" srcset=\"https:\/\/s3-eu-central-1.amazonaws.com\/printu-blog\/wp-content\/uploads\/2014\/09\/fotoksi%C4%85%C5%BCka-z-pracami-dziecka.jpg 700w, https:\/\/s3-eu-central-1.amazonaws.com\/printu-blog\/wp-content\/uploads\/2014\/09\/fotoksi%C4%85%C5%BCka-z-pracami-dziecka-300x225.jpg 300w, https:\/\/s3-eu-central-1.amazonaws.com\/printu-blog\/wp-content\/uploads\/2014\/09\/fotoksi%C4%85%C5%BCka-z-pracami-dziecka-667x500.jpg 667w\" sizes=\"(max-width: 700px) 100vw, 700px\" \/> <img decoding=\"async\" loading=\"lazy\" class=\"aligncenter  wp-image-2578\" src=\"http:\/\/blog.printu.pl\/wp-content\/uploads\/2014\/09\/fotoksi\u0105\u017cka-ma\u0142ego-artysty.jpg\" alt=\"fotoksi\u0105\u017cka ma\u0142ego artysty\" width=\"700\" height=\"525\" srcset=\"https:\/\/s3-eu-central-1.amazonaws.com\/printu-blog\/wp-content\/uploads\/2014\/09\/fotoksi%C4%85%C5%BCka-ma%C5%82ego-artysty.jpg 700w, https:\/\/s3-eu-central-1.amazonaws.com\/printu-blog\/wp-content\/uploads\/2014\/09\/fotoksi%C4%85%C5%BCka-ma%C5%82ego-artysty-300x225.jpg 300w, https:\/\/s3-eu-central-1.amazonaws.com\/printu-blog\/wp-content\/uploads\/2014\/09\/fotoksi%C4%85%C5%BCka-ma%C5%82ego-artysty-667x500.jpg 667w\" sizes=\"(max-width: 700px) 100vw, 700px\" \/> <img decoding=\"async\" loading=\"lazy\" class=\"aligncenter  wp-image-2579\" src=\"http:\/\/blog.printu.pl\/wp-content\/uploads\/2014\/09\/fotoksi\u0105\u017cka-z-rysunkami.jpg\" alt=\"fotoksi\u0105\u017cka z rysunkami\" width=\"700\" height=\"528\" srcset=\"https:\/\/s3-eu-central-1.amazonaws.com\/printu-blog\/wp-content\/uploads\/2014\/09\/fotoksi%C4%85%C5%BCka-z-rysunkami.jpg 700w, https:\/\/s3-eu-central-1.amazonaws.com\/printu-blog\/wp-content\/uploads\/2014\/09\/fotoksi%C4%85%C5%BCka-z-rysunkami-300x226.jpg 300w, https:\/\/s3-eu-central-1.amazonaws.com\/printu-blog\/wp-content\/uploads\/2014\/09\/fotoksi%C4%85%C5%BCka-z-rysunkami-663x500.jpg 663w\" sizes=\"(max-width: 700px) 100vw, 700px\" \/> <img decoding=\"async\" loading=\"lazy\" class=\"aligncenter  wp-image-2580\" src=\"http:\/\/blog.printu.pl\/wp-content\/uploads\/2014\/09\/starsza-siostra.jpg\" alt=\"starsza siostra\" width=\"700\" height=\"525\" srcset=\"https:\/\/s3-eu-central-1.amazonaws.com\/printu-blog\/wp-content\/uploads\/2014\/09\/starsza-siostra.jpg 700w, https:\/\/s3-eu-central-1.amazonaws.com\/printu-blog\/wp-content\/uploads\/2014\/09\/starsza-siostra-300x225.jpg 300w, https:\/\/s3-eu-central-1.amazonaws.com\/printu-blog\/wp-content\/uploads\/2014\/09\/starsza-siostra-667x500.jpg 667w\" sizes=\"(max-width: 700px) 100vw, 700px\" \/><\/p>\n","protected":false},"excerpt":{"rendered":"<p>&#8222;Pierwszy album z dzie\u0142ami Ma\u0142ej Wielkiej Artystki! Malunki, rysunki, portrety przy pracy, detale. No ksi\u0105\u017cka o Ewkowej Tw\u00f3rczo\u015bci. Zamiast teczki z wymi\u0119tolonymi kartkami, mamy zamkni\u0119ty w twardej oprawie zbi\u00f3r najwi\u0119kszych dzie\u0142 Artystki&#8221;. To super pomys\u0142 na pami\u0105tk\u0119 w formie drukowanej, kt\u00f3ra stanowi archiwum rysunk\u00f3w z najlepszymi pracami dziecka.<\/p>\n","protected":false},"author":4,"featured_media":0,"comment_status":"open","ping_status":"open","sticky":false,"template":"","format":"standard","meta":[],"categories":[66,143],"tags":[933,932,927,931,930,851,819,928,929],"yoast_head":"<!-- This site is optimized with the Yoast SEO plugin v19.13 - https:\/\/yoast.com\/wordpress\/plugins\/seo\/ -->\n<title>Fotoksi\u0105\u017cka z dzie\u0142ami ma\u0142ego artysty - Printu.pl<\/title>\n<meta name=\"robots\" content=\"index, follow, max-snippet:-1, max-image-preview:large, max-video-preview:-1\" \/>\n<link rel=\"canonical\" href=\"https:\/\/printu.pl\/blog\/2014\/09\/10\/fotoksiazka-z-dzielami-malego-artysty\/\" \/>\n<meta property=\"og:locale\" content=\"pl_PL\" \/>\n<meta property=\"og:type\" content=\"article\" \/>\n<meta property=\"og:title\" content=\"Fotoksi\u0105\u017cka z dzie\u0142ami ma\u0142ego artysty - Printu.pl\" \/>\n<meta property=\"og:description\" content=\"&#8222;Pierwszy album z dzie\u0142ami Ma\u0142ej Wielkiej Artystki! Malunki, rysunki, portrety przy pracy, detale. No ksi\u0105\u017cka o Ewkowej Tw\u00f3rczo\u015bci. Zamiast teczki z wymi\u0119tolonymi kartkami, mamy zamkni\u0119ty w twardej oprawie zbi\u00f3r najwi\u0119kszych dzie\u0142 Artystki&#8221;. To super pomys\u0142 na pami\u0105tk\u0119 w formie drukowanej, kt\u00f3ra stanowi archiwum rysunk\u00f3w z najlepszymi pracami dziecka.\" \/>\n<meta property=\"og:url\" content=\"https:\/\/printu.pl\/blog\/2014\/09\/10\/fotoksiazka-z-dzielami-malego-artysty\/\" \/>\n<meta property=\"og:site_name\" content=\"blog\" \/>\n<meta property=\"article:publisher\" content=\"https:\/\/www.facebook.com\/printupl\" \/>\n<meta property=\"article:published_time\" content=\"2014-09-10T12:24:36+00:00\" \/>\n<meta property=\"article:modified_time\" content=\"2015-12-16T13:59:22+00:00\" \/>\n<meta property=\"og:image\" content=\"http:\/\/blog.printu.pl\/wp-content\/uploads\/2014\/09\/starsza-siostra.jpg\" \/>\n<meta name=\"author\" content=\"Katarzyna\" \/>\n<meta name=\"twitter:card\" content=\"summary_large_image\" \/>\n<meta name=\"twitter:creator\" content=\"@printupl\" \/>\n<meta name=\"twitter:site\" content=\"@printupl\" \/>\n<meta name=\"twitter:label1\" content=\"Napisane przez\" \/>\n\t<meta name=\"twitter:data1\" content=\"Katarzyna\" \/>\n\t<meta name=\"twitter:label2\" content=\"Szacowany czas czytania\" \/>\n\t<meta name=\"twitter:data2\" content=\"1 minuta\" \/>\n<!-- \/ Yoast SEO plugin. -->","yoast_head_json":{"title":"Fotoksi\u0105\u017cka z dzie\u0142ami ma\u0142ego artysty - Printu.pl","robots":{"index":"index","follow":"follow","max-snippet":"max-snippet:-1","max-image-preview":"max-image-preview:large","max-video-preview":"max-video-preview:-1"},"canonical":"https:\/\/printu.pl\/blog\/2014\/09\/10\/fotoksiazka-z-dzielami-malego-artysty\/","og_locale":"pl_PL","og_type":"article","og_title":"Fotoksi\u0105\u017cka z dzie\u0142ami ma\u0142ego artysty - Printu.pl","og_description":"&#8222;Pierwszy album z dzie\u0142ami Ma\u0142ej Wielkiej Artystki! Malunki, rysunki, portrety przy pracy, detale. No ksi\u0105\u017cka o Ewkowej Tw\u00f3rczo\u015bci. Zamiast teczki z wymi\u0119tolonymi kartkami, mamy zamkni\u0119ty w twardej oprawie zbi\u00f3r najwi\u0119kszych dzie\u0142 Artystki&#8221;. To super pomys\u0142 na pami\u0105tk\u0119 w formie drukowanej, kt\u00f3ra stanowi archiwum rysunk\u00f3w z najlepszymi pracami dziecka.","og_url":"https:\/\/printu.pl\/blog\/2014\/09\/10\/fotoksiazka-z-dzielami-malego-artysty\/","og_site_name":"blog","article_publisher":"https:\/\/www.facebook.com\/printupl","article_published_time":"2014-09-10T12:24:36+00:00","article_modified_time":"2015-12-16T13:59:22+00:00","og_image":[{"url":"http:\/\/blog.printu.pl\/wp-content\/uploads\/2014\/09\/starsza-siostra.jpg"}],"author":"Katarzyna","twitter_card":"summary_large_image","twitter_creator":"@printupl","twitter_site":"@printupl","twitter_misc":{"Napisane przez":"Katarzyna","Szacowany czas czytania":"1 minuta"},"schema":{"@context":"https:\/\/schema.org","@graph":[{"@type":"Article","@id":"https:\/\/printu.pl\/blog\/2014\/09\/10\/fotoksiazka-z-dzielami-malego-artysty\/#article","isPartOf":{"@id":"https:\/\/printu.pl\/blog\/2014\/09\/10\/fotoksiazka-z-dzielami-malego-artysty\/"},"author":{"name":"Katarzyna","@id":"https:\/\/printu.pl\/blog\/#\/schema\/person\/1552825435ffb2cc058d57ea4dd17e22"},"headline":"Fotoksi\u0105\u017cka z dzie\u0142ami ma\u0142ego artysty","datePublished":"2014-09-10T12:24:36+00:00","dateModified":"2015-12-16T13:59:22+00:00","mainEntityOfPage":{"@id":"https:\/\/printu.pl\/blog\/2014\/09\/10\/fotoksiazka-z-dzielami-malego-artysty\/"},"wordCount":116,"commentCount":0,"publisher":{"@id":"https:\/\/printu.pl\/blog\/#organization"},"keywords":["fotoksi\u0105\u017cka ma\u0142ego artysty","fotoksi\u0105\u017cka przedszkolaka","fotoksi\u0105\u017cka z rysunkami przedszkola","fotoksia\u017cka zdolnego dziecka","jak przechowywa\u0107 rysunki dziecka","pomys\u0142 na fotoksi\u0105\u017ck\u0119","pomys\u0142 na fotoksi\u0105\u017ck\u0119 dziecka","rysunki dziecka","spos\u00f3b na rysunki dziecka"],"articleSection":["Inspiracje","Napisali o nas"],"inLanguage":"pl-PL","potentialAction":[{"@type":"CommentAction","name":"Comment","target":["https:\/\/printu.pl\/blog\/2014\/09\/10\/fotoksiazka-z-dzielami-malego-artysty\/#respond"]}]},{"@type":"WebPage","@id":"https:\/\/printu.pl\/blog\/2014\/09\/10\/fotoksiazka-z-dzielami-malego-artysty\/","url":"https:\/\/printu.pl\/blog\/2014\/09\/10\/fotoksiazka-z-dzielami-malego-artysty\/","name":"Fotoksi\u0105\u017cka z dzie\u0142ami ma\u0142ego artysty - Printu.pl","isPartOf":{"@id":"https:\/\/printu.pl\/blog\/#website"},"datePublished":"2014-09-10T12:24:36+00:00","dateModified":"2015-12-16T13:59:22+00:00","breadcrumb":{"@id":"https:\/\/printu.pl\/blog\/2014\/09\/10\/fotoksiazka-z-dzielami-malego-artysty\/#breadcrumb"},"inLanguage":"pl-PL","potentialAction":[{"@type":"ReadAction","target":["https:\/\/printu.pl\/blog\/2014\/09\/10\/fotoksiazka-z-dzielami-malego-artysty\/"]}]},{"@type":"BreadcrumbList","@id":"https:\/\/printu.pl\/blog\/2014\/09\/10\/fotoksiazka-z-dzielami-malego-artysty\/#breadcrumb","itemListElement":[{"@type":"ListItem","position":1,"name":"Strona g\u0142\u00f3wna","item":"https:\/\/printu.pl\/blog\/"},{"@type":"ListItem","position":2,"name":"Fotoksi\u0105\u017cka z dzie\u0142ami ma\u0142ego artysty"}]},{"@type":"WebSite","@id":"https:\/\/printu.pl\/blog\/#website","url":"https:\/\/printu.pl\/blog\/","name":"blog","description":"blog","publisher":{"@id":"https:\/\/printu.pl\/blog\/#organization"},"potentialAction":[{"@type":"SearchAction","target":{"@type":"EntryPoint","urlTemplate":"https:\/\/printu.pl\/blog\/?s={search_term_string}"},"query-input":"required name=search_term_string"}],"inLanguage":"pl-PL"},{"@type":"Organization","@id":"https:\/\/printu.pl\/blog\/#organization","name":"blog","url":"https:\/\/printu.pl\/blog\/","logo":{"@type":"ImageObject","inLanguage":"pl-PL","@id":"https:\/\/printu.pl\/blog\/#\/schema\/logo\/image\/","url":"https:\/\/s3-eu-central-1.amazonaws.com\/printu-blog\/wp-content\/uploads\/2017\/02\/printu-logo.png","contentUrl":"https:\/\/s3-eu-central-1.amazonaws.com\/printu-blog\/wp-content\/uploads\/2017\/02\/printu-logo.png","width":143,"height":34,"caption":" blog"},"image":{"@id":"https:\/\/printu.pl\/blog\/#\/schema\/logo\/image\/"},"sameAs":["https:\/\/instagram.com\/printupl","https:\/\/www.facebook.com\/printupl","https:\/\/twitter.com\/printupl"]},{"@type":"Person","@id":"https:\/\/printu.pl\/blog\/#\/schema\/person\/1552825435ffb2cc058d57ea4dd17e22","name":"Katarzyna","image":{"@type":"ImageObject","inLanguage":"pl-PL","@id":"https:\/\/printu.pl\/blog\/#\/schema\/person\/image\/","url":"https:\/\/secure.gravatar.com\/avatar\/39b1f1f0db1aa82c65afeee9d7610280?s=96&d=mm&r=g","contentUrl":"https:\/\/secure.gravatar.com\/avatar\/39b1f1f0db1aa82c65afeee9d7610280?s=96&d=mm&r=g","caption":"Katarzyna"}}]}},"_links":{"self":[{"href":"https:\/\/printu.pl\/blog\/wp-json\/wp\/v2\/posts\/2567"}],"collection":[{"href":"https:\/\/printu.pl\/blog\/wp-json\/wp\/v2\/posts"}],"about":[{"href":"https:\/\/printu.pl\/blog\/wp-json\/wp\/v2\/types\/post"}],"author":[{"embeddable":true,"href":"https:\/\/printu.pl\/blog\/wp-json\/wp\/v2\/users\/4"}],"replies":[{"embeddable":true,"href":"https:\/\/printu.pl\/blog\/wp-json\/wp\/v2\/comments?post=2567"}],"version-history":[{"count":8,"href":"https:\/\/printu.pl\/blog\/wp-json\/wp\/v2\/posts\/2567\/revisions"}],"predecessor-version":[{"id":6152,"href":"https:\/\/printu.pl\/blog\/wp-json\/wp\/v2\/posts\/2567\/revisions\/6152"}],"wp:attachment":[{"href":"https:\/\/printu.pl\/blog\/wp-json\/wp\/v2\/media?parent=2567"}],"wp:term":[{"taxonomy":"category","embeddable":true,"href":"https:\/\/printu.pl\/blog\/wp-json\/wp\/v2\/categories?post=2567"},{"taxonomy":"post_tag","embeddable":true,"href":"https:\/\/printu.pl\/blog\/wp-json\/wp\/v2\/tags?post=2567"}],"curies":[{"name":"wp","href":"https:\/\/api.w.org\/{rel}","templated":true}]}}