{"id":2584,"date":"2014-09-12T14:48:13","date_gmt":"2014-09-12T12:48:13","guid":{"rendered":"http:\/\/blog.printu.pl\/?p=2584"},"modified":"2015-12-16T14:58:50","modified_gmt":"2015-12-16T13:58:50","slug":"jak-zrobic-fotoksiazke-z-dzieciecymi-rysunkami","status":"publish","type":"post","link":"https:\/\/printu.pl\/blog\/2014\/09\/12\/jak-zrobic-fotoksiazke-z-dzieciecymi-rysunkami\/","title":{"rendered":"Jak zrobi\u0107 fotoksi\u0105\u017ck\u0119 z dzieci\u0119cymi rysunkami?"},"content":{"rendered":"<p style=\"text-align: left;\"><img decoding=\"async\" loading=\"lazy\" class=\"aligncenter  wp-image-2585\" src=\"http:\/\/blog.printu.pl\/wp-content\/uploads\/2014\/09\/fotoksi\u0105\u017cka-z-dzieci\u0119cymi-rysunkami.jpg\" alt=\"Fotoksi\u0105\u017cka z dzieci\u0119cymi rysunkami\" width=\"700\" height=\"350\" srcset=\"https:\/\/s3-eu-central-1.amazonaws.com\/printu-blog\/wp-content\/uploads\/2014\/09\/fotoksi%C4%85%C5%BCka-z-dzieci%C4%99cymi-rysunkami.jpg 700w, https:\/\/s3-eu-central-1.amazonaws.com\/printu-blog\/wp-content\/uploads\/2014\/09\/fotoksi%C4%85%C5%BCka-z-dzieci%C4%99cymi-rysunkami-300x150.jpg 300w\" sizes=\"(max-width: 700px) 100vw, 700px\" \/>Je\u015bli macie dzieci w wieku przedszkolnym i wczesnoszkolnym, na pewno macie tak\u017ce wiele ich prac: rysunki, malunki, wycinanki, wyklejanki, itd. Na trzymanie wszystkich zwyczajnie nie ma miejsca, wi\u0119c zostawiacie te najpi\u0119kniejsze i&#8230; No w\u0142a\u015bnie &#8211; ile teczek, szuflad i pude\u0142 zajmuj\u0105? Sporo! Bo traktujemy je z sentymentem i przechowujemy jako rodzinn\u0105 pami\u0105tk\u0119.\u00a0<!--more-->Nie bardzo jednak wiemy co z takimi pracami mo\u017cna zrobi\u0107: wyrzuci\u0107 nie mo\u017cemy, przegl\u0105da\u0107 je ci\u0119\u017cko, le\u017c\u0105 i niszczej\u0105.<br \/>\n<strong>Idealnym rozwi\u0105zaniem powy\u017cszego problemu jest stworzenie fotoksi\u0105\u017cki z rysunkami dziecka! Jak zrobi\u0107 tak\u0105 ksi\u0105\u017ck\u0119?<\/strong><\/p>\n<h2 style=\"text-align: left;\"><strong>1. Wybierz ulubione i naj\u0142adniejsze prace dziecka<\/strong><\/h2>\n<p style=\"text-align: left;\">Zeskanuj je, a je\u015bli skanera nie masz, mo\u017cesz te\u017c zrobi\u0107 im zdj\u0119cia smartfonem lub aparatem fotograficznym<\/p>\n<h2 style=\"text-align: left;\"><strong>2. Za\u0142\u00f3\u017c konto na <a href=\"http:\/\/printu.pl\" target=\"_blank\">printu.pl<\/a><\/strong><\/h2>\n<p style=\"text-align: left;\">3. Wybierz format jaki Ci\u0119 interesuje (19&#215;13, 20&#215;20, 25&#215;20 lub 30&#215;30), opraw\u0119 (twarda lub mi\u0119kka) oraz rodzaj papieru (matowy lub b\u0142yszcz\u0105cy)<\/p>\n<h2 style=\"text-align: left;\"><strong>4. Dodaj do programu Printu skany prac lub ich zdj\u0119cia<\/strong><\/h2>\n<p style=\"text-align: left;\">5. Dodaj tytu\u0142 fotoksi\u0105\u017cki (np. &#8222;Ania 4-latka&#8221; czy &#8222;Prace Daniela cz.1&#8221;) teksty (np. podpisy rysunk\u00f3w, komentarz dziecka do danej pracy czy informacj\u0119 w jakim wieku dziecko prac\u0119 wykona\u0142o), dedykacj\u0119 &#8211; co tylko chcesz :)<\/p>\n<h2 style=\"text-align: left;\"><strong>5. Zaprojektuj fotoksi\u0105\u017ck\u0119 i z\u0142\u00f3\u017c zam\u00f3wienie<\/strong><\/h2>\n<p style=\"text-align: left;\">Robienie samej fotoksi\u0105\u017cki jest bajecznie proste. Mo\u017cna wybiera\u0107 r\u00f3\u017cne uk\u0142ady i kolory t\u0142a. Dost\u0119pne s\u0105 tak\u017ce filtry i inne funkcje, pomocne w projektowaniu.<\/p>\n<h2 style=\"text-align: left;\"><strong>6. Odbierz paczk\u0119 z Paczkomatu lub od kuriera<\/strong><\/h2>\n<p style=\"text-align: left;\">Prawda, \u017ce to proste? A robi\u0105c kilka takich fotoksi\u0105\u017cek z pracami dziecka, po kilku latach uzbiera si\u0119 Wam \u0142adna biblioteczka, kt\u00f3ra b\u0119dzie zar\u00f3wno dla Was, jak i ma\u0142ego artysty, pi\u0119kn\u0105 pami\u0105tk\u0105!<\/p>\n<h2 style=\"text-align: left;\"><strong>Serdecznie zapraszamy! Niechaj i Rodzice pobawi\u0105 si\u0119 troch\u0119 w Artyst\u00f3w :)<\/strong><\/h2>\n<p style=\"text-align: left;\">Zobacz jak mo\u017ce wygl\u0105da\u0107 <a href=\"http:\/\/blog.printu.pl\/2014\/09\/10\/fotoksiazka-z-dzielami-malego-artysty\/\" target=\"_blank\">fotoksi\u0105\u017cka z dzie\u0142ami ma\u0142ego artysty<\/a>.<br \/>\nA tutaj przyk\u0142ad ksi\u0105\u017cki z rysunkami i opowiadaniami klilkorga dzieci z &#8222;Formy i Kolory&#8221; Warszawa: <a href=\"http:\/\/blog.printu.pl\/2014\/04\/30\/fotoksiazka-printu-z-rysunkami-dziecka\/\" target=\"_blank\">fotoksi\u0105\u017cka z rysunkami. <\/a><\/p>\n<p style=\"text-align: left;\">Chcesz podzieli\u0107 si\u0119 inspiracj\u0105 ze swoimi znajomymi, kliknij: <strong>Lubi\u0119 to!<\/strong> i opublikuj post na swoim Facebooku.<\/p>\n","protected":false},"excerpt":{"rendered":"<p>Je\u015bli macie dzieci w wieku przedszkolnym i wczesnoszkolnym, na pewno macie tak\u017ce wiele prac swoich pociech: rysunki, malunki, wycinanki, wyklejanki, itd. Na trzymanie wszystkich zwyczajnie nie ma miejsca, wi\u0119c zostawiacie te najpi\u0119kniejsze i&#8230; No w\u0142a\u015bnie &#8211; ile teczek, szuflad i pude\u0142 zajmuj\u0105? Sporo!  Fotoksi\u0105\u017cki rozwi\u0105\u017c\u0105 Wasz problem!<\/p>\n","protected":false},"author":4,"featured_media":0,"comment_status":"open","ping_status":"open","sticky":false,"template":"","format":"standard","meta":[],"categories":[66],"tags":[933,932,934,927,931,739,930,851,819,928,929],"yoast_head":"<!-- This site is optimized with the Yoast SEO plugin v19.13 - https:\/\/yoast.com\/wordpress\/plugins\/seo\/ -->\n<title>Jak zrobi\u0107 fotoksi\u0105\u017ck\u0119 z dzieci\u0119cymi rysunkami? - Printu.pl<\/title>\n<meta name=\"robots\" content=\"index, follow, max-snippet:-1, max-image-preview:large, max-video-preview:-1\" \/>\n<link rel=\"canonical\" href=\"https:\/\/printu.pl\/blog\/2014\/09\/12\/jak-zrobic-fotoksiazke-z-dzieciecymi-rysunkami\/\" \/>\n<meta property=\"og:locale\" content=\"pl_PL\" \/>\n<meta property=\"og:type\" content=\"article\" \/>\n<meta property=\"og:title\" content=\"Jak zrobi\u0107 fotoksi\u0105\u017ck\u0119 z dzieci\u0119cymi rysunkami? - Printu.pl\" \/>\n<meta property=\"og:description\" content=\"Je\u015bli macie dzieci w wieku przedszkolnym i wczesnoszkolnym, na pewno macie tak\u017ce wiele prac swoich pociech: rysunki, malunki, wycinanki, wyklejanki, itd. Na trzymanie wszystkich zwyczajnie nie ma miejsca, wi\u0119c zostawiacie te najpi\u0119kniejsze i... No w\u0142a\u015bnie - ile teczek, szuflad i pude\u0142 zajmuj\u0105? Sporo! Fotoksi\u0105\u017cki rozwi\u0105\u017c\u0105 Wasz problem!\" \/>\n<meta property=\"og:url\" content=\"https:\/\/printu.pl\/blog\/2014\/09\/12\/jak-zrobic-fotoksiazke-z-dzieciecymi-rysunkami\/\" \/>\n<meta property=\"og:site_name\" content=\"blog\" \/>\n<meta property=\"article:publisher\" content=\"https:\/\/www.facebook.com\/printupl\" \/>\n<meta property=\"article:published_time\" content=\"2014-09-12T12:48:13+00:00\" \/>\n<meta property=\"article:modified_time\" content=\"2015-12-16T13:58:50+00:00\" \/>\n<meta name=\"author\" content=\"Katarzyna\" \/>\n<meta name=\"twitter:card\" content=\"summary_large_image\" \/>\n<meta name=\"twitter:creator\" content=\"@printupl\" \/>\n<meta name=\"twitter:site\" content=\"@printupl\" \/>\n<meta name=\"twitter:label1\" content=\"Napisane przez\" \/>\n\t<meta name=\"twitter:data1\" content=\"Katarzyna\" \/>\n\t<meta name=\"twitter:label2\" content=\"Szacowany czas czytania\" \/>\n\t<meta name=\"twitter:data2\" content=\"2 minuty\" \/>\n<!-- \/ Yoast SEO plugin. -->","yoast_head_json":{"title":"Jak zrobi\u0107 fotoksi\u0105\u017ck\u0119 z dzieci\u0119cymi rysunkami? - Printu.pl","robots":{"index":"index","follow":"follow","max-snippet":"max-snippet:-1","max-image-preview":"max-image-preview:large","max-video-preview":"max-video-preview:-1"},"canonical":"https:\/\/printu.pl\/blog\/2014\/09\/12\/jak-zrobic-fotoksiazke-z-dzieciecymi-rysunkami\/","og_locale":"pl_PL","og_type":"article","og_title":"Jak zrobi\u0107 fotoksi\u0105\u017ck\u0119 z dzieci\u0119cymi rysunkami? - Printu.pl","og_description":"Je\u015bli macie dzieci w wieku przedszkolnym i wczesnoszkolnym, na pewno macie tak\u017ce wiele prac swoich pociech: rysunki, malunki, wycinanki, wyklejanki, itd. Na trzymanie wszystkich zwyczajnie nie ma miejsca, wi\u0119c zostawiacie te najpi\u0119kniejsze i... No w\u0142a\u015bnie - ile teczek, szuflad i pude\u0142 zajmuj\u0105? Sporo! Fotoksi\u0105\u017cki rozwi\u0105\u017c\u0105 Wasz problem!","og_url":"https:\/\/printu.pl\/blog\/2014\/09\/12\/jak-zrobic-fotoksiazke-z-dzieciecymi-rysunkami\/","og_site_name":"blog","article_publisher":"https:\/\/www.facebook.com\/printupl","article_published_time":"2014-09-12T12:48:13+00:00","article_modified_time":"2015-12-16T13:58:50+00:00","author":"Katarzyna","twitter_card":"summary_large_image","twitter_creator":"@printupl","twitter_site":"@printupl","twitter_misc":{"Napisane przez":"Katarzyna","Szacowany czas czytania":"2 minuty"},"schema":{"@context":"https:\/\/schema.org","@graph":[{"@type":"Article","@id":"https:\/\/printu.pl\/blog\/2014\/09\/12\/jak-zrobic-fotoksiazke-z-dzieciecymi-rysunkami\/#article","isPartOf":{"@id":"https:\/\/printu.pl\/blog\/2014\/09\/12\/jak-zrobic-fotoksiazke-z-dzieciecymi-rysunkami\/"},"author":{"name":"Katarzyna","@id":"https:\/\/printu.pl\/blog\/#\/schema\/person\/1552825435ffb2cc058d57ea4dd17e22"},"headline":"Jak zrobi\u0107 fotoksi\u0105\u017ck\u0119 z dzieci\u0119cymi rysunkami?","datePublished":"2014-09-12T12:48:13+00:00","dateModified":"2015-12-16T13:58:50+00:00","mainEntityOfPage":{"@id":"https:\/\/printu.pl\/blog\/2014\/09\/12\/jak-zrobic-fotoksiazke-z-dzieciecymi-rysunkami\/"},"wordCount":352,"commentCount":0,"publisher":{"@id":"https:\/\/printu.pl\/blog\/#organization"},"keywords":["fotoksi\u0105\u017cka ma\u0142ego artysty","fotoksi\u0105\u017cka przedszkolaka","fotoksi\u0105\u017cka z dzieci\u0119cymi rysunkami","fotoksi\u0105\u017cka z rysunkami przedszkola","fotoksia\u017cka zdolnego dziecka","fotoksi\u0105\u017cka ze skanami","jak przechowywa\u0107 rysunki dziecka","pomys\u0142 na fotoksi\u0105\u017ck\u0119","pomys\u0142 na fotoksi\u0105\u017ck\u0119 dziecka","rysunki dziecka","spos\u00f3b na rysunki dziecka"],"articleSection":["Inspiracje"],"inLanguage":"pl-PL","potentialAction":[{"@type":"CommentAction","name":"Comment","target":["https:\/\/printu.pl\/blog\/2014\/09\/12\/jak-zrobic-fotoksiazke-z-dzieciecymi-rysunkami\/#respond"]}]},{"@type":"WebPage","@id":"https:\/\/printu.pl\/blog\/2014\/09\/12\/jak-zrobic-fotoksiazke-z-dzieciecymi-rysunkami\/","url":"https:\/\/printu.pl\/blog\/2014\/09\/12\/jak-zrobic-fotoksiazke-z-dzieciecymi-rysunkami\/","name":"Jak zrobi\u0107 fotoksi\u0105\u017ck\u0119 z dzieci\u0119cymi rysunkami? - Printu.pl","isPartOf":{"@id":"https:\/\/printu.pl\/blog\/#website"},"datePublished":"2014-09-12T12:48:13+00:00","dateModified":"2015-12-16T13:58:50+00:00","breadcrumb":{"@id":"https:\/\/printu.pl\/blog\/2014\/09\/12\/jak-zrobic-fotoksiazke-z-dzieciecymi-rysunkami\/#breadcrumb"},"inLanguage":"pl-PL","potentialAction":[{"@type":"ReadAction","target":["https:\/\/printu.pl\/blog\/2014\/09\/12\/jak-zrobic-fotoksiazke-z-dzieciecymi-rysunkami\/"]}]},{"@type":"BreadcrumbList","@id":"https:\/\/printu.pl\/blog\/2014\/09\/12\/jak-zrobic-fotoksiazke-z-dzieciecymi-rysunkami\/#breadcrumb","itemListElement":[{"@type":"ListItem","position":1,"name":"Strona g\u0142\u00f3wna","item":"https:\/\/printu.pl\/blog\/"},{"@type":"ListItem","position":2,"name":"Jak zrobi\u0107 fotoksi\u0105\u017ck\u0119 z dzieci\u0119cymi rysunkami?"}]},{"@type":"WebSite","@id":"https:\/\/printu.pl\/blog\/#website","url":"https:\/\/printu.pl\/blog\/","name":"blog","description":"blog","publisher":{"@id":"https:\/\/printu.pl\/blog\/#organization"},"potentialAction":[{"@type":"SearchAction","target":{"@type":"EntryPoint","urlTemplate":"https:\/\/printu.pl\/blog\/?s={search_term_string}"},"query-input":"required name=search_term_string"}],"inLanguage":"pl-PL"},{"@type":"Organization","@id":"https:\/\/printu.pl\/blog\/#organization","name":"blog","url":"https:\/\/printu.pl\/blog\/","logo":{"@type":"ImageObject","inLanguage":"pl-PL","@id":"https:\/\/printu.pl\/blog\/#\/schema\/logo\/image\/","url":"https:\/\/s3-eu-central-1.amazonaws.com\/printu-blog\/wp-content\/uploads\/2017\/02\/printu-logo.png","contentUrl":"https:\/\/s3-eu-central-1.amazonaws.com\/printu-blog\/wp-content\/uploads\/2017\/02\/printu-logo.png","width":143,"height":34,"caption":" blog"},"image":{"@id":"https:\/\/printu.pl\/blog\/#\/schema\/logo\/image\/"},"sameAs":["https:\/\/instagram.com\/printupl","https:\/\/www.facebook.com\/printupl","https:\/\/twitter.com\/printupl"]},{"@type":"Person","@id":"https:\/\/printu.pl\/blog\/#\/schema\/person\/1552825435ffb2cc058d57ea4dd17e22","name":"Katarzyna","image":{"@type":"ImageObject","inLanguage":"pl-PL","@id":"https:\/\/printu.pl\/blog\/#\/schema\/person\/image\/","url":"https:\/\/secure.gravatar.com\/avatar\/39b1f1f0db1aa82c65afeee9d7610280?s=96&d=mm&r=g","contentUrl":"https:\/\/secure.gravatar.com\/avatar\/39b1f1f0db1aa82c65afeee9d7610280?s=96&d=mm&r=g","caption":"Katarzyna"}}]}},"_links":{"self":[{"href":"https:\/\/printu.pl\/blog\/wp-json\/wp\/v2\/posts\/2584"}],"collection":[{"href":"https:\/\/printu.pl\/blog\/wp-json\/wp\/v2\/posts"}],"about":[{"href":"https:\/\/printu.pl\/blog\/wp-json\/wp\/v2\/types\/post"}],"author":[{"embeddable":true,"href":"https:\/\/printu.pl\/blog\/wp-json\/wp\/v2\/users\/4"}],"replies":[{"embeddable":true,"href":"https:\/\/printu.pl\/blog\/wp-json\/wp\/v2\/comments?post=2584"}],"version-history":[{"count":6,"href":"https:\/\/printu.pl\/blog\/wp-json\/wp\/v2\/posts\/2584\/revisions"}],"predecessor-version":[{"id":6151,"href":"https:\/\/printu.pl\/blog\/wp-json\/wp\/v2\/posts\/2584\/revisions\/6151"}],"wp:attachment":[{"href":"https:\/\/printu.pl\/blog\/wp-json\/wp\/v2\/media?parent=2584"}],"wp:term":[{"taxonomy":"category","embeddable":true,"href":"https:\/\/printu.pl\/blog\/wp-json\/wp\/v2\/categories?post=2584"},{"taxonomy":"post_tag","embeddable":true,"href":"https:\/\/printu.pl\/blog\/wp-json\/wp\/v2\/tags?post=2584"}],"curies":[{"name":"wp","href":"https:\/\/api.w.org\/{rel}","templated":true}]}}