{"id":2718,"date":"2014-10-04T17:21:12","date_gmt":"2014-10-04T15:21:12","guid":{"rendered":"http:\/\/blog.printu.pl\/?p=2718"},"modified":"2015-12-11T16:09:35","modified_gmt":"2015-12-11T15:09:35","slug":"jesienna-sesja-malucha","status":"publish","type":"post","link":"https:\/\/printu.pl\/blog\/2014\/10\/04\/jesienna-sesja-malucha\/","title":{"rendered":"Jesienna sesja malucha"},"content":{"rendered":"<p style=\"text-align: left;\"><img decoding=\"async\" loading=\"lazy\" class=\"aligncenter  wp-image-2719\" src=\"http:\/\/blog.printu.pl\/wp-content\/uploads\/2014\/10\/jesienna-sesja-dziecka.jpg\" alt=\"Jesienna sesja dziecka\" width=\"700\" height=\"350\" srcset=\"https:\/\/s3-eu-central-1.amazonaws.com\/printu-blog\/wp-content\/uploads\/2014\/10\/jesienna-sesja-dziecka.jpg 700w, https:\/\/s3-eu-central-1.amazonaws.com\/printu-blog\/wp-content\/uploads\/2014\/10\/jesienna-sesja-dziecka-300x150.jpg 300w\" sizes=\"(max-width: 700px) 100vw, 700px\" \/>Cho\u0107 czu\u0107 ju\u017c pierwsze jesienne powiewy, s\u0142o\u0144ce czasem ca\u0142kiem mi\u0142o jeszcze przygrzewa i popo\u0142udniami tworzy przyjemnie ciep\u0142y klimat. Niebawem li\u015bcie opadn\u0105 i przybior\u0105 pi\u0119kne kolorowe barwy. To idealny moment na efektown\u0105 sesj\u0119 dla naszych maluch\u00f3w.<\/p>\n<p style=\"text-align: left;\"><!--more-->Je\u017celi jednak do tej pory takie plenerowe wypady na zdj\u0119cia nie koniecznie dobrze nam wychodzi\u0142y, warto zastanowi\u0107 si\u0119, co robili\u015bmy \u017ale i<strong> jak mo\u017cemy si\u0119 przygotowa\u0107, by ze spaceru wr\u00f3ci\u0107 z mas\u0105 udanych zdj\u0119\u0107.<\/strong><\/p>\n<h2><strong>Odpowiednia pora<\/strong><\/h2>\n<p>To jeden z najwa\u017cniejszych punkt\u00f3w, ale rozumie\u0107 go mo\u017cna &#8211; i w zasadzie nale\u017cy &#8211; dwojako. Pora dnia na zdj\u0119cia powinna by\u0107 odpowiednia pod wzgl\u0119dem fotograficznym, a wi\u0119c na sesj\u0119 wybierajmy si\u0119 popo\u0142udniu, gdy s\u0142o\u0144ce jest ju\u017c ni\u017cej, nie jest tak mocne i ma cieplejsz\u0105 barw\u0119. Pomy\u015blmy jednak r\u00f3wnie\u017c o tym, by uwzgl\u0119dni\u0107 najlepszy czas aktywno\u015bci naszego maluszka. Nie ma sensu wychodzi\u0107 na spacer z zamiarem robienia zdj\u0119\u0107 o 17.00, je\u015bli codziennie o tej porze nasz maluch ucina sobie drzemk\u0119. Dobry humor i energia przede wszystkim.<\/p>\n<h2><strong>Dobre miejsce<\/strong><\/h2>\n<p>Wyj\u015bcie zaplanujmy tak, by zacz\u0105\u0107 od miejsc spokojnych i nieco &#8222;odludnionych&#8221;, jak pobliski las, czy ma\u0142o ucz\u0119szczany park. Pomo\u017ce nam to skupi\u0107 uwag\u0119 maluszka na aparacie. Owszem, lubimy zdj\u0119cia naturalne, ale fajnie by\u0142oby przynajmniej na pocz\u0105tku z\u0142apa\u0107 par\u0119 spojrze\u0144 utkwionych w obiektyw. W spokojnej scenerii, gdzie nic nie odci\u0105ga uwagi od g\u0142\u00f3wnego bohatera zdj\u0119cia. Dopiero p\u00f3\u017aniej przejd\u017amy w miejsca ciekawsze i bardziej t\u0119tni\u0105ce \u017cyciem &#8211; miejski park, deptak, plac zabaw. O uwag\u0119 naszego modela b\u0119dzie ju\u017c znacznie trudniej (w zale\u017cno\u015bci od jego wieku oczywi\u015bcie), ale za to mamy szans\u0119 na kadry spontaniczne, energiczne, takie &#8222;z \u017cycia wzi\u0119te&#8221;.<\/p>\n<h2><strong>Dodatki<\/strong><\/h2>\n<p>Zdj\u0119cia spr\u00f3bujmy sobie nieco zaplanowa\u0107. Oczywi\u015bcie zupe\u0142nie sensu nie ma obmy\u015blanie w g\u0142owie ka\u017cdego jednego kadru, bo pr\u00f3buj\u0105c zrealizowa\u0107 zamierzenia prawdopodobnie z mi\u0142ego rodzinnego spaceru zrobimy ma\u0142y foto-horror. Pomy\u015blmy jednak wcze\u015bniej, co mog\u0142oby fajnie zaj\u0105\u0107 naszego malca, ucieszy\u0107, a przy okazji &#8211; \u015bwietnie wygl\u0105da\u0107 na zdj\u0119ciach. Gad\u017cet numer 1 to oczywi\u015bcie ba\u0144ki mydlane. Uwielbiaj\u0105 je chyba wszystkie maluszki, a uj\u0119cia z nimi w pi\u0119knym \u015bwietle wychodz\u0105 znakomicie. Zabierzmy ze sob\u0105 kred\u0119 do pisania, rowerek, balony nape\u0142nione helem lub pi\u0142k\u0119. Cokolwiek, co ucieszy malucha, a nam &#8211; wizualnie poprawi zdj\u0119cia. Idealny gad\u017cet jesieni\u0105 to przede wszystkim&#8230; suche kolorowe li\u015bcie.<\/p>\n<h2><strong>Porady na koniec<\/strong><\/h2>\n<p>Rada na koniec &#8211; pami\u0119tajmy, by najpierw nastawia\u0107 si\u0119 na mi\u0142e sp\u0119dzenie czasu, a dopiero w drugiej kolejno\u015bci my\u015ble\u0107 o zdj\u0119ciach. Dla wielu maluch\u00f3w &#8222;pozowanie&#8221; to rzecz zb\u0119dna i niekoniecznie przyjemna, je\u015bli wi\u0119c marz\u0105 nam si\u0119 prawdziwie pi\u0119kne zdj\u0119cia &#8211; nie zmuszajmy ich do tego. Zadbajmy o dobry nastr\u00f3j i samopoczucie, a cudowne dzieci\u0119ce kadry przyjd\u0105 same. Jako taki efekt uboczny sp\u0119dzania mi\u0142ego popo\u0142udnia w rodzinnym gronie.<\/p>\n<h2><strong>Wi\u0119cej o fotografowaniu jesieni\u0105 znajdziesz tutaj:<\/strong><\/h2>\n<p><a href=\"http:\/\/blog.printu.pl\/2013\/10\/07\/jesienna-sesja-zdjeciowa\/\" target=\"_blank\">Jesienna sesja zdj\u0119ciowa<\/a><a href=\"http:\/\/blog.printu.pl\/2013\/10\/10\/fotografowanie-dzieci-w-sezonie-jesiennym\/\" target=\"_blank\"><br \/>\nFotografowanie dzieci w sezonie jesiennym<br \/>\n<\/a><a href=\"http:\/\/blog.printu.pl\/2014\/10\/10\/emocje-podczas-sesji\/\" target=\"_blank\">Emocje podczas sesji jesiennej<\/a><\/p>\n","protected":false},"excerpt":{"rendered":"<p>Je\u017celi jednak do tej pory takie plenerowe wypady na zdj\u0119cia nie koniecznie dobrze nam wychodzi\u0142y, warto zastanowi\u0107 si\u0119, co robili\u015bmy \u017ale i jak mo\u017cemy si\u0119 przygotowa\u0107, by ze spaceru wr\u00f3ci\u0107 z mas\u0105 udanych zdj\u0119\u0107.<\/p>\n","protected":false},"author":5,"featured_media":0,"comment_status":"open","ping_status":"open","sticky":false,"template":"","format":"standard","meta":[],"categories":[8],"tags":[956,954,212,955,211],"yoast_head":"<!-- This site is optimized with the Yoast SEO plugin v19.13 - https:\/\/yoast.com\/wordpress\/plugins\/seo\/ -->\n<title>Jesienna sesja malucha - Printu.pl<\/title>\n<meta name=\"robots\" content=\"index, follow, max-snippet:-1, max-image-preview:large, max-video-preview:-1\" \/>\n<link rel=\"canonical\" href=\"https:\/\/printu.pl\/blog\/2014\/10\/04\/jesienna-sesja-malucha\/\" \/>\n<meta property=\"og:locale\" content=\"pl_PL\" \/>\n<meta property=\"og:type\" content=\"article\" \/>\n<meta property=\"og:title\" content=\"Jesienna sesja malucha - Printu.pl\" \/>\n<meta property=\"og:description\" content=\"Je\u017celi jednak do tej pory takie plenerowe wypady na zdj\u0119cia nie koniecznie dobrze nam wychodzi\u0142y, warto zastanowi\u0107 si\u0119, co robili\u015bmy \u017ale i jak mo\u017cemy si\u0119 przygotowa\u0107, by ze spaceru wr\u00f3ci\u0107 z mas\u0105 udanych zdj\u0119\u0107.\" \/>\n<meta property=\"og:url\" content=\"https:\/\/printu.pl\/blog\/2014\/10\/04\/jesienna-sesja-malucha\/\" \/>\n<meta property=\"og:site_name\" content=\"blog\" \/>\n<meta property=\"article:publisher\" content=\"https:\/\/www.facebook.com\/printupl\" \/>\n<meta property=\"article:published_time\" content=\"2014-10-04T15:21:12+00:00\" \/>\n<meta property=\"article:modified_time\" content=\"2015-12-11T15:09:35+00:00\" \/>\n<meta property=\"og:image\" content=\"http:\/\/blog.printu.pl\/wp-content\/uploads\/2014\/10\/jesienna-sesja-dziecka.jpg\" \/>\n<meta name=\"author\" content=\"Iwona\" \/>\n<meta name=\"twitter:card\" content=\"summary_large_image\" \/>\n<meta name=\"twitter:creator\" content=\"@printupl\" \/>\n<meta name=\"twitter:site\" content=\"@printupl\" \/>\n<meta name=\"twitter:label1\" content=\"Napisane przez\" \/>\n\t<meta name=\"twitter:data1\" content=\"Iwona\" \/>\n\t<meta name=\"twitter:label2\" content=\"Szacowany czas czytania\" \/>\n\t<meta name=\"twitter:data2\" content=\"3 minuty\" \/>\n<!-- \/ Yoast SEO plugin. -->","yoast_head_json":{"title":"Jesienna sesja malucha - Printu.pl","robots":{"index":"index","follow":"follow","max-snippet":"max-snippet:-1","max-image-preview":"max-image-preview:large","max-video-preview":"max-video-preview:-1"},"canonical":"https:\/\/printu.pl\/blog\/2014\/10\/04\/jesienna-sesja-malucha\/","og_locale":"pl_PL","og_type":"article","og_title":"Jesienna sesja malucha - Printu.pl","og_description":"Je\u017celi jednak do tej pory takie plenerowe wypady na zdj\u0119cia nie koniecznie dobrze nam wychodzi\u0142y, warto zastanowi\u0107 si\u0119, co robili\u015bmy \u017ale i jak mo\u017cemy si\u0119 przygotowa\u0107, by ze spaceru wr\u00f3ci\u0107 z mas\u0105 udanych zdj\u0119\u0107.","og_url":"https:\/\/printu.pl\/blog\/2014\/10\/04\/jesienna-sesja-malucha\/","og_site_name":"blog","article_publisher":"https:\/\/www.facebook.com\/printupl","article_published_time":"2014-10-04T15:21:12+00:00","article_modified_time":"2015-12-11T15:09:35+00:00","og_image":[{"url":"http:\/\/blog.printu.pl\/wp-content\/uploads\/2014\/10\/jesienna-sesja-dziecka.jpg"}],"author":"Iwona","twitter_card":"summary_large_image","twitter_creator":"@printupl","twitter_site":"@printupl","twitter_misc":{"Napisane przez":"Iwona","Szacowany czas czytania":"3 minuty"},"schema":{"@context":"https:\/\/schema.org","@graph":[{"@type":"Article","@id":"https:\/\/printu.pl\/blog\/2014\/10\/04\/jesienna-sesja-malucha\/#article","isPartOf":{"@id":"https:\/\/printu.pl\/blog\/2014\/10\/04\/jesienna-sesja-malucha\/"},"author":{"name":"Iwona","@id":"https:\/\/printu.pl\/blog\/#\/schema\/person\/f434bfe5febea26b786a498ae5cbac79"},"headline":"Jesienna sesja malucha","datePublished":"2014-10-04T15:21:12+00:00","dateModified":"2015-12-11T15:09:35+00:00","mainEntityOfPage":{"@id":"https:\/\/printu.pl\/blog\/2014\/10\/04\/jesienna-sesja-malucha\/"},"wordCount":540,"commentCount":0,"publisher":{"@id":"https:\/\/printu.pl\/blog\/#organization"},"keywords":["fotografowanie jesieni\u0105","jesienna sesja","jesienna sesja zdj\u0119ciowa","przygotowanie do sesji jesiennej","sesja jesienna"],"articleSection":["Poradnik FOTO"],"inLanguage":"pl-PL","potentialAction":[{"@type":"CommentAction","name":"Comment","target":["https:\/\/printu.pl\/blog\/2014\/10\/04\/jesienna-sesja-malucha\/#respond"]}]},{"@type":"WebPage","@id":"https:\/\/printu.pl\/blog\/2014\/10\/04\/jesienna-sesja-malucha\/","url":"https:\/\/printu.pl\/blog\/2014\/10\/04\/jesienna-sesja-malucha\/","name":"Jesienna sesja malucha - Printu.pl","isPartOf":{"@id":"https:\/\/printu.pl\/blog\/#website"},"datePublished":"2014-10-04T15:21:12+00:00","dateModified":"2015-12-11T15:09:35+00:00","breadcrumb":{"@id":"https:\/\/printu.pl\/blog\/2014\/10\/04\/jesienna-sesja-malucha\/#breadcrumb"},"inLanguage":"pl-PL","potentialAction":[{"@type":"ReadAction","target":["https:\/\/printu.pl\/blog\/2014\/10\/04\/jesienna-sesja-malucha\/"]}]},{"@type":"BreadcrumbList","@id":"https:\/\/printu.pl\/blog\/2014\/10\/04\/jesienna-sesja-malucha\/#breadcrumb","itemListElement":[{"@type":"ListItem","position":1,"name":"Strona g\u0142\u00f3wna","item":"https:\/\/printu.pl\/blog\/"},{"@type":"ListItem","position":2,"name":"Jesienna sesja malucha"}]},{"@type":"WebSite","@id":"https:\/\/printu.pl\/blog\/#website","url":"https:\/\/printu.pl\/blog\/","name":"blog","description":"blog","publisher":{"@id":"https:\/\/printu.pl\/blog\/#organization"},"potentialAction":[{"@type":"SearchAction","target":{"@type":"EntryPoint","urlTemplate":"https:\/\/printu.pl\/blog\/?s={search_term_string}"},"query-input":"required name=search_term_string"}],"inLanguage":"pl-PL"},{"@type":"Organization","@id":"https:\/\/printu.pl\/blog\/#organization","name":"blog","url":"https:\/\/printu.pl\/blog\/","logo":{"@type":"ImageObject","inLanguage":"pl-PL","@id":"https:\/\/printu.pl\/blog\/#\/schema\/logo\/image\/","url":"https:\/\/s3-eu-central-1.amazonaws.com\/printu-blog\/wp-content\/uploads\/2017\/02\/printu-logo.png","contentUrl":"https:\/\/s3-eu-central-1.amazonaws.com\/printu-blog\/wp-content\/uploads\/2017\/02\/printu-logo.png","width":143,"height":34,"caption":" blog"},"image":{"@id":"https:\/\/printu.pl\/blog\/#\/schema\/logo\/image\/"},"sameAs":["https:\/\/instagram.com\/printupl","https:\/\/www.facebook.com\/printupl","https:\/\/twitter.com\/printupl"]},{"@type":"Person","@id":"https:\/\/printu.pl\/blog\/#\/schema\/person\/f434bfe5febea26b786a498ae5cbac79","name":"Iwona","image":{"@type":"ImageObject","inLanguage":"pl-PL","@id":"https:\/\/printu.pl\/blog\/#\/schema\/person\/image\/","url":"https:\/\/secure.gravatar.com\/avatar\/5bf1effed06ddadd1d572859a8cd5ca5?s=96&d=mm&r=g","contentUrl":"https:\/\/secure.gravatar.com\/avatar\/5bf1effed06ddadd1d572859a8cd5ca5?s=96&d=mm&r=g","caption":"Iwona"}}]}},"_links":{"self":[{"href":"https:\/\/printu.pl\/blog\/wp-json\/wp\/v2\/posts\/2718"}],"collection":[{"href":"https:\/\/printu.pl\/blog\/wp-json\/wp\/v2\/posts"}],"about":[{"href":"https:\/\/printu.pl\/blog\/wp-json\/wp\/v2\/types\/post"}],"author":[{"embeddable":true,"href":"https:\/\/printu.pl\/blog\/wp-json\/wp\/v2\/users\/5"}],"replies":[{"embeddable":true,"href":"https:\/\/printu.pl\/blog\/wp-json\/wp\/v2\/comments?post=2718"}],"version-history":[{"count":5,"href":"https:\/\/printu.pl\/blog\/wp-json\/wp\/v2\/posts\/2718\/revisions"}],"predecessor-version":[{"id":6042,"href":"https:\/\/printu.pl\/blog\/wp-json\/wp\/v2\/posts\/2718\/revisions\/6042"}],"wp:attachment":[{"href":"https:\/\/printu.pl\/blog\/wp-json\/wp\/v2\/media?parent=2718"}],"wp:term":[{"taxonomy":"category","embeddable":true,"href":"https:\/\/printu.pl\/blog\/wp-json\/wp\/v2\/categories?post=2718"},{"taxonomy":"post_tag","embeddable":true,"href":"https:\/\/printu.pl\/blog\/wp-json\/wp\/v2\/tags?post=2718"}],"curies":[{"name":"wp","href":"https:\/\/api.w.org\/{rel}","templated":true}]}}