{"id":3497,"date":"2014-11-28T11:40:47","date_gmt":"2014-11-28T10:40:47","guid":{"rendered":"http:\/\/blog.printu.pl\/?p=3497"},"modified":"2015-12-11T15:45:34","modified_gmt":"2015-12-11T14:45:34","slug":"najpiekniejszy-prezent-choinke","status":"publish","type":"post","link":"https:\/\/printu.pl\/blog\/2014\/11\/28\/najpiekniejszy-prezent-choinke\/","title":{"rendered":"Najpi\u0119kniejszy prezent pod choink\u0119"},"content":{"rendered":"<p><img decoding=\"async\" loading=\"lazy\" class=\"aligncenter wp-image-6020 size-full\" src=\"http:\/\/blog.printu.pl\/wp-content\/uploads\/2014\/11\/Najpi\u0119kniejszy-prezent-pod-choink\u0119.jpg\" alt=\"Najpi\u0119kniejszy prezent pod choink\u0119\" width=\"700\" height=\"350\" srcset=\"https:\/\/s3-eu-central-1.amazonaws.com\/printu-blog\/wp-content\/uploads\/2014\/11\/Najpi%C4%99kniejszy-prezent-pod-choink%C4%99.jpg 700w, https:\/\/s3-eu-central-1.amazonaws.com\/printu-blog\/wp-content\/uploads\/2014\/11\/Najpi%C4%99kniejszy-prezent-pod-choink%C4%99-300x150.jpg 300w\" sizes=\"(max-width: 700px) 100vw, 700px\" \/><\/p>\n<p>Wielkimi krokami zbli\u017ca si\u0119 najpi\u0119kniejszy czas w roku &#8211; \u015awi\u0119ta Bo\u017cego Narodzenia. I jak co roku o tej porze, zastanawiamy si\u0119 co podarowa\u0107 bliskim pod choink\u0119. Zale\u017cy nam na prezentach oryginalnych, kt\u00f3re sprawi\u0105 rado\u015b\u0107 obdarowanym osobom oraz b\u0119d\u0105 niepowtarzalne. A co mo\u017ce by\u0107 takim prezentem idealnym dla ka\u017cdego, bez wzgl\u0119du na wiek, charakter i zainteresowania?\u00a0Fotoksi\u0105\u017cka Printu! Dlaczego?<\/p>\n<p><!--more--><strong>Poniewa\u017c:<\/strong><\/p>\n<p>&#8211; najpi\u0119kniejsze prezenty to te zrobione w\u0142asnor\u0119cznie, z my\u015bl\u0105 o bliskich osobach;<\/p>\n<p>&#8211; to cudowna pami\u0105tka na lata, pe\u0142na wspomnie\u0144 i emocji;<\/p>\n<p>&#8211; jest to podarunek cenny, sentymentalny, kt\u00f3ry na zawsze pozostanie w sercu i pami\u0119ci osoby obdarowanej;<\/p>\n<p>&#8211; stworzysz pi\u0119kny prezent z gwarancj\u0105, \u017ce jest to jedyny egzemplarz na ca\u0142ym \u015bwiecie.<\/p>\n<h2><strong>Dodatkowe zalety:<\/strong><\/h2>\n<p>&#8211; zaprojektujesz sw\u00f3j foto-prezent w prostej aplikacji do tworzenia fotoksi\u0105\u017cek, kt\u00f3ra jest dost\u0119pna online;<\/p>\n<p>&#8211; zaoszcz\u0119dzisz sw\u00f3j czas! Unikniesz t\u0142oku w sklepach i stania w d\u0142ugich kolejkach! Fotoksi\u0105\u017ck\u0119 Printu stworzysz w domowym zaciszu i zam\u00f3wisz przez Internet;<\/p>\n<p>&#8211; mo\u017cesz zam\u00f3wi\u0107 j\u0105 &#8222;na prezent&#8221; wybieraj\u0105c tak\u0105 opcj\u0119 w koszyku na www.printu.pl. W\u00f3wczas b\u0119dzie wys\u0142ana bezpo\u015brednio do osoby, kt\u00f3r\u0105 chcesz obdarowa\u0107.<\/p>\n<h2><strong>Dla kogo fotoksi\u0105\u017cka pod choink\u0119?<\/strong><\/h2>\n<p>&#8211; dla dziecka np. z pierwszego roku \u017cycia &#8211; b\u0119dzie to dla niego pi\u0119kna pami\u0105tka, kiedy podro\u015bnie;<\/p>\n<p>&#8211; dla rodzic\u00f3w z ich aktualnymi zdj\u0119ciami lub skanami zdj\u0119\u0107 z m\u0142odo\u015bci;<\/p>\n<p>&#8211; dla dziadk\u00f3w ze zdj\u0119ciami wnucz\u0105t;<\/p>\n<p>&#8211; dla ma\u0142\u017conka\/ma\u0142\u017conki ze wsp\u00f3lnymi lub rodzinnymi zdj\u0119ciami.<\/p>\n<h2><strong>Jak stworzy\u0107 fotoksi\u0105\u017ck\u0119 Printu?<\/strong><\/h2>\n<p>Aby zaprojektowa\u0107 fotoksi\u0105\u017ck\u0119, wystarczy <a href=\"http:\/\/blog.printu.pl\/2014\/04\/03\/6-krokow-do-wlasnej-fotoksiazki-printu\/\" target=\"_blank\">6 prostych krok\u00f3w<\/a>.<\/p>\n<p>Prawda, \u017ce nie jest to trudne? Ju\u017c dzi\u015b wybierz zdj\u0119cia i stw\u00f3rz sw\u00f3j projekt, aby otrzyma\u0107 ksi\u0105\u017ck\u0119 przed \u015bwi\u0119tami.<\/p>\n<p>&nbsp;<\/p>\n<p>&nbsp;<\/p>\n<p>&nbsp;<\/p>\n","protected":false},"excerpt":{"rendered":"<p>Wielkimi krokami zbli\u017ca si\u0119 najpi\u0119kniejszy czas w roku &#8211; \u015awi\u0119ta Bo\u017cego Narodzenia. I jak co roku o tej porze, zastanawiamy si\u0119 co podarowa\u0107 bliskim pod choink\u0119. Zale\u017cy nam na prezentach oryginalnych, kt\u00f3re sprawi\u0105 rado\u015b\u0107 obdarowanym osobom oraz b\u0119d\u0105 niepowtarzalne. A co mo\u017ce by\u0107 takim prezentem idealnym dla ka\u017cdego, bez wzgl\u0119du na wiek, charakter i zainteresowania?\u00a0Fotoksi\u0105\u017cka &hellip;<\/p>\n","protected":false},"author":4,"featured_media":0,"comment_status":"open","ping_status":"open","sticky":false,"template":"","format":"standard","meta":[],"categories":[8],"tags":[996,984],"yoast_head":"<!-- This site is optimized with the Yoast SEO plugin v19.13 - https:\/\/yoast.com\/wordpress\/plugins\/seo\/ -->\n<title>Najpi\u0119kniejszy prezent pod choink\u0119 - Printu.pl<\/title>\n<meta name=\"robots\" content=\"index, follow, max-snippet:-1, max-image-preview:large, max-video-preview:-1\" \/>\n<link rel=\"canonical\" href=\"https:\/\/printu.pl\/blog\/2014\/11\/28\/najpiekniejszy-prezent-choinke\/\" \/>\n<meta property=\"og:locale\" content=\"pl_PL\" \/>\n<meta property=\"og:type\" content=\"article\" \/>\n<meta property=\"og:title\" content=\"Najpi\u0119kniejszy prezent pod choink\u0119 - Printu.pl\" \/>\n<meta property=\"og:description\" content=\"Wielkimi krokami zbli\u017ca si\u0119 najpi\u0119kniejszy czas w roku &#8211; \u015awi\u0119ta Bo\u017cego Narodzenia. I jak co roku o tej porze, zastanawiamy si\u0119 co podarowa\u0107 bliskim pod choink\u0119. Zale\u017cy nam na prezentach oryginalnych, kt\u00f3re sprawi\u0105 rado\u015b\u0107 obdarowanym osobom oraz b\u0119d\u0105 niepowtarzalne. A co mo\u017ce by\u0107 takim prezentem idealnym dla ka\u017cdego, bez wzgl\u0119du na wiek, charakter i zainteresowania?\u00a0Fotoksi\u0105\u017cka &hellip;\" \/>\n<meta property=\"og:url\" content=\"https:\/\/printu.pl\/blog\/2014\/11\/28\/najpiekniejszy-prezent-choinke\/\" \/>\n<meta property=\"og:site_name\" content=\"blog\" \/>\n<meta property=\"article:publisher\" content=\"https:\/\/www.facebook.com\/printupl\" \/>\n<meta property=\"article:published_time\" content=\"2014-11-28T10:40:47+00:00\" \/>\n<meta property=\"article:modified_time\" content=\"2015-12-11T14:45:34+00:00\" \/>\n<meta name=\"author\" content=\"Katarzyna\" \/>\n<meta name=\"twitter:card\" content=\"summary_large_image\" \/>\n<meta name=\"twitter:creator\" content=\"@printupl\" \/>\n<meta name=\"twitter:site\" content=\"@printupl\" \/>\n<meta name=\"twitter:label1\" content=\"Napisane przez\" \/>\n\t<meta name=\"twitter:data1\" content=\"Katarzyna\" \/>\n\t<meta name=\"twitter:label2\" content=\"Szacowany czas czytania\" \/>\n\t<meta name=\"twitter:data2\" content=\"2 minuty\" \/>\n<!-- \/ Yoast SEO plugin. -->","yoast_head_json":{"title":"Najpi\u0119kniejszy prezent pod choink\u0119 - Printu.pl","robots":{"index":"index","follow":"follow","max-snippet":"max-snippet:-1","max-image-preview":"max-image-preview:large","max-video-preview":"max-video-preview:-1"},"canonical":"https:\/\/printu.pl\/blog\/2014\/11\/28\/najpiekniejszy-prezent-choinke\/","og_locale":"pl_PL","og_type":"article","og_title":"Najpi\u0119kniejszy prezent pod choink\u0119 - Printu.pl","og_description":"Wielkimi krokami zbli\u017ca si\u0119 najpi\u0119kniejszy czas w roku &#8211; \u015awi\u0119ta Bo\u017cego Narodzenia. I jak co roku o tej porze, zastanawiamy si\u0119 co podarowa\u0107 bliskim pod choink\u0119. Zale\u017cy nam na prezentach oryginalnych, kt\u00f3re sprawi\u0105 rado\u015b\u0107 obdarowanym osobom oraz b\u0119d\u0105 niepowtarzalne. A co mo\u017ce by\u0107 takim prezentem idealnym dla ka\u017cdego, bez wzgl\u0119du na wiek, charakter i zainteresowania?\u00a0Fotoksi\u0105\u017cka &hellip;","og_url":"https:\/\/printu.pl\/blog\/2014\/11\/28\/najpiekniejszy-prezent-choinke\/","og_site_name":"blog","article_publisher":"https:\/\/www.facebook.com\/printupl","article_published_time":"2014-11-28T10:40:47+00:00","article_modified_time":"2015-12-11T14:45:34+00:00","author":"Katarzyna","twitter_card":"summary_large_image","twitter_creator":"@printupl","twitter_site":"@printupl","twitter_misc":{"Napisane przez":"Katarzyna","Szacowany czas czytania":"2 minuty"},"schema":{"@context":"https:\/\/schema.org","@graph":[{"@type":"Article","@id":"https:\/\/printu.pl\/blog\/2014\/11\/28\/najpiekniejszy-prezent-choinke\/#article","isPartOf":{"@id":"https:\/\/printu.pl\/blog\/2014\/11\/28\/najpiekniejszy-prezent-choinke\/"},"author":{"name":"Katarzyna","@id":"https:\/\/printu.pl\/blog\/#\/schema\/person\/1552825435ffb2cc058d57ea4dd17e22"},"headline":"Najpi\u0119kniejszy prezent pod choink\u0119","datePublished":"2014-11-28T10:40:47+00:00","dateModified":"2015-12-11T14:45:34+00:00","mainEntityOfPage":{"@id":"https:\/\/printu.pl\/blog\/2014\/11\/28\/najpiekniejszy-prezent-choinke\/"},"wordCount":323,"commentCount":0,"publisher":{"@id":"https:\/\/printu.pl\/blog\/#organization"},"keywords":["pi\u0119kny prezent pod choink\u0119","prezent pod choink\u0119"],"articleSection":["Poradnik FOTO"],"inLanguage":"pl-PL","potentialAction":[{"@type":"CommentAction","name":"Comment","target":["https:\/\/printu.pl\/blog\/2014\/11\/28\/najpiekniejszy-prezent-choinke\/#respond"]}]},{"@type":"WebPage","@id":"https:\/\/printu.pl\/blog\/2014\/11\/28\/najpiekniejszy-prezent-choinke\/","url":"https:\/\/printu.pl\/blog\/2014\/11\/28\/najpiekniejszy-prezent-choinke\/","name":"Najpi\u0119kniejszy prezent pod choink\u0119 - Printu.pl","isPartOf":{"@id":"https:\/\/printu.pl\/blog\/#website"},"datePublished":"2014-11-28T10:40:47+00:00","dateModified":"2015-12-11T14:45:34+00:00","breadcrumb":{"@id":"https:\/\/printu.pl\/blog\/2014\/11\/28\/najpiekniejszy-prezent-choinke\/#breadcrumb"},"inLanguage":"pl-PL","potentialAction":[{"@type":"ReadAction","target":["https:\/\/printu.pl\/blog\/2014\/11\/28\/najpiekniejszy-prezent-choinke\/"]}]},{"@type":"BreadcrumbList","@id":"https:\/\/printu.pl\/blog\/2014\/11\/28\/najpiekniejszy-prezent-choinke\/#breadcrumb","itemListElement":[{"@type":"ListItem","position":1,"name":"Strona g\u0142\u00f3wna","item":"https:\/\/printu.pl\/blog\/"},{"@type":"ListItem","position":2,"name":"Najpi\u0119kniejszy prezent pod choink\u0119"}]},{"@type":"WebSite","@id":"https:\/\/printu.pl\/blog\/#website","url":"https:\/\/printu.pl\/blog\/","name":"blog","description":"blog","publisher":{"@id":"https:\/\/printu.pl\/blog\/#organization"},"potentialAction":[{"@type":"SearchAction","target":{"@type":"EntryPoint","urlTemplate":"https:\/\/printu.pl\/blog\/?s={search_term_string}"},"query-input":"required name=search_term_string"}],"inLanguage":"pl-PL"},{"@type":"Organization","@id":"https:\/\/printu.pl\/blog\/#organization","name":"blog","url":"https:\/\/printu.pl\/blog\/","logo":{"@type":"ImageObject","inLanguage":"pl-PL","@id":"https:\/\/printu.pl\/blog\/#\/schema\/logo\/image\/","url":"https:\/\/s3-eu-central-1.amazonaws.com\/printu-blog\/wp-content\/uploads\/2017\/02\/printu-logo.png","contentUrl":"https:\/\/s3-eu-central-1.amazonaws.com\/printu-blog\/wp-content\/uploads\/2017\/02\/printu-logo.png","width":143,"height":34,"caption":" blog"},"image":{"@id":"https:\/\/printu.pl\/blog\/#\/schema\/logo\/image\/"},"sameAs":["https:\/\/instagram.com\/printupl","https:\/\/www.facebook.com\/printupl","https:\/\/twitter.com\/printupl"]},{"@type":"Person","@id":"https:\/\/printu.pl\/blog\/#\/schema\/person\/1552825435ffb2cc058d57ea4dd17e22","name":"Katarzyna","image":{"@type":"ImageObject","inLanguage":"pl-PL","@id":"https:\/\/printu.pl\/blog\/#\/schema\/person\/image\/","url":"https:\/\/secure.gravatar.com\/avatar\/39b1f1f0db1aa82c65afeee9d7610280?s=96&d=mm&r=g","contentUrl":"https:\/\/secure.gravatar.com\/avatar\/39b1f1f0db1aa82c65afeee9d7610280?s=96&d=mm&r=g","caption":"Katarzyna"}}]}},"_links":{"self":[{"href":"https:\/\/printu.pl\/blog\/wp-json\/wp\/v2\/posts\/3497"}],"collection":[{"href":"https:\/\/printu.pl\/blog\/wp-json\/wp\/v2\/posts"}],"about":[{"href":"https:\/\/printu.pl\/blog\/wp-json\/wp\/v2\/types\/post"}],"author":[{"embeddable":true,"href":"https:\/\/printu.pl\/blog\/wp-json\/wp\/v2\/users\/4"}],"replies":[{"embeddable":true,"href":"https:\/\/printu.pl\/blog\/wp-json\/wp\/v2\/comments?post=3497"}],"version-history":[{"count":4,"href":"https:\/\/printu.pl\/blog\/wp-json\/wp\/v2\/posts\/3497\/revisions"}],"predecessor-version":[{"id":6021,"href":"https:\/\/printu.pl\/blog\/wp-json\/wp\/v2\/posts\/3497\/revisions\/6021"}],"wp:attachment":[{"href":"https:\/\/printu.pl\/blog\/wp-json\/wp\/v2\/media?parent=3497"}],"wp:term":[{"taxonomy":"category","embeddable":true,"href":"https:\/\/printu.pl\/blog\/wp-json\/wp\/v2\/categories?post=3497"},{"taxonomy":"post_tag","embeddable":true,"href":"https:\/\/printu.pl\/blog\/wp-json\/wp\/v2\/tags?post=3497"}],"curies":[{"name":"wp","href":"https:\/\/api.w.org\/{rel}","templated":true}]}}