{"id":3530,"date":"2014-12-02T15:26:40","date_gmt":"2014-12-02T14:26:40","guid":{"rendered":"http:\/\/blog.printu.pl\/?p=3530"},"modified":"2015-12-11T15:14:41","modified_gmt":"2015-12-11T14:14:41","slug":"jak-zrobic-swiateczny-reportaz","status":"publish","type":"post","link":"https:\/\/printu.pl\/blog\/2014\/12\/02\/jak-zrobic-swiateczny-reportaz\/","title":{"rendered":"Jak zrobi\u0107 \u015bwi\u0105teczny reporta\u017c?"},"content":{"rendered":"<p><img decoding=\"async\" loading=\"lazy\" class=\"aligncenter  wp-image-3531\" src=\"http:\/\/blog.printu.pl\/wp-content\/uploads\/2014\/12\/jak-zrobi\u0107-\u015bwi\u0105teczny-reporta\u017c.jpg\" alt=\"jak zrobi\u0107 \u015bwi\u0105teczny reporta\u017c\" width=\"700\" height=\"350\" srcset=\"https:\/\/s3-eu-central-1.amazonaws.com\/printu-blog\/wp-content\/uploads\/2014\/12\/jak-zrobi%C4%87-%C5%9Bwi%C4%85teczny-reporta%C5%BC.jpg 700w, https:\/\/s3-eu-central-1.amazonaws.com\/printu-blog\/wp-content\/uploads\/2014\/12\/jak-zrobi%C4%87-%C5%9Bwi%C4%85teczny-reporta%C5%BC-300x150.jpg 300w\" sizes=\"(max-width: 700px) 100vw, 700px\" \/><\/p>\n<p>S\u0105 takie kadry, dzi\u0119ki kt\u00f3rym \u015awi\u0119ta nabieraj\u0105 blasku, a przegl\u0105danie ich w rodzinnym albumie sprawia, \u017ce chcia\u0142oby si\u0119 je jeszcze raz prze\u017cy\u0107. <strong>\u015awi\u0119ta to trudny czas dla rodzinnych fotograf\u00f3w &#8211; nale\u017cy dzia\u0142a\u0107 szybko i precyzyjnie.<\/strong> Warto zwraca\u0107 uwag\u0119 na to, by kadry by\u0142y przemy\u015blane, przebrane i zawiera\u0142y w sobie ca\u0142\u0105 kwintesencj\u0119 \u015bwi\u0105tecznego czasu.<!--more--><\/p>\n<h2><strong>Adwent<\/strong><\/h2>\n<p>Dzieci chodz\u0105ce z lampionami na Roraty to chyba jeden z pi\u0119kniejszych widok\u00f3w, kt\u00f3ry mo\u017cemy zaliczy\u0107 do \u015bwi\u0105tecznych kadr\u00f3w. Czas oczekiwania, niecierpliwo\u015bci i rado\u015bci z celebrowania ka\u017cdego dnia najbardziej zaznacza si\u0119 na twarzy dzieci. Ich podekscytowanie i \u017cywio\u0142owo\u015b\u0107 skontrastowana z podnios\u0142\u0105 atmosfer\u0105 wyczekiwania da w rezultacie bardzo widoczne emocje, kt\u00f3re uwa\u017cam za \u201emust take\u201d tego fotograficznego sezonu. Konieczne s\u0105 tak\u017ce zdj\u0119cia z lampionem (w drodze, ruchu lub statyczne), kiedy ciemno\u015b\u0107 otaczaj\u0105ca dziecko staje si\u0119 nie tylko doskona\u0142ym planem fotograficznym z ciekawym \u015bwiat\u0142em, ale i wymownym symbolem. W zrobieniu takiego kadru wystarczy obiektyw sta\u0142oogniskowy z przys\u0142on\u0105 f\/1,4 \u2013 2,8.<\/p>\n<h2><strong>Przygotowania do \u015bwi\u0105t<br \/>\n<\/strong><\/h2>\n<p>\u015awi\u0105teczne pieczenie, strojenie choinki, tworzenie ozd\u00f3b, przystrajanie domu \u2013 w tych nastrojowych chwilach warto si\u0119gn\u0105\u0107 po aparat i uwieczni\u0107 <a href=\"http:\/\/blog.printu.pl\/2014\/11\/25\/naturalne-zdjecia\/\" target=\"_blank\">przygotowania do \u015bwi\u0105t<\/a>. B\u0119d\u0105 one pi\u0119kn\u0105 pami\u0105tk\u0105 w <a href=\"http:\/\/printu.pl\/fotoksiazka\/\" target=\"_blank\">rodzinnej fotoksi\u0105\u017cce<\/a>. Nie ma nic bardziej wzruszaj\u0105cego ni\u017c dzieci staj\u0105ce na palcach by zawiesi\u0107 bombk\u0119 lub ich skupienie podczas tw\u00f3rczego chaosu przy ozdabianiu pierniczk\u00f3w. Najlepiej wyjd\u0105 kadry przy choince, poniewa\u017c lampki na niej zawieszone stanowi\u0105 dodatkowe \u017ar\u00f3d\u0142o \u015bwiat\u0142a, kt\u00f3re warto wykorzysta\u0107. Podczas przygotowa\u0144 musicie mie\u0107 aparat zawsze przy sobie, by wy\u0142apa\u0107 \u201et\u0105 jedyn\u0105 chwil\u0119\u201d. Owszem, niekt\u00f3re sytuacje mo\u017cecie zamarkowa\u0107 i uczyni\u0107 z nich zabaw\u0119, nie wszystko da si\u0119 wychwyci\u0107. Intymny czas sp\u0119dzony z dzieckiem na ubieraniu choinki jest bardzo cenny nie tylko z rodzicielskiego punktu widzenia, ale i z reporterskiego. Niech obudzi si\u0119 w was wszechwidz\u0105ce oko dobrego obserwatora. Przy dynamicznych uj\u0119ciach spisuj\u0105 si\u0119 jasne obiektywy zmiennoogniskowe np. 17-50mm f\/2,8.<\/p>\n<h2><strong>St\u00f3\u0142 wigilijny<\/strong><\/h2>\n<p>Zanim zasi\u0105dziecie do wsp\u00f3lnej kolacji koniecznie uwiecznij wygl\u0105d twojego sto\u0142u (z pewno\u015bci\u0105 w\u0142o\u017cyli\u015bcie w niego du\u017co pracy). Nie chodzi tutaj o szeroki kadr dokumentuj\u0105cy zawarto\u015b\u0107 waszego sto\u0142u, ale detal, kt\u00f3ry nada magii i charakteru \u015bwi\u0105tecznemu reporta\u017cowi. Powinno to by\u0107 zbli\u017cenie na przystrojenie talerzy, b\u0105d\u017a na \u015bwi\u0105teczny stroik, jedn\u0105 z potraw, lub element\u00f3w, kt\u00f3re wed\u0142ug was zas\u0142uguj\u0105 na uwag\u0119 i uwiecznienie. Aby uzyska\u0107 jak najlepszy efekt nale\u017cy dobrze do\u015bwietli\u0107 element przez was fotografowany (lampa pokojowa, lub dodatkowe \u015bwiat\u0142o lampy zewn\u0119trznej z aparatu) oraz w miar\u0119 mo\u017cliwo\u015bci wykorzysta\u0107 statyw, kt\u00f3ry zapewni wam precyzj\u0119 oraz (w razie konieczno\u015bci) d\u0142ugi czas na\u015bwietlania. Dobrze spisz\u0105 si\u0119 tutaj obiektywy makro np. 70 \u2013 300 lub nawet tak zwane \u201eportret\u00f3wki\u201d, czyli obiektyw o ogniskowej 50mm, 35mm lub 85mm. Zach\u0119cam was do eksperymentowania, czyli wykorzystania starych obiektyw\u00f3w, czy ciekaw\u0105 obr\u00f3bk\u0119 ko\u0144cow\u0105.<\/p>\n<h2><strong>Wypatrywanie pierwszej gwiazdki<\/strong><\/h2>\n<p>Nie znam dziecka, kt\u00f3re nie uwielbia sta\u0107 przy oknie i wypatrywa\u0107, gdzie i czy ju\u017c zab\u0142ys\u0142a pierwsza gwiazdka i dumnie o\u015bwiadczy\u0107, \u017ce mo\u017cna zasiada\u0107 do sto\u0142u. Dzieci przyk\u0142adaj\u0105ce nos do szyby, wskazuj\u0105ce palcem miejsce na niebie, niezdarnie wspinaj\u0105ce si\u0119 na sto\u0142ek \u2013 to wszystko trzeba uwieczni\u0107. Koniecznie skorzystajcie z mo\u017cliwo\u015bci, kt\u00f3re daje szyba i odbicie w niej.<\/p>\n<h2><strong>\u0141amanie si\u0119 op\u0142atkiem<\/strong><\/h2>\n<p>Sk\u0142adanie sobie \u017cycze\u0144 to jeden z bardziej prywatnych i emocjonalnych prze\u017cy\u0107, szczeg\u00f3lnie gdy sk\u0142ada je sobie rodzina, kt\u00f3ra spotyka si\u0119 raz do roku podczas \u015awi\u0105t. Rodzinne spotkania generuj\u0105 du\u017co rado\u015bci, s\u0105 pe\u0142ne entuzjazmu i poruszenia, jest to momenty, kt\u00f3ry kocha ka\u017cdy reporta\u017c. Pami\u0119ta\u0107 nale\u017cy, aby ustawi\u0107 si\u0119 w takim miejscu, by by\u0107 niezauwa\u017calnym, dzi\u0119ki czemu b\u0119dziemy mogli swobodnie pe\u0142ni\u0107 rol\u0119 obserwatora. Do tego przyda si\u0119 nam obiektyw ze zmienn\u0105 ogniskow\u0105 np. 17-50mm, lub 18-105mm (idealnie sprawdz\u0105 si\u0119 na ka\u017cdym metra\u017cu). Zdj\u0119cia powinny by\u0107 intymne, wi\u0119c \u201eciasne\u201d, nie b\u00f3jcie si\u0119 blisko\u015bci na kadrach.<\/p>\n<h2><strong>Rozpakowywanie prezent\u00f3w<\/strong><\/h2>\n<p>Ta cz\u0119\u015b\u0107 nale\u017cy z pewno\u015bci\u0105 do najbardziej ulubionych atrakcji tego wieczoru. Dzieci p\u0119dz\u0105ce po prezenty, rado\u015b\u0107 rwania papieru pakunkowego i odkrywania, co Miko\u0142aj przyni\u00f3s\u0142 w tym roku, da na naszych zdj\u0119ciach powalaj\u0105cy efekt. Ciekawym zestawieniem b\u0119dzie ustanowienie motywu przewodniego, kt\u00f3rym mo\u017ce si\u0119 sta\u0107 dziecko, choinka lub prezenty. Zestawienie dw\u00f3ch kadr\u00f3w, na kt\u00f3rych znajduje si\u0119 drzewko przed i po rozpakowaniu prezent\u00f3w, wymownie ods\u0142oni dzieci\u0119c\u0105 wybuchowo\u015b\u0107 i niecierpliwo\u015b\u0107 wzgl\u0119dem podark\u00f3w. Kolejn\u0105 kompilacj\u0105 kadr\u00f3w jest seria zdj\u0119\u0107, kiedy dziecko rozpakowuje prezent \u2013 dzi\u0119ki ustawieniu opcji \u201eseria zdj\u0119\u0107\u201d z pewno\u015bci\u0105 uda si\u0119 wam uchwyci\u0107 ca\u0142\u0105 gam\u0119 spontanicznych emocji i towarzysz\u0105cej jej plastycznej mimiki. Je\u015bli odwiedza was \u015aw. Miko\u0142aj, nie zapomnijcie o zdj\u0119ciu z nim. Nie chodzi tu o si\u0142owe sadzanie dzieci na jego kolanach \u2013 r\u00f3wnie dobrze mo\u017cecie uchwyci\u0107 ca\u0142e zachowanie dziecka wzgl\u0119dem go\u015bcia, kt\u00f3re mo\u017ce by\u0107 naprawd\u0119 r\u00f3\u017cnorodne i fotogeniczne. W takich sytuacjach zn\u00f3w sprawdzi si\u0119 nam obiektyw ze zmienn\u0105 ogniskow\u0105.<\/p>\n<h2><strong>Kol\u0119dowanie, rodzinne spotkania<\/strong><\/h2>\n<p>Okres \u015awi\u0105t jest czasem tak\u017ce odpoczynku i rodzinnych spotka\u0144. Koniecznie pami\u0119tajcie o rodzinnych zdj\u0119ciach, czy to w waszym nieco mniejszym gronie, lub te\u017c w wi\u0119kszym \u2013 z dziadkami, ciotkami i kuzynostwem. Dobrze, aby zdj\u0119cie zrobi\u0107 gdzie\u015b po\u015brodku rozm\u00f3w i zabaw, kiedy rodzina jest w dobrym humorze, dzi\u0119ki czemu b\u0119dzie bardziej ch\u0119tna do wsp\u00f3lnych zdj\u0119\u0107. Warto te\u017c zrobi\u0107 zdj\u0119cie grupowe. W tym celu ustawcie aparat na statywie lub na meblach, wr\u0119czcie ka\u017cdemu <a href=\"http:\/\/blog.printu.pl\/2014\/12\/08\/fotoksiazka-na-prezent\/\" target=\"_blank\">\u015bwi\u0105teczny prezent<\/a>, w\u0142\u0105czcie samowyzwalacz i pi\u0119kne zdj\u0119cie gotowe!<\/p>\n<h2><strong>Jaki obiektyw jest najlepszy do reporta\u017cu?<\/strong><\/h2>\n<p>Jak zapewne zauwa\u017cyli\u015bcie najlepszymi obiektywami, kt\u00f3re sprawdz\u0105 si\u0119 w tak wymagaj\u0105cych warunkach, s\u0105 jasne obiektywy zmiennoogniskowe. Jasne, czyli takie kt\u00f3re maj\u0105 sta\u0142\u0105 przys\u0142on\u0119 f\/2,8. Sta\u0142\u0105, znaczy, \u017ce na ka\u017cdej ogniskowej (milimetrze), ustawienie na przys\u0142on\u0119 f\/2,8 b\u0119dzie mia\u0142o tak\u0105 sam\u0105 warto\u015b\u0107. Je\u015bli wasz obiektyw jest oznaczony f\/3,5-4,5 lub f\/3,5-5,6, znaczy to, \u017ce najwi\u0119ksz\u0105 warto\u015b\u0107 przys\u0142ony jak\u0105 osi\u0105gniemy to tylko f\/3,5, a z ka\u017cdym \u201eprzybli\u017ceniem\u201d warto\u015b\u0107 ta b\u0119dzie si\u0119 nam automatycznie zmniejsza\u0107 do warto\u015bci f\/4,5 lub f\/ 5,6, co da nam znacznie mniej \u015bwiat\u0142a, co r\u00f3wnocze\u015bnie oznacza ciemniejsze zdj\u0119cie. Dlatego dla wszystkich, kt\u00f3rzy uwielbiaj\u0105 robi\u0107 reporterskie zdj\u0119cia, w ka\u017cdych warunkach, polecam obiektyw o ogniskowej 17-50mm f\/2,8. Osobi\u015bcie to m\u00f3j ulubieniec w\u015br\u00f3d ca\u0142ej kolekcji obiektyw\u00f3w. Dobrze zainwestowa\u0107 w <a href=\"http:\/\/blog.printu.pl\/2014\/10\/01\/lepiej-zainwestowac-w-body-czy-obiektyw\/\" target=\"_blank\">lepszy obiektyw<\/a>.<\/p>\n<p>Teraz jak ju\u017c wiesz jak \u015bwi\u0105teczny reporta\u017c zrealizowa\u0107, zobacz \u015bwi\u0105teczne szablony fotoksi\u0105\u017cek w PRINTU, w kt\u00f3rych warto wydrukowa\u0107 owoce swojej sesji:<\/p>\n<p><a href=\"http:\/\/printu.pl\/fotoksiazka\/szablony\/prezent-pod-choinke\/\" target=\"_blank\">Prezent pod choink\u0119<\/a><\/p>\n<p><a href=\"http:\/\/printu.pl\/fotoksiazka\/szablony\/rodzina-jest-najwazniejsza\/\" target=\"_blank\">Zima, zima, zima\u00a0<\/a><\/p>\n","protected":false},"excerpt":{"rendered":"<p>S\u0105 takie kadry, dzi\u0119ki kt\u00f3rym \u015awi\u0119ta nabieraj\u0105 blasku, a przegl\u0105danie ich w rodzinnym albumie sprawia, \u017ce chcia\u0142oby si\u0119 je jeszcze raz prze\u017cy\u0107. \u015awi\u0119ta to trudny czas dla rodzinnych fotograf\u00f3w &#8211; nale\u017cy dzia\u0142a\u0107 szybko i precyzyjnie. Warto zwraca\u0107 uwag\u0119 na to, by kadry by\u0142y przemy\u015blane, przebrane i zawiera\u0142y w sobie ca\u0142\u0105 kwintesencj\u0119 \u015bwi\u0105tecznego czasu.<\/p>\n","protected":false},"author":6,"featured_media":0,"comment_status":"open","ping_status":"open","sticky":false,"template":"","format":"standard","meta":[],"categories":[8],"tags":[1011,1010,1008,1007,1012,349,310,1013,1009],"yoast_head":"<!-- This site is optimized with the Yoast SEO plugin v19.13 - https:\/\/yoast.com\/wordpress\/plugins\/seo\/ -->\n<title>Jak zrobi\u0107 \u015bwi\u0105teczny reporta\u017c? - Printu.pl<\/title>\n<meta name=\"robots\" content=\"index, follow, max-snippet:-1, max-image-preview:large, max-video-preview:-1\" \/>\n<link rel=\"canonical\" href=\"https:\/\/printu.pl\/blog\/2014\/12\/02\/jak-zrobic-swiateczny-reportaz\/\" \/>\n<meta property=\"og:locale\" content=\"pl_PL\" \/>\n<meta property=\"og:type\" content=\"article\" \/>\n<meta property=\"og:title\" content=\"Jak zrobi\u0107 \u015bwi\u0105teczny reporta\u017c? - Printu.pl\" \/>\n<meta property=\"og:description\" content=\"S\u0105 takie kadry, dzi\u0119ki kt\u00f3rym \u015awi\u0119ta nabieraj\u0105 blasku, a przegl\u0105danie ich w rodzinnym albumie sprawia, \u017ce chcia\u0142oby si\u0119 je jeszcze raz prze\u017cy\u0107. \u015awi\u0119ta to trudny czas dla rodzinnych fotograf\u00f3w - nale\u017cy dzia\u0142a\u0107 szybko i precyzyjnie. Warto zwraca\u0107 uwag\u0119 na to, by kadry by\u0142y przemy\u015blane, przebrane i zawiera\u0142y w sobie ca\u0142\u0105 kwintesencj\u0119 \u015bwi\u0105tecznego czasu.\" \/>\n<meta property=\"og:url\" content=\"https:\/\/printu.pl\/blog\/2014\/12\/02\/jak-zrobic-swiateczny-reportaz\/\" \/>\n<meta property=\"og:site_name\" content=\"blog\" \/>\n<meta property=\"article:publisher\" content=\"https:\/\/www.facebook.com\/printupl\" \/>\n<meta property=\"article:published_time\" content=\"2014-12-02T14:26:40+00:00\" \/>\n<meta property=\"article:modified_time\" content=\"2015-12-11T14:14:41+00:00\" \/>\n<meta name=\"author\" content=\"Patrycja\" \/>\n<meta name=\"twitter:card\" content=\"summary_large_image\" \/>\n<meta name=\"twitter:creator\" content=\"@printupl\" \/>\n<meta name=\"twitter:site\" content=\"@printupl\" \/>\n<meta name=\"twitter:label1\" content=\"Napisane przez\" \/>\n\t<meta name=\"twitter:data1\" content=\"Patrycja\" \/>\n\t<meta name=\"twitter:label2\" content=\"Szacowany czas czytania\" \/>\n\t<meta name=\"twitter:data2\" content=\"6 minut\" \/>\n<!-- \/ Yoast SEO plugin. -->","yoast_head_json":{"title":"Jak zrobi\u0107 \u015bwi\u0105teczny reporta\u017c? - Printu.pl","robots":{"index":"index","follow":"follow","max-snippet":"max-snippet:-1","max-image-preview":"max-image-preview:large","max-video-preview":"max-video-preview:-1"},"canonical":"https:\/\/printu.pl\/blog\/2014\/12\/02\/jak-zrobic-swiateczny-reportaz\/","og_locale":"pl_PL","og_type":"article","og_title":"Jak zrobi\u0107 \u015bwi\u0105teczny reporta\u017c? - Printu.pl","og_description":"S\u0105 takie kadry, dzi\u0119ki kt\u00f3rym \u015awi\u0119ta nabieraj\u0105 blasku, a przegl\u0105danie ich w rodzinnym albumie sprawia, \u017ce chcia\u0142oby si\u0119 je jeszcze raz prze\u017cy\u0107. \u015awi\u0119ta to trudny czas dla rodzinnych fotograf\u00f3w - nale\u017cy dzia\u0142a\u0107 szybko i precyzyjnie. Warto zwraca\u0107 uwag\u0119 na to, by kadry by\u0142y przemy\u015blane, przebrane i zawiera\u0142y w sobie ca\u0142\u0105 kwintesencj\u0119 \u015bwi\u0105tecznego czasu.","og_url":"https:\/\/printu.pl\/blog\/2014\/12\/02\/jak-zrobic-swiateczny-reportaz\/","og_site_name":"blog","article_publisher":"https:\/\/www.facebook.com\/printupl","article_published_time":"2014-12-02T14:26:40+00:00","article_modified_time":"2015-12-11T14:14:41+00:00","author":"Patrycja","twitter_card":"summary_large_image","twitter_creator":"@printupl","twitter_site":"@printupl","twitter_misc":{"Napisane przez":"Patrycja","Szacowany czas czytania":"6 minut"},"schema":{"@context":"https:\/\/schema.org","@graph":[{"@type":"Article","@id":"https:\/\/printu.pl\/blog\/2014\/12\/02\/jak-zrobic-swiateczny-reportaz\/#article","isPartOf":{"@id":"https:\/\/printu.pl\/blog\/2014\/12\/02\/jak-zrobic-swiateczny-reportaz\/"},"author":{"name":"Patrycja","@id":"https:\/\/printu.pl\/blog\/#\/schema\/person\/ed562f68ed42d428b16b542265929637"},"headline":"Jak zrobi\u0107 \u015bwi\u0105teczny reporta\u017c?","datePublished":"2014-12-02T14:26:40+00:00","dateModified":"2015-12-11T14:14:41+00:00","mainEntityOfPage":{"@id":"https:\/\/printu.pl\/blog\/2014\/12\/02\/jak-zrobic-swiateczny-reportaz\/"},"wordCount":1187,"commentCount":0,"publisher":{"@id":"https:\/\/printu.pl\/blog\/#organization"},"keywords":["fotografowanie \u015bwi\u0105t","jak zrobi\u0107 \u015bwi\u0105teczne zdj\u0119cia","jak zrobi\u0107 \u015bwi\u0105teczny reporta\u017c","reporta\u017c \u015bwi\u0105teczny","rodzinne fotografowanie","\u015bwi\u0105teczne fotografowanie","\u015bwi\u0105teczne zdj\u0119cia","\u015bwi\u0119ta","zdj\u0119cia z przygotowa\u0144 do \u015bwi\u0105t"],"articleSection":["Poradnik FOTO"],"inLanguage":"pl-PL","potentialAction":[{"@type":"CommentAction","name":"Comment","target":["https:\/\/printu.pl\/blog\/2014\/12\/02\/jak-zrobic-swiateczny-reportaz\/#respond"]}]},{"@type":"WebPage","@id":"https:\/\/printu.pl\/blog\/2014\/12\/02\/jak-zrobic-swiateczny-reportaz\/","url":"https:\/\/printu.pl\/blog\/2014\/12\/02\/jak-zrobic-swiateczny-reportaz\/","name":"Jak zrobi\u0107 \u015bwi\u0105teczny reporta\u017c? - Printu.pl","isPartOf":{"@id":"https:\/\/printu.pl\/blog\/#website"},"datePublished":"2014-12-02T14:26:40+00:00","dateModified":"2015-12-11T14:14:41+00:00","breadcrumb":{"@id":"https:\/\/printu.pl\/blog\/2014\/12\/02\/jak-zrobic-swiateczny-reportaz\/#breadcrumb"},"inLanguage":"pl-PL","potentialAction":[{"@type":"ReadAction","target":["https:\/\/printu.pl\/blog\/2014\/12\/02\/jak-zrobic-swiateczny-reportaz\/"]}]},{"@type":"BreadcrumbList","@id":"https:\/\/printu.pl\/blog\/2014\/12\/02\/jak-zrobic-swiateczny-reportaz\/#breadcrumb","itemListElement":[{"@type":"ListItem","position":1,"name":"Strona g\u0142\u00f3wna","item":"https:\/\/printu.pl\/blog\/"},{"@type":"ListItem","position":2,"name":"Jak zrobi\u0107 \u015bwi\u0105teczny reporta\u017c?"}]},{"@type":"WebSite","@id":"https:\/\/printu.pl\/blog\/#website","url":"https:\/\/printu.pl\/blog\/","name":"blog","description":"blog","publisher":{"@id":"https:\/\/printu.pl\/blog\/#organization"},"potentialAction":[{"@type":"SearchAction","target":{"@type":"EntryPoint","urlTemplate":"https:\/\/printu.pl\/blog\/?s={search_term_string}"},"query-input":"required name=search_term_string"}],"inLanguage":"pl-PL"},{"@type":"Organization","@id":"https:\/\/printu.pl\/blog\/#organization","name":"blog","url":"https:\/\/printu.pl\/blog\/","logo":{"@type":"ImageObject","inLanguage":"pl-PL","@id":"https:\/\/printu.pl\/blog\/#\/schema\/logo\/image\/","url":"https:\/\/s3-eu-central-1.amazonaws.com\/printu-blog\/wp-content\/uploads\/2017\/02\/printu-logo.png","contentUrl":"https:\/\/s3-eu-central-1.amazonaws.com\/printu-blog\/wp-content\/uploads\/2017\/02\/printu-logo.png","width":143,"height":34,"caption":" blog"},"image":{"@id":"https:\/\/printu.pl\/blog\/#\/schema\/logo\/image\/"},"sameAs":["https:\/\/instagram.com\/printupl","https:\/\/www.facebook.com\/printupl","https:\/\/twitter.com\/printupl"]},{"@type":"Person","@id":"https:\/\/printu.pl\/blog\/#\/schema\/person\/ed562f68ed42d428b16b542265929637","name":"Patrycja","image":{"@type":"ImageObject","inLanguage":"pl-PL","@id":"https:\/\/printu.pl\/blog\/#\/schema\/person\/image\/","url":"https:\/\/secure.gravatar.com\/avatar\/31e32a674461b1a1276cd0b9061f10a2?s=96&d=mm&r=g","contentUrl":"https:\/\/secure.gravatar.com\/avatar\/31e32a674461b1a1276cd0b9061f10a2?s=96&d=mm&r=g","caption":"Patrycja"}}]}},"_links":{"self":[{"href":"https:\/\/printu.pl\/blog\/wp-json\/wp\/v2\/posts\/3530"}],"collection":[{"href":"https:\/\/printu.pl\/blog\/wp-json\/wp\/v2\/posts"}],"about":[{"href":"https:\/\/printu.pl\/blog\/wp-json\/wp\/v2\/types\/post"}],"author":[{"embeddable":true,"href":"https:\/\/printu.pl\/blog\/wp-json\/wp\/v2\/users\/6"}],"replies":[{"embeddable":true,"href":"https:\/\/printu.pl\/blog\/wp-json\/wp\/v2\/comments?post=3530"}],"version-history":[{"count":6,"href":"https:\/\/printu.pl\/blog\/wp-json\/wp\/v2\/posts\/3530\/revisions"}],"predecessor-version":[{"id":6017,"href":"https:\/\/printu.pl\/blog\/wp-json\/wp\/v2\/posts\/3530\/revisions\/6017"}],"wp:attachment":[{"href":"https:\/\/printu.pl\/blog\/wp-json\/wp\/v2\/media?parent=3530"}],"wp:term":[{"taxonomy":"category","embeddable":true,"href":"https:\/\/printu.pl\/blog\/wp-json\/wp\/v2\/categories?post=3530"},{"taxonomy":"post_tag","embeddable":true,"href":"https:\/\/printu.pl\/blog\/wp-json\/wp\/v2\/tags?post=3530"}],"curies":[{"name":"wp","href":"https:\/\/api.w.org\/{rel}","templated":true}]}}