{"id":3561,"date":"2014-11-23T16:31:00","date_gmt":"2014-11-23T15:31:00","guid":{"rendered":"http:\/\/blog.printu.pl\/?p=3561"},"modified":"2015-12-11T15:52:51","modified_gmt":"2015-12-11T14:52:51","slug":"pamietnik-z-wakacji","status":"publish","type":"post","link":"https:\/\/printu.pl\/blog\/2014\/11\/23\/pamietnik-z-wakacji\/","title":{"rendered":"Pami\u0119tnik z wakacji"},"content":{"rendered":"<blockquote><p><img decoding=\"async\" loading=\"lazy\" class=\"aligncenter  wp-image-3562\" src=\"http:\/\/blog.printu.pl\/wp-content\/uploads\/2014\/12\/Fotoksi\u0105\u017cka-pami\u0119tknik-z-wakacji.jpg\" alt=\"Fotoksi\u0105\u017cka pami\u0119tknik z wakacji\" width=\"700\" height=\"350\" srcset=\"https:\/\/s3-eu-central-1.amazonaws.com\/printu-blog\/wp-content\/uploads\/2014\/12\/Fotoksi%C4%85%C5%BCka-pami%C4%99tknik-z-wakacji.jpg 700w, https:\/\/s3-eu-central-1.amazonaws.com\/printu-blog\/wp-content\/uploads\/2014\/12\/Fotoksi%C4%85%C5%BCka-pami%C4%99tknik-z-wakacji-300x150.jpg 300w\" sizes=\"(max-width: 700px) 100vw, 700px\" \/>&#8222;Przegl\u0105danie zdj\u0119\u0107 na ekranie monitora nie wywo\u0142uje tyle pi\u0119knych wspomnie\u0144 jak wtedy, kiedy trzymamy je w r\u0119ce&#8230; Tak wi\u0119c postanowi\u0142am, \u017ce ju\u017c do\u015b\u0107 magazynowania zdj\u0119\u0107 w 'zimno&#8217; nazwanych folderach i zacz\u0119\u0142am powoli tworzy\u0107 namacaln\u0105 pami\u0105tk\u0119. A zacz\u0119\u0142am od Naszych<b>\u00a0<\/b>tegorocznych, majowych wakacji na Rodos. Jednym s\u0142owem<b>\u00a0<\/b>stworzenie<b>\u00a0<\/b><a href=\"http:\/\/printu.pl\/\" target=\"_blank\">fotoksi\u0105\u017cki PRINTU<\/a>\u00a0by\u0142o rewelacyjnym pomys\u0142em!&#8221;<\/p><\/blockquote>\n<p><!--more--><strong>Zapraszamy do ca\u0142ego wpisu redaktor Kasi z bloga \u201eIslandofflove\u201d tutaj:\u00a0<a href=\"http:\/\/islandofflove.blogspot.com\/2014\/10\/drukujemy-emocje.html\" target=\"_blank\">\u201eMemories\u201d<\/a>.<\/strong><\/p>\n<p>Zdj\u0119cia z Twoich wakacji zalegaj\u0105 na dysku komputera? Czas to zmieni\u0107! <a href=\"http:\/\/printu.pl\/fotoksiazka\/wakacje\/\" target=\"_blank\">Fotoksi\u0105\u017cka z wakacji<\/a> to najlepsza pami\u0105tka z urlopu, kt\u00f3ra mo\u017ce ociepli\u0107 nam ka\u017cdy brzydki dzie\u0144. W ko\u0144cu wakacje s\u0105 tylko raz w roku i nale\u017cy im si\u0119 taka oddzielna, wyj\u0105tkowa oprawa. Na PRINTU znajdziesz prosty <a href=\"http:\/\/printu.pl\/fotoksiazka\/start\/\" target=\"_blank\">program do projektowania fotoksi\u0105\u017cki<\/a> online, w kt\u00f3rym stworzysz sw\u00f3j projekt. Zapraszamy!<\/p>\n","protected":false},"excerpt":{"rendered":"<p>&#8222;Przegl\u0105danie zdj\u0119\u0107 na ekranie monitora nie wywo\u0142uje tyle pi\u0119knych wspomnie\u0144 jak wtedy, kiedy trzymamy je w r\u0119ce&#8230; Tak wi\u0119c postanowi\u0142am, \u017ce ju\u017c do\u015b\u0107 magazynowania zdj\u0119\u0107 w 'zimno&#8217; nazwanych folderach i zacz\u0119\u0142am powoli tworzy\u0107 namacaln\u0105 pami\u0105tk\u0119. A zacz\u0119\u0142am od Naszych\u00a0tegorocznych, majowych wakacji na Rodos. Jednym s\u0142owem\u00a0stworzenie\u00a0fotoksi\u0105\u017cki PRINTU\u00a0by\u0142o rewelacyjnym pomys\u0142em!&#8221;<\/p>\n","protected":false},"author":4,"featured_media":0,"comment_status":"open","ping_status":"open","sticky":false,"template":"","format":"standard","meta":[],"categories":[143],"tags":[100,91,975,1033,544,1032],"yoast_head":"<!-- This site is optimized with the Yoast SEO plugin v19.13 - https:\/\/yoast.com\/wordpress\/plugins\/seo\/ -->\n<title>Pami\u0119tnik z wakacji - Printu.pl<\/title>\n<meta name=\"robots\" content=\"index, follow, max-snippet:-1, max-image-preview:large, max-video-preview:-1\" \/>\n<link rel=\"canonical\" href=\"https:\/\/printu.pl\/blog\/2014\/11\/23\/pamietnik-z-wakacji\/\" \/>\n<meta property=\"og:locale\" content=\"pl_PL\" \/>\n<meta property=\"og:type\" content=\"article\" \/>\n<meta property=\"og:title\" content=\"Pami\u0119tnik z wakacji - Printu.pl\" \/>\n<meta property=\"og:description\" content=\"&#8222;Przegl\u0105danie zdj\u0119\u0107 na ekranie monitora nie wywo\u0142uje tyle pi\u0119knych wspomnie\u0144 jak wtedy, kiedy trzymamy je w r\u0119ce&#8230; Tak wi\u0119c postanowi\u0142am, \u017ce ju\u017c do\u015b\u0107 magazynowania zdj\u0119\u0107 w &#039;zimno&#8217; nazwanych folderach i zacz\u0119\u0142am powoli tworzy\u0107 namacaln\u0105 pami\u0105tk\u0119. A zacz\u0119\u0142am od Naszych\u00a0tegorocznych, majowych wakacji na Rodos. Jednym s\u0142owem\u00a0stworzenie\u00a0fotoksi\u0105\u017cki PRINTU\u00a0by\u0142o rewelacyjnym pomys\u0142em!&#8221;\" \/>\n<meta property=\"og:url\" content=\"https:\/\/printu.pl\/blog\/2014\/11\/23\/pamietnik-z-wakacji\/\" \/>\n<meta property=\"og:site_name\" content=\"blog\" \/>\n<meta property=\"article:publisher\" content=\"https:\/\/www.facebook.com\/printupl\" \/>\n<meta property=\"article:published_time\" content=\"2014-11-23T15:31:00+00:00\" \/>\n<meta property=\"article:modified_time\" content=\"2015-12-11T14:52:51+00:00\" \/>\n<meta name=\"author\" content=\"Katarzyna\" \/>\n<meta name=\"twitter:card\" content=\"summary_large_image\" \/>\n<meta name=\"twitter:creator\" content=\"@printupl\" \/>\n<meta name=\"twitter:site\" content=\"@printupl\" \/>\n<meta name=\"twitter:label1\" content=\"Napisane przez\" \/>\n\t<meta name=\"twitter:data1\" content=\"Katarzyna\" \/>\n\t<meta name=\"twitter:label2\" content=\"Szacowany czas czytania\" \/>\n\t<meta name=\"twitter:data2\" content=\"1 minuta\" \/>\n<!-- \/ Yoast SEO plugin. -->","yoast_head_json":{"title":"Pami\u0119tnik z wakacji - Printu.pl","robots":{"index":"index","follow":"follow","max-snippet":"max-snippet:-1","max-image-preview":"max-image-preview:large","max-video-preview":"max-video-preview:-1"},"canonical":"https:\/\/printu.pl\/blog\/2014\/11\/23\/pamietnik-z-wakacji\/","og_locale":"pl_PL","og_type":"article","og_title":"Pami\u0119tnik z wakacji - Printu.pl","og_description":"&#8222;Przegl\u0105danie zdj\u0119\u0107 na ekranie monitora nie wywo\u0142uje tyle pi\u0119knych wspomnie\u0144 jak wtedy, kiedy trzymamy je w r\u0119ce&#8230; Tak wi\u0119c postanowi\u0142am, \u017ce ju\u017c do\u015b\u0107 magazynowania zdj\u0119\u0107 w 'zimno&#8217; nazwanych folderach i zacz\u0119\u0142am powoli tworzy\u0107 namacaln\u0105 pami\u0105tk\u0119. A zacz\u0119\u0142am od Naszych\u00a0tegorocznych, majowych wakacji na Rodos. Jednym s\u0142owem\u00a0stworzenie\u00a0fotoksi\u0105\u017cki PRINTU\u00a0by\u0142o rewelacyjnym pomys\u0142em!&#8221;","og_url":"https:\/\/printu.pl\/blog\/2014\/11\/23\/pamietnik-z-wakacji\/","og_site_name":"blog","article_publisher":"https:\/\/www.facebook.com\/printupl","article_published_time":"2014-11-23T15:31:00+00:00","article_modified_time":"2015-12-11T14:52:51+00:00","author":"Katarzyna","twitter_card":"summary_large_image","twitter_creator":"@printupl","twitter_site":"@printupl","twitter_misc":{"Napisane przez":"Katarzyna","Szacowany czas czytania":"1 minuta"},"schema":{"@context":"https:\/\/schema.org","@graph":[{"@type":"Article","@id":"https:\/\/printu.pl\/blog\/2014\/11\/23\/pamietnik-z-wakacji\/#article","isPartOf":{"@id":"https:\/\/printu.pl\/blog\/2014\/11\/23\/pamietnik-z-wakacji\/"},"author":{"name":"Katarzyna","@id":"https:\/\/printu.pl\/blog\/#\/schema\/person\/1552825435ffb2cc058d57ea4dd17e22"},"headline":"Pami\u0119tnik z wakacji","datePublished":"2014-11-23T15:31:00+00:00","dateModified":"2015-12-11T14:52:51+00:00","mainEntityOfPage":{"@id":"https:\/\/printu.pl\/blog\/2014\/11\/23\/pamietnik-z-wakacji\/"},"wordCount":150,"commentCount":0,"publisher":{"@id":"https:\/\/printu.pl\/blog\/#organization"},"keywords":["fotoksi\u0105\u017cka z urlopu","fotoksi\u0105\u017cka z wakacji","fotoksi\u0105\u017cka ze zdj\u0119ciami z wakacji","fotoksi\u0105\u017cki z Rodos","fotoksi\u0105\u017cki z wakacji","przyk\u0142ad fotoksi\u0105\u017cki z wakacji"],"articleSection":["Napisali o nas"],"inLanguage":"pl-PL","potentialAction":[{"@type":"CommentAction","name":"Comment","target":["https:\/\/printu.pl\/blog\/2014\/11\/23\/pamietnik-z-wakacji\/#respond"]}]},{"@type":"WebPage","@id":"https:\/\/printu.pl\/blog\/2014\/11\/23\/pamietnik-z-wakacji\/","url":"https:\/\/printu.pl\/blog\/2014\/11\/23\/pamietnik-z-wakacji\/","name":"Pami\u0119tnik z wakacji - Printu.pl","isPartOf":{"@id":"https:\/\/printu.pl\/blog\/#website"},"datePublished":"2014-11-23T15:31:00+00:00","dateModified":"2015-12-11T14:52:51+00:00","breadcrumb":{"@id":"https:\/\/printu.pl\/blog\/2014\/11\/23\/pamietnik-z-wakacji\/#breadcrumb"},"inLanguage":"pl-PL","potentialAction":[{"@type":"ReadAction","target":["https:\/\/printu.pl\/blog\/2014\/11\/23\/pamietnik-z-wakacji\/"]}]},{"@type":"BreadcrumbList","@id":"https:\/\/printu.pl\/blog\/2014\/11\/23\/pamietnik-z-wakacji\/#breadcrumb","itemListElement":[{"@type":"ListItem","position":1,"name":"Strona g\u0142\u00f3wna","item":"https:\/\/printu.pl\/blog\/"},{"@type":"ListItem","position":2,"name":"Pami\u0119tnik z wakacji"}]},{"@type":"WebSite","@id":"https:\/\/printu.pl\/blog\/#website","url":"https:\/\/printu.pl\/blog\/","name":"blog","description":"blog","publisher":{"@id":"https:\/\/printu.pl\/blog\/#organization"},"potentialAction":[{"@type":"SearchAction","target":{"@type":"EntryPoint","urlTemplate":"https:\/\/printu.pl\/blog\/?s={search_term_string}"},"query-input":"required name=search_term_string"}],"inLanguage":"pl-PL"},{"@type":"Organization","@id":"https:\/\/printu.pl\/blog\/#organization","name":"blog","url":"https:\/\/printu.pl\/blog\/","logo":{"@type":"ImageObject","inLanguage":"pl-PL","@id":"https:\/\/printu.pl\/blog\/#\/schema\/logo\/image\/","url":"https:\/\/s3-eu-central-1.amazonaws.com\/printu-blog\/wp-content\/uploads\/2017\/02\/printu-logo.png","contentUrl":"https:\/\/s3-eu-central-1.amazonaws.com\/printu-blog\/wp-content\/uploads\/2017\/02\/printu-logo.png","width":143,"height":34,"caption":" blog"},"image":{"@id":"https:\/\/printu.pl\/blog\/#\/schema\/logo\/image\/"},"sameAs":["https:\/\/instagram.com\/printupl","https:\/\/www.facebook.com\/printupl","https:\/\/twitter.com\/printupl"]},{"@type":"Person","@id":"https:\/\/printu.pl\/blog\/#\/schema\/person\/1552825435ffb2cc058d57ea4dd17e22","name":"Katarzyna","image":{"@type":"ImageObject","inLanguage":"pl-PL","@id":"https:\/\/printu.pl\/blog\/#\/schema\/person\/image\/","url":"https:\/\/secure.gravatar.com\/avatar\/39b1f1f0db1aa82c65afeee9d7610280?s=96&d=mm&r=g","contentUrl":"https:\/\/secure.gravatar.com\/avatar\/39b1f1f0db1aa82c65afeee9d7610280?s=96&d=mm&r=g","caption":"Katarzyna"}}]}},"_links":{"self":[{"href":"https:\/\/printu.pl\/blog\/wp-json\/wp\/v2\/posts\/3561"}],"collection":[{"href":"https:\/\/printu.pl\/blog\/wp-json\/wp\/v2\/posts"}],"about":[{"href":"https:\/\/printu.pl\/blog\/wp-json\/wp\/v2\/types\/post"}],"author":[{"embeddable":true,"href":"https:\/\/printu.pl\/blog\/wp-json\/wp\/v2\/users\/4"}],"replies":[{"embeddable":true,"href":"https:\/\/printu.pl\/blog\/wp-json\/wp\/v2\/comments?post=3561"}],"version-history":[{"count":6,"href":"https:\/\/printu.pl\/blog\/wp-json\/wp\/v2\/posts\/3561\/revisions"}],"predecessor-version":[{"id":6032,"href":"https:\/\/printu.pl\/blog\/wp-json\/wp\/v2\/posts\/3561\/revisions\/6032"}],"wp:attachment":[{"href":"https:\/\/printu.pl\/blog\/wp-json\/wp\/v2\/media?parent=3561"}],"wp:term":[{"taxonomy":"category","embeddable":true,"href":"https:\/\/printu.pl\/blog\/wp-json\/wp\/v2\/categories?post=3561"},{"taxonomy":"post_tag","embeddable":true,"href":"https:\/\/printu.pl\/blog\/wp-json\/wp\/v2\/tags?post=3561"}],"curies":[{"name":"wp","href":"https:\/\/api.w.org\/{rel}","templated":true}]}}