{"id":3637,"date":"2015-01-02T15:35:30","date_gmt":"2015-01-02T14:35:30","guid":{"rendered":"http:\/\/blog.printu.pl\/?p=3637"},"modified":"2015-12-16T12:00:16","modified_gmt":"2015-12-16T11:00:16","slug":"fotoksiazka-na-dzien-babci","status":"publish","type":"post","link":"https:\/\/printu.pl\/blog\/2015\/01\/02\/fotoksiazka-na-dzien-babci\/","title":{"rendered":"Fotoksi\u0105\u017cka na Dzie\u0144 Babci"},"content":{"rendered":"<p><img decoding=\"async\" loading=\"lazy\" class=\"aligncenter wp-image-6000 size-full\" src=\"http:\/\/blog.printu.pl\/wp-content\/uploads\/2015\/01\/fotoksi\u0105\u017cka-dla-babci.jpg\" alt=\"fotoksi\u0105\u017cka dla babci\" width=\"700\" height=\"350\" srcset=\"https:\/\/s3-eu-central-1.amazonaws.com\/printu-blog\/wp-content\/uploads\/2015\/01\/fotoksi%C4%85%C5%BCka-dla-babci.jpg 700w, https:\/\/s3-eu-central-1.amazonaws.com\/printu-blog\/wp-content\/uploads\/2015\/01\/fotoksi%C4%85%C5%BCka-dla-babci-300x150.jpg 300w\" sizes=\"(max-width: 700px) 100vw, 700px\" \/><\/p>\n<p>Dzie\u0144 Babci obchodzi\u0107 b\u0119dziemy ju\u017c 21 stycznia. Nie masz jeszcze pomys\u0142u na prezent dla ukochanej mamy, babci Twoich dzieci? Zaprojektuj wsp\u00f3lnie z nimi <a href=\"http:\/\/www.printu.pl\" target=\"_blank\">pi\u0119kn\u0105 fotoksi\u0105\u017ck\u0119<\/a>, wybierzcie razem ulubione zdj\u0119cia, dodajcie dedykacj\u0119, podpisy, cytaty oraz wierszyki. Poni\u017cej znajdziecie propozycje najpopularniejszych wierszyk\u00f3w na Dzie\u0144 Babci, \u015bmia\u0142o je wykorzystajcie. I zobaczcie jak <a href=\"http:\/\/printu.pl\/fotoksiazka\/szablony\/dla-babci\/\" target=\"_blank\">fotoksi\u0105\u017cka dla babci<\/a> mo\u017ce wygl\u0105da\u0107.<\/p>\n<p><!--more--><strong><i>&#8222;Dzie\u0144 Babci&#8221; &#8211; Kamie\u0144ska Anna<\/i><\/strong><br \/>\nBabcia to s\u0105 mi\u0142e r\u0119ce,<br \/>\nksi\u0105\u017cka, herbata s\u0142odka,<br \/>\n\u015bmieszne s\u0142owa w dawnej piosence,<br \/>\nsuknia dla lalki i szarlotka.<br \/>\nBabcia to bajka, kt\u00f3rej nie znamy,<br \/>\npude\u0142eczka, perfumy, w\u0142\u00f3czka,<br \/>\nbabcia to mama mojej mamy,<br \/>\na ja jestem jej wnuczka.<\/p>\n<p><strong><i>&#8222;Babcia&#8221;<\/i><\/strong><br \/>\nBabcia ma srebrne w\u0142osy<br \/>\nz ksi\u0119\u017cycowego \u015bwiat\u0142a<br \/>\ni m\u00f3wi dr\u017c\u0105cym g\u0142osem<br \/>\no pogubionych latach.<\/p>\n<p>Na stole pachnie ciasto<br \/>\ni stygnie nam herbata,<br \/>\na w oczach babci jasno,<br \/>\ncho\u0107 czas tak wiele zatar\u0142.<\/p>\n<p>W ogrodzie naszej babci,<br \/>\nw\u015br\u00f3d kwiat\u00f3w zadumanych,<br \/>\ngonimy m\u0142ode lata,<br \/>\n\u015bmiejemy si\u0119, \u015bpiewamy.<\/p>\n<p><i>&#8222;Babcie bywaj\u0105 r\u00f3\u017cne&#8221;<\/i><br \/>\nBabcie bywaj\u0105 r\u00f3\u017cne,<br \/>\nlecz ka\u017cda pami\u0119ta,<br \/>\n\u017ce jednakowo zawsze<br \/>\nkochaj\u0105 wnucz\u0119ta.<br \/>\nTo samo je cieszy,<br \/>\nto samo raduje:<br \/>\nnasz poca\u0142unek, u\u015bmiech<br \/>\ni s\u0142owo..<br \/>\nDzi\u0119kuj\u0119!<\/p>\n<p><strong><i>&#8222;Dla Babci&#8221;<\/i><\/strong><br \/>\nSiadaj Babciu, siadaj blisko.<br \/>\nZaraz ci opowiem wszystko.<br \/>\nPrawie ca\u0142\u0105 noc nie spa\u0142am,<br \/>\nbo prezenty wymy\u015bla\u0142am.<br \/>\nNa kanapie si\u0119 kr\u0119ci\u0142am<br \/>\na\u017c dla ciebie wymy\u015bli\u0142am:<br \/>\nz lodu broszk\u0119 i korale<br \/>\ni \u015bniegowe cztery szale.<br \/>\nDziesi\u0119\u0107 czapek<br \/>\nw \u015bnie\u017cn\u0105 kratk\u0119<br \/>\ni lodow\u0105 czekoladk\u0119.<br \/>\nJak nie b\u0119dzie ci smakowa\u0107,<br \/>\nto mnie mo\u017cesz pocz\u0119stowa\u0107.<\/p>\n<p><strong><i>&#8222;Dlaczego kochamy Babci\u0119&#8221; &#8211; Skar\u017cy\u0144ska Ewa<\/i><\/strong><br \/>\nCzy wiecie za co kochamy babcie?<\/p>\n<p>Bo cz\u0119sto przyje\u017cd\u017ca do nas,<br \/>\nBo przynosi nam pestki z dyni&#8230;<br \/>\nBo bierze nas na kolana&#8230;<br \/>\nAlbo na ptysie&#8230;<br \/>\nI nigdy nie dr\u0119czy nas pytaniami:<br \/>\n&#8211; dlaczego bazgrzemy w zeszycie,<br \/>\n&#8211; dlaczego drzemy spodnie,<br \/>\n&#8211; dlaczego jeste\u015bmy tacy niezno\u015bni albo zanadto spokojni,<br \/>\n&#8211; dlaczego gubimy guziki, pi\u00f3rniki oraz czapki,<br \/>\n&#8211; dlaczego nie jemy szpinaku,<br \/>\n&#8211; dlaczego psujemy zabawki?<\/p>\n<p>Babcia nie pyta nas o to.<br \/>\nI za to, \u017ce taka jest w\u0142a\u015bnie,<br \/>\nu\u015bmiechamy si\u0119 do niej<br \/>\nNajweselej, najja\u015bniej.<\/p>\n<p><strong><i>&#8222;Dzie\u0144 Babci&#8221;<\/i><\/strong><br \/>\nChodzi babcia w zielonym fartuchu<br \/>\nI w bia\u0142ych kapciach.<br \/>\nSprz\u0105ta, kwiatki podlewa<br \/>\nI nigdy si\u0119 nie gniewa.<\/p>\n<p>Nawet gdy si\u0119 st\u0142ucze szklanka<br \/>\nM\u00f3wi: &#8222;A to niespodzianka!<br \/>\nSt\u0142uk\u0142o si\u0119 bo by\u0142o szklane,<br \/>\nPrzynie\u015b miot\u0142\u0119 i ju\u017c pozamiatane.&#8221;<br \/>\nZa to, \u017ce jeste\u015b babciu taka<br \/>\nKupi\u0119 Ci kwiatki i lizaka.<\/p>\n<p><strong><i>&#8222;Dzie\u0144 Babci&#8221;<\/i><\/strong><br \/>\nBabciu<br \/>\nw dniu twojego \u015bwi\u0119ta<br \/>\nchc\u0119 aby\u015b by\u0142a wypocz\u0119ta.<br \/>\nWi\u0119c pomog\u0119 ci w zakupach<br \/>\nprzypilnuj\u0119, \u017ceby zupa<br \/>\nz garnka ci nie wykipia\u0142a.<br \/>\nI pod uszko dam poduszk\u0119,<br \/>\naby\u015b s\u0142odko spa\u0142a.<br \/>\nTw\u00f3j wnuczek.<\/p>\n<p><strong><i>&#8222;Kalendarz ma kartek wiele&#8221;<\/i><\/strong><br \/>\nKalendarz ma kartek wiele<br \/>\nczarne na co dzie\u0144, czerwone w niedziel\u0119.<br \/>\nZrywam dzisiaj kartk\u0119 &#8211; znowu zwyk\u0142a strona.<br \/>\nLepsza na Dzie\u0144 Babci by\u0142aby zielona,<br \/>\nalbo \u017c\u00f3\u0142ta s\u0142oneczna, pachn\u0105ca jak r\u00f3\u017ca.<br \/>\nZrobi\u0119 ci kalendarz babciu kiedy b\u0119d\u0119 du\u017ca.<\/p>\n<p><strong><i>&#8222;Kiedy babcia by\u0142a ma\u0142a&#8221; &#8211; Suchorzewska Irena<\/i><\/strong><br \/>\nDzi\u015b zamiast bajki o krasnoludkach<br \/>\nOpowiem jaka by\u0142a babcia<br \/>\nKiedy by\u0142a malutka.<\/p>\n<p>Mia\u0142a kr\u00f3tk\u0105 sukienk\u0119 w czerwone kropki,<br \/>\nNosi\u0142a po\u0144czoszki a nie rajstopki.<\/p>\n<p>Po drzewach \u0142azi\u0142a tak jak ty umiesz,<br \/>\nBawi\u0142a si\u0119 w klasy a nie w gum\u0119.<\/p>\n<p>Skaka\u0142a przez skakank\u0119<br \/>\nSto razy, 200, 300.<br \/>\nP\u0142ywa\u0142a tak jak ryba<br \/>\nbo woda wtedy by\u0142a czysta.<\/p>\n<p>Je\u017adzi\u0142a na rowerze co si\u0119 nazywa\u0142 &#8222;damka&#8221;<br \/>\na w zimie szala\u0142a na sankach.<\/p>\n<p>Ale przede wszystkim jak babcia by\u0142a ma\u0142a<br \/>\nto si\u0119 bez przerwy \u015bmia\u0142a.<br \/>\nI jeszcze daj\u0119 wam s\u0142owo<br \/>\nmia\u0142a buzi\u0119 g\u0142adk\u0105 i r\u00f3\u017cow\u0105.<\/p>\n<p><strong><i>&#8222;Kwiatki dla babci&#8221; &#8211; Lewandowska Barbara<\/i><\/strong><br \/>\nNoc\u0105,<br \/>\ntu\u017c przed Dniem Babci,<br \/>\nstaje za oknem wr\u00f3\u017cka.<br \/>\nMaluje na szybie kwiaty-<br \/>\nweso\u0142e, w kszta\u0142cie serduszka.<br \/>\nZanim srebrzyst\u0105 d\u0142oni\u0105<br \/>\nporanek kwity zetrze,<br \/>\nserduszka na szybie dzwoni\u0105,<br \/>\n\u0142adniej ni\u017c szyszki na wietrze.<\/p>\n<p>W dzie\u0144<br \/>\nmo\u017ce wnuczka przybiec.<br \/>\nWnuczek przyleci pr\u0119dko.<br \/>\nKto co\u015b wychucha na szybie?<br \/>\nKto dom rozdzwoni piosenk\u0119?<\/p>\n<p><strong><i>&#8222;Nasza Babcia&#8221;<\/i><\/strong><br \/>\nOto Babcia.<br \/>\nZ u\u015bmiechem na twarzy.<br \/>\nZ torb\u0105 pe\u0142n\u0105 jab\u0142ek i warzyw.<br \/>\nNo i zaraz wszystko si\u0119 odmienia:<br \/>\nw domu robi si\u0119 ja\u015bniej, weselej,<br \/>\njakby Babcia przynios\u0142a niedziel\u0119<br \/>\nz odrobin\u0105 Bo\u017cego Narodzenia.<br \/>\nZ Babci\u0105 &#8211;<br \/>\nwszystko jest pyszn\u0105 zabaw\u0105:<br \/>\nszczotka ta\u0144czy<br \/>\nraz w lewo, raz w prawo,<br \/>\njakby szczotka ta\u0144czy\u0142a walczyka.<br \/>\nA odkurzacz, cho\u0107 troch\u0119 uparty,<br \/>\nnie pozwala dzi\u015b sobie na \u017carty,<br \/>\ntylko kurz pos\u0142usznie po\u0142yka.<br \/>\nW kuchni pachnie weso\u0142o roso\u0142em,<br \/>\na my zaraz si\u0105dziemy za sto\u0142em-<br \/>\ni b\u0119dziemy je\u015b\u0107 ros\u00f3\u0142 i \u015bmia\u0107 si\u0119.<br \/>\nWszystko milsze jest,<br \/>\nlepsze, ciekawsze.<\/p>\n<p><strong><i>&#8222;U babci jest s\u0142odko&#8221; &#8211; Chotomska Wanda<\/i><\/strong><br \/>\nKiedy tata basem huknie,<br \/>\nkiedy mama ci\u0119 ofuknie,<br \/>\nkiedy patrz\u0105 na cz\u0142owieka okiem z\u0142ym &#8211;<br \/>\nto do kogo cz\u0142owiek stuka,<br \/>\ngdzie azylu sobie szuka,<br \/>\nto do kogo, to do kogo tak jak w dym?<\/p>\n<p>U babci jest s\u0142odko,<br \/>\n\u015bwiat pachnie szarlotk\u0105.<br \/>\nNo, prosz\u0119, zjedz jeszcze \u017adziebe\u0142ko<br \/>\ni g\u0142owa do g\u00f3ry!<br \/>\nOdp\u0119dz\u0119 z\u0142e chmury<br \/>\ni niebo odkurz\u0119 miote\u0142k\u0105.<br \/>\nNie ma jak babcia,<br \/>\njak babci\u0119 kocham &#8211;<br \/>\nbez babci by\u0142by kiepski los.<br \/>\nJak macie babci\u0119,<br \/>\nto si\u0119 nie trapcie,<br \/>\nbo wam nie spadnie z g\u0142owy w\u0142os!<\/p>\n<p>U babci jest s\u0142odko,<br \/>\n\u015bwiat pachnie szarlotk\u0105.<br \/>\na mo\u017ce chcesz placka spr\u00f3bowa\u0107?<br \/>\nPopijasz herbatk\u0119<br \/>\ni s\u0142o\u0144ce nad \u015bwiatem<br \/>\nju\u017c \u015bwieci jak z\u0142oty samowar.<\/p>\n<p>Wszystkie wnuki, nawet du\u017ce,<br \/>\nnawet takie po maturze,<br \/>\nnawet takie z d\u0142ug\u0105, brod\u0105 a\u017c po pas,<br \/>\nniech do babci lec\u0105 z kwiatkiem<br \/>\ni zanios\u0105 na dok\u0142adk\u0119<br \/>\nt\u0119 piosenk\u0119, kt\u00f3r\u0105 \u015bpiewa ka\u017cdy z nas.<\/p>\n<p><strong><i>&#8222;Wiersz dla babci&#8221; &#8211; Chotomska Wanda<\/i><\/strong><br \/>\nZ okazji \u015awi\u0119ta Babci<br \/>\nja dzisiaj Babci\u0119 naucz\u0119,<br \/>\njaka powinna by\u0107 wnuczka<br \/>\ni jaki powinien by\u0107 wnuczek.<\/p>\n<p>Po pierwsze, prosz\u0119 Babci &#8211;<br \/>\nja ju\u017c od dawna uwa\u017cam,<br \/>\n\u017ce nic tak wnucz\u0105t nie zdobi,<br \/>\njak pi\u0119kny u\u015bmiech na twarzach.<br \/>\nU\u015bmiech jest dobry na co dzie\u0144,<br \/>\na nie wy\u0142\u0105cznie od \u015bwi\u0119ta,<br \/>\nwi\u0119c wnuczek ma si\u0119 u\u015bmiecha\u0107,<br \/>\na wnuczka ma by\u0107 u\u015bmiechni\u0119ta.<\/p>\n<p><strong><i>&#8222;Wierszyk dla Babci i Dziadka&#8221;<\/i><\/strong><br \/>\nKochani, dzi\u015b okazja rzadka.<br \/>\nMamy Dzie\u0144 Babci oraz Dziadka.<\/p>\n<p>Jak wiecie jest ich razem czworo,<br \/>\nco mo\u017cna sprawdzi\u0107, gdy si\u0119 zbior\u0105.<\/p>\n<p>Wci\u0105\u017c m\u00f3wi\u0105 wtedy o tych latach,<br \/>\ngdy jeszcze dzieckiem by\u0142 m\u00f3j tata.<br \/>\nA nasza mama bez swych lalek<br \/>\ndo \u0142\u00f3\u017cka i\u015b\u0107 nie chcia\u0142a wcale.<\/p>\n<p>A teraz, jak ten czas wci\u0105\u017c leci!<br \/>\nCiesz\u0105 si\u0119 dzieci swoich dzieci.<br \/>\nI my\u015bl\u0105 widz\u0105c ich gromadk\u0119,<br \/>\n\u017ce mi\u0142o babci\u0105 by\u0107 i dziadkiem.<\/p>\n<p>Wi\u0119c dzi\u015b spr\u00f3bujcie zapami\u0119ta\u0107.<br \/>\nCzym s\u0105 dla dziadk\u00f3w ich wnucz\u0119ta?<br \/>\nI pi\u0119knej szansy nie przegapcie:<br \/>\nkochajcie dziadk\u00f3w swych i babcie.<\/p>\n<p><strong><i>&#8222;\u017byczenia &#8222;- Rogosz\u00f3wna Zofia<\/i><\/strong><br \/>\nNiechaj dziadzio z babuni\u0105<br \/>\ntak nam d\u0142ugo \u017cyj\u0105<br \/>\np\u00f3ki komar i mucha<br \/>\nmorza nie wypij\u0105.<\/p>\n<p>A ty mucho, ty komarze,<br \/>\npijcie wod\u0119 powoli,<br \/>\na\u017c dziadzio i babcia<br \/>\nna\u017cyj\u0105 si\u0119 do woli.<\/p>\n<p>Polecamy te\u017c <a href=\"http:\/\/blog.printu.pl\/2015\/01\/02\/fotoksiazka-na-dzien-dziadka\/ \" target=\"_blank\">wierszyki dla Dziadka<\/a>.<\/p>\n","protected":false},"excerpt":{"rendered":"<p>Dzie\u0144 Babci obchodzi\u0107 b\u0119dziemy ju\u017c 21 stycznia. Nie masz jeszcze pomys\u0142u na prezent dla ukochanej mamy, babci Twoich dzieci? Zaprojektuj wsp\u00f3lnie z nimi pi\u0119kn\u0105 fotoksi\u0105\u017ck\u0119 Printu, wybierzcie razem ulubione zdj\u0119cia, dodajcie dedykacj\u0119, podpisy, cytaty oraz wierszyki.<\/p>\n","protected":false},"author":4,"featured_media":0,"comment_status":"open","ping_status":"open","sticky":false,"template":"","format":"standard","meta":[],"categories":[66],"tags":[1049,1044,1042,1050,1051],"yoast_head":"<!-- This site is optimized with the Yoast SEO plugin v19.13 - https:\/\/yoast.com\/wordpress\/plugins\/seo\/ -->\n<title>Fotoksi\u0105\u017cka na Dzie\u0144 Babci - Printu.pl<\/title>\n<meta name=\"robots\" content=\"index, follow, max-snippet:-1, max-image-preview:large, max-video-preview:-1\" \/>\n<link rel=\"canonical\" href=\"https:\/\/printu.pl\/blog\/2015\/01\/02\/fotoksiazka-na-dzien-babci\/\" \/>\n<meta property=\"og:locale\" content=\"pl_PL\" \/>\n<meta property=\"og:type\" content=\"article\" \/>\n<meta property=\"og:title\" content=\"Fotoksi\u0105\u017cka na Dzie\u0144 Babci - Printu.pl\" \/>\n<meta property=\"og:description\" content=\"Dzie\u0144 Babci obchodzi\u0107 b\u0119dziemy ju\u017c 21 stycznia. Nie masz jeszcze pomys\u0142u na prezent dla ukochanej mamy, babci Twoich dzieci? Zaprojektuj wsp\u00f3lnie z nimi pi\u0119kn\u0105 fotoksi\u0105\u017ck\u0119 Printu, wybierzcie razem ulubione zdj\u0119cia, dodajcie dedykacj\u0119, podpisy, cytaty oraz wierszyki.\" \/>\n<meta property=\"og:url\" content=\"https:\/\/printu.pl\/blog\/2015\/01\/02\/fotoksiazka-na-dzien-babci\/\" \/>\n<meta property=\"og:site_name\" content=\"blog\" \/>\n<meta property=\"article:publisher\" content=\"https:\/\/www.facebook.com\/printupl\" \/>\n<meta property=\"article:published_time\" content=\"2015-01-02T14:35:30+00:00\" \/>\n<meta property=\"article:modified_time\" content=\"2015-12-16T11:00:16+00:00\" \/>\n<meta name=\"author\" content=\"Katarzyna\" \/>\n<meta name=\"twitter:card\" content=\"summary_large_image\" \/>\n<meta name=\"twitter:creator\" content=\"@printupl\" \/>\n<meta name=\"twitter:site\" content=\"@printupl\" \/>\n<meta name=\"twitter:label1\" content=\"Napisane przez\" \/>\n\t<meta name=\"twitter:data1\" content=\"Katarzyna\" \/>\n\t<meta name=\"twitter:label2\" content=\"Szacowany czas czytania\" \/>\n\t<meta name=\"twitter:data2\" content=\"6 minut\" \/>\n<!-- \/ Yoast SEO plugin. -->","yoast_head_json":{"title":"Fotoksi\u0105\u017cka na Dzie\u0144 Babci - Printu.pl","robots":{"index":"index","follow":"follow","max-snippet":"max-snippet:-1","max-image-preview":"max-image-preview:large","max-video-preview":"max-video-preview:-1"},"canonical":"https:\/\/printu.pl\/blog\/2015\/01\/02\/fotoksiazka-na-dzien-babci\/","og_locale":"pl_PL","og_type":"article","og_title":"Fotoksi\u0105\u017cka na Dzie\u0144 Babci - Printu.pl","og_description":"Dzie\u0144 Babci obchodzi\u0107 b\u0119dziemy ju\u017c 21 stycznia. Nie masz jeszcze pomys\u0142u na prezent dla ukochanej mamy, babci Twoich dzieci? Zaprojektuj wsp\u00f3lnie z nimi pi\u0119kn\u0105 fotoksi\u0105\u017ck\u0119 Printu, wybierzcie razem ulubione zdj\u0119cia, dodajcie dedykacj\u0119, podpisy, cytaty oraz wierszyki.","og_url":"https:\/\/printu.pl\/blog\/2015\/01\/02\/fotoksiazka-na-dzien-babci\/","og_site_name":"blog","article_publisher":"https:\/\/www.facebook.com\/printupl","article_published_time":"2015-01-02T14:35:30+00:00","article_modified_time":"2015-12-16T11:00:16+00:00","author":"Katarzyna","twitter_card":"summary_large_image","twitter_creator":"@printupl","twitter_site":"@printupl","twitter_misc":{"Napisane przez":"Katarzyna","Szacowany czas czytania":"6 minut"},"schema":{"@context":"https:\/\/schema.org","@graph":[{"@type":"Article","@id":"https:\/\/printu.pl\/blog\/2015\/01\/02\/fotoksiazka-na-dzien-babci\/#article","isPartOf":{"@id":"https:\/\/printu.pl\/blog\/2015\/01\/02\/fotoksiazka-na-dzien-babci\/"},"author":{"name":"Katarzyna","@id":"https:\/\/printu.pl\/blog\/#\/schema\/person\/1552825435ffb2cc058d57ea4dd17e22"},"headline":"Fotoksi\u0105\u017cka na Dzie\u0144 Babci","datePublished":"2015-01-02T14:35:30+00:00","dateModified":"2015-12-16T11:00:16+00:00","mainEntityOfPage":{"@id":"https:\/\/printu.pl\/blog\/2015\/01\/02\/fotoksiazka-na-dzien-babci\/"},"wordCount":1210,"commentCount":0,"publisher":{"@id":"https:\/\/printu.pl\/blog\/#organization"},"keywords":["fotoksi\u0105\u017cka dla Babci","fotoksi\u0105\u017cka dla dziadk\u00f3w","fotoksi\u0105\u017cka na dzie\u0144 babci","prezent dla Babci","wierszyki dla babci"],"articleSection":["Inspiracje"],"inLanguage":"pl-PL","potentialAction":[{"@type":"CommentAction","name":"Comment","target":["https:\/\/printu.pl\/blog\/2015\/01\/02\/fotoksiazka-na-dzien-babci\/#respond"]}]},{"@type":"WebPage","@id":"https:\/\/printu.pl\/blog\/2015\/01\/02\/fotoksiazka-na-dzien-babci\/","url":"https:\/\/printu.pl\/blog\/2015\/01\/02\/fotoksiazka-na-dzien-babci\/","name":"Fotoksi\u0105\u017cka na Dzie\u0144 Babci - Printu.pl","isPartOf":{"@id":"https:\/\/printu.pl\/blog\/#website"},"datePublished":"2015-01-02T14:35:30+00:00","dateModified":"2015-12-16T11:00:16+00:00","breadcrumb":{"@id":"https:\/\/printu.pl\/blog\/2015\/01\/02\/fotoksiazka-na-dzien-babci\/#breadcrumb"},"inLanguage":"pl-PL","potentialAction":[{"@type":"ReadAction","target":["https:\/\/printu.pl\/blog\/2015\/01\/02\/fotoksiazka-na-dzien-babci\/"]}]},{"@type":"BreadcrumbList","@id":"https:\/\/printu.pl\/blog\/2015\/01\/02\/fotoksiazka-na-dzien-babci\/#breadcrumb","itemListElement":[{"@type":"ListItem","position":1,"name":"Strona g\u0142\u00f3wna","item":"https:\/\/printu.pl\/blog\/"},{"@type":"ListItem","position":2,"name":"Fotoksi\u0105\u017cka na Dzie\u0144 Babci"}]},{"@type":"WebSite","@id":"https:\/\/printu.pl\/blog\/#website","url":"https:\/\/printu.pl\/blog\/","name":"blog","description":"blog","publisher":{"@id":"https:\/\/printu.pl\/blog\/#organization"},"potentialAction":[{"@type":"SearchAction","target":{"@type":"EntryPoint","urlTemplate":"https:\/\/printu.pl\/blog\/?s={search_term_string}"},"query-input":"required name=search_term_string"}],"inLanguage":"pl-PL"},{"@type":"Organization","@id":"https:\/\/printu.pl\/blog\/#organization","name":"blog","url":"https:\/\/printu.pl\/blog\/","logo":{"@type":"ImageObject","inLanguage":"pl-PL","@id":"https:\/\/printu.pl\/blog\/#\/schema\/logo\/image\/","url":"https:\/\/s3-eu-central-1.amazonaws.com\/printu-blog\/wp-content\/uploads\/2017\/02\/printu-logo.png","contentUrl":"https:\/\/s3-eu-central-1.amazonaws.com\/printu-blog\/wp-content\/uploads\/2017\/02\/printu-logo.png","width":143,"height":34,"caption":" blog"},"image":{"@id":"https:\/\/printu.pl\/blog\/#\/schema\/logo\/image\/"},"sameAs":["https:\/\/instagram.com\/printupl","https:\/\/www.facebook.com\/printupl","https:\/\/twitter.com\/printupl"]},{"@type":"Person","@id":"https:\/\/printu.pl\/blog\/#\/schema\/person\/1552825435ffb2cc058d57ea4dd17e22","name":"Katarzyna","image":{"@type":"ImageObject","inLanguage":"pl-PL","@id":"https:\/\/printu.pl\/blog\/#\/schema\/person\/image\/","url":"https:\/\/secure.gravatar.com\/avatar\/39b1f1f0db1aa82c65afeee9d7610280?s=96&d=mm&r=g","contentUrl":"https:\/\/secure.gravatar.com\/avatar\/39b1f1f0db1aa82c65afeee9d7610280?s=96&d=mm&r=g","caption":"Katarzyna"}}]}},"_links":{"self":[{"href":"https:\/\/printu.pl\/blog\/wp-json\/wp\/v2\/posts\/3637"}],"collection":[{"href":"https:\/\/printu.pl\/blog\/wp-json\/wp\/v2\/posts"}],"about":[{"href":"https:\/\/printu.pl\/blog\/wp-json\/wp\/v2\/types\/post"}],"author":[{"embeddable":true,"href":"https:\/\/printu.pl\/blog\/wp-json\/wp\/v2\/users\/4"}],"replies":[{"embeddable":true,"href":"https:\/\/printu.pl\/blog\/wp-json\/wp\/v2\/comments?post=3637"}],"version-history":[{"count":9,"href":"https:\/\/printu.pl\/blog\/wp-json\/wp\/v2\/posts\/3637\/revisions"}],"predecessor-version":[{"id":6143,"href":"https:\/\/printu.pl\/blog\/wp-json\/wp\/v2\/posts\/3637\/revisions\/6143"}],"wp:attachment":[{"href":"https:\/\/printu.pl\/blog\/wp-json\/wp\/v2\/media?parent=3637"}],"wp:term":[{"taxonomy":"category","embeddable":true,"href":"https:\/\/printu.pl\/blog\/wp-json\/wp\/v2\/categories?post=3637"},{"taxonomy":"post_tag","embeddable":true,"href":"https:\/\/printu.pl\/blog\/wp-json\/wp\/v2\/tags?post=3637"}],"curies":[{"name":"wp","href":"https:\/\/api.w.org\/{rel}","templated":true}]}}