{"id":3868,"date":"2015-02-26T17:34:22","date_gmt":"2015-02-26T16:34:22","guid":{"rendered":"http:\/\/blog.printu.pl\/?p=3868"},"modified":"2015-12-16T11:54:28","modified_gmt":"2015-12-16T10:54:28","slug":"fotoksiazka-z-chrzcin","status":"publish","type":"post","link":"https:\/\/printu.pl\/blog\/2015\/02\/26\/fotoksiazka-z-chrzcin\/","title":{"rendered":"Fotoksi\u0105\u017cka z chrzcin"},"content":{"rendered":"<blockquote><p><img decoding=\"async\" loading=\"lazy\" class=\"aligncenter  wp-image-3877\" src=\"http:\/\/blog.printu.pl\/wp-content\/uploads\/2015\/02\/Fotoksi\u0105\u017cka-z-chrztu.jpg\" alt=\"Fotoksi\u0105\u017cka z chrztu\" width=\"700\" height=\"350\" srcset=\"https:\/\/s3-eu-central-1.amazonaws.com\/printu-blog\/wp-content\/uploads\/2015\/02\/Fotoksi%C4%85%C5%BCka-z-chrztu.jpg 700w, https:\/\/s3-eu-central-1.amazonaws.com\/printu-blog\/wp-content\/uploads\/2015\/02\/Fotoksi%C4%85%C5%BCka-z-chrztu-300x150.jpg 300w\" sizes=\"(max-width: 700px) 100vw, 700px\" \/>&#8222;Jak wiecie od bardzo dawna zamawiamy fotoksi\u0105\u017cki z\u00a0<a href=\"https:\/\/www.facebook.com\/printupl\">Printu<\/a>. Uwielbiamy ich! S\u0105 wiarygodni, na czas zawsze przysy\u0142aj\u0105 zam\u00f3wienia, a do tego sprawiaj\u0105, \u017ce zdj\u0119cia s\u0105 jeszcze pi\u0119kniejsze ni\u017c na komputerze. Jak pami\u0119tacie zdj\u0119cia robi\u0142 m\u00f3j kochany\u00a0<a href=\"https:\/\/www.facebook.com\/pages\/Krzysztof-Marciniak-Fotografia\/172308989486304\">Krzysztof Marciniak<\/a>. Sami zobaczcie kto mia\u0142 najwi\u0119ksz\u0105 przyjemno\u015b\u0107 z ogl\u0105dania&#8221;.<\/p><\/blockquote>\n<p><!--more--><strong>Zapraszamy do ca\u0142ego wpisu redaktor Moniki z bloga \u201eMonia Bednarczyk\u201d tutaj:\u00a0<a href=\"http:\/\/www.moniabednarczyk.com\/2014\/12\/jeszcze-nie-tak-dawno.html\" target=\"_blank\">\u201eJeszcze nie tak dawno\u201d<\/a>.<\/strong><\/p>\n<p>A wi\u0119cej zdj\u0119\u0107 fotoksi\u0105\u017cki z chrzcin poni\u017cej. Zapraszamy do galerii!<\/p>\n<p style=\"text-align: center;\"><img decoding=\"async\" class=\"aligncenter  wp-image-3869\" src=\"http:\/\/blog.printu.pl\/wp-content\/uploads\/2015\/02\/Fotoksi\u0105\u017cka-z-chrztu-\u015bwi\u0119tego-1.jpg\" alt=\"Fotoksi\u0105\u017cka z chrztu \u015bwi\u0119tego (1)\" width=\"700\" srcset=\"https:\/\/s3-eu-central-1.amazonaws.com\/printu-blog\/wp-content\/uploads\/2015\/02\/Fotoksi%C4%85%C5%BCka-z-chrztu-%C5%9Bwi%C4%99tego-1.jpg 1059w, https:\/\/s3-eu-central-1.amazonaws.com\/printu-blog\/wp-content\/uploads\/2015\/02\/Fotoksi%C4%85%C5%BCka-z-chrztu-%C5%9Bwi%C4%99tego-1-199x300.jpg 199w, https:\/\/s3-eu-central-1.amazonaws.com\/printu-blog\/wp-content\/uploads\/2015\/02\/Fotoksi%C4%85%C5%BCka-z-chrztu-%C5%9Bwi%C4%99tego-1-768x1160.jpg 768w, https:\/\/s3-eu-central-1.amazonaws.com\/printu-blog\/wp-content\/uploads\/2015\/02\/Fotoksi%C4%85%C5%BCka-z-chrztu-%C5%9Bwi%C4%99tego-1-331x500.jpg 331w\" sizes=\"(max-width: 1059px) 100vw, 1059px\" \/> <img decoding=\"async\" class=\"aligncenter  wp-image-3870\" src=\"http:\/\/blog.printu.pl\/wp-content\/uploads\/2015\/02\/Fotoksi\u0105\u017cka-z-chrztu-\u015bwi\u0119tego-2.jpg\" alt=\"Fotoksi\u0105\u017cka z chrztu \u015bwi\u0119tego (2)\" width=\"700\" srcset=\"https:\/\/s3-eu-central-1.amazonaws.com\/printu-blog\/wp-content\/uploads\/2015\/02\/Fotoksi%C4%85%C5%BCka-z-chrztu-%C5%9Bwi%C4%99tego-2.jpg 1600w, https:\/\/s3-eu-central-1.amazonaws.com\/printu-blog\/wp-content\/uploads\/2015\/02\/Fotoksi%C4%85%C5%BCka-z-chrztu-%C5%9Bwi%C4%99tego-2-300x199.jpg 300w, https:\/\/s3-eu-central-1.amazonaws.com\/printu-blog\/wp-content\/uploads\/2015\/02\/Fotoksi%C4%85%C5%BCka-z-chrztu-%C5%9Bwi%C4%99tego-2-768x508.jpg 768w, https:\/\/s3-eu-central-1.amazonaws.com\/printu-blog\/wp-content\/uploads\/2015\/02\/Fotoksi%C4%85%C5%BCka-z-chrztu-%C5%9Bwi%C4%99tego-2-700x463.jpg 700w\" sizes=\"(max-width: 1600px) 100vw, 1600px\" \/> <img decoding=\"async\" class=\"aligncenter  wp-image-3871\" src=\"http:\/\/blog.printu.pl\/wp-content\/uploads\/2015\/02\/Fotoksi\u0105\u017cka-z-chrztu-\u015bwi\u0119tego-3.jpg\" alt=\"Fotoksi\u0105\u017cka z chrztu \u015bwi\u0119tego (3)\" width=\"700\" srcset=\"https:\/\/s3-eu-central-1.amazonaws.com\/printu-blog\/wp-content\/uploads\/2015\/02\/Fotoksi%C4%85%C5%BCka-z-chrztu-%C5%9Bwi%C4%99tego-3.jpg 1060w, https:\/\/s3-eu-central-1.amazonaws.com\/printu-blog\/wp-content\/uploads\/2015\/02\/Fotoksi%C4%85%C5%BCka-z-chrztu-%C5%9Bwi%C4%99tego-3-199x300.jpg 199w, https:\/\/s3-eu-central-1.amazonaws.com\/printu-blog\/wp-content\/uploads\/2015\/02\/Fotoksi%C4%85%C5%BCka-z-chrztu-%C5%9Bwi%C4%99tego-3-768x1159.jpg 768w, https:\/\/s3-eu-central-1.amazonaws.com\/printu-blog\/wp-content\/uploads\/2015\/02\/Fotoksi%C4%85%C5%BCka-z-chrztu-%C5%9Bwi%C4%99tego-3-331x500.jpg 331w\" sizes=\"(max-width: 1060px) 100vw, 1060px\" \/> <img decoding=\"async\" class=\"aligncenter  wp-image-3872\" src=\"http:\/\/blog.printu.pl\/wp-content\/uploads\/2015\/02\/Fotoksi\u0105\u017cka-z-chrztu-\u015bwi\u0119tego-4.jpg\" alt=\"Fotoksi\u0105\u017cka z chrztu \u015bwi\u0119tego (4)\" width=\"700\" srcset=\"https:\/\/s3-eu-central-1.amazonaws.com\/printu-blog\/wp-content\/uploads\/2015\/02\/Fotoksi%C4%85%C5%BCka-z-chrztu-%C5%9Bwi%C4%99tego-4.jpg 1059w, https:\/\/s3-eu-central-1.amazonaws.com\/printu-blog\/wp-content\/uploads\/2015\/02\/Fotoksi%C4%85%C5%BCka-z-chrztu-%C5%9Bwi%C4%99tego-4-199x300.jpg 199w, https:\/\/s3-eu-central-1.amazonaws.com\/printu-blog\/wp-content\/uploads\/2015\/02\/Fotoksi%C4%85%C5%BCka-z-chrztu-%C5%9Bwi%C4%99tego-4-768x1160.jpg 768w, https:\/\/s3-eu-central-1.amazonaws.com\/printu-blog\/wp-content\/uploads\/2015\/02\/Fotoksi%C4%85%C5%BCka-z-chrztu-%C5%9Bwi%C4%99tego-4-331x500.jpg 331w\" sizes=\"(max-width: 1059px) 100vw, 1059px\" \/> <img decoding=\"async\" class=\"aligncenter  wp-image-3873\" src=\"http:\/\/blog.printu.pl\/wp-content\/uploads\/2015\/02\/Fotoksi\u0105\u017cka-z-chrztu-\u015bwi\u0119tego-5.jpg\" alt=\"Fotoksi\u0105\u017cka z chrztu \u015bwi\u0119tego (5)\" width=\"700\" srcset=\"https:\/\/s3-eu-central-1.amazonaws.com\/printu-blog\/wp-content\/uploads\/2015\/02\/Fotoksi%C4%85%C5%BCka-z-chrztu-%C5%9Bwi%C4%99tego-5.jpg 1600w, https:\/\/s3-eu-central-1.amazonaws.com\/printu-blog\/wp-content\/uploads\/2015\/02\/Fotoksi%C4%85%C5%BCka-z-chrztu-%C5%9Bwi%C4%99tego-5-300x199.jpg 300w, https:\/\/s3-eu-central-1.amazonaws.com\/printu-blog\/wp-content\/uploads\/2015\/02\/Fotoksi%C4%85%C5%BCka-z-chrztu-%C5%9Bwi%C4%99tego-5-768x508.jpg 768w, https:\/\/s3-eu-central-1.amazonaws.com\/printu-blog\/wp-content\/uploads\/2015\/02\/Fotoksi%C4%85%C5%BCka-z-chrztu-%C5%9Bwi%C4%99tego-5-700x463.jpg 700w\" sizes=\"(max-width: 1600px) 100vw, 1600px\" \/> <img decoding=\"async\" class=\"aligncenter  wp-image-3874\" src=\"http:\/\/blog.printu.pl\/wp-content\/uploads\/2015\/02\/Fotoksi\u0105\u017cka-z-chrztu-\u015bwi\u0119tego-6.jpg\" alt=\"Fotoksi\u0105\u017cka z chrztu \u015bwi\u0119tego (6)\" width=\"700\" srcset=\"https:\/\/s3-eu-central-1.amazonaws.com\/printu-blog\/wp-content\/uploads\/2015\/02\/Fotoksi%C4%85%C5%BCka-z-chrztu-%C5%9Bwi%C4%99tego-6.jpg 1059w, https:\/\/s3-eu-central-1.amazonaws.com\/printu-blog\/wp-content\/uploads\/2015\/02\/Fotoksi%C4%85%C5%BCka-z-chrztu-%C5%9Bwi%C4%99tego-6-199x300.jpg 199w, https:\/\/s3-eu-central-1.amazonaws.com\/printu-blog\/wp-content\/uploads\/2015\/02\/Fotoksi%C4%85%C5%BCka-z-chrztu-%C5%9Bwi%C4%99tego-6-768x1160.jpg 768w, https:\/\/s3-eu-central-1.amazonaws.com\/printu-blog\/wp-content\/uploads\/2015\/02\/Fotoksi%C4%85%C5%BCka-z-chrztu-%C5%9Bwi%C4%99tego-6-331x500.jpg 331w\" sizes=\"(max-width: 1059px) 100vw, 1059px\" \/> <img decoding=\"async\" class=\"aligncenter  wp-image-3875\" src=\"http:\/\/blog.printu.pl\/wp-content\/uploads\/2015\/02\/Fotoksi\u0105\u017cka-z-chrztu-\u015bwi\u0119tego-7.jpg\" alt=\"Fotoksi\u0105\u017cka z chrztu \u015bwi\u0119tego (7)\" width=\"700\" srcset=\"https:\/\/s3-eu-central-1.amazonaws.com\/printu-blog\/wp-content\/uploads\/2015\/02\/Fotoksi%C4%85%C5%BCka-z-chrztu-%C5%9Bwi%C4%99tego-7.jpg 1059w, https:\/\/s3-eu-central-1.amazonaws.com\/printu-blog\/wp-content\/uploads\/2015\/02\/Fotoksi%C4%85%C5%BCka-z-chrztu-%C5%9Bwi%C4%99tego-7-199x300.jpg 199w, https:\/\/s3-eu-central-1.amazonaws.com\/printu-blog\/wp-content\/uploads\/2015\/02\/Fotoksi%C4%85%C5%BCka-z-chrztu-%C5%9Bwi%C4%99tego-7-768x1160.jpg 768w, https:\/\/s3-eu-central-1.amazonaws.com\/printu-blog\/wp-content\/uploads\/2015\/02\/Fotoksi%C4%85%C5%BCka-z-chrztu-%C5%9Bwi%C4%99tego-7-331x500.jpg 331w\" sizes=\"(max-width: 1059px) 100vw, 1059px\" \/> <img decoding=\"async\" class=\"aligncenter  wp-image-3876\" src=\"http:\/\/blog.printu.pl\/wp-content\/uploads\/2015\/02\/Fotoksi\u0105\u017cka-z-chrztu-\u015bwi\u0119tego-8.jpg\" alt=\"Fotoksi\u0105\u017cka z chrztu \u015bwi\u0119tego (8)\" width=\"700\" srcset=\"https:\/\/s3-eu-central-1.amazonaws.com\/printu-blog\/wp-content\/uploads\/2015\/02\/Fotoksi%C4%85%C5%BCka-z-chrztu-%C5%9Bwi%C4%99tego-8.jpg 1059w, https:\/\/s3-eu-central-1.amazonaws.com\/printu-blog\/wp-content\/uploads\/2015\/02\/Fotoksi%C4%85%C5%BCka-z-chrztu-%C5%9Bwi%C4%99tego-8-199x300.jpg 199w, https:\/\/s3-eu-central-1.amazonaws.com\/printu-blog\/wp-content\/uploads\/2015\/02\/Fotoksi%C4%85%C5%BCka-z-chrztu-%C5%9Bwi%C4%99tego-8-768x1160.jpg 768w, https:\/\/s3-eu-central-1.amazonaws.com\/printu-blog\/wp-content\/uploads\/2015\/02\/Fotoksi%C4%85%C5%BCka-z-chrztu-%C5%9Bwi%C4%99tego-8-331x500.jpg 331w\" sizes=\"(max-width: 1059px) 100vw, 1059px\" \/><\/p>\n","protected":false},"excerpt":{"rendered":"<p>&#8222;Jak wiecie od bardzo dawna zamawiamy fotoksi\u0105\u017cki z\u00a0Printu. Uwielbiamy ich! S\u0105 wiarygodni, na czas zawsze przysy\u0142aj\u0105 zam\u00f3wienia, a do tego sprawiaj\u0105, \u017ce zdj\u0119cia s\u0105 jeszcze pi\u0119kniejsze ni\u017c na komputerze. Jak pami\u0119tacie zdj\u0119cia robi\u0142 m\u00f3j kochany\u00a0Krzysztof Marciniak. Sami zobaczcie kto mia\u0142 najwi\u0119ksz\u0105 przyjemno\u015b\u0107 z ogl\u0105dania&#8221;.<\/p>\n","protected":false},"author":4,"featured_media":0,"comment_status":"open","ping_status":"open","sticky":false,"template":"","format":"standard","meta":[],"categories":[66,143],"tags":[1079,153,826,370,369,1082,851,819,227,1081,1080],"yoast_head":"<!-- This site is optimized with the Yoast SEO plugin v19.13 - https:\/\/yoast.com\/wordpress\/plugins\/seo\/ -->\n<title>Fotoksi\u0105\u017cka z chrzcin - Printu.pl<\/title>\n<meta name=\"robots\" content=\"index, follow, max-snippet:-1, max-image-preview:large, max-video-preview:-1\" \/>\n<link rel=\"canonical\" href=\"https:\/\/printu.pl\/blog\/2015\/02\/26\/fotoksiazka-z-chrzcin\/\" \/>\n<meta property=\"og:locale\" content=\"pl_PL\" \/>\n<meta property=\"og:type\" content=\"article\" \/>\n<meta property=\"og:title\" content=\"Fotoksi\u0105\u017cka z chrzcin - Printu.pl\" \/>\n<meta property=\"og:description\" content=\"&#8222;Jak wiecie od bardzo dawna zamawiamy fotoksi\u0105\u017cki z\u00a0Printu. Uwielbiamy ich! S\u0105 wiarygodni, na czas zawsze przysy\u0142aj\u0105 zam\u00f3wienia, a do tego sprawiaj\u0105, \u017ce zdj\u0119cia s\u0105 jeszcze pi\u0119kniejsze ni\u017c na komputerze. Jak pami\u0119tacie zdj\u0119cia robi\u0142 m\u00f3j kochany\u00a0Krzysztof Marciniak. Sami zobaczcie kto mia\u0142 najwi\u0119ksz\u0105 przyjemno\u015b\u0107 z ogl\u0105dania&#8221;.\" \/>\n<meta property=\"og:url\" content=\"https:\/\/printu.pl\/blog\/2015\/02\/26\/fotoksiazka-z-chrzcin\/\" \/>\n<meta property=\"og:site_name\" content=\"blog\" \/>\n<meta property=\"article:publisher\" content=\"https:\/\/www.facebook.com\/printupl\" \/>\n<meta property=\"article:published_time\" content=\"2015-02-26T16:34:22+00:00\" \/>\n<meta property=\"article:modified_time\" content=\"2015-12-16T10:54:28+00:00\" \/>\n<meta name=\"author\" content=\"Katarzyna\" \/>\n<meta name=\"twitter:card\" content=\"summary_large_image\" \/>\n<meta name=\"twitter:creator\" content=\"@printupl\" \/>\n<meta name=\"twitter:site\" content=\"@printupl\" \/>\n<meta name=\"twitter:label1\" content=\"Napisane przez\" \/>\n\t<meta name=\"twitter:data1\" content=\"Katarzyna\" \/>\n<!-- \/ Yoast SEO plugin. -->","yoast_head_json":{"title":"Fotoksi\u0105\u017cka z chrzcin - Printu.pl","robots":{"index":"index","follow":"follow","max-snippet":"max-snippet:-1","max-image-preview":"max-image-preview:large","max-video-preview":"max-video-preview:-1"},"canonical":"https:\/\/printu.pl\/blog\/2015\/02\/26\/fotoksiazka-z-chrzcin\/","og_locale":"pl_PL","og_type":"article","og_title":"Fotoksi\u0105\u017cka z chrzcin - Printu.pl","og_description":"&#8222;Jak wiecie od bardzo dawna zamawiamy fotoksi\u0105\u017cki z\u00a0Printu. Uwielbiamy ich! S\u0105 wiarygodni, na czas zawsze przysy\u0142aj\u0105 zam\u00f3wienia, a do tego sprawiaj\u0105, \u017ce zdj\u0119cia s\u0105 jeszcze pi\u0119kniejsze ni\u017c na komputerze. Jak pami\u0119tacie zdj\u0119cia robi\u0142 m\u00f3j kochany\u00a0Krzysztof Marciniak. Sami zobaczcie kto mia\u0142 najwi\u0119ksz\u0105 przyjemno\u015b\u0107 z ogl\u0105dania&#8221;.","og_url":"https:\/\/printu.pl\/blog\/2015\/02\/26\/fotoksiazka-z-chrzcin\/","og_site_name":"blog","article_publisher":"https:\/\/www.facebook.com\/printupl","article_published_time":"2015-02-26T16:34:22+00:00","article_modified_time":"2015-12-16T10:54:28+00:00","author":"Katarzyna","twitter_card":"summary_large_image","twitter_creator":"@printupl","twitter_site":"@printupl","twitter_misc":{"Napisane przez":"Katarzyna"},"schema":{"@context":"https:\/\/schema.org","@graph":[{"@type":"Article","@id":"https:\/\/printu.pl\/blog\/2015\/02\/26\/fotoksiazka-z-chrzcin\/#article","isPartOf":{"@id":"https:\/\/printu.pl\/blog\/2015\/02\/26\/fotoksiazka-z-chrzcin\/"},"author":{"name":"Katarzyna","@id":"https:\/\/printu.pl\/blog\/#\/schema\/person\/1552825435ffb2cc058d57ea4dd17e22"},"headline":"Fotoksi\u0105\u017cka z chrzcin","datePublished":"2015-02-26T16:34:22+00:00","dateModified":"2015-12-16T10:54:28+00:00","mainEntityOfPage":{"@id":"https:\/\/printu.pl\/blog\/2015\/02\/26\/fotoksiazka-z-chrzcin\/"},"wordCount":89,"commentCount":0,"publisher":{"@id":"https:\/\/printu.pl\/blog\/#organization"},"keywords":["chrzest \u015bwi\u0119ty","fotoksi\u0105\u017cka na ka\u017cd\u0105 okazj\u0119","fotoksi\u0105\u017cka z chrzcin","fotoksi\u0105\u017cka z chrztu","fotoksi\u0105\u017cka z chrztu \u015bwi\u0119tego","fotoksi\u0105\u017cki chrzest","pomys\u0142 na fotoksi\u0105\u017ck\u0119","pomys\u0142 na fotoksi\u0105\u017ck\u0119 dziecka","przyk\u0142adowe fotoksi\u0105\u017cki","Reporta\u017c z Chrztu \u015awi\u0119tego","zdj\u0119cia z chrztu \u015bwi\u0119tego"],"articleSection":["Inspiracje","Napisali o nas"],"inLanguage":"pl-PL","potentialAction":[{"@type":"CommentAction","name":"Comment","target":["https:\/\/printu.pl\/blog\/2015\/02\/26\/fotoksiazka-z-chrzcin\/#respond"]}]},{"@type":"WebPage","@id":"https:\/\/printu.pl\/blog\/2015\/02\/26\/fotoksiazka-z-chrzcin\/","url":"https:\/\/printu.pl\/blog\/2015\/02\/26\/fotoksiazka-z-chrzcin\/","name":"Fotoksi\u0105\u017cka z chrzcin - Printu.pl","isPartOf":{"@id":"https:\/\/printu.pl\/blog\/#website"},"datePublished":"2015-02-26T16:34:22+00:00","dateModified":"2015-12-16T10:54:28+00:00","breadcrumb":{"@id":"https:\/\/printu.pl\/blog\/2015\/02\/26\/fotoksiazka-z-chrzcin\/#breadcrumb"},"inLanguage":"pl-PL","potentialAction":[{"@type":"ReadAction","target":["https:\/\/printu.pl\/blog\/2015\/02\/26\/fotoksiazka-z-chrzcin\/"]}]},{"@type":"BreadcrumbList","@id":"https:\/\/printu.pl\/blog\/2015\/02\/26\/fotoksiazka-z-chrzcin\/#breadcrumb","itemListElement":[{"@type":"ListItem","position":1,"name":"Strona g\u0142\u00f3wna","item":"https:\/\/printu.pl\/blog\/"},{"@type":"ListItem","position":2,"name":"Fotoksi\u0105\u017cka z chrzcin"}]},{"@type":"WebSite","@id":"https:\/\/printu.pl\/blog\/#website","url":"https:\/\/printu.pl\/blog\/","name":"blog","description":"blog","publisher":{"@id":"https:\/\/printu.pl\/blog\/#organization"},"potentialAction":[{"@type":"SearchAction","target":{"@type":"EntryPoint","urlTemplate":"https:\/\/printu.pl\/blog\/?s={search_term_string}"},"query-input":"required name=search_term_string"}],"inLanguage":"pl-PL"},{"@type":"Organization","@id":"https:\/\/printu.pl\/blog\/#organization","name":"blog","url":"https:\/\/printu.pl\/blog\/","logo":{"@type":"ImageObject","inLanguage":"pl-PL","@id":"https:\/\/printu.pl\/blog\/#\/schema\/logo\/image\/","url":"https:\/\/s3-eu-central-1.amazonaws.com\/printu-blog\/wp-content\/uploads\/2017\/02\/printu-logo.png","contentUrl":"https:\/\/s3-eu-central-1.amazonaws.com\/printu-blog\/wp-content\/uploads\/2017\/02\/printu-logo.png","width":143,"height":34,"caption":" blog"},"image":{"@id":"https:\/\/printu.pl\/blog\/#\/schema\/logo\/image\/"},"sameAs":["https:\/\/instagram.com\/printupl","https:\/\/www.facebook.com\/printupl","https:\/\/twitter.com\/printupl"]},{"@type":"Person","@id":"https:\/\/printu.pl\/blog\/#\/schema\/person\/1552825435ffb2cc058d57ea4dd17e22","name":"Katarzyna","image":{"@type":"ImageObject","inLanguage":"pl-PL","@id":"https:\/\/printu.pl\/blog\/#\/schema\/person\/image\/","url":"https:\/\/secure.gravatar.com\/avatar\/39b1f1f0db1aa82c65afeee9d7610280?s=96&d=mm&r=g","contentUrl":"https:\/\/secure.gravatar.com\/avatar\/39b1f1f0db1aa82c65afeee9d7610280?s=96&d=mm&r=g","caption":"Katarzyna"}}]}},"_links":{"self":[{"href":"https:\/\/printu.pl\/blog\/wp-json\/wp\/v2\/posts\/3868"}],"collection":[{"href":"https:\/\/printu.pl\/blog\/wp-json\/wp\/v2\/posts"}],"about":[{"href":"https:\/\/printu.pl\/blog\/wp-json\/wp\/v2\/types\/post"}],"author":[{"embeddable":true,"href":"https:\/\/printu.pl\/blog\/wp-json\/wp\/v2\/users\/4"}],"replies":[{"embeddable":true,"href":"https:\/\/printu.pl\/blog\/wp-json\/wp\/v2\/comments?post=3868"}],"version-history":[{"count":4,"href":"https:\/\/printu.pl\/blog\/wp-json\/wp\/v2\/posts\/3868\/revisions"}],"predecessor-version":[{"id":6129,"href":"https:\/\/printu.pl\/blog\/wp-json\/wp\/v2\/posts\/3868\/revisions\/6129"}],"wp:attachment":[{"href":"https:\/\/printu.pl\/blog\/wp-json\/wp\/v2\/media?parent=3868"}],"wp:term":[{"taxonomy":"category","embeddable":true,"href":"https:\/\/printu.pl\/blog\/wp-json\/wp\/v2\/categories?post=3868"},{"taxonomy":"post_tag","embeddable":true,"href":"https:\/\/printu.pl\/blog\/wp-json\/wp\/v2\/tags?post=3868"}],"curies":[{"name":"wp","href":"https:\/\/api.w.org\/{rel}","templated":true}]}}