{"id":3892,"date":"2015-01-15T13:53:21","date_gmt":"2015-01-15T12:53:21","guid":{"rendered":"http:\/\/blog.printu.pl\/?p=3892"},"modified":"2015-12-16T11:59:18","modified_gmt":"2015-12-16T10:59:18","slug":"pomysly-na-prezenty-dla-babci-i-dziadka","status":"publish","type":"post","link":"https:\/\/printu.pl\/blog\/2015\/01\/15\/pomysly-na-prezenty-dla-babci-i-dziadka\/","title":{"rendered":"Pomys\u0142y na prezenty dla babci i dziadka"},"content":{"rendered":"<p><iframe loading=\"lazy\" src=\"https:\/\/www.youtube.com\/embed\/aYqYM-bbs_0\" width=\"700\" height=\"400\" frameborder=\"0\" allowfullscreen=\"allowfullscreen\"><\/iframe><\/p>\n<blockquote><p>&#8222;W tym roku, opr\u00f3cz laurek od Wiktorii, zam\u00f3wili\u015bmy ksi\u0105\u017ceczki z firmy <a href=\"http:\/\/printu.pl\" target=\"_blank\">Printu<\/a>, kt\u00f3re bardzo Wam polecam. S\u0105 przepi\u0119kne, sami mo\u017cecie zaprojektowa\u0107 je w domu. Ja jeszcze doda\u0142am par\u0119 wierszyk\u00f3w do tej ksi\u0105\u017ceczki, \u017ceby to by\u0142o w postaci \u017cycze\u0144. Jest tam napisane jaki jest m\u00f3j dziadek, jaka jest moja babcia, jakie \u017cyczenia Wiktoria sk\u0142ada. Na jednej stronie s\u0105 zdj\u0119cia np. babci z Wiktori\u0105 i wierszyk, na drugiej zdj\u0119cia dziadka z Wiktori\u0105 i wierszyk.<\/p>\n<p><!--more-->P\u00f3\u017aniej s\u0105 na przyk\u0142ad same zdj\u0119cia Wiktorii, \u017ceby dziadkowie mieli\u00a0 tak\u0105 pami\u0105tk\u0119. Na stronie g\u0142\u00f3wnej jest napisane \u017ce to jest pami\u0105tka od Wiktorii, ile mia\u0142a wtedy latek, kt\u00f3ry rok. S\u0105dz\u0119, \u017ce dziadkowie na odleg\u0142o\u015b\u0107 &#8211; tak jak w naszym przypadku &#8211; b\u0119d\u0105 mieli prze\u015bliczn\u0105 pami\u0105tk\u0119, b\u0119d\u0105 sobie mogli zagl\u0105da\u0107 codziennie do takiej ksi\u0105\u017ceczki i sobie patrze\u0107 na swoj\u0105 wnusie.\u00a0 Ale nawet dziadkowie, kt\u00f3rzy mieszkaj\u0105 blisko nas te\u017c b\u0119d\u0105 bardzo zadowoleni z takiego prezentu. Jest to te\u017c \u015bwietna pami\u0105tka, je\u015bli chodzi o wesela, urodziny, wyznanie mi\u0142o\u015bci. Taka ksi\u0105\u017cka jest naprawd\u0119 \u015bwietn\u0105 pami\u0105tk\u0105 i bardzo fajnym pomys\u0142em na prezent&#8221;.<\/p><\/blockquote>\n<p>Ania z kana\u0142u\u00a0<a href=\"https:\/\/www.youtube.com\/channel\/UC4yVdQphROQM_bIad1w7HDg\" target=\"_blank\" rel=\"nofollow\">TheKretka2<\/a>\u00a0m\u00f3wi o fotoksi\u0105\u017ckach, kt\u00f3re stworzy\u0142a dla dziadk\u00f3w swojej c\u00f3reczki Victorii. Format fotoksia\u017cek to 20\u00d720 cm, oprawa twarda. Zapraszam do filmiku!<\/p>\n<p>Je\u015bli zbli\u017ca sie jaka\u015b okazja i zastanawiasz si\u0119 <a href=\"http:\/\/blog.printu.pl\/2015\/01\/09\/jaki-prezent-dla-babci-i-dziadka\/\" target=\"_blank\">jaki prezent dla babci i dziadka<\/a> podarowa\u0107, zapraszamy na Printu. Fotoksi\u0105\u017cka to dobry pomys\u0142 na <a href=\"http:\/\/blog.printu.pl\/2015\/01\/28\/fotoksiazka-dla-dziadkow\/\" target=\"_blank\">prezent dla Dziadk\u00f3w<\/a>, poniewa\u017c:<br \/>\n&#8211; b\u0119d\u0105 wiedzie\u0107, \u017ce powsta\u0142 w\u0142a\u015bnie z my\u015bl\u0105 o nich;<br \/>\n&#8211; bardzo lubi\u0105 ogl\u0105da\u0107 zdj\u0119cia najbli\u017cszych;<br \/>\n&#8211; wywo\u0142a u\u015bmiech na ich twarzach i przywo\u0142a mi\u0142e wspomnienia;<br \/>\n&#8211; z ch\u0119ci\u0105 b\u0119d\u0105 wraca\u0107 do takiego pi\u0119knego foto-prezentu;<br \/>\n&#8211; to cenny podarunek, kt\u00f3ry wiele przetrwa i os\u0142odzi im niejeden wiecz\u00f3r;<br \/>\n&#8211; b\u0119dzie to pi\u0119kna forma podzi\u0119kowania za to, \u017ce po prostu s\u0105.<\/p>\n<p>Jesli chcecie, tak jak Ania,urozmaici\u0107 swoj\u0105 fotoksi\u0105\u017ck\u0119, dodajcie do niej <a href=\"http:\/\/blog.printu.pl\/2015\/01\/02\/fotoksiazka-na-dzien-babci\/\" target=\"_blank\">wierszyki dla babci <\/a>i <a href=\"http:\/\/blog.printu.pl\/2015\/01\/02\/fotoksiazka-na-dzien-dziadka\/\" target=\"_blank\">wierszyki dla dziadka<\/a>. A wi\u0119cej informacji o fotoksi\u0105\u017cce dziecka:\u00a0<a href=\"http:\/\/printu.pl\/fotoksiazka\/dzieci\/\" target=\"_blank\">tutaj.<\/a><\/p>\n","protected":false},"excerpt":{"rendered":"<p>&#8222;W tym roku, opr\u00f3cz laurek od Wiktorii, zam\u00f3wili\u015bmy ksi\u0105\u017ceczki z firmy Printu, kt\u00f3re bardzo Wam polecam. S\u0105 przepi\u0119kne, sami mo\u017cecie zaprojektowa\u0107 je w domu. Ja jeszcze doda\u0142am par\u0119 wierszyk\u00f3w do tej ksi\u0105\u017ceczki, \u017ceby to by\u0142o w postaci \u017cycze\u0144. Jest tam napisane jaki jest m\u00f3j dziadek, jaka jest moja babcia, jakie \u017cyczenia Wiktoria sk\u0142ada. Na jednej &hellip;<\/p>\n","protected":false},"author":4,"featured_media":0,"comment_status":"open","ping_status":"open","sticky":false,"template":"","format":"standard","meta":[],"categories":[66,1067],"tags":[1049,1052,1044,1050,1053,460],"yoast_head":"<!-- This site is optimized with the Yoast SEO plugin v19.13 - https:\/\/yoast.com\/wordpress\/plugins\/seo\/ -->\n<title>Pomys\u0142y na prezenty dla babci i dziadka - Printu.pl<\/title>\n<meta name=\"robots\" content=\"index, follow, max-snippet:-1, max-image-preview:large, max-video-preview:-1\" \/>\n<link rel=\"canonical\" href=\"https:\/\/printu.pl\/blog\/2015\/01\/15\/pomysly-na-prezenty-dla-babci-i-dziadka\/\" \/>\n<meta property=\"og:locale\" content=\"pl_PL\" \/>\n<meta property=\"og:type\" content=\"article\" \/>\n<meta property=\"og:title\" content=\"Pomys\u0142y na prezenty dla babci i dziadka - Printu.pl\" \/>\n<meta property=\"og:description\" content=\"&#8222;W tym roku, opr\u00f3cz laurek od Wiktorii, zam\u00f3wili\u015bmy ksi\u0105\u017ceczki z firmy Printu, kt\u00f3re bardzo Wam polecam. S\u0105 przepi\u0119kne, sami mo\u017cecie zaprojektowa\u0107 je w domu. Ja jeszcze doda\u0142am par\u0119 wierszyk\u00f3w do tej ksi\u0105\u017ceczki, \u017ceby to by\u0142o w postaci \u017cycze\u0144. Jest tam napisane jaki jest m\u00f3j dziadek, jaka jest moja babcia, jakie \u017cyczenia Wiktoria sk\u0142ada. Na jednej &hellip;\" \/>\n<meta property=\"og:url\" content=\"https:\/\/printu.pl\/blog\/2015\/01\/15\/pomysly-na-prezenty-dla-babci-i-dziadka\/\" \/>\n<meta property=\"og:site_name\" content=\"blog\" \/>\n<meta property=\"article:publisher\" content=\"https:\/\/www.facebook.com\/printupl\" \/>\n<meta property=\"article:published_time\" content=\"2015-01-15T12:53:21+00:00\" \/>\n<meta property=\"article:modified_time\" content=\"2015-12-16T10:59:18+00:00\" \/>\n<meta name=\"author\" content=\"Katarzyna\" \/>\n<meta name=\"twitter:card\" content=\"summary_large_image\" \/>\n<meta name=\"twitter:creator\" content=\"@printupl\" \/>\n<meta name=\"twitter:site\" content=\"@printupl\" \/>\n<meta name=\"twitter:label1\" content=\"Napisane przez\" \/>\n\t<meta name=\"twitter:data1\" content=\"Katarzyna\" \/>\n\t<meta name=\"twitter:label2\" content=\"Szacowany czas czytania\" \/>\n\t<meta name=\"twitter:data2\" content=\"2 minuty\" \/>\n<!-- \/ Yoast SEO plugin. -->","yoast_head_json":{"title":"Pomys\u0142y na prezenty dla babci i dziadka - Printu.pl","robots":{"index":"index","follow":"follow","max-snippet":"max-snippet:-1","max-image-preview":"max-image-preview:large","max-video-preview":"max-video-preview:-1"},"canonical":"https:\/\/printu.pl\/blog\/2015\/01\/15\/pomysly-na-prezenty-dla-babci-i-dziadka\/","og_locale":"pl_PL","og_type":"article","og_title":"Pomys\u0142y na prezenty dla babci i dziadka - Printu.pl","og_description":"&#8222;W tym roku, opr\u00f3cz laurek od Wiktorii, zam\u00f3wili\u015bmy ksi\u0105\u017ceczki z firmy Printu, kt\u00f3re bardzo Wam polecam. S\u0105 przepi\u0119kne, sami mo\u017cecie zaprojektowa\u0107 je w domu. Ja jeszcze doda\u0142am par\u0119 wierszyk\u00f3w do tej ksi\u0105\u017ceczki, \u017ceby to by\u0142o w postaci \u017cycze\u0144. Jest tam napisane jaki jest m\u00f3j dziadek, jaka jest moja babcia, jakie \u017cyczenia Wiktoria sk\u0142ada. Na jednej &hellip;","og_url":"https:\/\/printu.pl\/blog\/2015\/01\/15\/pomysly-na-prezenty-dla-babci-i-dziadka\/","og_site_name":"blog","article_publisher":"https:\/\/www.facebook.com\/printupl","article_published_time":"2015-01-15T12:53:21+00:00","article_modified_time":"2015-12-16T10:59:18+00:00","author":"Katarzyna","twitter_card":"summary_large_image","twitter_creator":"@printupl","twitter_site":"@printupl","twitter_misc":{"Napisane przez":"Katarzyna","Szacowany czas czytania":"2 minuty"},"schema":{"@context":"https:\/\/schema.org","@graph":[{"@type":"Article","@id":"https:\/\/printu.pl\/blog\/2015\/01\/15\/pomysly-na-prezenty-dla-babci-i-dziadka\/#article","isPartOf":{"@id":"https:\/\/printu.pl\/blog\/2015\/01\/15\/pomysly-na-prezenty-dla-babci-i-dziadka\/"},"author":{"name":"Katarzyna","@id":"https:\/\/printu.pl\/blog\/#\/schema\/person\/1552825435ffb2cc058d57ea4dd17e22"},"headline":"Pomys\u0142y na prezenty dla babci i dziadka","datePublished":"2015-01-15T12:53:21+00:00","dateModified":"2015-12-16T10:59:18+00:00","mainEntityOfPage":{"@id":"https:\/\/printu.pl\/blog\/2015\/01\/15\/pomysly-na-prezenty-dla-babci-i-dziadka\/"},"wordCount":386,"commentCount":0,"publisher":{"@id":"https:\/\/printu.pl\/blog\/#organization"},"keywords":["fotoksi\u0105\u017cka dla Babci","FOTOKSI\u0104\u017bKA DLA dziadka","fotoksi\u0105\u017cka dla dziadk\u00f3w","prezent dla Babci","PREZENT DLA dziadka","prezent dla dziadk\u00f3w"],"articleSection":["Inspiracje","Video"],"inLanguage":"pl-PL","potentialAction":[{"@type":"CommentAction","name":"Comment","target":["https:\/\/printu.pl\/blog\/2015\/01\/15\/pomysly-na-prezenty-dla-babci-i-dziadka\/#respond"]}]},{"@type":"WebPage","@id":"https:\/\/printu.pl\/blog\/2015\/01\/15\/pomysly-na-prezenty-dla-babci-i-dziadka\/","url":"https:\/\/printu.pl\/blog\/2015\/01\/15\/pomysly-na-prezenty-dla-babci-i-dziadka\/","name":"Pomys\u0142y na prezenty dla babci i dziadka - Printu.pl","isPartOf":{"@id":"https:\/\/printu.pl\/blog\/#website"},"datePublished":"2015-01-15T12:53:21+00:00","dateModified":"2015-12-16T10:59:18+00:00","breadcrumb":{"@id":"https:\/\/printu.pl\/blog\/2015\/01\/15\/pomysly-na-prezenty-dla-babci-i-dziadka\/#breadcrumb"},"inLanguage":"pl-PL","potentialAction":[{"@type":"ReadAction","target":["https:\/\/printu.pl\/blog\/2015\/01\/15\/pomysly-na-prezenty-dla-babci-i-dziadka\/"]}]},{"@type":"BreadcrumbList","@id":"https:\/\/printu.pl\/blog\/2015\/01\/15\/pomysly-na-prezenty-dla-babci-i-dziadka\/#breadcrumb","itemListElement":[{"@type":"ListItem","position":1,"name":"Strona g\u0142\u00f3wna","item":"https:\/\/printu.pl\/blog\/"},{"@type":"ListItem","position":2,"name":"Pomys\u0142y na prezenty dla babci i dziadka"}]},{"@type":"WebSite","@id":"https:\/\/printu.pl\/blog\/#website","url":"https:\/\/printu.pl\/blog\/","name":"blog","description":"blog","publisher":{"@id":"https:\/\/printu.pl\/blog\/#organization"},"potentialAction":[{"@type":"SearchAction","target":{"@type":"EntryPoint","urlTemplate":"https:\/\/printu.pl\/blog\/?s={search_term_string}"},"query-input":"required name=search_term_string"}],"inLanguage":"pl-PL"},{"@type":"Organization","@id":"https:\/\/printu.pl\/blog\/#organization","name":"blog","url":"https:\/\/printu.pl\/blog\/","logo":{"@type":"ImageObject","inLanguage":"pl-PL","@id":"https:\/\/printu.pl\/blog\/#\/schema\/logo\/image\/","url":"https:\/\/s3-eu-central-1.amazonaws.com\/printu-blog\/wp-content\/uploads\/2017\/02\/printu-logo.png","contentUrl":"https:\/\/s3-eu-central-1.amazonaws.com\/printu-blog\/wp-content\/uploads\/2017\/02\/printu-logo.png","width":143,"height":34,"caption":" blog"},"image":{"@id":"https:\/\/printu.pl\/blog\/#\/schema\/logo\/image\/"},"sameAs":["https:\/\/instagram.com\/printupl","https:\/\/www.facebook.com\/printupl","https:\/\/twitter.com\/printupl"]},{"@type":"Person","@id":"https:\/\/printu.pl\/blog\/#\/schema\/person\/1552825435ffb2cc058d57ea4dd17e22","name":"Katarzyna","image":{"@type":"ImageObject","inLanguage":"pl-PL","@id":"https:\/\/printu.pl\/blog\/#\/schema\/person\/image\/","url":"https:\/\/secure.gravatar.com\/avatar\/39b1f1f0db1aa82c65afeee9d7610280?s=96&d=mm&r=g","contentUrl":"https:\/\/secure.gravatar.com\/avatar\/39b1f1f0db1aa82c65afeee9d7610280?s=96&d=mm&r=g","caption":"Katarzyna"}}]}},"_links":{"self":[{"href":"https:\/\/printu.pl\/blog\/wp-json\/wp\/v2\/posts\/3892"}],"collection":[{"href":"https:\/\/printu.pl\/blog\/wp-json\/wp\/v2\/posts"}],"about":[{"href":"https:\/\/printu.pl\/blog\/wp-json\/wp\/v2\/types\/post"}],"author":[{"embeddable":true,"href":"https:\/\/printu.pl\/blog\/wp-json\/wp\/v2\/users\/4"}],"replies":[{"embeddable":true,"href":"https:\/\/printu.pl\/blog\/wp-json\/wp\/v2\/comments?post=3892"}],"version-history":[{"count":8,"href":"https:\/\/printu.pl\/blog\/wp-json\/wp\/v2\/posts\/3892\/revisions"}],"predecessor-version":[{"id":6140,"href":"https:\/\/printu.pl\/blog\/wp-json\/wp\/v2\/posts\/3892\/revisions\/6140"}],"wp:attachment":[{"href":"https:\/\/printu.pl\/blog\/wp-json\/wp\/v2\/media?parent=3892"}],"wp:term":[{"taxonomy":"category","embeddable":true,"href":"https:\/\/printu.pl\/blog\/wp-json\/wp\/v2\/categories?post=3892"},{"taxonomy":"post_tag","embeddable":true,"href":"https:\/\/printu.pl\/blog\/wp-json\/wp\/v2\/tags?post=3892"}],"curies":[{"name":"wp","href":"https:\/\/api.w.org\/{rel}","templated":true}]}}