{"id":3913,"date":"2015-02-27T17:46:18","date_gmt":"2015-02-27T16:46:18","guid":{"rendered":"http:\/\/blog.printu.pl\/?p=3913"},"modified":"2015-12-16T11:54:20","modified_gmt":"2015-12-16T10:54:20","slug":"dlaczego-dzieci-lubia-ogladac-zdjecia","status":"publish","type":"post","link":"https:\/\/printu.pl\/blog\/2015\/02\/27\/dlaczego-dzieci-lubia-ogladac-zdjecia\/","title":{"rendered":"Dlaczego dzieci lubi\u0105 ogl\u0105da\u0107 zdj\u0119cia?"},"content":{"rendered":"<blockquote><p><img decoding=\"async\" loading=\"lazy\" class=\"aligncenter  wp-image-3914\" src=\"http:\/\/blog.printu.pl\/wp-content\/uploads\/2015\/02\/Fotoksi\u0105\u017cka-dzieci-z-wakacji.jpg\" alt=\"Fotoksi\u0105\u017cka dzieci z wakacji\" width=\"700\" height=\"350\" srcset=\"https:\/\/s3-eu-central-1.amazonaws.com\/printu-blog\/wp-content\/uploads\/2015\/02\/Fotoksi%C4%85%C5%BCka-dzieci-z-wakacji.jpg 700w, https:\/\/s3-eu-central-1.amazonaws.com\/printu-blog\/wp-content\/uploads\/2015\/02\/Fotoksi%C4%85%C5%BCka-dzieci-z-wakacji-300x150.jpg 300w\" sizes=\"(max-width: 700px) 100vw, 700px\" \/>&#8222;Zabieram si\u0119 sukcesywnie za wywo\u0142ywanie najpi\u0119kniejszych emocji i wspomnie\u0144: miny ch\u0142opak\u00f3w, ich sesje, nasza Lizbona, nasze dzikie i dziksze ucieczki w Polsk\u0119, zdj\u0119cia z tortem z ka\u017cdych urodzin J.J&#8217;a i Nied\u017awiadka, fotki z chrzt\u00f3w i chocia\u017c jedna z ka\u017cdego naszego \u015blubu, zdj\u0119cia ch\u0142opc\u00f3w z babciami i dziadkami, ciociami i wujkami, z kuzynami.<\/p>\n<p><!--more-->Na pierwszy ogie\u0144 poszed\u0142 nasz zesz\u0142oroczny wypad do Bergamo. Zdecydowa\u0142am si\u0119 na kwadratow\u0105 ksi\u0105\u017ck\u0119 30&#215;30. Program do tworzenia fotoksi\u0105\u017cek jest dziecinnie \u0142atwy w obs\u0142udze, a tworzenie fotoksi\u0105\u017cki to przygoda. Najlepsze jednak jest trzymanie jej w d\u0142oniach, przegl\u0105danie i&#8230; zupe\u0142nie nieskromne wzdychanie z zachwytu. Najlepiej gremialnie. Jako\u015b\u0107 jest rewelacyjna: moje zdj\u0119cia wygl\u0105daj\u0105 o niebo lepiej ni\u017c na ekranie laptopa i robi\u0105 zupe\u0142nie inne, g\u0142\u0119bsze wra\u017cenie. Na pewno nie sko\u0144cz\u0119 na jednej ksi\u0105\u017cce&#8221;.<\/p><\/blockquote>\n<p><strong>Zapraszamy do ca\u0142ego wpisu redaktor Agaty z bloga \u201eJJandTheBear\u201d tutaj:\u00a0<a href=\"http:\/\/jjandthebear.blogspot.com\/2015\/01\/do-it.html\" target=\"_blank\">\u201eDo it\u201d<\/a>.<\/strong><\/p>\n<p>A wi\u0119cej zdj\u0119\u0107 fotoksi\u0105\u017cki z wakacji poni\u017cej. Zapraszamy do galerii!<\/p>\n<p style=\"text-align: center;\"><img decoding=\"async\" class=\"aligncenter  wp-image-3915\" src=\"http:\/\/blog.printu.pl\/wp-content\/uploads\/2015\/02\/Fotoksi\u0105\u017cka-dzieci-z-wakacji-1.jpg\" alt=\"Fotoksi\u0105\u017cka dzieci z wakacji (1)\" width=\"700\" srcset=\"https:\/\/s3-eu-central-1.amazonaws.com\/printu-blog\/wp-content\/uploads\/2015\/02\/Fotoksi%C4%85%C5%BCka-dzieci-z-wakacji-1.jpg 800w, https:\/\/s3-eu-central-1.amazonaws.com\/printu-blog\/wp-content\/uploads\/2015\/02\/Fotoksi%C4%85%C5%BCka-dzieci-z-wakacji-1-300x200.jpg 300w, https:\/\/s3-eu-central-1.amazonaws.com\/printu-blog\/wp-content\/uploads\/2015\/02\/Fotoksi%C4%85%C5%BCka-dzieci-z-wakacji-1-768x512.jpg 768w, https:\/\/s3-eu-central-1.amazonaws.com\/printu-blog\/wp-content\/uploads\/2015\/02\/Fotoksi%C4%85%C5%BCka-dzieci-z-wakacji-1-700x466.jpg 700w\" sizes=\"(max-width: 800px) 100vw, 800px\" \/> <img decoding=\"async\" class=\"aligncenter  wp-image-3916\" src=\"http:\/\/blog.printu.pl\/wp-content\/uploads\/2015\/02\/Fotoksi\u0105\u017cka-dzieci-z-wakacji-2.jpg\" alt=\"Fotoksi\u0105\u017cka dzieci z wakacji (2)\" width=\"700\" srcset=\"https:\/\/s3-eu-central-1.amazonaws.com\/printu-blog\/wp-content\/uploads\/2015\/02\/Fotoksi%C4%85%C5%BCka-dzieci-z-wakacji-2.jpg 800w, https:\/\/s3-eu-central-1.amazonaws.com\/printu-blog\/wp-content\/uploads\/2015\/02\/Fotoksi%C4%85%C5%BCka-dzieci-z-wakacji-2-150x150.jpg 150w, https:\/\/s3-eu-central-1.amazonaws.com\/printu-blog\/wp-content\/uploads\/2015\/02\/Fotoksi%C4%85%C5%BCka-dzieci-z-wakacji-2-300x300.jpg 300w, https:\/\/s3-eu-central-1.amazonaws.com\/printu-blog\/wp-content\/uploads\/2015\/02\/Fotoksi%C4%85%C5%BCka-dzieci-z-wakacji-2-768x769.jpg 768w, https:\/\/s3-eu-central-1.amazonaws.com\/printu-blog\/wp-content\/uploads\/2015\/02\/Fotoksi%C4%85%C5%BCka-dzieci-z-wakacji-2-499x500.jpg 499w\" sizes=\"(max-width: 800px) 100vw, 800px\" \/> <img decoding=\"async\" class=\"aligncenter  wp-image-3917\" src=\"http:\/\/blog.printu.pl\/wp-content\/uploads\/2015\/02\/Fotoksi\u0105\u017cka-dzieci-z-wakacji-3.jpg\" alt=\"Fotoksi\u0105\u017cka dzieci z wakacji (3)\" width=\"700\" srcset=\"https:\/\/s3-eu-central-1.amazonaws.com\/printu-blog\/wp-content\/uploads\/2015\/02\/Fotoksi%C4%85%C5%BCka-dzieci-z-wakacji-3.jpg 800w, https:\/\/s3-eu-central-1.amazonaws.com\/printu-blog\/wp-content\/uploads\/2015\/02\/Fotoksi%C4%85%C5%BCka-dzieci-z-wakacji-3-300x199.jpg 300w, https:\/\/s3-eu-central-1.amazonaws.com\/printu-blog\/wp-content\/uploads\/2015\/02\/Fotoksi%C4%85%C5%BCka-dzieci-z-wakacji-3-768x510.jpg 768w, https:\/\/s3-eu-central-1.amazonaws.com\/printu-blog\/wp-content\/uploads\/2015\/02\/Fotoksi%C4%85%C5%BCka-dzieci-z-wakacji-3-700x465.jpg 700w\" sizes=\"(max-width: 800px) 100vw, 800px\" \/> <img decoding=\"async\" class=\"aligncenter  wp-image-3918\" src=\"http:\/\/blog.printu.pl\/wp-content\/uploads\/2015\/02\/Fotoksi\u0105\u017cka-dzieci-z-wakacji-4.jpg\" alt=\"Fotoksi\u0105\u017cka dzieci z wakacji (4)\" width=\"700\" srcset=\"https:\/\/s3-eu-central-1.amazonaws.com\/printu-blog\/wp-content\/uploads\/2015\/02\/Fotoksi%C4%85%C5%BCka-dzieci-z-wakacji-4.jpg 800w, https:\/\/s3-eu-central-1.amazonaws.com\/printu-blog\/wp-content\/uploads\/2015\/02\/Fotoksi%C4%85%C5%BCka-dzieci-z-wakacji-4-300x200.jpg 300w, https:\/\/s3-eu-central-1.amazonaws.com\/printu-blog\/wp-content\/uploads\/2015\/02\/Fotoksi%C4%85%C5%BCka-dzieci-z-wakacji-4-768x511.jpg 768w, https:\/\/s3-eu-central-1.amazonaws.com\/printu-blog\/wp-content\/uploads\/2015\/02\/Fotoksi%C4%85%C5%BCka-dzieci-z-wakacji-4-700x466.jpg 700w\" sizes=\"(max-width: 800px) 100vw, 800px\" \/> <img decoding=\"async\" class=\"aligncenter  wp-image-3919\" src=\"http:\/\/blog.printu.pl\/wp-content\/uploads\/2015\/02\/Fotoksi\u0105\u017cka-dzieci-z-wakacji-5.jpg\" alt=\"Fotoksi\u0105\u017cka dzieci z wakacji (5)\" width=\"700\" srcset=\"https:\/\/s3-eu-central-1.amazonaws.com\/printu-blog\/wp-content\/uploads\/2015\/02\/Fotoksi%C4%85%C5%BCka-dzieci-z-wakacji-5.jpg 800w, https:\/\/s3-eu-central-1.amazonaws.com\/printu-blog\/wp-content\/uploads\/2015\/02\/Fotoksi%C4%85%C5%BCka-dzieci-z-wakacji-5-150x150.jpg 150w, https:\/\/s3-eu-central-1.amazonaws.com\/printu-blog\/wp-content\/uploads\/2015\/02\/Fotoksi%C4%85%C5%BCka-dzieci-z-wakacji-5-300x300.jpg 300w, https:\/\/s3-eu-central-1.amazonaws.com\/printu-blog\/wp-content\/uploads\/2015\/02\/Fotoksi%C4%85%C5%BCka-dzieci-z-wakacji-5-768x769.jpg 768w, https:\/\/s3-eu-central-1.amazonaws.com\/printu-blog\/wp-content\/uploads\/2015\/02\/Fotoksi%C4%85%C5%BCka-dzieci-z-wakacji-5-499x500.jpg 499w\" sizes=\"(max-width: 800px) 100vw, 800px\" \/> <img decoding=\"async\" class=\"aligncenter  wp-image-3920\" src=\"http:\/\/blog.printu.pl\/wp-content\/uploads\/2015\/02\/Fotoksi\u0105\u017cka-dzieci-z-wakacji-6.jpg\" alt=\"Fotoksi\u0105\u017cka dzieci z wakacji (6)\" width=\"700\" srcset=\"https:\/\/s3-eu-central-1.amazonaws.com\/printu-blog\/wp-content\/uploads\/2015\/02\/Fotoksi%C4%85%C5%BCka-dzieci-z-wakacji-6.jpg 800w, https:\/\/s3-eu-central-1.amazonaws.com\/printu-blog\/wp-content\/uploads\/2015\/02\/Fotoksi%C4%85%C5%BCka-dzieci-z-wakacji-6-150x150.jpg 150w, https:\/\/s3-eu-central-1.amazonaws.com\/printu-blog\/wp-content\/uploads\/2015\/02\/Fotoksi%C4%85%C5%BCka-dzieci-z-wakacji-6-300x300.jpg 300w, https:\/\/s3-eu-central-1.amazonaws.com\/printu-blog\/wp-content\/uploads\/2015\/02\/Fotoksi%C4%85%C5%BCka-dzieci-z-wakacji-6-768x769.jpg 768w, https:\/\/s3-eu-central-1.amazonaws.com\/printu-blog\/wp-content\/uploads\/2015\/02\/Fotoksi%C4%85%C5%BCka-dzieci-z-wakacji-6-499x500.jpg 499w\" sizes=\"(max-width: 800px) 100vw, 800px\" \/> <img decoding=\"async\" class=\"aligncenter  wp-image-3921\" src=\"http:\/\/blog.printu.pl\/wp-content\/uploads\/2015\/02\/Fotoksi\u0105\u017cka-dzieci-z-wakacji-7.jpg\" alt=\"Fotoksi\u0105\u017cka dzieci z wakacji (7)\" width=\"700\" srcset=\"https:\/\/s3-eu-central-1.amazonaws.com\/printu-blog\/wp-content\/uploads\/2015\/02\/Fotoksi%C4%85%C5%BCka-dzieci-z-wakacji-7.jpg 800w, https:\/\/s3-eu-central-1.amazonaws.com\/printu-blog\/wp-content\/uploads\/2015\/02\/Fotoksi%C4%85%C5%BCka-dzieci-z-wakacji-7-300x200.jpg 300w, https:\/\/s3-eu-central-1.amazonaws.com\/printu-blog\/wp-content\/uploads\/2015\/02\/Fotoksi%C4%85%C5%BCka-dzieci-z-wakacji-7-768x512.jpg 768w, https:\/\/s3-eu-central-1.amazonaws.com\/printu-blog\/wp-content\/uploads\/2015\/02\/Fotoksi%C4%85%C5%BCka-dzieci-z-wakacji-7-700x466.jpg 700w\" sizes=\"(max-width: 800px) 100vw, 800px\" \/> <img decoding=\"async\" class=\"aligncenter  wp-image-3922\" src=\"http:\/\/blog.printu.pl\/wp-content\/uploads\/2015\/02\/Fotoksi\u0105\u017cka-dzieci-z-wakacji-8.jpg\" alt=\"Fotoksi\u0105\u017cka dzieci z wakacji (8)\" width=\"700\" srcset=\"https:\/\/s3-eu-central-1.amazonaws.com\/printu-blog\/wp-content\/uploads\/2015\/02\/Fotoksi%C4%85%C5%BCka-dzieci-z-wakacji-8.jpg 800w, https:\/\/s3-eu-central-1.amazonaws.com\/printu-blog\/wp-content\/uploads\/2015\/02\/Fotoksi%C4%85%C5%BCka-dzieci-z-wakacji-8-150x150.jpg 150w, https:\/\/s3-eu-central-1.amazonaws.com\/printu-blog\/wp-content\/uploads\/2015\/02\/Fotoksi%C4%85%C5%BCka-dzieci-z-wakacji-8-300x300.jpg 300w, https:\/\/s3-eu-central-1.amazonaws.com\/printu-blog\/wp-content\/uploads\/2015\/02\/Fotoksi%C4%85%C5%BCka-dzieci-z-wakacji-8-768x769.jpg 768w, https:\/\/s3-eu-central-1.amazonaws.com\/printu-blog\/wp-content\/uploads\/2015\/02\/Fotoksi%C4%85%C5%BCka-dzieci-z-wakacji-8-499x500.jpg 499w\" sizes=\"(max-width: 800px) 100vw, 800px\" \/> <img decoding=\"async\" class=\"aligncenter  wp-image-3923\" src=\"http:\/\/blog.printu.pl\/wp-content\/uploads\/2015\/02\/Fotoksi\u0105\u017cka-dzieci-z-wakacji-9.jpg\" alt=\"Fotoksi\u0105\u017cka dzieci z wakacji (9)\" width=\"700\" srcset=\"https:\/\/s3-eu-central-1.amazonaws.com\/printu-blog\/wp-content\/uploads\/2015\/02\/Fotoksi%C4%85%C5%BCka-dzieci-z-wakacji-9.jpg 800w, https:\/\/s3-eu-central-1.amazonaws.com\/printu-blog\/wp-content\/uploads\/2015\/02\/Fotoksi%C4%85%C5%BCka-dzieci-z-wakacji-9-300x200.jpg 300w, https:\/\/s3-eu-central-1.amazonaws.com\/printu-blog\/wp-content\/uploads\/2015\/02\/Fotoksi%C4%85%C5%BCka-dzieci-z-wakacji-9-768x511.jpg 768w, https:\/\/s3-eu-central-1.amazonaws.com\/printu-blog\/wp-content\/uploads\/2015\/02\/Fotoksi%C4%85%C5%BCka-dzieci-z-wakacji-9-700x466.jpg 700w\" sizes=\"(max-width: 800px) 100vw, 800px\" \/> <img decoding=\"async\" class=\"aligncenter  wp-image-3924\" src=\"http:\/\/blog.printu.pl\/wp-content\/uploads\/2015\/02\/Fotoksi\u0105\u017cka-dzieci-z-wakacji-10.jpg\" alt=\"Fotoksi\u0105\u017cka dzieci z wakacji (10)\" width=\"700\" srcset=\"https:\/\/s3-eu-central-1.amazonaws.com\/printu-blog\/wp-content\/uploads\/2015\/02\/Fotoksi%C4%85%C5%BCka-dzieci-z-wakacji-10.jpg 800w, https:\/\/s3-eu-central-1.amazonaws.com\/printu-blog\/wp-content\/uploads\/2015\/02\/Fotoksi%C4%85%C5%BCka-dzieci-z-wakacji-10-150x150.jpg 150w, https:\/\/s3-eu-central-1.amazonaws.com\/printu-blog\/wp-content\/uploads\/2015\/02\/Fotoksi%C4%85%C5%BCka-dzieci-z-wakacji-10-300x300.jpg 300w, https:\/\/s3-eu-central-1.amazonaws.com\/printu-blog\/wp-content\/uploads\/2015\/02\/Fotoksi%C4%85%C5%BCka-dzieci-z-wakacji-10-768x769.jpg 768w, https:\/\/s3-eu-central-1.amazonaws.com\/printu-blog\/wp-content\/uploads\/2015\/02\/Fotoksi%C4%85%C5%BCka-dzieci-z-wakacji-10-499x500.jpg 499w\" sizes=\"(max-width: 800px) 100vw, 800px\" \/> <img decoding=\"async\" class=\"aligncenter  wp-image-3925\" src=\"http:\/\/blog.printu.pl\/wp-content\/uploads\/2015\/02\/Fotoksi\u0105\u017cka-dzieci-z-wakacji-11.jpg\" alt=\"Fotoksi\u0105\u017cka dzieci z wakacji (11)\" width=\"700\" srcset=\"https:\/\/s3-eu-central-1.amazonaws.com\/printu-blog\/wp-content\/uploads\/2015\/02\/Fotoksi%C4%85%C5%BCka-dzieci-z-wakacji-11.jpg 800w, https:\/\/s3-eu-central-1.amazonaws.com\/printu-blog\/wp-content\/uploads\/2015\/02\/Fotoksi%C4%85%C5%BCka-dzieci-z-wakacji-11-300x199.jpg 300w, https:\/\/s3-eu-central-1.amazonaws.com\/printu-blog\/wp-content\/uploads\/2015\/02\/Fotoksi%C4%85%C5%BCka-dzieci-z-wakacji-11-768x510.jpg 768w, https:\/\/s3-eu-central-1.amazonaws.com\/printu-blog\/wp-content\/uploads\/2015\/02\/Fotoksi%C4%85%C5%BCka-dzieci-z-wakacji-11-700x465.jpg 700w\" sizes=\"(max-width: 800px) 100vw, 800px\" \/> <img decoding=\"async\" class=\"aligncenter  wp-image-3926\" src=\"http:\/\/blog.printu.pl\/wp-content\/uploads\/2015\/02\/Fotoksi\u0105\u017cka-dzieci-z-wakacji-12.jpg\" alt=\"Fotoksi\u0105\u017cka dzieci z wakacji (12)\" width=\"700\" srcset=\"https:\/\/s3-eu-central-1.amazonaws.com\/printu-blog\/wp-content\/uploads\/2015\/02\/Fotoksi%C4%85%C5%BCka-dzieci-z-wakacji-12.jpg 800w, https:\/\/s3-eu-central-1.amazonaws.com\/printu-blog\/wp-content\/uploads\/2015\/02\/Fotoksi%C4%85%C5%BCka-dzieci-z-wakacji-12-300x199.jpg 300w, https:\/\/s3-eu-central-1.amazonaws.com\/printu-blog\/wp-content\/uploads\/2015\/02\/Fotoksi%C4%85%C5%BCka-dzieci-z-wakacji-12-768x510.jpg 768w, https:\/\/s3-eu-central-1.amazonaws.com\/printu-blog\/wp-content\/uploads\/2015\/02\/Fotoksi%C4%85%C5%BCka-dzieci-z-wakacji-12-700x465.jpg 700w\" sizes=\"(max-width: 800px) 100vw, 800px\" \/><\/p>\n","protected":false},"excerpt":{"rendered":"<p>&#8222;Zabieram si\u0119 sukcesywnie za wywo\u0142ywanie najpi\u0119kniejszych emocji i wspomnie\u0144: miny ch\u0142opak\u00f3w, ich sesje, nasza Lizbona, nasze dzikie i dziksze ucieczki w Polsk\u0119, zdj\u0119cia z tortem z ka\u017cdych urodzin J.J&#8217;a i Nied\u017awiadka, fotki z chrzt\u00f3w i chocia\u017c jedna z ka\u017cdego naszego \u015blubu, zdj\u0119cia ch\u0142opc\u00f3w z babciami i dziadkami, ciociami i wujkami, z kuzynami.<\/p>\n","protected":false},"author":4,"featured_media":0,"comment_status":"open","ping_status":"open","sticky":false,"template":"","format":"standard","meta":[],"categories":[66,143],"tags":[250,218,91,887,1084,636],"yoast_head":"<!-- This site is optimized with the Yoast SEO plugin v19.13 - https:\/\/yoast.com\/wordpress\/plugins\/seo\/ -->\n<title>Dlaczego dzieci lubi\u0105 ogl\u0105da\u0107 zdj\u0119cia? - Printu.pl<\/title>\n<meta name=\"robots\" content=\"index, follow, max-snippet:-1, max-image-preview:large, max-video-preview:-1\" \/>\n<link rel=\"canonical\" href=\"https:\/\/printu.pl\/blog\/2015\/02\/27\/dlaczego-dzieci-lubia-ogladac-zdjecia\/\" \/>\n<meta property=\"og:locale\" content=\"pl_PL\" \/>\n<meta property=\"og:type\" content=\"article\" \/>\n<meta property=\"og:title\" content=\"Dlaczego dzieci lubi\u0105 ogl\u0105da\u0107 zdj\u0119cia? - Printu.pl\" \/>\n<meta property=\"og:description\" content=\"&#8222;Zabieram si\u0119 sukcesywnie za wywo\u0142ywanie najpi\u0119kniejszych emocji i wspomnie\u0144: miny ch\u0142opak\u00f3w, ich sesje, nasza Lizbona, nasze dzikie i dziksze ucieczki w Polsk\u0119, zdj\u0119cia z tortem z ka\u017cdych urodzin J.J&#8217;a i Nied\u017awiadka, fotki z chrzt\u00f3w i chocia\u017c jedna z ka\u017cdego naszego \u015blubu, zdj\u0119cia ch\u0142opc\u00f3w z babciami i dziadkami, ciociami i wujkami, z kuzynami.\" \/>\n<meta property=\"og:url\" content=\"https:\/\/printu.pl\/blog\/2015\/02\/27\/dlaczego-dzieci-lubia-ogladac-zdjecia\/\" \/>\n<meta property=\"og:site_name\" content=\"blog\" \/>\n<meta property=\"article:publisher\" content=\"https:\/\/www.facebook.com\/printupl\" \/>\n<meta property=\"article:published_time\" content=\"2015-02-27T16:46:18+00:00\" \/>\n<meta property=\"article:modified_time\" content=\"2015-12-16T10:54:20+00:00\" \/>\n<meta name=\"author\" content=\"Katarzyna\" \/>\n<meta name=\"twitter:card\" content=\"summary_large_image\" \/>\n<meta name=\"twitter:creator\" content=\"@printupl\" \/>\n<meta name=\"twitter:site\" content=\"@printupl\" \/>\n<meta name=\"twitter:label1\" content=\"Napisane przez\" \/>\n\t<meta name=\"twitter:data1\" content=\"Katarzyna\" \/>\n\t<meta name=\"twitter:label2\" content=\"Szacowany czas czytania\" \/>\n\t<meta name=\"twitter:data2\" content=\"1 minuta\" \/>\n<!-- \/ Yoast SEO plugin. -->","yoast_head_json":{"title":"Dlaczego dzieci lubi\u0105 ogl\u0105da\u0107 zdj\u0119cia? - Printu.pl","robots":{"index":"index","follow":"follow","max-snippet":"max-snippet:-1","max-image-preview":"max-image-preview:large","max-video-preview":"max-video-preview:-1"},"canonical":"https:\/\/printu.pl\/blog\/2015\/02\/27\/dlaczego-dzieci-lubia-ogladac-zdjecia\/","og_locale":"pl_PL","og_type":"article","og_title":"Dlaczego dzieci lubi\u0105 ogl\u0105da\u0107 zdj\u0119cia? - Printu.pl","og_description":"&#8222;Zabieram si\u0119 sukcesywnie za wywo\u0142ywanie najpi\u0119kniejszych emocji i wspomnie\u0144: miny ch\u0142opak\u00f3w, ich sesje, nasza Lizbona, nasze dzikie i dziksze ucieczki w Polsk\u0119, zdj\u0119cia z tortem z ka\u017cdych urodzin J.J&#8217;a i Nied\u017awiadka, fotki z chrzt\u00f3w i chocia\u017c jedna z ka\u017cdego naszego \u015blubu, zdj\u0119cia ch\u0142opc\u00f3w z babciami i dziadkami, ciociami i wujkami, z kuzynami.","og_url":"https:\/\/printu.pl\/blog\/2015\/02\/27\/dlaczego-dzieci-lubia-ogladac-zdjecia\/","og_site_name":"blog","article_publisher":"https:\/\/www.facebook.com\/printupl","article_published_time":"2015-02-27T16:46:18+00:00","article_modified_time":"2015-12-16T10:54:20+00:00","author":"Katarzyna","twitter_card":"summary_large_image","twitter_creator":"@printupl","twitter_site":"@printupl","twitter_misc":{"Napisane przez":"Katarzyna","Szacowany czas czytania":"1 minuta"},"schema":{"@context":"https:\/\/schema.org","@graph":[{"@type":"Article","@id":"https:\/\/printu.pl\/blog\/2015\/02\/27\/dlaczego-dzieci-lubia-ogladac-zdjecia\/#article","isPartOf":{"@id":"https:\/\/printu.pl\/blog\/2015\/02\/27\/dlaczego-dzieci-lubia-ogladac-zdjecia\/"},"author":{"name":"Katarzyna","@id":"https:\/\/printu.pl\/blog\/#\/schema\/person\/1552825435ffb2cc058d57ea4dd17e22"},"headline":"Dlaczego dzieci lubi\u0105 ogl\u0105da\u0107 zdj\u0119cia?","datePublished":"2015-02-27T16:46:18+00:00","dateModified":"2015-12-16T10:54:20+00:00","mainEntityOfPage":{"@id":"https:\/\/printu.pl\/blog\/2015\/02\/27\/dlaczego-dzieci-lubia-ogladac-zdjecia\/"},"wordCount":185,"commentCount":0,"publisher":{"@id":"https:\/\/printu.pl\/blog\/#organization"},"keywords":["fotoksi\u0105\u017cka dzieci","fotoksi\u0105\u017cka dziecka","fotoksi\u0105\u017cka z wakacji","wakacje","wspomnienia z wakacji","zdj\u0119cia dzieci"],"articleSection":["Inspiracje","Napisali o nas"],"inLanguage":"pl-PL","potentialAction":[{"@type":"CommentAction","name":"Comment","target":["https:\/\/printu.pl\/blog\/2015\/02\/27\/dlaczego-dzieci-lubia-ogladac-zdjecia\/#respond"]}]},{"@type":"WebPage","@id":"https:\/\/printu.pl\/blog\/2015\/02\/27\/dlaczego-dzieci-lubia-ogladac-zdjecia\/","url":"https:\/\/printu.pl\/blog\/2015\/02\/27\/dlaczego-dzieci-lubia-ogladac-zdjecia\/","name":"Dlaczego dzieci lubi\u0105 ogl\u0105da\u0107 zdj\u0119cia? - Printu.pl","isPartOf":{"@id":"https:\/\/printu.pl\/blog\/#website"},"datePublished":"2015-02-27T16:46:18+00:00","dateModified":"2015-12-16T10:54:20+00:00","breadcrumb":{"@id":"https:\/\/printu.pl\/blog\/2015\/02\/27\/dlaczego-dzieci-lubia-ogladac-zdjecia\/#breadcrumb"},"inLanguage":"pl-PL","potentialAction":[{"@type":"ReadAction","target":["https:\/\/printu.pl\/blog\/2015\/02\/27\/dlaczego-dzieci-lubia-ogladac-zdjecia\/"]}]},{"@type":"BreadcrumbList","@id":"https:\/\/printu.pl\/blog\/2015\/02\/27\/dlaczego-dzieci-lubia-ogladac-zdjecia\/#breadcrumb","itemListElement":[{"@type":"ListItem","position":1,"name":"Strona g\u0142\u00f3wna","item":"https:\/\/printu.pl\/blog\/"},{"@type":"ListItem","position":2,"name":"Dlaczego dzieci lubi\u0105 ogl\u0105da\u0107 zdj\u0119cia?"}]},{"@type":"WebSite","@id":"https:\/\/printu.pl\/blog\/#website","url":"https:\/\/printu.pl\/blog\/","name":"blog","description":"blog","publisher":{"@id":"https:\/\/printu.pl\/blog\/#organization"},"potentialAction":[{"@type":"SearchAction","target":{"@type":"EntryPoint","urlTemplate":"https:\/\/printu.pl\/blog\/?s={search_term_string}"},"query-input":"required name=search_term_string"}],"inLanguage":"pl-PL"},{"@type":"Organization","@id":"https:\/\/printu.pl\/blog\/#organization","name":"blog","url":"https:\/\/printu.pl\/blog\/","logo":{"@type":"ImageObject","inLanguage":"pl-PL","@id":"https:\/\/printu.pl\/blog\/#\/schema\/logo\/image\/","url":"https:\/\/s3-eu-central-1.amazonaws.com\/printu-blog\/wp-content\/uploads\/2017\/02\/printu-logo.png","contentUrl":"https:\/\/s3-eu-central-1.amazonaws.com\/printu-blog\/wp-content\/uploads\/2017\/02\/printu-logo.png","width":143,"height":34,"caption":" blog"},"image":{"@id":"https:\/\/printu.pl\/blog\/#\/schema\/logo\/image\/"},"sameAs":["https:\/\/instagram.com\/printupl","https:\/\/www.facebook.com\/printupl","https:\/\/twitter.com\/printupl"]},{"@type":"Person","@id":"https:\/\/printu.pl\/blog\/#\/schema\/person\/1552825435ffb2cc058d57ea4dd17e22","name":"Katarzyna","image":{"@type":"ImageObject","inLanguage":"pl-PL","@id":"https:\/\/printu.pl\/blog\/#\/schema\/person\/image\/","url":"https:\/\/secure.gravatar.com\/avatar\/39b1f1f0db1aa82c65afeee9d7610280?s=96&d=mm&r=g","contentUrl":"https:\/\/secure.gravatar.com\/avatar\/39b1f1f0db1aa82c65afeee9d7610280?s=96&d=mm&r=g","caption":"Katarzyna"}}]}},"_links":{"self":[{"href":"https:\/\/printu.pl\/blog\/wp-json\/wp\/v2\/posts\/3913"}],"collection":[{"href":"https:\/\/printu.pl\/blog\/wp-json\/wp\/v2\/posts"}],"about":[{"href":"https:\/\/printu.pl\/blog\/wp-json\/wp\/v2\/types\/post"}],"author":[{"embeddable":true,"href":"https:\/\/printu.pl\/blog\/wp-json\/wp\/v2\/users\/4"}],"replies":[{"embeddable":true,"href":"https:\/\/printu.pl\/blog\/wp-json\/wp\/v2\/comments?post=3913"}],"version-history":[{"count":3,"href":"https:\/\/printu.pl\/blog\/wp-json\/wp\/v2\/posts\/3913\/revisions"}],"predecessor-version":[{"id":6128,"href":"https:\/\/printu.pl\/blog\/wp-json\/wp\/v2\/posts\/3913\/revisions\/6128"}],"wp:attachment":[{"href":"https:\/\/printu.pl\/blog\/wp-json\/wp\/v2\/media?parent=3913"}],"wp:term":[{"taxonomy":"category","embeddable":true,"href":"https:\/\/printu.pl\/blog\/wp-json\/wp\/v2\/categories?post=3913"},{"taxonomy":"post_tag","embeddable":true,"href":"https:\/\/printu.pl\/blog\/wp-json\/wp\/v2\/tags?post=3913"}],"curies":[{"name":"wp","href":"https:\/\/api.w.org\/{rel}","templated":true}]}}