{"id":3934,"date":"2015-03-02T11:57:31","date_gmt":"2015-03-02T10:57:31","guid":{"rendered":"http:\/\/blog.printu.pl\/?p=3934"},"modified":"2015-12-16T11:54:06","modified_gmt":"2015-12-16T10:54:06","slug":"prezent-dla-dziadkow","status":"publish","type":"post","link":"https:\/\/printu.pl\/blog\/2015\/03\/02\/prezent-dla-dziadkow\/","title":{"rendered":"Prezent dla dziadk\u00f3w"},"content":{"rendered":"<div>\n<blockquote><p><img decoding=\"async\" loading=\"lazy\" class=\"aligncenter  wp-image-3935\" src=\"http:\/\/blog.printu.pl\/wp-content\/uploads\/2015\/03\/Fotoksi\u0105\u017cka-dla-dziadk\u00f3w.jpg\" alt=\"Fotoksi\u0105\u017cka dla dziadk\u00f3w\" width=\"700\" height=\"350\" srcset=\"https:\/\/s3-eu-central-1.amazonaws.com\/printu-blog\/wp-content\/uploads\/2015\/03\/Fotoksi%C4%85%C5%BCka-dla-dziadk%C3%B3w.jpg 700w, https:\/\/s3-eu-central-1.amazonaws.com\/printu-blog\/wp-content\/uploads\/2015\/03\/Fotoksi%C4%85%C5%BCka-dla-dziadk%C3%B3w-300x150.jpg 300w\" sizes=\"(max-width: 700px) 100vw, 700px\" \/>&#8222;Bycie dziadkami to nie lada wyzwanie, naznaczone up\u0142ywaj\u0105cym czasem&#8230; i mam wra\u017cenie, \u017ce &#8222;na staro\u015b\u0107&#8221;, chcia\u0142oby si\u0119 zatrzyma\u0107 ten przemijaj\u0105cy czas na d\u0142u\u017cej&#8230; Nic nie zatrzymuje danej chwili w taki spos\u00f3b jak fotografia. Nasza pami\u0119\u0107 bywa zdradliwa i ograniczona. Nie zawsze, gdy si\u0119gamy do jej szuflad, udaje nam si\u0119 odnale\u017a\u0107 odpowiednie kadry minionego czasu.<\/p>\n<p><!--more-->Fotografia od dawien dawna pozwala nam na uchwycenie i zatrzymanie czasu na d\u0142u\u017cej. Jest no\u015bnikiem wspieraj\u0105cym nasz\u0105 pami\u0119\u0107&#8230; Cz\u0119sto przemyca w sobie to czego nasze oko nie by\u0142o w stanie w danym momencie uchwyci\u0107, a po latach jest cudown\u0105 pami\u0105tk\u0105, przywo\u0142uj\u0105c\u0105 magiczne wspomnienia.<\/p><\/blockquote>\n<\/div>\n<blockquote><p>Rok temu dziadkowie Lei otrzymali pierwsz\u0105 fotoksi\u0105\u017ck\u0119 i po roku, wiem, \u017ce by\u0142 to strza\u0142 w dziesi\u0105tk\u0119 &#8211; poniewa\u017c ksi\u0105\u017cka wci\u0105\u017c jest &#8222;w ruchu&#8221;. Przy ka\u017cdym wi\u0119kszym rodzinnym spotkaniu, urodzinach, imieninach ksi\u0105\u017cka l\u0105duje u kogo\u015b na kolanach &#8211; a dziadkowie z dum\u0105 opowiadaj\u0105 o znajduj\u0105cych si\u0119 w niej zdj\u0119ciach. W t\u0119 wigili\u0119 drudzy dziadkowie otrzymali swoj\u0105 <a href=\"http:\/\/printu.pl\/\" target=\"_blank\">fotoksi\u0105\u017ck\u0119<\/a> i mam nadziej\u0119, \u017ce s\u0105 nie mniej zadowoleni.<\/p>\n<p>Ja osobi\u015bcie musz\u0119 pochwali\u0107 jako\u015b\u0107 i wykonanie ksi\u0105\u017cki, oraz fakt, \u017ce poprzez prosty program jeste\u015bmy w stanie sami stworzy\u0107 tak\u0105 ksi\u0105\u017ck\u0119, wykorzystuj\u0105c do tego mnogo\u015b\u0107 uk\u0142ad\u00f3w, styl\u00f3w, czcionek i opcji edycji zdj\u0119\u0107. \u00a0Ogranicza nas tylko i wy\u0142\u0105cznie nasza wyobra\u017ania i czas, kt\u00f3ry jeste\u015bmy w stanie po\u015bwi\u0119ci\u0107 &#8211; bo tworzenie\/kreowanie takiej ksi\u0105\u017cki jest strasznie wci\u0105gaj\u0105ce, zw\u0142aszcza, gdy chce si\u0119, aby by\u0142a wyj\u0105tkowa! Ju\u017c nie m\u00f3wi\u0105c o tym, \u017ce zmusza nas do przewertowania setek czy tysi\u0119cy zdj\u0119\u0107, kt\u00f3re znajduj\u0105 si\u0119 na naszym dysku&#8221;.<\/p><\/blockquote>\n<div>\n<p><strong>Zapraszamy do ca\u0142ego wpisu redaktor Angeliki z bloga \u201eMama Granda\u201d tutaj:\u00a0<a href=\"http:\/\/www.mama-granda.pl\/2015\/01\/prezent-na-dzien-babci-i-dziadka.html\" target=\"_blank\">\u201ePrezent na dzie\u0144 babci i dziadka\u201d<\/a>.<\/strong><\/p>\n<\/div>\n<div>\n<p>Pami\u0119tajcie, by dzie\u0144 babci i dziadka obchodzi\u0107 codziennie, sp\u0119dzi\u0107 troch\u0119 czasu z kochanymi osobami, przytuli\u0107, powiedzie\u0107 dobre s\u0142owo, i\u015b\u0107 na spacer, zadzwoni\u0107, je\u015bli mieszkamy daleko. A je\u015bli zbli\u017ca si\u0119 jaka\u015b okazja, warto po\u015bwi\u0119ci\u0107 troch\u0119 czasu, wybra\u0107 zdj\u0119cia i stworzy\u0107 dla dziadk\u00f3w fotoksi\u0105\u017ck\u0119, by mogli mie\u0107 <a href=\"http:\/\/blog.printu.pl\/category\/inspiracje\/\" target=\"_blank\">pi\u0119kne wspomnienia<\/a> zawsze w zasi\u0119gu r\u0119ki.<\/p>\n<p>A po wi\u0119cej zdj\u0119\u0107 z wr\u0119czenia fotoksi\u0105\u017cki dziadkom, zapraszam poni\u017cej.<\/p>\n<p style=\"text-align: center;\"><img decoding=\"async\" class=\"aligncenter  wp-image-3936\" src=\"http:\/\/blog.printu.pl\/wp-content\/uploads\/2015\/03\/Fotoksi\u0105\u017cka-dla-dziadk\u00f3w-1.jpg\" alt=\"Fotoksi\u0105\u017cka dla dziadk\u00f3w (1)\" width=\"700\" srcset=\"https:\/\/s3-eu-central-1.amazonaws.com\/printu-blog\/wp-content\/uploads\/2015\/03\/Fotoksi%C4%85%C5%BCka-dla-dziadk%C3%B3w-1.jpg 1600w, https:\/\/s3-eu-central-1.amazonaws.com\/printu-blog\/wp-content\/uploads\/2015\/03\/Fotoksi%C4%85%C5%BCka-dla-dziadk%C3%B3w-1-300x225.jpg 300w, https:\/\/s3-eu-central-1.amazonaws.com\/printu-blog\/wp-content\/uploads\/2015\/03\/Fotoksi%C4%85%C5%BCka-dla-dziadk%C3%B3w-1-768x576.jpg 768w, https:\/\/s3-eu-central-1.amazonaws.com\/printu-blog\/wp-content\/uploads\/2015\/03\/Fotoksi%C4%85%C5%BCka-dla-dziadk%C3%B3w-1-667x500.jpg 667w\" sizes=\"(max-width: 1600px) 100vw, 1600px\" \/> <img decoding=\"async\" class=\"aligncenter  wp-image-3937\" src=\"http:\/\/blog.printu.pl\/wp-content\/uploads\/2015\/03\/Fotoksi\u0105\u017cka-dla-dziadk\u00f3w-2.jpg\" alt=\"Fotoksi\u0105\u017cka dla dziadk\u00f3w (2)\" width=\"700\" srcset=\"https:\/\/s3-eu-central-1.amazonaws.com\/printu-blog\/wp-content\/uploads\/2015\/03\/Fotoksi%C4%85%C5%BCka-dla-dziadk%C3%B3w-2.jpg 1200w, https:\/\/s3-eu-central-1.amazonaws.com\/printu-blog\/wp-content\/uploads\/2015\/03\/Fotoksi%C4%85%C5%BCka-dla-dziadk%C3%B3w-2-225x300.jpg 225w, https:\/\/s3-eu-central-1.amazonaws.com\/printu-blog\/wp-content\/uploads\/2015\/03\/Fotoksi%C4%85%C5%BCka-dla-dziadk%C3%B3w-2-768x1024.jpg 768w, https:\/\/s3-eu-central-1.amazonaws.com\/printu-blog\/wp-content\/uploads\/2015\/03\/Fotoksi%C4%85%C5%BCka-dla-dziadk%C3%B3w-2-375x500.jpg 375w\" sizes=\"(max-width: 1200px) 100vw, 1200px\" \/> <img decoding=\"async\" class=\"aligncenter  wp-image-3938\" src=\"http:\/\/blog.printu.pl\/wp-content\/uploads\/2015\/03\/Fotoksi\u0105\u017cka-dla-dziadk\u00f3w-3.jpg\" alt=\"Fotoksi\u0105\u017cka dla dziadk\u00f3w (3)\" width=\"700\" srcset=\"https:\/\/s3-eu-central-1.amazonaws.com\/printu-blog\/wp-content\/uploads\/2015\/03\/Fotoksi%C4%85%C5%BCka-dla-dziadk%C3%B3w-3.jpg 1200w, https:\/\/s3-eu-central-1.amazonaws.com\/printu-blog\/wp-content\/uploads\/2015\/03\/Fotoksi%C4%85%C5%BCka-dla-dziadk%C3%B3w-3-225x300.jpg 225w, https:\/\/s3-eu-central-1.amazonaws.com\/printu-blog\/wp-content\/uploads\/2015\/03\/Fotoksi%C4%85%C5%BCka-dla-dziadk%C3%B3w-3-768x1024.jpg 768w, https:\/\/s3-eu-central-1.amazonaws.com\/printu-blog\/wp-content\/uploads\/2015\/03\/Fotoksi%C4%85%C5%BCka-dla-dziadk%C3%B3w-3-375x500.jpg 375w\" sizes=\"(max-width: 1200px) 100vw, 1200px\" \/> <img decoding=\"async\" class=\"aligncenter  wp-image-3939\" src=\"http:\/\/blog.printu.pl\/wp-content\/uploads\/2015\/03\/Fotoksi\u0105\u017cka-dla-dziadk\u00f3w-4.jpg\" alt=\"Fotoksi\u0105\u017cka dla dziadk\u00f3w (4)\" width=\"700\" srcset=\"https:\/\/s3-eu-central-1.amazonaws.com\/printu-blog\/wp-content\/uploads\/2015\/03\/Fotoksi%C4%85%C5%BCka-dla-dziadk%C3%B3w-4.jpg 1449w, https:\/\/s3-eu-central-1.amazonaws.com\/printu-blog\/wp-content\/uploads\/2015\/03\/Fotoksi%C4%85%C5%BCka-dla-dziadk%C3%B3w-4-272x300.jpg 272w, https:\/\/s3-eu-central-1.amazonaws.com\/printu-blog\/wp-content\/uploads\/2015\/03\/Fotoksi%C4%85%C5%BCka-dla-dziadk%C3%B3w-4-768x848.jpg 768w, https:\/\/s3-eu-central-1.amazonaws.com\/printu-blog\/wp-content\/uploads\/2015\/03\/Fotoksi%C4%85%C5%BCka-dla-dziadk%C3%B3w-4-453x500.jpg 453w\" sizes=\"(max-width: 1449px) 100vw, 1449px\" \/> <img decoding=\"async\" class=\"aligncenter  wp-image-3940\" src=\"http:\/\/blog.printu.pl\/wp-content\/uploads\/2015\/03\/Fotoksi\u0105\u017cka-dla-dziadk\u00f3w-5.jpg\" alt=\"Fotoksi\u0105\u017cka dla dziadk\u00f3w (5)\" width=\"700\" srcset=\"https:\/\/s3-eu-central-1.amazonaws.com\/printu-blog\/wp-content\/uploads\/2015\/03\/Fotoksi%C4%85%C5%BCka-dla-dziadk%C3%B3w-5.jpg 1600w, https:\/\/s3-eu-central-1.amazonaws.com\/printu-blog\/wp-content\/uploads\/2015\/03\/Fotoksi%C4%85%C5%BCka-dla-dziadk%C3%B3w-5-300x225.jpg 300w, https:\/\/s3-eu-central-1.amazonaws.com\/printu-blog\/wp-content\/uploads\/2015\/03\/Fotoksi%C4%85%C5%BCka-dla-dziadk%C3%B3w-5-768x576.jpg 768w, https:\/\/s3-eu-central-1.amazonaws.com\/printu-blog\/wp-content\/uploads\/2015\/03\/Fotoksi%C4%85%C5%BCka-dla-dziadk%C3%B3w-5-667x500.jpg 667w\" sizes=\"(max-width: 1600px) 100vw, 1600px\" \/> <img decoding=\"async\" class=\"aligncenter  wp-image-3941\" src=\"http:\/\/blog.printu.pl\/wp-content\/uploads\/2015\/03\/Fotoksi\u0105\u017cka-dla-dziadk\u00f3w-6.jpg\" alt=\"Fotoksi\u0105\u017cka dla dziadk\u00f3w (6)\" width=\"700\" srcset=\"https:\/\/s3-eu-central-1.amazonaws.com\/printu-blog\/wp-content\/uploads\/2015\/03\/Fotoksi%C4%85%C5%BCka-dla-dziadk%C3%B3w-6.jpg 1200w, https:\/\/s3-eu-central-1.amazonaws.com\/printu-blog\/wp-content\/uploads\/2015\/03\/Fotoksi%C4%85%C5%BCka-dla-dziadk%C3%B3w-6-225x300.jpg 225w, https:\/\/s3-eu-central-1.amazonaws.com\/printu-blog\/wp-content\/uploads\/2015\/03\/Fotoksi%C4%85%C5%BCka-dla-dziadk%C3%B3w-6-768x1024.jpg 768w, https:\/\/s3-eu-central-1.amazonaws.com\/printu-blog\/wp-content\/uploads\/2015\/03\/Fotoksi%C4%85%C5%BCka-dla-dziadk%C3%B3w-6-375x500.jpg 375w\" sizes=\"(max-width: 1200px) 100vw, 1200px\" \/> <img decoding=\"async\" class=\"aligncenter  wp-image-3942\" src=\"http:\/\/blog.printu.pl\/wp-content\/uploads\/2015\/03\/Fotoksi\u0105\u017cka-dla-dziadk\u00f3w-7.jpg\" alt=\"Fotoksi\u0105\u017cka dla dziadk\u00f3w (7)\" width=\"700\" srcset=\"https:\/\/s3-eu-central-1.amazonaws.com\/printu-blog\/wp-content\/uploads\/2015\/03\/Fotoksi%C4%85%C5%BCka-dla-dziadk%C3%B3w-7.jpg 1200w, https:\/\/s3-eu-central-1.amazonaws.com\/printu-blog\/wp-content\/uploads\/2015\/03\/Fotoksi%C4%85%C5%BCka-dla-dziadk%C3%B3w-7-225x300.jpg 225w, https:\/\/s3-eu-central-1.amazonaws.com\/printu-blog\/wp-content\/uploads\/2015\/03\/Fotoksi%C4%85%C5%BCka-dla-dziadk%C3%B3w-7-768x1024.jpg 768w, https:\/\/s3-eu-central-1.amazonaws.com\/printu-blog\/wp-content\/uploads\/2015\/03\/Fotoksi%C4%85%C5%BCka-dla-dziadk%C3%B3w-7-375x500.jpg 375w\" sizes=\"(max-width: 1200px) 100vw, 1200px\" \/> <img decoding=\"async\" class=\"aligncenter  wp-image-3943\" src=\"http:\/\/blog.printu.pl\/wp-content\/uploads\/2015\/03\/Fotoksi\u0105\u017cka-dla-dziadk\u00f3w-8.jpg\" alt=\"Fotoksi\u0105\u017cka dla dziadk\u00f3w (8)\" width=\"700\" srcset=\"https:\/\/s3-eu-central-1.amazonaws.com\/printu-blog\/wp-content\/uploads\/2015\/03\/Fotoksi%C4%85%C5%BCka-dla-dziadk%C3%B3w-8.jpg 1200w, https:\/\/s3-eu-central-1.amazonaws.com\/printu-blog\/wp-content\/uploads\/2015\/03\/Fotoksi%C4%85%C5%BCka-dla-dziadk%C3%B3w-8-225x300.jpg 225w, https:\/\/s3-eu-central-1.amazonaws.com\/printu-blog\/wp-content\/uploads\/2015\/03\/Fotoksi%C4%85%C5%BCka-dla-dziadk%C3%B3w-8-768x1024.jpg 768w, https:\/\/s3-eu-central-1.amazonaws.com\/printu-blog\/wp-content\/uploads\/2015\/03\/Fotoksi%C4%85%C5%BCka-dla-dziadk%C3%B3w-8-375x500.jpg 375w\" sizes=\"(max-width: 1200px) 100vw, 1200px\" \/> <img decoding=\"async\" class=\"aligncenter  wp-image-3944\" src=\"http:\/\/blog.printu.pl\/wp-content\/uploads\/2015\/03\/Fotoksi\u0105\u017cka-dla-dziadk\u00f3w-9.jpg\" alt=\"Fotoksi\u0105\u017cka dla dziadk\u00f3w (9)\" width=\"700\" srcset=\"https:\/\/s3-eu-central-1.amazonaws.com\/printu-blog\/wp-content\/uploads\/2015\/03\/Fotoksi%C4%85%C5%BCka-dla-dziadk%C3%B3w-9.jpg 1200w, https:\/\/s3-eu-central-1.amazonaws.com\/printu-blog\/wp-content\/uploads\/2015\/03\/Fotoksi%C4%85%C5%BCka-dla-dziadk%C3%B3w-9-225x300.jpg 225w, https:\/\/s3-eu-central-1.amazonaws.com\/printu-blog\/wp-content\/uploads\/2015\/03\/Fotoksi%C4%85%C5%BCka-dla-dziadk%C3%B3w-9-768x1024.jpg 768w, https:\/\/s3-eu-central-1.amazonaws.com\/printu-blog\/wp-content\/uploads\/2015\/03\/Fotoksi%C4%85%C5%BCka-dla-dziadk%C3%B3w-9-375x500.jpg 375w\" sizes=\"(max-width: 1200px) 100vw, 1200px\" \/> <img decoding=\"async\" class=\"aligncenter  wp-image-3945\" src=\"http:\/\/blog.printu.pl\/wp-content\/uploads\/2015\/03\/Fotoksi\u0105\u017cka-dla-dziadk\u00f3w-10.jpg\" alt=\"Fotoksi\u0105\u017cka dla dziadk\u00f3w (10)\" width=\"700\" srcset=\"https:\/\/s3-eu-central-1.amazonaws.com\/printu-blog\/wp-content\/uploads\/2015\/03\/Fotoksi%C4%85%C5%BCka-dla-dziadk%C3%B3w-10.jpg 1200w, https:\/\/s3-eu-central-1.amazonaws.com\/printu-blog\/wp-content\/uploads\/2015\/03\/Fotoksi%C4%85%C5%BCka-dla-dziadk%C3%B3w-10-225x300.jpg 225w, https:\/\/s3-eu-central-1.amazonaws.com\/printu-blog\/wp-content\/uploads\/2015\/03\/Fotoksi%C4%85%C5%BCka-dla-dziadk%C3%B3w-10-768x1024.jpg 768w, https:\/\/s3-eu-central-1.amazonaws.com\/printu-blog\/wp-content\/uploads\/2015\/03\/Fotoksi%C4%85%C5%BCka-dla-dziadk%C3%B3w-10-375x500.jpg 375w\" sizes=\"(max-width: 1200px) 100vw, 1200px\" \/> <img decoding=\"async\" class=\"aligncenter  wp-image-3946\" src=\"http:\/\/blog.printu.pl\/wp-content\/uploads\/2015\/03\/Fotoksi\u0105\u017cka-dla-dziadk\u00f3w-11.jpg\" alt=\"Fotoksi\u0105\u017cka dla dziadk\u00f3w (11)\" width=\"700\" srcset=\"https:\/\/s3-eu-central-1.amazonaws.com\/printu-blog\/wp-content\/uploads\/2015\/03\/Fotoksi%C4%85%C5%BCka-dla-dziadk%C3%B3w-11.jpg 1200w, https:\/\/s3-eu-central-1.amazonaws.com\/printu-blog\/wp-content\/uploads\/2015\/03\/Fotoksi%C4%85%C5%BCka-dla-dziadk%C3%B3w-11-225x300.jpg 225w, https:\/\/s3-eu-central-1.amazonaws.com\/printu-blog\/wp-content\/uploads\/2015\/03\/Fotoksi%C4%85%C5%BCka-dla-dziadk%C3%B3w-11-768x1024.jpg 768w, https:\/\/s3-eu-central-1.amazonaws.com\/printu-blog\/wp-content\/uploads\/2015\/03\/Fotoksi%C4%85%C5%BCka-dla-dziadk%C3%B3w-11-375x500.jpg 375w\" sizes=\"(max-width: 1200px) 100vw, 1200px\" \/> <img decoding=\"async\" class=\"aligncenter  wp-image-3947\" src=\"http:\/\/blog.printu.pl\/wp-content\/uploads\/2015\/03\/Fotoksi\u0105\u017cka-dla-dziadk\u00f3w-12.jpg\" alt=\"Fotoksi\u0105\u017cka dla dziadk\u00f3w (12)\" width=\"700\" srcset=\"https:\/\/s3-eu-central-1.amazonaws.com\/printu-blog\/wp-content\/uploads\/2015\/03\/Fotoksi%C4%85%C5%BCka-dla-dziadk%C3%B3w-12.jpg 1200w, https:\/\/s3-eu-central-1.amazonaws.com\/printu-blog\/wp-content\/uploads\/2015\/03\/Fotoksi%C4%85%C5%BCka-dla-dziadk%C3%B3w-12-225x300.jpg 225w, https:\/\/s3-eu-central-1.amazonaws.com\/printu-blog\/wp-content\/uploads\/2015\/03\/Fotoksi%C4%85%C5%BCka-dla-dziadk%C3%B3w-12-768x1024.jpg 768w, https:\/\/s3-eu-central-1.amazonaws.com\/printu-blog\/wp-content\/uploads\/2015\/03\/Fotoksi%C4%85%C5%BCka-dla-dziadk%C3%B3w-12-375x500.jpg 375w\" sizes=\"(max-width: 1200px) 100vw, 1200px\" \/> <img decoding=\"async\" class=\"aligncenter  wp-image-3948\" src=\"http:\/\/blog.printu.pl\/wp-content\/uploads\/2015\/03\/Fotoksi\u0105\u017cka-dla-dziadk\u00f3w-13.jpg\" alt=\"Fotoksi\u0105\u017cka dla dziadk\u00f3w (13)\" width=\"700\" srcset=\"https:\/\/s3-eu-central-1.amazonaws.com\/printu-blog\/wp-content\/uploads\/2015\/03\/Fotoksi%C4%85%C5%BCka-dla-dziadk%C3%B3w-13.jpg 1200w, https:\/\/s3-eu-central-1.amazonaws.com\/printu-blog\/wp-content\/uploads\/2015\/03\/Fotoksi%C4%85%C5%BCka-dla-dziadk%C3%B3w-13-225x300.jpg 225w, https:\/\/s3-eu-central-1.amazonaws.com\/printu-blog\/wp-content\/uploads\/2015\/03\/Fotoksi%C4%85%C5%BCka-dla-dziadk%C3%B3w-13-768x1024.jpg 768w, https:\/\/s3-eu-central-1.amazonaws.com\/printu-blog\/wp-content\/uploads\/2015\/03\/Fotoksi%C4%85%C5%BCka-dla-dziadk%C3%B3w-13-375x500.jpg 375w\" sizes=\"(max-width: 1200px) 100vw, 1200px\" \/><\/p>\n<\/div>\n","protected":false},"excerpt":{"rendered":"<p>&#8222;Bycie dziadkami to nie lada wyzwanie, naznaczone up\u0142ywaj\u0105cym czasem&#8230; i mam wra\u017cenie, \u017ce &#8222;na staro\u015b\u0107&#8221;, chcia\u0142oby si\u0119 zatrzyma\u0107 ten przemijaj\u0105cy czas na d\u0142u\u017cej&#8230; Nic nie zatrzymuje danej chwili w taki spos\u00f3b jak fotografia. Nasza pami\u0119\u0107 bywa zdradliwa i ograniczona. Nie zawsze, gdy si\u0119gamy do jej szuflad, udaje nam si\u0119 odnale\u017a\u0107 odpowiednie kadry minionego czasu.<\/p>\n","protected":false},"author":4,"featured_media":0,"comment_status":"open","ping_status":"open","sticky":false,"template":"","format":"standard","meta":[],"categories":[66,143],"tags":[1049,1090,1052,1044,461,460],"yoast_head":"<!-- This site is optimized with the Yoast SEO plugin v19.13 - https:\/\/yoast.com\/wordpress\/plugins\/seo\/ -->\n<title>Prezent dla dziadk\u00f3w - Printu.pl<\/title>\n<meta name=\"robots\" content=\"index, follow, max-snippet:-1, max-image-preview:large, max-video-preview:-1\" \/>\n<link rel=\"canonical\" href=\"https:\/\/printu.pl\/blog\/2015\/03\/02\/prezent-dla-dziadkow\/\" \/>\n<meta property=\"og:locale\" content=\"pl_PL\" \/>\n<meta property=\"og:type\" content=\"article\" \/>\n<meta property=\"og:title\" content=\"Prezent dla dziadk\u00f3w - Printu.pl\" \/>\n<meta property=\"og:description\" content=\"&#8222;Bycie dziadkami to nie lada wyzwanie, naznaczone up\u0142ywaj\u0105cym czasem&#8230; i mam wra\u017cenie, \u017ce &#8222;na staro\u015b\u0107&#8221;, chcia\u0142oby si\u0119 zatrzyma\u0107 ten przemijaj\u0105cy czas na d\u0142u\u017cej&#8230; Nic nie zatrzymuje danej chwili w taki spos\u00f3b jak fotografia. Nasza pami\u0119\u0107 bywa zdradliwa i ograniczona. Nie zawsze, gdy si\u0119gamy do jej szuflad, udaje nam si\u0119 odnale\u017a\u0107 odpowiednie kadry minionego czasu.\" \/>\n<meta property=\"og:url\" content=\"https:\/\/printu.pl\/blog\/2015\/03\/02\/prezent-dla-dziadkow\/\" \/>\n<meta property=\"og:site_name\" content=\"blog\" \/>\n<meta property=\"article:publisher\" content=\"https:\/\/www.facebook.com\/printupl\" \/>\n<meta property=\"article:published_time\" content=\"2015-03-02T10:57:31+00:00\" \/>\n<meta property=\"article:modified_time\" content=\"2015-12-16T10:54:06+00:00\" \/>\n<meta name=\"author\" content=\"Katarzyna\" \/>\n<meta name=\"twitter:card\" content=\"summary_large_image\" \/>\n<meta name=\"twitter:creator\" content=\"@printupl\" \/>\n<meta name=\"twitter:site\" content=\"@printupl\" \/>\n<meta name=\"twitter:label1\" content=\"Napisane przez\" \/>\n\t<meta name=\"twitter:data1\" content=\"Katarzyna\" \/>\n\t<meta name=\"twitter:label2\" content=\"Szacowany czas czytania\" \/>\n\t<meta name=\"twitter:data2\" content=\"2 minuty\" \/>\n<!-- \/ Yoast SEO plugin. -->","yoast_head_json":{"title":"Prezent dla dziadk\u00f3w - Printu.pl","robots":{"index":"index","follow":"follow","max-snippet":"max-snippet:-1","max-image-preview":"max-image-preview:large","max-video-preview":"max-video-preview:-1"},"canonical":"https:\/\/printu.pl\/blog\/2015\/03\/02\/prezent-dla-dziadkow\/","og_locale":"pl_PL","og_type":"article","og_title":"Prezent dla dziadk\u00f3w - Printu.pl","og_description":"&#8222;Bycie dziadkami to nie lada wyzwanie, naznaczone up\u0142ywaj\u0105cym czasem&#8230; i mam wra\u017cenie, \u017ce &#8222;na staro\u015b\u0107&#8221;, chcia\u0142oby si\u0119 zatrzyma\u0107 ten przemijaj\u0105cy czas na d\u0142u\u017cej&#8230; Nic nie zatrzymuje danej chwili w taki spos\u00f3b jak fotografia. Nasza pami\u0119\u0107 bywa zdradliwa i ograniczona. Nie zawsze, gdy si\u0119gamy do jej szuflad, udaje nam si\u0119 odnale\u017a\u0107 odpowiednie kadry minionego czasu.","og_url":"https:\/\/printu.pl\/blog\/2015\/03\/02\/prezent-dla-dziadkow\/","og_site_name":"blog","article_publisher":"https:\/\/www.facebook.com\/printupl","article_published_time":"2015-03-02T10:57:31+00:00","article_modified_time":"2015-12-16T10:54:06+00:00","author":"Katarzyna","twitter_card":"summary_large_image","twitter_creator":"@printupl","twitter_site":"@printupl","twitter_misc":{"Napisane przez":"Katarzyna","Szacowany czas czytania":"2 minuty"},"schema":{"@context":"https:\/\/schema.org","@graph":[{"@type":"Article","@id":"https:\/\/printu.pl\/blog\/2015\/03\/02\/prezent-dla-dziadkow\/#article","isPartOf":{"@id":"https:\/\/printu.pl\/blog\/2015\/03\/02\/prezent-dla-dziadkow\/"},"author":{"name":"Katarzyna","@id":"https:\/\/printu.pl\/blog\/#\/schema\/person\/1552825435ffb2cc058d57ea4dd17e22"},"headline":"Prezent dla dziadk\u00f3w","datePublished":"2015-03-02T10:57:31+00:00","dateModified":"2015-12-16T10:54:06+00:00","mainEntityOfPage":{"@id":"https:\/\/printu.pl\/blog\/2015\/03\/02\/prezent-dla-dziadkow\/"},"wordCount":397,"commentCount":0,"publisher":{"@id":"https:\/\/printu.pl\/blog\/#organization"},"keywords":["fotoksi\u0105\u017cka dla Babci","fotoksi\u0105\u017cka dla babci i dziadka","FOTOKSI\u0104\u017bKA DLA dziadka","fotoksi\u0105\u017cka dla dziadk\u00f3w","jaki prezent dla dziadk\u00f3w","prezent dla dziadk\u00f3w"],"articleSection":["Inspiracje","Napisali o nas"],"inLanguage":"pl-PL","potentialAction":[{"@type":"CommentAction","name":"Comment","target":["https:\/\/printu.pl\/blog\/2015\/03\/02\/prezent-dla-dziadkow\/#respond"]}]},{"@type":"WebPage","@id":"https:\/\/printu.pl\/blog\/2015\/03\/02\/prezent-dla-dziadkow\/","url":"https:\/\/printu.pl\/blog\/2015\/03\/02\/prezent-dla-dziadkow\/","name":"Prezent dla dziadk\u00f3w - Printu.pl","isPartOf":{"@id":"https:\/\/printu.pl\/blog\/#website"},"datePublished":"2015-03-02T10:57:31+00:00","dateModified":"2015-12-16T10:54:06+00:00","breadcrumb":{"@id":"https:\/\/printu.pl\/blog\/2015\/03\/02\/prezent-dla-dziadkow\/#breadcrumb"},"inLanguage":"pl-PL","potentialAction":[{"@type":"ReadAction","target":["https:\/\/printu.pl\/blog\/2015\/03\/02\/prezent-dla-dziadkow\/"]}]},{"@type":"BreadcrumbList","@id":"https:\/\/printu.pl\/blog\/2015\/03\/02\/prezent-dla-dziadkow\/#breadcrumb","itemListElement":[{"@type":"ListItem","position":1,"name":"Strona g\u0142\u00f3wna","item":"https:\/\/printu.pl\/blog\/"},{"@type":"ListItem","position":2,"name":"Prezent dla dziadk\u00f3w"}]},{"@type":"WebSite","@id":"https:\/\/printu.pl\/blog\/#website","url":"https:\/\/printu.pl\/blog\/","name":"blog","description":"blog","publisher":{"@id":"https:\/\/printu.pl\/blog\/#organization"},"potentialAction":[{"@type":"SearchAction","target":{"@type":"EntryPoint","urlTemplate":"https:\/\/printu.pl\/blog\/?s={search_term_string}"},"query-input":"required name=search_term_string"}],"inLanguage":"pl-PL"},{"@type":"Organization","@id":"https:\/\/printu.pl\/blog\/#organization","name":"blog","url":"https:\/\/printu.pl\/blog\/","logo":{"@type":"ImageObject","inLanguage":"pl-PL","@id":"https:\/\/printu.pl\/blog\/#\/schema\/logo\/image\/","url":"https:\/\/s3-eu-central-1.amazonaws.com\/printu-blog\/wp-content\/uploads\/2017\/02\/printu-logo.png","contentUrl":"https:\/\/s3-eu-central-1.amazonaws.com\/printu-blog\/wp-content\/uploads\/2017\/02\/printu-logo.png","width":143,"height":34,"caption":" blog"},"image":{"@id":"https:\/\/printu.pl\/blog\/#\/schema\/logo\/image\/"},"sameAs":["https:\/\/instagram.com\/printupl","https:\/\/www.facebook.com\/printupl","https:\/\/twitter.com\/printupl"]},{"@type":"Person","@id":"https:\/\/printu.pl\/blog\/#\/schema\/person\/1552825435ffb2cc058d57ea4dd17e22","name":"Katarzyna","image":{"@type":"ImageObject","inLanguage":"pl-PL","@id":"https:\/\/printu.pl\/blog\/#\/schema\/person\/image\/","url":"https:\/\/secure.gravatar.com\/avatar\/39b1f1f0db1aa82c65afeee9d7610280?s=96&d=mm&r=g","contentUrl":"https:\/\/secure.gravatar.com\/avatar\/39b1f1f0db1aa82c65afeee9d7610280?s=96&d=mm&r=g","caption":"Katarzyna"}}]}},"_links":{"self":[{"href":"https:\/\/printu.pl\/blog\/wp-json\/wp\/v2\/posts\/3934"}],"collection":[{"href":"https:\/\/printu.pl\/blog\/wp-json\/wp\/v2\/posts"}],"about":[{"href":"https:\/\/printu.pl\/blog\/wp-json\/wp\/v2\/types\/post"}],"author":[{"embeddable":true,"href":"https:\/\/printu.pl\/blog\/wp-json\/wp\/v2\/users\/4"}],"replies":[{"embeddable":true,"href":"https:\/\/printu.pl\/blog\/wp-json\/wp\/v2\/comments?post=3934"}],"version-history":[{"count":6,"href":"https:\/\/printu.pl\/blog\/wp-json\/wp\/v2\/posts\/3934\/revisions"}],"predecessor-version":[{"id":6127,"href":"https:\/\/printu.pl\/blog\/wp-json\/wp\/v2\/posts\/3934\/revisions\/6127"}],"wp:attachment":[{"href":"https:\/\/printu.pl\/blog\/wp-json\/wp\/v2\/media?parent=3934"}],"wp:term":[{"taxonomy":"category","embeddable":true,"href":"https:\/\/printu.pl\/blog\/wp-json\/wp\/v2\/categories?post=3934"},{"taxonomy":"post_tag","embeddable":true,"href":"https:\/\/printu.pl\/blog\/wp-json\/wp\/v2\/tags?post=3934"}],"curies":[{"name":"wp","href":"https:\/\/api.w.org\/{rel}","templated":true}]}}