{"id":4184,"date":"2015-03-30T16:46:37","date_gmt":"2015-03-30T14:46:37","guid":{"rendered":"http:\/\/blog.printu.pl\/?p=4184"},"modified":"2015-12-16T20:04:49","modified_gmt":"2015-12-16T19:04:49","slug":"najlepszy-prezent-na-rozne-okazje","status":"publish","type":"post","link":"https:\/\/printu.pl\/blog\/2015\/03\/30\/najlepszy-prezent-na-rozne-okazje\/","title":{"rendered":"Najlepszy prezent na r\u00f3\u017cne okazje"},"content":{"rendered":"<p><img decoding=\"async\" loading=\"lazy\" class=\"aligncenter wp-image-4186 size-full\" src=\"http:\/\/blog.printu.pl\/wp-content\/uploads\/2015\/03\/Uroczysto\u015bci-rodzinne.jpg\" alt=\"Uroczysto\u015bci rodzinne\" width=\"700\" height=\"350\" srcset=\"https:\/\/s3-eu-central-1.amazonaws.com\/printu-blog\/wp-content\/uploads\/2015\/03\/Uroczysto%C5%9Bci-rodzinne.jpg 700w, https:\/\/s3-eu-central-1.amazonaws.com\/printu-blog\/wp-content\/uploads\/2015\/03\/Uroczysto%C5%9Bci-rodzinne-300x150.jpg 300w\" sizes=\"(max-width: 700px) 100vw, 700px\" \/>Instytut Badania Opinii RMF FM przeprowadzi\u0142 badanie i zapyta\u0142 300 Polak\u00f3w w\u00a0wieku 18-50 lat o ich obyczaje zwi\u0105zane z\u00a0dawaniem sobie prezent\u00f3w. Z sonda\u017cu wynika, \u017ce ka\u017cdy z nas lubi dostawa\u0107 i wr\u0119cza\u0107 bliskim prezenty, cieszy nas to w r\u00f3wnym stopniu. Wykorzystujemy te\u017c wiele okazji do tego, aby co\u015b komu\u015b podarowa\u0107.<\/p>\n<p><!--more-->Ponad 92% ankietowanych odpowiedzia\u0142o, \u017ce daj\u0105 prezenty z\u00a0okazji urodzin, oko\u0142o 90% z\u00a0okazji \u015bwi\u0105t Bo\u017cego Narodzenia, 87% na Miko\u0142aja, 75% z okazji imienin, a 40% w okresie Wielkanocy. Niezale\u017cnie od tego czy wolicie prezenty dostawa\u0107 czy dawa\u0107, przygotowali\u015bmy dla Was list\u0119 r\u00f3\u017cnych okazji w w ci\u0105gu roku, na kt\u00f3re fotoksi\u0105\u017cka Printu b\u0119dzie najlepszym prezentem.<\/p>\n<h2><strong><a href=\"http:\/\/printu.pl\/prezent-na-urodziny\" target=\"_blank\">Fotoksi\u0105\u017cka na urodziny<\/a> i imieniny (r\u00f3\u017cne daty)<br \/>\n<\/strong><\/h2>\n<p>Przygotowanie prezentu na urodziny b\u0105d\u017a imieniny stanowi trudne ale i wa\u017cne zadanie. Najcz\u0119\u015bciej chcemy podarowa\u0107 solenizantowi co\u015b, co mu si\u0119 spodoba i b\u0119dzie niepowtarzalne. Fotoksi\u0105\u017cka stwarza pole do wykazania si\u0119 kreatywno\u015bci\u0105 i stworzenia indywidualnego prezentu. Dzi\u0119ki nieograniczonej liczbie mo\u017cliwo\u015bci projektowania, mo\u017cemy umie\u015bci\u0107 w niej zdj\u0119cia, obrazy i teksty, kt\u00f3re zostan\u0105 wybrane specjalnie dla solenizanta. Taka fotoksi\u0105\u017cka to prezent zrobiony w\u0142asnor\u0119cznie, prosto od serca i z my\u015bl\u0105 o danej osobie. B\u0119dzie to idealny <a href=\"http:\/\/printu.pl\/prezent-na-20-urodziny\" target=\"_blank\">prezent na 20 urodziny<\/a>, <a href=\"http:\/\/printu.pl\/prezent-na-30-urodziny\" target=\"_blank\">prezent na 30 urodziny<\/a>, <a href=\"http:\/\/printu.pl\/prezent-na-40-urodziny\" target=\"_blank\">prezent na 40 urodziny<\/a>.<\/p>\n<p>Zobacz nasze przyk\u0142adowe fotoksi\u0105\u017cki na urodziny:<\/p>\n<p>&#8211; <a href=\"http:\/\/blog.printu.pl\/2013\/09\/10\/fotoksiazka-urodzinowa\/\" target=\"_blank\">fotoksi\u0105\u017cka z urodzin dziecka<\/a><\/p>\n<p>&#8211; <a href=\"http:\/\/blog.printu.pl\/2014\/07\/04\/fotoksiazka-na-roczek\/\" target=\"_blank\">fotoksi\u0105\u017cka na roczek<\/a><\/p>\n<p>&#8211; <a href=\"http:\/\/blog.printu.pl\/2014\/02\/22\/wyjatkowy-prezent-na-60-te-urodziny\/\" target=\"_blank\">prezent na 60-te urodziny<\/a><\/p>\n<h2><strong>Fotoksi\u0105\u017cka \u2013 prezent dla M\u0142odej Pary (r\u00f3\u017cne daty)<br \/>\n<\/strong><\/h2>\n<p>\u015alub stanowi ogromne prze\u017cycie nie tylko dla M\u0142odej Pary, ale przede wszystkim dla Rodzic\u00f3w i Go\u015bci. Je\u015bli wybierasz si\u0119 na \u015blub warto pomy\u015ble\u0107 o prezencie, kt\u00f3ry zapadnie w pami\u0119\u0107. Takim jest z pewno\u015bci\u0105 Fotoksi\u0105\u017cka. Elegancko oprawiona powinna zawiera\u0107 w sobie nie tylko \u017cyczenia, ale i wasze wsp\u00f3lne wspomnienia. Mo\u017cna prze\u015bledzi\u0107 w niej histori\u0119 zakochania M\u0142odych albo pokaza\u0107 ich dzieci\u0144stwo i otaczaj\u0105cych przyjaci\u00f3\u0142, o kt\u00f3rych nigdy nie powinni zapomnie\u0107.<\/p>\n<p>Zobacz nasze przyk\u0142adowe <a href=\"http:\/\/printu.pl\/fotoksiazka\/szablony\/slub-i-wesele\/?format=3\" target=\"_blank\">fotoksi\u0105\u017cki \u015blubne<\/a>:<\/p>\n<p>&#8211; <a href=\"http:\/\/blog.printu.pl\/2013\/10\/09\/fotoksiazka-slubna\/\" target=\"_blank\">fotoksi\u0105\u017cka \u015blubna<\/a><\/p>\n<p>&#8211; <a href=\"http:\/\/blog.printu.pl\/2014\/09\/19\/album-ze-zdjeciami-z-wesela\/\" target=\"_blank\">album ze zdj\u0119ciami z wesela<\/a><\/p>\n<p>&#8211;<a href=\"http:\/\/blog.printu.pl\/2015\/01\/22\/jak-wyglada-fotoksiazka-slubna\/\" target=\"_blank\"> jak wygl\u0105da fotoksi\u0105\u017cka \u015blubna<\/a><\/p>\n<p>&#8211; <a href=\"http:\/\/blog.printu.pl\/2015\/02\/06\/fotoksiazka-ze-slubnymi-zdjeciami\/\" target=\"_blank\">fotoksi\u0105\u017cka ze \u015blubnymi zdj\u0119ciami<\/a><\/p>\n<h2><strong>Fotoksi\u0105\u017cka &#8211; podzi\u0119kowanie dla Rodzic\u00f3w (r\u00f3\u017cne daty)<\/strong><\/h2>\n<p><a href=\"http:\/\/printu.pl\/podziekowania-dla-rodzicow\" target=\"_blank\">Podzi\u0119kowania dla Rodzic\u00f3w<\/a> to wa\u017cny punkt ka\u017cdego wesela. Dzi\u0119kujemy im za trud w\u0142o\u017cony w nasze wychowanie, kszta\u0142towanie, a tak\u017ce za pomoc w przygotowaniu uroczysto\u015bci. Takie podzi\u0119kowanie dla Rodzic\u00f3w to uroczysta chwila, dlatego nale\u017cy si\u0119 do niej odpowiednio przygotowa\u0107 i nie zrobi\u0107 niepotrzebnego przedstawienia. Takie podzi\u0119kowanie to bowiem intymna chwila i wiele par decyduje si\u0119 na ni\u0105 przed \u015blubem, organizuj\u0105 uroczyst\u0105 kolacj\u0119 czy zapraszaj\u0105c Rodzic\u00f3w do restauracji. Niezale\u017cnie jednak od tego czy wybierzemy opcj\u0119 podzi\u0119kowania przed \u015blubem czy w trakcie, zadbajmy aby ten moment by\u0142 uroczysty, a prezent efektowny. Pi\u0119knym podarunkiem b\u0119dzie w\u0142asnor\u0119cznie zaprojektowana fotoksi\u0105\u017cka PRINTU, kt\u00f3r\u0105 wr\u0119czymy Rodzicom i Te\u015bciom. Mo\u017ce ona zawiera\u0107 zdj\u0119cia od dzieci\u0144stwa po czasy narzecze\u0144stwa (podzi\u0119kowania dla Rodzic\u00f3w podczas wesela lub przed weselem) lub zdj\u0119cia \u015blubne (podzi\u0119kowanie dla Rodzic\u00f3w po weselu). Zobacz szablon Printu &#8211; <a href=\"http:\/\/printu.pl\/fotoksiazka\/szablony\/podziekowania-dla-rodzicow\/#!format=3&amp;cover=7&amp;paper=6\" target=\"_blank\">podzi\u0119kowanie dla Rodzic\u00f3w<\/a>.<\/p>\n<h2><strong>Fotoksi\u0105zka na rocznic\u0119 \u015blubu (r\u00f3\u017cne daty)<br \/>\n<\/strong><\/h2>\n<p>Ci\u0119\u017cko sobie wyobrazi\u0107 wa\u017cniejsze momenty w \u017cyciu zakochanych jak pierwsza randka, o\u015bwiadczyny, nast\u0119pnie \u015blub i p\u00f3\u017aniej \u015bwi\u0119towanie kolejnych rocznic tej wspania\u0142ej daty. Ka\u017cda z nich \u015bwiadczy o niegasn\u0105cej sile uczu\u0107 i jest dobrym czasem na wspomnienia, przejrzenie zdj\u0119\u0107 i na powr\u00f3t do pami\u0119tnego dnia. Kiedy ma\u0142\u017conkowie obchodz\u0105 okr\u0105g\u0142e rocznice, jak cynowa (10 lat), srebrna (25lat) czy z\u0142ota (50lat), warto zebra\u0107 ich opowie\u015bci i wspomnienia w jednym miejscu. Najlepsza na <a href=\"http:\/\/printu.pl\/prezent-dla-rodzicow\" target=\"_blank\">prezent dla rodzic\u00f3w<\/a> b\u0119dzie fotoksi\u0105\u017cka, kt\u00f3ra pozwoli nam na graficzne i s\u0142owne odtworzenie historii ich wsp\u00f3lnego \u017cycia. Mog\u0105 si\u0119 w niej znale\u017a\u0107 cytaty dotycz\u0105ce mi\u0142o\u015bci, zdj\u0119cia z wesela, dzieci, wnuk\u00f3w i prawnuk\u00f3w, wszystko to, co stanowi o ich d\u0142ugoletniej i niegasn\u0105cej mi\u0142o\u015bci. Zobacz szablon Printu &#8211; <a href=\"http:\/\/printu.pl\/fotoksiazka\/szablony\/rocznica-slubu\/#!format=3&amp;cover=7&amp;paper=6\" target=\"_blank\">rocznica \u015blubu<\/a>.<\/p>\n<h2><strong><a href=\"http:\/\/printu.pl\/prezent-na-dzien-babci\" target=\"_blank\">Fotoksi\u0105\u017cka na Dzie\u0144 Babci<\/a> i Dziadka (21 stycze\u0144 \/ 22 stycze\u0144)<br \/>\n<\/strong><\/h2>\n<p>W \u017cyciu ka\u017cdej rodziny Dziadkowie zajmuj\u0105 szczeg\u00f3lne miejsce. Obdarowywani s\u0105 wielkim szacunkiem, wnuki uwielbiaj\u0105 przebywa\u0107 z dziadkami s\u0142uchaj\u0105c ich opowie\u015bci i kosztuj\u0105c cudowne wypieki Babci. Dzie\u0144 Dziadka i Babci powinien kumulowa\u0107 w sobie ca\u0142\u0105 wdzi\u0119czno\u015b\u0107 jak\u0105 do nich czujemy. Warto okaza\u0107 j\u0105 w wyj\u0105tkowy spos\u00f3b i przygotowa\u0107 pi\u0119kny <a href=\"http:\/\/printu.pl\/prezent-dla-babci\" target=\"_blank\">prezent dla Babci<\/a>, oddzielny <a href=\"http:\/\/printu.pl\/prezent-dla-dziadka\" target=\"_blank\">prezent dla Dziadka<\/a> lub podarowa\u0107 im jeden prezent. Jest nim stworzenie fotoksi\u0105\u017cki, w kt\u00f3rej napiszemy i poka\u017cemy im jak bardzo ich kochamy i dzi\u0119kujemy za ich obecno\u015b\u0107. Umieszczenie w niej rysunk\u00f3w wykonanych przez wnuk\u00f3w, odr\u0119cznego dzieci\u0119cego pisma, samodzielnie wymy\u015blonych i napisanych wierszyk\u00f3w, b\u0105d\u017a zdj\u0119\u0107 wraz z Dziadkami, co uczyni z niej nowoczesn\u0105 i trwa\u0142\u0105 laurk\u0119. A Dziadkowie uwielbiaj\u0105 przecie\u017c laurki! Zobacz:<\/p>\n<p>&#8211; <a href=\"http:\/\/blog.printu.pl\/2015\/01\/15\/pomysly-na-prezenty-dla-babci-i-dziadka\/\" target=\"_blank\">Fotoksi\u0105\u017cka na dzie\u0144 babci i dziadka <\/a><\/p>\n<p>&#8211; <a href=\"http:\/\/blog.printu.pl\/tag\/fotoksiazka-dla-dziadkow\/\" target=\"_blank\">Fotoksi\u0105\u017cka dla dziadk\u00f3w<\/a><\/p>\n<p>&#8211; <a href=\"http:\/\/blog.printu.pl\/2015\/01\/23\/prezent-dla-babci-i-dziadka\/\" target=\"_blank\">Prezent dla babci i dziadka<\/a><\/p>\n<p>&#8211;\u00a0<a href=\"http:\/\/printu.pl\/fotoksiazka\/szablony\/dla-babci\/#!format=3&amp;cover=7&amp;paper=6\" target=\"_blank\">Szablon dla Babci<\/a> i <a href=\"http:\/\/printu.pl\/fotoksiazka\/szablony\/dla-dziadka\/#!format=3&amp;cover=7&amp;paper=6\" target=\"_blank\">szablon dla Dziadka<\/a><\/p>\n<h2><strong>Fotoksi\u0105\u017cka &#8211; pami\u0105tka z ferii zimowych (stycze\u0144 lub luty)<br \/>\n<\/strong><\/h2>\n<p>Bia\u0142e szale\u0144stwo powoli dobiega ko\u0144ca. Prze\u017cyli\u015bcie pewnie ciekawy i aktywny wypoczynek podczas waszych zimowych ferii. Widoki, kt\u00f3re zobaczyli\u015bcie nie tylko sprowokowa\u0142y was do wyci\u0105gni\u0119cia aparatu, ale z pewno\u015bci\u0105 s\u0105 doskona\u0142ym pretekstem o przygotowania Fotoksia\u017cki w kt\u00f3rej zawrzecie je wszystkie. G\u00f3rskie krajobrazy s\u0105 urokliwe i warto je drukowa\u0107 na wi\u0119kszym formacie, by upaja\u0107 si\u0119 ich pi\u0119knem.<\/p>\n<p>Zobacz jak wygl\u0105da\u0107 mo\u017ce <a href=\"http:\/\/blog.printu.pl\/2015\/04\/23\/fotoksiazka-z-ferii-zimowych\/\" target=\"_blank\">fotoksi\u0105\u017cka z ferii zimowych<\/a>.<\/p>\n<h2><strong>Fotoksia\u017cka na Walentynki (14 luty)<br \/>\n<\/strong><\/h2>\n<p>Mi\u0142o\u015b\u0107 powinno si\u0119 okazywa\u0107 przez ca\u0142y rok, to oczywiste. Jednak s\u0105 takie szczeg\u00f3lne daty, kiedy powinni\u015bmy zarezerwowa\u0107 dla siebie troch\u0119 wi\u0119cej czasu i \u015bwi\u0119towa\u0107 swoje zakochanie. Warto zarobi\u0107 to bez kiczu i wielkich, czerwonych serc b\u0105d\u017a wypchanych misi\u00f3w, ale z gustem i na sw\u00f3j, wyj\u0105tkowy dla was spos\u00f3b. Je\u015bli chcecie podarowa\u0107 drugiej po\u0142\u00f3wce co\u015b szczeg\u00f3lnego, to podarujcie jej siebie w waszym prezencie. Najlepiej jest to zrobi\u0107 poprzez Fotoksia\u017ck\u0119, w kt\u00f3rej mo\u017cecie spr\u00f3bowa\u0107 zmie\u015bci\u0107 cho\u0107 kawa\u0142ek waszej mi\u0142o\u015b\u0107 i pokaza\u0107 drugiej osobie jak bardzo wam na niej zale\u017cy i jak wiele dla was znaczy.<\/p>\n<h2><strong>Fotoksi\u0105\u017cka na Dzie\u0144 Te\u015bcia i Te\u015bciowej (5 marzec)<br \/>\n<\/strong><\/h2>\n<p>Relacja mi\u0119dzy Te\u015bciow\u0105 a Zi\u0119ciem jest cz\u0119sto przedmiotem wielu kawa\u0142\u00f3w i anegdot. Jak wiadomo \u201enie taki diabe\u0142 z\u0142y jak go maluj\u0105\u201d i za\u0142o\u017c\u0119 si\u0119, \u017ce wiele z was ma bardzo dobrych Te\u015bci\u00f3w i chce im sprawi\u0107 prezent z okazji ich dnia. W takiej Fotoksi\u0105\u017cce warto podkre\u015bli\u0107 wasze dobre relacje i podzi\u0119kowa\u0107 za swoj\u0105 drug\u0105 po\u0142\u00f3wk\u0119.<\/p>\n<h2><strong>Fotoksi\u0105\u017cka na Dzie\u0144 Kobiet (8 marzec)<br \/>\n<\/strong><\/h2>\n<p>Warto podkre\u015bla\u0107 na ka\u017cdym kroku wielk\u0105 warto\u015b\u0107 kobiet i ich wk\u0142ad w r\u00f3\u017cne aspekty \u017cycia rodzinnego. Dzie\u0144 Kobiet jest wyj\u0105tkow\u0105 okazj\u0105 na to aby wyrazi\u0107 podziw i szacunek dla ich si\u0142y, niez\u0142omno\u015bci i pokazania jak bardzo s\u0105, dla was m\u0119\u017cczyzn, wa\u017cne. Nic bardziej nie podkre\u015bli atut\u00f3w i zalet waszych kobiet jak stworzenie dla nich specjalnej Fotoksi\u0105\u017cki. Jej zaprojektowanie jest bardzo proste, a z pewno\u015bci\u0105 sprawi, \u017ce obdarowane poczuj\u0105 si\u0119 wyj\u0105tkowe i jedyne w swoim rodzaju.<\/p>\n<h2><strong>Fotoksia\u017cka jako prezent na Wielkanoc (marzec lub kwiecie\u0144)<br \/>\n<\/strong><\/h2>\n<p>Wiosenny klimat \u015awi\u0105t Wielkanocnych jest bardzo inspiruj\u0105cy. Mieni\u0105 si\u0119 kolorami \u017c\u00f3\u0142ci, bieli, fioletu, zieleni, kt\u00f3re cudownie wygl\u0105daj\u0105 nie tylko na wielkanocnym stole. R\u00f3wnie wyj\u0105tkowo b\u0119d\u0105 wygl\u0105da\u0107 w fotoksi\u0105\u017cce, kt\u00f3ra mo\u017ce sta\u0107 si\u0119 twoim pomys\u0142em na prezent od zaj\u0105czka. Nawi\u0105zanie do wiosny oraz \u015awi\u0105t i rado\u015bci jak\u0105 nios\u0105 ze sob\u0105 obie te rzeczy koniecznie nale\u017cy przela\u0107 na projektowan\u0105 fotoksi\u0105\u017ck\u0119, by uzyska\u0107 niepowtarzalny efekt.<\/p>\n<h2><strong>Fotoksi\u0105\u017cka na Dzie\u0144 Mamy (26 maj)<br \/>\n<\/strong><\/h2>\n<p>Najwa\u017cniejszymi osobami w \u017cyciu ka\u017cdego dziecka s\u0105 rodzice. Mama jednak w tej relacji zajmuje szczeg\u00f3lne miejsce. Jej bezgraniczna mi\u0142o\u015b\u0107, intuicja, pomocna d\u0142o\u0144 i anielska cierpliwo\u015b\u0107 towarzyszy na ka\u017cdym etapie naszego dorastania. Dzi\u0119kowa\u0107 mo\u017cna jej za to na r\u00f3\u017cne sposoby, ale najlepszym b\u0119dzie wr\u0119czenie jej waszej Fotoksi\u0105\u017cki. Ta samodzielnie zaprojektowana b\u0119dzie intymna, niepowtarzalna i jedyna w swoim rodzaju. Umieszczenie w niej najwa\u017cniejszych dla Niej i dla Ciebie wspomnie\u0144 oraz wydarze\u0144, narysuje pi\u0119kny obraz waszego wsp\u00f3lnego \u017cycia. Gwarantuj\u0119, \u017ce taki prezent sprawi jej ogromn\u0105 rado\u015b\u0107 i wyrazi znacznie wi\u0119cej ni\u017c mog\u0105 to zrobi\u0107 s\u0142owa.<\/p>\n<h2><strong>Fotoksi\u0105\u017cka na Dzie\u0144 Dziecka (1 czerwiec)<br \/>\n<\/strong><\/h2>\n<p>Czy ma\u0142e, czy doros\u0142e, niezale\u017cnie od wszystkiego nasze dzieci pozostaj\u0105 naszymi dzie\u0107mi i oczkami w g\u0142owie. Na Dzie\u0144 Dziecka zawsze staramy si\u0119 wymy\u015ble\u0107 co\u015b wyj\u0105tkowego. Jest to r\u00f3wnie\u017c idealna okazja na wykonanie prezentu, kt\u00f3ry b\u0119dzie zawiera\u0142 w sobie kwintesencj\u0119 waszego rodzicielstwa. Poka\u017ccie swoim dzieciom jak bardzo s\u0105 dla was wyj\u0105tkowe i jak je postrzegacie. Mo\u017ce jeste\u015bcie z nich dumni, albo chcecie im za podzi\u0119kowa\u0107 za ich obecno\u015b\u0107 lub doda\u0107 otuchy i pewno\u015bci siebie, albo pokaza\u0107 ile dla was znacz\u0105? Stw\u00f3rzcie dla nich Fotoksi\u0105\u017ck\u0119, dzi\u0119ki kt\u00f3rej przeka\u017cecie im ile dla was znacz\u0105 i przeka\u017c\u0105 chocia\u017c namiastk\u0119 tej wielkiej mi\u0142o\u015bci, kt\u00f3r\u0105 je darzycie.<\/p>\n<h2><strong>Fotoksi\u0105\u017cka na Dzie\u0144 Ojca (23 czerwiec)<br \/>\n<\/strong><\/h2>\n<p>Cz\u0119sto ci\u0119\u017cko jest nam znale\u017a\u0107 odpowiedni prezent dla naszych Tatusi\u00f3w. Wydaje si\u0119 nam, \u017ce s\u0105 tacy m\u0119scy, powa\u017cni i surowi, jednak kto lepiej zna swojego Tat\u0119, ni\u017c jego dzieci? Dlatego te\u017c wiemy, \u017ce w \u015brodku jest on bardzo wra\u017cliwy i kochaj\u0105cy, a pi\u0119kny prezent mo\u017ce go nawet wzruszy\u0107. Jestem zdania, \u017ce takim w\u0142a\u015bnie prezentem jest Fotoksi\u0105\u017cka. Umieszczaj\u0105c w niej pami\u0105tki z dzieci\u0144stwa, zdj\u0119cia Taty trzymaj\u0105cego was na r\u0119kach, bawi\u0105cego si\u0119 z wami i ucz\u0105cego \u017cycia, sprawicie, \u017ce otrzyma on najlepszy prezent jaki mo\u017ce dosta\u0107 od kochaj\u0105cych dzieci. Fotoksi\u0105\u017cka to idealny <a href=\"http:\/\/printu.pl\/prezent-dla-taty\" target=\"_blank\">prezent dla Taty<\/a> &#8211; ka\u017cdego.<\/p>\n<h2><strong>Fotoksi\u0105\u017cka na zako\u0144czenie roku (czerwiec)<br \/>\n<\/strong><\/h2>\n<p>Ka\u017cde zako\u0144czenie roku jest szczeg\u00f3lne dla uczni\u00f3w i dla nauczycieli, a szczeg\u00f3lnie dla wychowawc\u00f3w, kt\u00f3rzy wk\u0142adaj\u0105 wiele trudu w wychowanie i edukacj\u0119 ca\u0142ej klasy. Na ka\u017cdym etapie edukacji trafia si\u0119 nauczyciel, kt\u00f3remu chce si\u0119 podzi\u0119kowa\u0107 w wyj\u0105tkowy spos\u00f3b za trud edukacji. Nie ma lepszego sposobu na wypowiedzenie tego, ni\u017c klasowa Fotoksi\u0105\u017cka, w kt\u00f3rej umie\u015bcicie najwa\u017cniejsze, naj\u015bmieszniejsze czy najciekawsze wydarzenia mi\u0119dzy wami a waszym wychowawc\u0105. Elegancja jest tutaj kluczowym aspektem dla kt\u00f3rego warto wybra\u0107 na prezent w\u0142a\u015bnie Fotoksi\u0105\u017ck\u0119. Dzi\u0119ki niej wasz ulubiony wychowawca d\u0142ugo was nie zapomni!<\/p>\n<p>Je\u015bli wasze dziecko ko\u0144czy ju\u017c edukacj\u0119, a wy chcieliby\u015bcie pokaza\u0107 mu jego drog\u0119 do dojrza\u0142o\u015bci i przypomnie\u0107 najwa\u017cniejsze warto\u015bci, zr\u00f3bcie to poprzez Fotoksi\u0105\u017ck\u0119. Kiedy b\u0119dzie brn\u0105\u0107 przez trudy doros\u0142ego \u017cycia, zawsze b\u0119dzie m\u00f3g\u0142 przypomnie\u0107 sobie szkolne czasy i powspomina\u0107 wraz z kolegami najlepsze lata swojego \u017cycia.<\/p>\n<p>Zapytaj o nasz\u0105 ofert\u0119: <a href=\"http:\/\/blog.printu.pl\/2014\/06\/10\/fotoksiazka-przedszkolna-i-szkolna\/\" target=\"_blank\">fotoksi\u0105\u017cka przedszkolna i szkolna<\/a> i zobacz jak wygl\u0105da <a href=\"http:\/\/blog.printu.pl\/2014\/02\/07\/fotoksiazka-szkolna\/\" target=\"_blank\">kronika szkolna<\/a> i jak j\u0105 stworzy\u0107.<\/p>\n<h2><strong>Fotoksi\u0105\u017cka wakacyjna (lipiec \/ sierpie\u0144)<br \/>\n<\/strong><\/h2>\n<p>Kto z nas nie kocha wakacji, nie wyczekuje ich z niecierpliwo\u015bci\u0105 i z ch\u0119ci\u0105 nie wraca wspomnieniami do ciep\u0142ych dni? Z pewno\u015bci\u0105 ka\u017cdy. Przegl\u0105damy i porz\u0105dkujemy nasze zdj\u0119cia i pami\u0105tki w niesko\u0144czono\u015b\u0107, zamiast pozwoli\u0107 im \u017cy\u0107 w albumie i cieszy\u0107 oko w zimowe wieczory. Fotoksi\u0105\u017cka pozwoli nam te\u017c na ciekawe oraz skr\u00f3towe zaprezentowanie rodzinie naszego wyjazdu. Zrobiona zaraz po powrocie da mo\u017cliwo\u015b\u0107 zatrzymania w sobie ciekawych sentencji i kr\u00f3tkiego opisania odwiedzonych przez nas miejsc.<\/p>\n<h2><strong>Fotoksi\u0105\u017cka na Dzie\u0144 Ch\u0142opaka i M\u0119\u017cczyzny (30 wrzesie\u0144 \/ 10 marzec)<br \/>\n<\/strong><\/h2>\n<p>Ka\u017cda z nas ma w swoim \u017cyciu ch\u0142opca i m\u0119\u017cczyzn\u0119, kt\u00f3ry jest dla niej najwa\u017cniejszy. Jest to dzie\u0144 w kt\u00f3rym mo\u017cemy komu\u015b w szczeg\u00f3lny spos\u00f3b podzi\u0119kowa\u0107 za przyja\u017a\u0144, obecno\u015b\u0107 i wsparcie. Nie b\u00f3jmy si\u0119 obdarowa\u0107 naszych Pan\u00f3w Fotoksi\u0105\u017ckami, kt\u00f3re wcale nie s\u0105 takie niem\u0119skie jak nam si\u0119 wydaje. Wr\u0119cz przeciwnie! Zr\u00f3bmy Fotoksi\u0105\u017ck\u0119 o naszym obdarowanym, jego zainteresowaniach lub osi\u0105gni\u0119ciach, lub waszych wsp\u00f3lnych przygodach, a wtedy stanie si\u0119 jego ulubionym albumem, do kt\u00f3rego b\u0119dzie cz\u0119sto zagl\u0105da\u0107.<\/p>\n<h2><strong>Fotoksi\u0105\u017cka na Dzie\u0144 Nauczyciela (14 pa\u017adziernik)<br \/>\n<\/strong><\/h2>\n<p>Proces edukacji bywa niezwykle burzliwy, trudny, ale jest z pewno\u015bci\u0105 czasem kszta\u0142towania m\u0142odych talent\u00f3w i rado\u015bci z powi\u0119kszania swej wiedzy. Nauczyciele odgrywaj\u0105 g\u0142\u00f3wn\u0105 rol\u0119, zaraz po rodzicach, w procesie wychowawczym i edukacyjnym naszych pociech. Z pewno\u015bci\u0105 warto w tym dniu szczeg\u00f3lnie podzi\u0119kowa\u0107 za trud w\u0142o\u017cony w wychowanie dzieci. Fotoksi\u0105\u017cka od dzieci oraz rodzic\u00f3w z pewno\u015bci\u0105 zaskoczy i wzruszy spe\u0142niaj\u0105cego si\u0119 nauczyciela. To, co powinno si\u0119 w niej znale\u017a\u0107 zale\u017cy tylko od was i od tego, czego najbardziej chcecie \u017cyczy\u0107 swoim mentorom.<\/p>\n<h2><strong>Fotoksi\u0105\u017cka na Miko\u0142aja (6 grudzie\u0144)<br \/>\n<\/strong><\/h2>\n<p>Grudzie\u0144 jest czasem obdarowywania si\u0119, warto wi\u0119c zacz\u0105\u0107 ju\u017c na Miko\u0142aja. Wykonanie \u015bwi\u0105tecznej Fotoksi\u0105\u017cki na przyk\u0142ad z zesz\u0142orocznego Miko\u0142aja od\u015bwie\u017cy wasze wspomnienia i sprawi, \u017ce tegoroczne Miko\u0142ajki b\u0119d\u0105 jeszcze ciekawsze. Warto te\u017c na pocz\u0105tku grudnia zrealizowa\u0107 \u015bwi\u0105teczn\u0105 sesj\u0119 zdj\u0119ciow\u0105, kt\u00f3r\u0105 podarujecie najbli\u017cszej osobie podczas Miko\u0142ajek w formie Fotoksi\u0105\u017cki.<\/p>\n<h2><strong>Fotoksi\u0105\u017cka pod choink\u0119 (24 grudzie\u0144)<br \/>\n<\/strong><\/h2>\n<p>Warto obserwowa\u0107 przygotowania do \u015awi\u0105t Bo\u017cego Narodzenia przez wizjer aparatu. Grudzie\u0144 jest bardzo wyj\u0105tkowym czasem skupienia i rado\u015bci. Zimowa aura cz\u0119sto nadaje charakteru i sprawia, \u017ce chwile s\u0105 niezapomniane. Stworzenie Fotoski\u0105\u017cki jako prezent pod choink\u0119, stanie si\u0119 kwintesencj\u0105 \u015bwi\u0105tecznego klimatu. Dzi\u0119ki niej ca\u0142a rodzina zbierze si\u0119 w jedno miejsce i wszyscy naraz b\u0119d\u0105 wspomina\u0107 cudowne chwile zamkni\u0119te na jej kartach. Zawarte w nim grudniowe kadry z rodzinnych przygotowa\u0144 pomog\u0105 stworzy\u0107 wam odpowiedni nastr\u00f3j.<\/p>\n<h2><strong>Fotoksi\u0105\u017cka na podsumowanie roku (grudzie\u0144)<br \/>\n<\/strong><\/h2>\n<p>Koniec roku to zamkni\u0119cie pewnego rozdzia\u0142u w naszym \u017cyciu i przygotowywanie si\u0119 na otwarcie kolejnego. Cz\u0119sto porz\u0105dkujemy wtedy nasze sprawy, \u017cycie, niejednokrotnie zaczynaj\u0105c od komputera i znajduj\u0105cych si\u0119 na nim zdj\u0119\u0107. Przejrzenie i wyb\u00f3r najwa\u017cniejszych chwil i najciekawszych kadr\u00f3w, u\u0142o\u017cenie ich i opisanie sprawi, \u017ce przesz\u0142o\u015b\u0107 stanie si\u0119 dla wasz bardziej uporz\u0105dkowana i z wi\u0119ksz\u0105 werw\u0105 wkroczycie w Nowy Rok. Zdaj\u0105c sobie spraw\u0119 z tego ile dobrego dzia\u0142o si\u0119 u was przez ostatni rok, da wam wi\u0119cej optymizmu i wiary w siebie podczas stawiania sobie kolejnych cel\u00f3w. Zatem do roboty!<\/p>\n<p>Zobacz nasze przyk\u0142adowe fotoksi\u0105\u017cki na:<\/p>\n<p>&#8211; <a href=\"blog.printu.pl\/2015\/04\/02\/podsumowanie-roku\/\" target=\"_blank\">podsumowanie roku<\/a><\/p>\n<p>&#8211; <a href=\"http:\/\/blog.printu.pl\/2014\/03\/13\/fotoksiazka-czy-album\/\" target=\"_blank\">fotoksi\u0105\u017cka czy album ze zdj\u0119ciami <\/a><\/p>\n<p>Fot. Pinterest &#8211; birthday board. Taka tabliczka b\u0119dzie nie tylko \u0142adn\u0105 ozdob\u0105, ale przede wszystkim nie pozwoli nam zapomnie\u0107 o wa\u017cnych datach: urodzinach, imieninach, rocznicach i innych wa\u017cnych dla nas dniach w ci\u0105gu roku.<\/p>\n<div><\/div>\n","protected":false},"excerpt":{"rendered":"<p>Niezale\u017cnie od tego czy wolicie prezenty dostawa\u0107 czy dawa\u0107, przygotowali\u015bmy dla Was list\u0119 r\u00f3\u017cnych okazji w w ci\u0105gu roku, na kt\u00f3re fotoksi\u0105\u017cka Printu b\u0119dzie najlepszym prezentem. <\/p>\n","protected":false},"author":4,"featured_media":0,"comment_status":"open","ping_status":"open","sticky":false,"template":"","format":"standard","meta":[],"categories":[66],"tags":[1173,1044,1149,196,1145,1041,1159,1158,1154,1156,1147,1160,1170,786,1164,1165,1168,1140,1137,549,1143,1146,764,1002,922,1162,1171,1172,1163,547,1274,1275,1276,1050,1116,1053,460,619,1150,1161,780,1151,1152,1166,1167,1142,1155,1157,1148,791,1139,1169,1141,1138,551,1144,703,1153,984],"yoast_head":"<!-- This site is optimized with the Yoast SEO plugin v19.13 - https:\/\/yoast.com\/wordpress\/plugins\/seo\/ -->\n<title>Najlepszy prezent na r\u00f3\u017cne okazje - Printu.pl<\/title>\n<meta name=\"robots\" content=\"index, follow, max-snippet:-1, max-image-preview:large, max-video-preview:-1\" \/>\n<link rel=\"canonical\" href=\"https:\/\/printu.pl\/blog\/2015\/03\/30\/najlepszy-prezent-na-rozne-okazje\/\" \/>\n<meta property=\"og:locale\" content=\"pl_PL\" \/>\n<meta property=\"og:type\" content=\"article\" \/>\n<meta property=\"og:title\" content=\"Najlepszy prezent na r\u00f3\u017cne okazje - Printu.pl\" \/>\n<meta property=\"og:description\" content=\"Niezale\u017cnie od tego czy wolicie prezenty dostawa\u0107 czy dawa\u0107, przygotowali\u015bmy dla Was list\u0119 r\u00f3\u017cnych okazji w w ci\u0105gu roku, na kt\u00f3re fotoksi\u0105\u017cka Printu b\u0119dzie najlepszym prezentem.\" \/>\n<meta property=\"og:url\" content=\"https:\/\/printu.pl\/blog\/2015\/03\/30\/najlepszy-prezent-na-rozne-okazje\/\" \/>\n<meta property=\"og:site_name\" content=\"blog\" \/>\n<meta property=\"article:publisher\" content=\"https:\/\/www.facebook.com\/printupl\" \/>\n<meta property=\"article:published_time\" content=\"2015-03-30T14:46:37+00:00\" \/>\n<meta property=\"article:modified_time\" content=\"2015-12-16T19:04:49+00:00\" \/>\n<meta name=\"author\" content=\"Katarzyna\" \/>\n<meta name=\"twitter:card\" content=\"summary_large_image\" \/>\n<meta name=\"twitter:creator\" content=\"@printupl\" \/>\n<meta name=\"twitter:site\" content=\"@printupl\" \/>\n<meta name=\"twitter:label1\" content=\"Napisane przez\" \/>\n\t<meta name=\"twitter:data1\" content=\"Katarzyna\" \/>\n\t<meta name=\"twitter:label2\" content=\"Szacowany czas czytania\" \/>\n\t<meta name=\"twitter:data2\" content=\"13 minut\" \/>\n<!-- \/ Yoast SEO plugin. -->","yoast_head_json":{"title":"Najlepszy prezent na r\u00f3\u017cne okazje - Printu.pl","robots":{"index":"index","follow":"follow","max-snippet":"max-snippet:-1","max-image-preview":"max-image-preview:large","max-video-preview":"max-video-preview:-1"},"canonical":"https:\/\/printu.pl\/blog\/2015\/03\/30\/najlepszy-prezent-na-rozne-okazje\/","og_locale":"pl_PL","og_type":"article","og_title":"Najlepszy prezent na r\u00f3\u017cne okazje - Printu.pl","og_description":"Niezale\u017cnie od tego czy wolicie prezenty dostawa\u0107 czy dawa\u0107, przygotowali\u015bmy dla Was list\u0119 r\u00f3\u017cnych okazji w w ci\u0105gu roku, na kt\u00f3re fotoksi\u0105\u017cka Printu b\u0119dzie najlepszym prezentem.","og_url":"https:\/\/printu.pl\/blog\/2015\/03\/30\/najlepszy-prezent-na-rozne-okazje\/","og_site_name":"blog","article_publisher":"https:\/\/www.facebook.com\/printupl","article_published_time":"2015-03-30T14:46:37+00:00","article_modified_time":"2015-12-16T19:04:49+00:00","author":"Katarzyna","twitter_card":"summary_large_image","twitter_creator":"@printupl","twitter_site":"@printupl","twitter_misc":{"Napisane przez":"Katarzyna","Szacowany czas czytania":"13 minut"},"schema":{"@context":"https:\/\/schema.org","@graph":[{"@type":"Article","@id":"https:\/\/printu.pl\/blog\/2015\/03\/30\/najlepszy-prezent-na-rozne-okazje\/#article","isPartOf":{"@id":"https:\/\/printu.pl\/blog\/2015\/03\/30\/najlepszy-prezent-na-rozne-okazje\/"},"author":{"name":"Katarzyna","@id":"https:\/\/printu.pl\/blog\/#\/schema\/person\/1552825435ffb2cc058d57ea4dd17e22"},"headline":"Najlepszy prezent na r\u00f3\u017cne okazje","datePublished":"2015-03-30T14:46:37+00:00","dateModified":"2015-12-16T19:04:49+00:00","mainEntityOfPage":{"@id":"https:\/\/printu.pl\/blog\/2015\/03\/30\/najlepszy-prezent-na-rozne-okazje\/"},"wordCount":2580,"commentCount":0,"publisher":{"@id":"https:\/\/printu.pl\/blog\/#organization"},"keywords":["birthday board","fotoksi\u0105\u017cka dla dziadk\u00f3w","fotoksi\u0105\u017cka dla mamy","fotoksi\u0105\u017cka dla taty","Fotoksia\u017cka jako prezent na Wielkanoc","fotoksi\u0105\u017cka na dzie\u0144 babci i dziadka","Fotoksi\u0105\u017cka na Dzie\u0144 Ch\u0142opaka","Fotoksi\u0105\u017cka na Dzie\u0144 Ch\u0142opaka i M\u0119\u017cczyzny","Fotoksi\u0105\u017cka na Dzie\u0144 Dziecka","Fotoksi\u0105\u017cka na Dzie\u0144 Kobiet","Fotoksi\u0105\u017cka na Dzie\u0144 Mamy","Fotoksi\u0105\u017cka na Dzie\u0144 M\u0119\u017cczyzny","Fotoksi\u0105\u017cka na Dzie\u0144 Nauczyciela","fotoksi\u0105\u017cka na dzie\u0144 ojca","Fotoksi\u0105\u017cka na Dzie\u0144 Te\u015bcia","Fotoksi\u0105\u017cka na Dzie\u0144 Te\u015bciowej","Fotoksi\u0105\u017cka na Miko\u0142aja","Fotoksi\u0105zka na rocznic\u0119 \u015blubu","Fotoksi\u0105\u017cka na urodziny i imieniny","fotoksi\u0105\u017cka na walentynki","Fotoksia\u017cka na Wielkanoc","fotoksi\u0105\u017cka na zaj\u0105czka","fotoksi\u0105\u017cka na zako\u0144czenie roku","fotoksi\u0105\u017cka pod choink\u0119","fotoksi\u0105\u017cka wakacyjna","Fotoksi\u0105\u017cka z ferii zimowych","najlepszy prezent na r\u00f3\u017cne okazje","najlepszy prezent na r\u00f3\u017cne okazje w ci\u0105gu roku","pami\u0105tka z ferii zimowych","pami\u0105tka z wakacji","podzi\u0119kowania dla Rodzic\u00f3w","podzi\u0119kowanie dla Rodzic\u00f3w","podzi\u0119kowanie Rodzicom","prezent dla Babci","prezent dla ch\u0142opaka","PREZENT DLA dziadka","prezent dla dziadk\u00f3w","prezent dla dziecka","prezent dla mamy","prezent dla m\u0119\u017ca","prezent dla nauczyciela","prezent dla ojca","prezent dla taty","prezent dla te\u015bcia","prezent dla te\u015bciowej","prezent na dzie\u0144 babci i dziadka","prezent na dzie\u0144 dziecka","prezent na dzie\u0144 kobiet","prezent na dzie\u0144 mamy","prezent na dzie\u0144 ojca","prezent na imieniny","prezent na miko\u0142aja","prezent na rocznic\u0119 \u015blubu","prezent na urodziny","prezent na walentynki","prezent na wielkanoc","prezent na Zaj\u0105czka","Prezent na zako\u0144czenie roku","prezent pod choink\u0119"],"articleSection":["Inspiracje"],"inLanguage":"pl-PL","potentialAction":[{"@type":"CommentAction","name":"Comment","target":["https:\/\/printu.pl\/blog\/2015\/03\/30\/najlepszy-prezent-na-rozne-okazje\/#respond"]}]},{"@type":"WebPage","@id":"https:\/\/printu.pl\/blog\/2015\/03\/30\/najlepszy-prezent-na-rozne-okazje\/","url":"https:\/\/printu.pl\/blog\/2015\/03\/30\/najlepszy-prezent-na-rozne-okazje\/","name":"Najlepszy prezent na r\u00f3\u017cne okazje - Printu.pl","isPartOf":{"@id":"https:\/\/printu.pl\/blog\/#website"},"datePublished":"2015-03-30T14:46:37+00:00","dateModified":"2015-12-16T19:04:49+00:00","breadcrumb":{"@id":"https:\/\/printu.pl\/blog\/2015\/03\/30\/najlepszy-prezent-na-rozne-okazje\/#breadcrumb"},"inLanguage":"pl-PL","potentialAction":[{"@type":"ReadAction","target":["https:\/\/printu.pl\/blog\/2015\/03\/30\/najlepszy-prezent-na-rozne-okazje\/"]}]},{"@type":"BreadcrumbList","@id":"https:\/\/printu.pl\/blog\/2015\/03\/30\/najlepszy-prezent-na-rozne-okazje\/#breadcrumb","itemListElement":[{"@type":"ListItem","position":1,"name":"Strona g\u0142\u00f3wna","item":"https:\/\/printu.pl\/blog\/"},{"@type":"ListItem","position":2,"name":"Najlepszy prezent na r\u00f3\u017cne okazje"}]},{"@type":"WebSite","@id":"https:\/\/printu.pl\/blog\/#website","url":"https:\/\/printu.pl\/blog\/","name":"blog","description":"blog","publisher":{"@id":"https:\/\/printu.pl\/blog\/#organization"},"potentialAction":[{"@type":"SearchAction","target":{"@type":"EntryPoint","urlTemplate":"https:\/\/printu.pl\/blog\/?s={search_term_string}"},"query-input":"required name=search_term_string"}],"inLanguage":"pl-PL"},{"@type":"Organization","@id":"https:\/\/printu.pl\/blog\/#organization","name":"blog","url":"https:\/\/printu.pl\/blog\/","logo":{"@type":"ImageObject","inLanguage":"pl-PL","@id":"https:\/\/printu.pl\/blog\/#\/schema\/logo\/image\/","url":"https:\/\/s3-eu-central-1.amazonaws.com\/printu-blog\/wp-content\/uploads\/2017\/02\/printu-logo.png","contentUrl":"https:\/\/s3-eu-central-1.amazonaws.com\/printu-blog\/wp-content\/uploads\/2017\/02\/printu-logo.png","width":143,"height":34,"caption":" blog"},"image":{"@id":"https:\/\/printu.pl\/blog\/#\/schema\/logo\/image\/"},"sameAs":["https:\/\/instagram.com\/printupl","https:\/\/www.facebook.com\/printupl","https:\/\/twitter.com\/printupl"]},{"@type":"Person","@id":"https:\/\/printu.pl\/blog\/#\/schema\/person\/1552825435ffb2cc058d57ea4dd17e22","name":"Katarzyna","image":{"@type":"ImageObject","inLanguage":"pl-PL","@id":"https:\/\/printu.pl\/blog\/#\/schema\/person\/image\/","url":"https:\/\/secure.gravatar.com\/avatar\/39b1f1f0db1aa82c65afeee9d7610280?s=96&d=mm&r=g","contentUrl":"https:\/\/secure.gravatar.com\/avatar\/39b1f1f0db1aa82c65afeee9d7610280?s=96&d=mm&r=g","caption":"Katarzyna"}}]}},"_links":{"self":[{"href":"https:\/\/printu.pl\/blog\/wp-json\/wp\/v2\/posts\/4184"}],"collection":[{"href":"https:\/\/printu.pl\/blog\/wp-json\/wp\/v2\/posts"}],"about":[{"href":"https:\/\/printu.pl\/blog\/wp-json\/wp\/v2\/types\/post"}],"author":[{"embeddable":true,"href":"https:\/\/printu.pl\/blog\/wp-json\/wp\/v2\/users\/4"}],"replies":[{"embeddable":true,"href":"https:\/\/printu.pl\/blog\/wp-json\/wp\/v2\/comments?post=4184"}],"version-history":[{"count":28,"href":"https:\/\/printu.pl\/blog\/wp-json\/wp\/v2\/posts\/4184\/revisions"}],"predecessor-version":[{"id":6351,"href":"https:\/\/printu.pl\/blog\/wp-json\/wp\/v2\/posts\/4184\/revisions\/6351"}],"wp:attachment":[{"href":"https:\/\/printu.pl\/blog\/wp-json\/wp\/v2\/media?parent=4184"}],"wp:term":[{"taxonomy":"category","embeddable":true,"href":"https:\/\/printu.pl\/blog\/wp-json\/wp\/v2\/categories?post=4184"},{"taxonomy":"post_tag","embeddable":true,"href":"https:\/\/printu.pl\/blog\/wp-json\/wp\/v2\/tags?post=4184"}],"curies":[{"name":"wp","href":"https:\/\/api.w.org\/{rel}","templated":true}]}}