{"id":4204,"date":"2015-04-01T14:36:02","date_gmt":"2015-04-01T12:36:02","guid":{"rendered":"http:\/\/blog.printu.pl\/?p=4204"},"modified":"2015-12-14T18:06:15","modified_gmt":"2015-12-14T17:06:15","slug":"fotoksiazka-do-nauki-literek","status":"publish","type":"post","link":"https:\/\/printu.pl\/blog\/2015\/04\/01\/fotoksiazka-do-nauki-literek\/","title":{"rendered":"Fotoksi\u0105\u017cka do nauki literek"},"content":{"rendered":"<p style=\"text-align: center;\"><img decoding=\"async\" loading=\"lazy\" class=\"aligncenter  wp-image-4206\" src=\"http:\/\/blog.printu.pl\/wp-content\/uploads\/2015\/04\/Fotoksi\u0105\u017cka-do-nauki-literek.jpg\" alt=\"Fotoksi\u0105\u017cka do nauki literek\" width=\"700\" height=\"350\" srcset=\"https:\/\/s3-eu-central-1.amazonaws.com\/printu-blog\/wp-content\/uploads\/2015\/04\/Fotoksi%C4%85%C5%BCka-do-nauki-literek.jpg 700w, https:\/\/s3-eu-central-1.amazonaws.com\/printu-blog\/wp-content\/uploads\/2015\/04\/Fotoksi%C4%85%C5%BCka-do-nauki-literek-300x150.jpg 300w\" sizes=\"(max-width: 700px) 100vw, 700px\" \/><\/p>\n<blockquote><p>&#8222;Tym razem nie chcia\u0142am kolejnej ksi\u0105\u017cki z zdj\u0119ciami Poli, mamy ich naprawd\u0119 sporo. Razem z m\u0119\u017cem wpadli\u015bmy na pomys\u0142, aby stworzy\u0107 troszeczk\u0119 co\u015b innego. Takim sposobem powsta\u0142 Nasz wsp\u00f3lny\u00a0<b>alfabet na weso\u0142o\u00a0<\/b>:)<\/p>\n<p><!--more-->Stworzenie takiego abecad\u0142a zaj\u0119\u0142o Nam nieca\u0142e 2 dni. Najpierw zacz\u0119li\u015bmy od wyszukiwania grafiki, zapisywania jej na dysku komputera oraz ewentualnych poprawek rozdzielczo\u015bci.<\/p>\n<p>Kolejnym krokiem i chyba najwa\u017cniejszym by\u0142o <a href=\"http:\/\/printu.pl\/fotoksiazka\/start\/dzieci\/\" target=\"_blank\">projektowanie fotoksi\u0105\u017cki<\/a>, w specjalnym programie dost\u0119pnym na stronie producenta. Projektowanie tego rodzaju ksi\u0105\u017cek mam ju\u017c w jednym paluszku, tak\u017ce wyb\u00f3r uk\u0142adu, czcionki nie zaj\u0119\u0142o mi du\u017co czasu.<\/p>\n<p><a href=\"http:\/\/printu.pl\/\" target=\"_blank\">Edytor jest bardzo prosty<\/a> dlatego bez problemu mo\u017cna stworzy\u0107 naprawd\u0119 wspania\u0142\u0105 pami\u0105tk\u0119 bez zb\u0119dnego gimnastykowania si\u0119. Po wybraniu odpowiednich uk\u0142ad stron oraz dodaniu grafik, pozosta\u0142o Nam jedynie zapisa\u0107 sw\u00f3j projekt i czeka\u0107 na efekt ko\u0144cowy!<\/p>\n<p>Pola zachwycona ksi\u0105\u017ck\u0105, a my jako rodzice zadowoleni, \u017ce wpadli\u015bmy na taki pomys\u0142, zrealizowali\u015bmy go i co najwa\u017cniejsze dzi\u0119ki takiej formie Pola b\u0119dzie mog\u0142a uczy\u0107 si\u0119 literek, a tak\u017ce nazewnictwa przedmiot\u00f3w, kt\u00f3rych do tej pory jeszcze nie zna\u0142a. My\u015bl\u0119 r\u00f3wnie\u017c, \u017ce to bardzo przyjemna forma nauki dla malucha, kt\u00f3ry z ciekawo\u015bci\u0105 przegl\u0105da ksi\u0105\u017ceczki obrazkowe&#8221;.<\/p><\/blockquote>\n<p><strong>Zapraszamy do ca\u0142ego wpisu redaktor Darii z bloga \u201emamalolipoli.blogspot.com\u201d tutaj:\u00a0<a href=\"http:\/\/mamalolipoli.blogspot.com\/2015\/03\/fotoksiazka-abecado-na-wesoo.html\" target=\"_blank\">\u201eFotoksi\u0105\u017cka abecad\u0142o na weso\u0142o\u201d<\/a>.<\/strong><\/p>\n<p>Jak si\u0119 Wam podoba taki <a href=\"http:\/\/blog.printu.pl\/tag\/pomysl-na-fotoksiazke-dziecka\/\" target=\"_blank\">pomys\u0142 na fotoksi\u0105\u017ck\u0119 dziecka<\/a>? Mo\u017ce stworzycie dla swojego maluszka co\u015b podobnego? :) Piszcie! A tutaj inne inspiracje &#8211; <a href=\"http:\/\/blog.printu.pl\/2014\/06\/27\/10-pomyslow-fotoksiazke-dziecka\/\" target=\"_blank\">10 pomys\u0142\u00f3w na fotoksi\u0105\u017ck\u0119 dziecka<\/a>.<\/p>\n<p>A poni\u017cej wi\u0119cej zdj\u0119\u0107 fotoksi\u0105\u017cki edukacyjnej &#8211; zapraszam!<\/p>\n<p style=\"text-align: center;\"><img decoding=\"async\" loading=\"lazy\" class=\"aligncenter  wp-image-4207\" src=\"http:\/\/blog.printu.pl\/wp-content\/uploads\/2015\/04\/Ksi\u0105\u017cka-do-nauki-literek-1.jpg\" alt=\"Ksi\u0105\u017cka do nauki literek (1)\" width=\"700\" height=\"465\" srcset=\"https:\/\/s3-eu-central-1.amazonaws.com\/printu-blog\/wp-content\/uploads\/2015\/04\/Ksi%C4%85%C5%BCka-do-nauki-literek-1.jpg 700w, https:\/\/s3-eu-central-1.amazonaws.com\/printu-blog\/wp-content\/uploads\/2015\/04\/Ksi%C4%85%C5%BCka-do-nauki-literek-1-300x199.jpg 300w\" sizes=\"(max-width: 700px) 100vw, 700px\" \/> <img decoding=\"async\" loading=\"lazy\" class=\"aligncenter size-full wp-image-4208\" src=\"http:\/\/blog.printu.pl\/wp-content\/uploads\/2015\/04\/Ksi\u0105\u017cka-do-nauki-literek-2.jpg\" alt=\"Ksi\u0105\u017cka do nauki literek (2)\" width=\"465\" height=\"700\" srcset=\"https:\/\/s3-eu-central-1.amazonaws.com\/printu-blog\/wp-content\/uploads\/2015\/04\/Ksi%C4%85%C5%BCka-do-nauki-literek-2.jpg 465w, https:\/\/s3-eu-central-1.amazonaws.com\/printu-blog\/wp-content\/uploads\/2015\/04\/Ksi%C4%85%C5%BCka-do-nauki-literek-2-199x300.jpg 199w, https:\/\/s3-eu-central-1.amazonaws.com\/printu-blog\/wp-content\/uploads\/2015\/04\/Ksi%C4%85%C5%BCka-do-nauki-literek-2-332x500.jpg 332w\" sizes=\"(max-width: 465px) 100vw, 465px\" \/> <img decoding=\"async\" loading=\"lazy\" class=\"aligncenter  wp-image-4209\" src=\"http:\/\/blog.printu.pl\/wp-content\/uploads\/2015\/04\/Ksi\u0105\u017cka-do-nauki-literek-3.jpg\" alt=\"Ksi\u0105\u017cka do nauki literek (3)\" width=\"465\" height=\"700\" srcset=\"https:\/\/s3-eu-central-1.amazonaws.com\/printu-blog\/wp-content\/uploads\/2015\/04\/Ksi%C4%85%C5%BCka-do-nauki-literek-3.jpg 465w, https:\/\/s3-eu-central-1.amazonaws.com\/printu-blog\/wp-content\/uploads\/2015\/04\/Ksi%C4%85%C5%BCka-do-nauki-literek-3-199x300.jpg 199w, https:\/\/s3-eu-central-1.amazonaws.com\/printu-blog\/wp-content\/uploads\/2015\/04\/Ksi%C4%85%C5%BCka-do-nauki-literek-3-332x500.jpg 332w\" sizes=\"(max-width: 465px) 100vw, 465px\" \/> <img decoding=\"async\" loading=\"lazy\" class=\"aligncenter size-full wp-image-4210\" src=\"http:\/\/blog.printu.pl\/wp-content\/uploads\/2015\/04\/Ksi\u0105\u017cka-do-nauki-literek-4.jpg\" alt=\"Ksi\u0105\u017cka do nauki literek (4)\" width=\"465\" height=\"700\" srcset=\"https:\/\/s3-eu-central-1.amazonaws.com\/printu-blog\/wp-content\/uploads\/2015\/04\/Ksi%C4%85%C5%BCka-do-nauki-literek-4.jpg 465w, https:\/\/s3-eu-central-1.amazonaws.com\/printu-blog\/wp-content\/uploads\/2015\/04\/Ksi%C4%85%C5%BCka-do-nauki-literek-4-199x300.jpg 199w, https:\/\/s3-eu-central-1.amazonaws.com\/printu-blog\/wp-content\/uploads\/2015\/04\/Ksi%C4%85%C5%BCka-do-nauki-literek-4-332x500.jpg 332w\" sizes=\"(max-width: 465px) 100vw, 465px\" \/> <img decoding=\"async\" loading=\"lazy\" class=\"aligncenter size-full wp-image-4211\" src=\"http:\/\/blog.printu.pl\/wp-content\/uploads\/2015\/04\/Ksi\u0105\u017cka-do-nauki-literek-5.jpg\" alt=\"Ksi\u0105\u017cka do nauki literek (5)\" width=\"465\" height=\"700\" srcset=\"https:\/\/s3-eu-central-1.amazonaws.com\/printu-blog\/wp-content\/uploads\/2015\/04\/Ksi%C4%85%C5%BCka-do-nauki-literek-5.jpg 465w, https:\/\/s3-eu-central-1.amazonaws.com\/printu-blog\/wp-content\/uploads\/2015\/04\/Ksi%C4%85%C5%BCka-do-nauki-literek-5-199x300.jpg 199w, https:\/\/s3-eu-central-1.amazonaws.com\/printu-blog\/wp-content\/uploads\/2015\/04\/Ksi%C4%85%C5%BCka-do-nauki-literek-5-332x500.jpg 332w\" sizes=\"(max-width: 465px) 100vw, 465px\" \/> <img decoding=\"async\" loading=\"lazy\" class=\"aligncenter  wp-image-4212\" src=\"http:\/\/blog.printu.pl\/wp-content\/uploads\/2015\/04\/Ksi\u0105\u017cka-do-nauki-literek-6.jpg\" alt=\"Ksi\u0105\u017cka do nauki literek (6)\" width=\"700\" height=\"465\" srcset=\"https:\/\/s3-eu-central-1.amazonaws.com\/printu-blog\/wp-content\/uploads\/2015\/04\/Ksi%C4%85%C5%BCka-do-nauki-literek-6.jpg 700w, https:\/\/s3-eu-central-1.amazonaws.com\/printu-blog\/wp-content\/uploads\/2015\/04\/Ksi%C4%85%C5%BCka-do-nauki-literek-6-300x199.jpg 300w\" sizes=\"(max-width: 700px) 100vw, 700px\" \/> <img decoding=\"async\" class=\"aligncenter  wp-image-4213\" src=\"http:\/\/blog.printu.pl\/wp-content\/uploads\/2015\/04\/Ksi\u0105\u017cka-do-nauki-literek-7.jpg\" alt=\"Ksi\u0105\u017cka do nauki literek (7)\" width=\"700\" srcset=\"https:\/\/s3-eu-central-1.amazonaws.com\/printu-blog\/wp-content\/uploads\/2015\/04\/Ksi%C4%85%C5%BCka-do-nauki-literek-7.jpg 1600w, https:\/\/s3-eu-central-1.amazonaws.com\/printu-blog\/wp-content\/uploads\/2015\/04\/Ksi%C4%85%C5%BCka-do-nauki-literek-7-300x200.jpg 300w, https:\/\/s3-eu-central-1.amazonaws.com\/printu-blog\/wp-content\/uploads\/2015\/04\/Ksi%C4%85%C5%BCka-do-nauki-literek-7-768x511.jpg 768w, https:\/\/s3-eu-central-1.amazonaws.com\/printu-blog\/wp-content\/uploads\/2015\/04\/Ksi%C4%85%C5%BCka-do-nauki-literek-7-700x466.jpg 700w\" sizes=\"(max-width: 1600px) 100vw, 1600px\" \/> <img decoding=\"async\" loading=\"lazy\" class=\"aligncenter  wp-image-4214\" src=\"http:\/\/blog.printu.pl\/wp-content\/uploads\/2015\/04\/Ksi\u0105\u017cka-do-nauki-literek-8.jpg\" alt=\"Ksi\u0105\u017cka do nauki literek (8)\" width=\"700\" height=\"465\" srcset=\"https:\/\/s3-eu-central-1.amazonaws.com\/printu-blog\/wp-content\/uploads\/2015\/04\/Ksi%C4%85%C5%BCka-do-nauki-literek-8.jpg 700w, https:\/\/s3-eu-central-1.amazonaws.com\/printu-blog\/wp-content\/uploads\/2015\/04\/Ksi%C4%85%C5%BCka-do-nauki-literek-8-300x199.jpg 300w\" sizes=\"(max-width: 700px) 100vw, 700px\" \/> <img decoding=\"async\" loading=\"lazy\" class=\"aligncenter  wp-image-4215\" src=\"http:\/\/blog.printu.pl\/wp-content\/uploads\/2015\/04\/Ksi\u0105\u017cka-do-nauki-literek-9.jpg\" alt=\"Ksi\u0105\u017cka do nauki literek (9)\" width=\"700\" height=\"465\" srcset=\"https:\/\/s3-eu-central-1.amazonaws.com\/printu-blog\/wp-content\/uploads\/2015\/04\/Ksi%C4%85%C5%BCka-do-nauki-literek-9.jpg 700w, https:\/\/s3-eu-central-1.amazonaws.com\/printu-blog\/wp-content\/uploads\/2015\/04\/Ksi%C4%85%C5%BCka-do-nauki-literek-9-300x199.jpg 300w\" sizes=\"(max-width: 700px) 100vw, 700px\" \/><\/p>\n","protected":false},"excerpt":{"rendered":"<p>&#8222;Tym razem nie chcia\u0142am kolejnej ksi\u0105\u017cki z zdj\u0119ciami Poli, mamy ich naprawd\u0119 sporo. Razem z m\u0119\u017cem wpadli\u015bmy na pomys\u0142, aby stworzy\u0107 troszeczk\u0119 co\u015b innego. Takim sposobem powsta\u0142 Nasz wsp\u00f3lny\u00a0alfabet na weso\u0142o\u00a0:)<\/p>\n","protected":false},"author":4,"featured_media":0,"comment_status":"open","ping_status":"open","sticky":false,"template":"","format":"standard","meta":[],"categories":[66,143],"tags":[1182,1179,614,1176,611,612,1177,1181,1180,1178,851,819],"yoast_head":"<!-- This site is optimized with the Yoast SEO plugin v19.13 - https:\/\/yoast.com\/wordpress\/plugins\/seo\/ -->\n<title>Fotoksi\u0105\u017cka do nauki literek - Printu.pl<\/title>\n<meta name=\"robots\" content=\"index, follow, max-snippet:-1, max-image-preview:large, max-video-preview:-1\" \/>\n<link rel=\"canonical\" href=\"https:\/\/printu.pl\/blog\/2015\/04\/01\/fotoksiazka-do-nauki-literek\/\" \/>\n<meta property=\"og:locale\" content=\"pl_PL\" \/>\n<meta property=\"og:type\" content=\"article\" \/>\n<meta property=\"og:title\" content=\"Fotoksi\u0105\u017cka do nauki literek - Printu.pl\" \/>\n<meta property=\"og:description\" content=\"&#8222;Tym razem nie chcia\u0142am kolejnej ksi\u0105\u017cki z zdj\u0119ciami Poli, mamy ich naprawd\u0119 sporo. Razem z m\u0119\u017cem wpadli\u015bmy na pomys\u0142, aby stworzy\u0107 troszeczk\u0119 co\u015b innego. Takim sposobem powsta\u0142 Nasz wsp\u00f3lny\u00a0alfabet na weso\u0142o\u00a0:)\" \/>\n<meta property=\"og:url\" content=\"https:\/\/printu.pl\/blog\/2015\/04\/01\/fotoksiazka-do-nauki-literek\/\" \/>\n<meta property=\"og:site_name\" content=\"blog\" \/>\n<meta property=\"article:publisher\" content=\"https:\/\/www.facebook.com\/printupl\" \/>\n<meta property=\"article:published_time\" content=\"2015-04-01T12:36:02+00:00\" \/>\n<meta property=\"article:modified_time\" content=\"2015-12-14T17:06:15+00:00\" \/>\n<meta name=\"author\" content=\"Katarzyna\" \/>\n<meta name=\"twitter:card\" content=\"summary_large_image\" \/>\n<meta name=\"twitter:creator\" content=\"@printupl\" \/>\n<meta name=\"twitter:site\" content=\"@printupl\" \/>\n<meta name=\"twitter:label1\" content=\"Napisane przez\" \/>\n\t<meta name=\"twitter:data1\" content=\"Katarzyna\" \/>\n\t<meta name=\"twitter:label2\" content=\"Szacowany czas czytania\" \/>\n\t<meta name=\"twitter:data2\" content=\"1 minuta\" \/>\n<!-- \/ Yoast SEO plugin. -->","yoast_head_json":{"title":"Fotoksi\u0105\u017cka do nauki literek - Printu.pl","robots":{"index":"index","follow":"follow","max-snippet":"max-snippet:-1","max-image-preview":"max-image-preview:large","max-video-preview":"max-video-preview:-1"},"canonical":"https:\/\/printu.pl\/blog\/2015\/04\/01\/fotoksiazka-do-nauki-literek\/","og_locale":"pl_PL","og_type":"article","og_title":"Fotoksi\u0105\u017cka do nauki literek - Printu.pl","og_description":"&#8222;Tym razem nie chcia\u0142am kolejnej ksi\u0105\u017cki z zdj\u0119ciami Poli, mamy ich naprawd\u0119 sporo. Razem z m\u0119\u017cem wpadli\u015bmy na pomys\u0142, aby stworzy\u0107 troszeczk\u0119 co\u015b innego. Takim sposobem powsta\u0142 Nasz wsp\u00f3lny\u00a0alfabet na weso\u0142o\u00a0:)","og_url":"https:\/\/printu.pl\/blog\/2015\/04\/01\/fotoksiazka-do-nauki-literek\/","og_site_name":"blog","article_publisher":"https:\/\/www.facebook.com\/printupl","article_published_time":"2015-04-01T12:36:02+00:00","article_modified_time":"2015-12-14T17:06:15+00:00","author":"Katarzyna","twitter_card":"summary_large_image","twitter_creator":"@printupl","twitter_site":"@printupl","twitter_misc":{"Napisane przez":"Katarzyna","Szacowany czas czytania":"1 minuta"},"schema":{"@context":"https:\/\/schema.org","@graph":[{"@type":"Article","@id":"https:\/\/printu.pl\/blog\/2015\/04\/01\/fotoksiazka-do-nauki-literek\/#article","isPartOf":{"@id":"https:\/\/printu.pl\/blog\/2015\/04\/01\/fotoksiazka-do-nauki-literek\/"},"author":{"name":"Katarzyna","@id":"https:\/\/printu.pl\/blog\/#\/schema\/person\/1552825435ffb2cc058d57ea4dd17e22"},"headline":"Fotoksi\u0105\u017cka do nauki literek","datePublished":"2015-04-01T12:36:02+00:00","dateModified":"2015-12-14T17:06:15+00:00","mainEntityOfPage":{"@id":"https:\/\/printu.pl\/blog\/2015\/04\/01\/fotoksiazka-do-nauki-literek\/"},"wordCount":288,"commentCount":0,"publisher":{"@id":"https:\/\/printu.pl\/blog\/#organization"},"keywords":["alfabet na weso\u0142o","autorska ksi\u0105\u017cka","fotoksi\u0105\u017cka bajka","Fotoksi\u0105\u017cka do nauki literek","Fotoksi\u0105\u017cka edukacyjna","Fotoksi\u0105\u017cka edukacyjna dla dziecka","ksi\u0105\u017cka do nauki literek","nauka abecad\u0142a","Nauka abecad\u0142a dla dzieci","nauka literek","pomys\u0142 na fotoksi\u0105\u017ck\u0119","pomys\u0142 na fotoksi\u0105\u017ck\u0119 dziecka"],"articleSection":["Inspiracje","Napisali o nas"],"inLanguage":"pl-PL","potentialAction":[{"@type":"CommentAction","name":"Comment","target":["https:\/\/printu.pl\/blog\/2015\/04\/01\/fotoksiazka-do-nauki-literek\/#respond"]}]},{"@type":"WebPage","@id":"https:\/\/printu.pl\/blog\/2015\/04\/01\/fotoksiazka-do-nauki-literek\/","url":"https:\/\/printu.pl\/blog\/2015\/04\/01\/fotoksiazka-do-nauki-literek\/","name":"Fotoksi\u0105\u017cka do nauki literek - Printu.pl","isPartOf":{"@id":"https:\/\/printu.pl\/blog\/#website"},"datePublished":"2015-04-01T12:36:02+00:00","dateModified":"2015-12-14T17:06:15+00:00","breadcrumb":{"@id":"https:\/\/printu.pl\/blog\/2015\/04\/01\/fotoksiazka-do-nauki-literek\/#breadcrumb"},"inLanguage":"pl-PL","potentialAction":[{"@type":"ReadAction","target":["https:\/\/printu.pl\/blog\/2015\/04\/01\/fotoksiazka-do-nauki-literek\/"]}]},{"@type":"BreadcrumbList","@id":"https:\/\/printu.pl\/blog\/2015\/04\/01\/fotoksiazka-do-nauki-literek\/#breadcrumb","itemListElement":[{"@type":"ListItem","position":1,"name":"Strona g\u0142\u00f3wna","item":"https:\/\/printu.pl\/blog\/"},{"@type":"ListItem","position":2,"name":"Fotoksi\u0105\u017cka do nauki literek"}]},{"@type":"WebSite","@id":"https:\/\/printu.pl\/blog\/#website","url":"https:\/\/printu.pl\/blog\/","name":"blog","description":"blog","publisher":{"@id":"https:\/\/printu.pl\/blog\/#organization"},"potentialAction":[{"@type":"SearchAction","target":{"@type":"EntryPoint","urlTemplate":"https:\/\/printu.pl\/blog\/?s={search_term_string}"},"query-input":"required name=search_term_string"}],"inLanguage":"pl-PL"},{"@type":"Organization","@id":"https:\/\/printu.pl\/blog\/#organization","name":"blog","url":"https:\/\/printu.pl\/blog\/","logo":{"@type":"ImageObject","inLanguage":"pl-PL","@id":"https:\/\/printu.pl\/blog\/#\/schema\/logo\/image\/","url":"https:\/\/s3-eu-central-1.amazonaws.com\/printu-blog\/wp-content\/uploads\/2017\/02\/printu-logo.png","contentUrl":"https:\/\/s3-eu-central-1.amazonaws.com\/printu-blog\/wp-content\/uploads\/2017\/02\/printu-logo.png","width":143,"height":34,"caption":" blog"},"image":{"@id":"https:\/\/printu.pl\/blog\/#\/schema\/logo\/image\/"},"sameAs":["https:\/\/instagram.com\/printupl","https:\/\/www.facebook.com\/printupl","https:\/\/twitter.com\/printupl"]},{"@type":"Person","@id":"https:\/\/printu.pl\/blog\/#\/schema\/person\/1552825435ffb2cc058d57ea4dd17e22","name":"Katarzyna","image":{"@type":"ImageObject","inLanguage":"pl-PL","@id":"https:\/\/printu.pl\/blog\/#\/schema\/person\/image\/","url":"https:\/\/secure.gravatar.com\/avatar\/39b1f1f0db1aa82c65afeee9d7610280?s=96&d=mm&r=g","contentUrl":"https:\/\/secure.gravatar.com\/avatar\/39b1f1f0db1aa82c65afeee9d7610280?s=96&d=mm&r=g","caption":"Katarzyna"}}]}},"_links":{"self":[{"href":"https:\/\/printu.pl\/blog\/wp-json\/wp\/v2\/posts\/4204"}],"collection":[{"href":"https:\/\/printu.pl\/blog\/wp-json\/wp\/v2\/posts"}],"about":[{"href":"https:\/\/printu.pl\/blog\/wp-json\/wp\/v2\/types\/post"}],"author":[{"embeddable":true,"href":"https:\/\/printu.pl\/blog\/wp-json\/wp\/v2\/users\/4"}],"replies":[{"embeddable":true,"href":"https:\/\/printu.pl\/blog\/wp-json\/wp\/v2\/comments?post=4204"}],"version-history":[{"count":8,"href":"https:\/\/printu.pl\/blog\/wp-json\/wp\/v2\/posts\/4204\/revisions"}],"predecessor-version":[{"id":6114,"href":"https:\/\/printu.pl\/blog\/wp-json\/wp\/v2\/posts\/4204\/revisions\/6114"}],"wp:attachment":[{"href":"https:\/\/printu.pl\/blog\/wp-json\/wp\/v2\/media?parent=4204"}],"wp:term":[{"taxonomy":"category","embeddable":true,"href":"https:\/\/printu.pl\/blog\/wp-json\/wp\/v2\/categories?post=4204"},{"taxonomy":"post_tag","embeddable":true,"href":"https:\/\/printu.pl\/blog\/wp-json\/wp\/v2\/tags?post=4204"}],"curies":[{"name":"wp","href":"https:\/\/api.w.org\/{rel}","templated":true}]}}