{"id":4221,"date":"2015-04-01T15:42:08","date_gmt":"2015-04-01T13:42:08","guid":{"rendered":"http:\/\/blog.printu.pl\/?p=4221"},"modified":"2015-12-14T18:06:02","modified_gmt":"2015-12-14T17:06:02","slug":"portfolio","status":"publish","type":"post","link":"https:\/\/printu.pl\/blog\/2015\/04\/01\/portfolio\/","title":{"rendered":"Portfolio"},"content":{"rendered":"<blockquote>\n<p style=\"text-align: left;\"><img decoding=\"async\" loading=\"lazy\" class=\"aligncenter  wp-image-4232\" src=\"http:\/\/blog.printu.pl\/wp-content\/uploads\/2015\/04\/Portfolio-dla-fotografa.jpg\" alt=\"Portfolio dla fotografa\" width=\"700\" height=\"350\" srcset=\"https:\/\/s3-eu-central-1.amazonaws.com\/printu-blog\/wp-content\/uploads\/2015\/04\/Portfolio-dla-fotografa.jpg 700w, https:\/\/s3-eu-central-1.amazonaws.com\/printu-blog\/wp-content\/uploads\/2015\/04\/Portfolio-dla-fotografa-300x150.jpg 300w\" sizes=\"(max-width: 700px) 100vw, 700px\" \/>&#8222;Lubi\u0119 mie\u0107 du\u017co zdj\u0119\u0107, lubi\u0119 mie\u0107 10 zdj\u0119\u0107 z podobn\u0105 min\u0105 \u2013 mo\u017cecie si\u0119 wi\u0119c domy\u015ble\u0107, \u017ce drukowa\u0142am rocznie po 2-3 tysi\u0105ce zdj\u0119\u0107 a potem \u015bl\u0119cza\u0142am po nocach by chronologicznie je powkleja\u0107. Po pewnym czasie, kiedy praca zawodowa zacz\u0119\u0142a zabiera\u0107 mi co raz wi\u0119cej czasu zaniecha\u0142am drukowania. Zacz\u0119\u0142am szuka\u0107 sposobu na szybkie i ta\u0144sze przenoszenie uj\u0119\u0107 na papier. I tak w moim domu zacz\u0119\u0142y pojawia\u0107 si\u0119 fotoksi\u0105\u017cki.<\/p>\n<p style=\"text-align: left;\"><!--more-->To wspania\u0142a alternatywa \u2013 szybka i stosunkowo tania. To r\u00f3wnie\u017c wspania\u0142y prezent dla bliskich. Nawet moja babcia tradycjonalistka zakocha\u0142a si\u0119 w fotoksi\u0105\u017cce m\u00f3wi\u0105c, \u017ce zawsze ma wnuki pod r\u0119k\u0105\u00a0<img decoding=\"async\" src=\"http:\/\/niepolka.pl\/wp-includes\/images\/smilies\/icon_wink.gif\" alt=\";)\" \/><\/p>\n<p>Tym razem przygotowa\u0142am portfolia na potrzeby w\u0142asnej pracy. R\u00f3\u017cnorodno\u015b\u0107 szablon\u00f3w, wzor\u00f3w, mo\u017cliwo\u015b\u0107 dobrania nie tylko formatu ale r\u00f3wnie\u017c rodzaju papieru czy ok\u0142adki powoduje, \u017ce ka\u017cda ksi\u0105\u017cka jest zupe\u0142nie inna. Ja postawi\u0142am na biel i czer\u0144 \u2013 klasyka zawsze jest w modzie a minimalizm co raz bardziej obecny jest w moim \u017cyciu. Wysz\u0142o cudownie a klienci odwiedzaj\u0105cy moje studio s\u0105 zachwyceni.<\/p>\n<p>Osobi\u015bcie jestem zadowolona z wysokiej jako\u015bci druku bo to dla mnie jest najwa\u017cniejsze.<\/p>\n<p>Jest to \u015bwietne rozwi\u0105zanie dla os\u00f3b lubi\u0105cych zdj\u0119cia na papierze ale nie maj\u0105cy cierpliwo\u015bci i czasu by zdj\u0119cia drukowa\u0107, wkleja\u0107 itp.&#8221;<\/p><\/blockquote>\n<p><strong>Zapraszamy do ca\u0142ego wpisu redaktor Patrycji z bloga \u201eNiepolka.pl\u201d tutaj:\u00a0<a href=\"http:\/\/niepolka.pl\/zamkniete-w-klatce-czasu\/\" target=\"_blank\">\u201eZamkni\u0119te w klatce czasu\u201d<\/a>.<\/strong><\/p>\n<p>Je\u015bli jeste\u015b fotografem i marzy Ci si\u0119\u00a0<a href=\"http:\/\/printu.pl\/fotoksiazka\/portfolio\/\" target=\"_blank\">profesjonalne portfolio<\/a>, fotoksi\u0105\u017cka PRINTU jest dla Ciebie. Zapraszamy do projektowania.<\/p>\n<p><strong>Przeczytaj te\u017c\u00a0<a href=\"http:\/\/blog.printu.pl\/2015\/03\/03\/fotoksiazka-produktowa-2\/\" target=\"_blank\">dlaczego fotograf powinien posiada\u0107 papierowe portfolio<\/a>.<\/strong><\/p>\n<p>Zobacz:<\/p>\n<p>&#8211; <a href=\"http:\/\/blog.printu.pl\/2015\/03\/20\/portfolio-dla-fotografa\/\" target=\"_blank\">Portfolio fotografa<\/a><\/p>\n<p>&#8211; <a href=\"http:\/\/blog.printu.pl\/2013\/10\/09\/fotoksiazka-slubna\/\" target=\"_blank\">Portfolio fotografa \u015blubnego <\/a><\/p>\n<p>Poni\u017cej wi\u0119cej zdj\u0119\u0107 portfolio Patrycji.<\/p>\n<p style=\"text-align: center;\"><img decoding=\"async\" loading=\"lazy\" class=\"aligncenter  wp-image-4222\" src=\"http:\/\/blog.printu.pl\/wp-content\/uploads\/2015\/04\/Tworzenie-portfolio-2.jpg\" alt=\"Tworzenie portfolio (2)\" width=\"700\" height=\"468\" srcset=\"https:\/\/s3-eu-central-1.amazonaws.com\/printu-blog\/wp-content\/uploads\/2015\/04\/Tworzenie-portfolio-2.jpg 1024w, https:\/\/s3-eu-central-1.amazonaws.com\/printu-blog\/wp-content\/uploads\/2015\/04\/Tworzenie-portfolio-2-300x200.jpg 300w, https:\/\/s3-eu-central-1.amazonaws.com\/printu-blog\/wp-content\/uploads\/2015\/04\/Tworzenie-portfolio-2-768x513.jpg 768w, https:\/\/s3-eu-central-1.amazonaws.com\/printu-blog\/wp-content\/uploads\/2015\/04\/Tworzenie-portfolio-2-700x468.jpg 700w\" sizes=\"(max-width: 700px) 100vw, 700px\" \/><img decoding=\"async\" loading=\"lazy\" class=\"aligncenter  wp-image-4223\" src=\"http:\/\/blog.printu.pl\/wp-content\/uploads\/2015\/04\/Tworzenie-portfolio-6.jpg\" alt=\"Tworzenie portfolio (6)\" width=\"700\" height=\"468\" srcset=\"https:\/\/s3-eu-central-1.amazonaws.com\/printu-blog\/wp-content\/uploads\/2015\/04\/Tworzenie-portfolio-6.jpg 1024w, https:\/\/s3-eu-central-1.amazonaws.com\/printu-blog\/wp-content\/uploads\/2015\/04\/Tworzenie-portfolio-6-300x200.jpg 300w, https:\/\/s3-eu-central-1.amazonaws.com\/printu-blog\/wp-content\/uploads\/2015\/04\/Tworzenie-portfolio-6-768x513.jpg 768w, https:\/\/s3-eu-central-1.amazonaws.com\/printu-blog\/wp-content\/uploads\/2015\/04\/Tworzenie-portfolio-6-700x468.jpg 700w\" sizes=\"(max-width: 700px) 100vw, 700px\" \/><img decoding=\"async\" class=\"aligncenter  wp-image-4226\" src=\"http:\/\/blog.printu.pl\/wp-content\/uploads\/2015\/04\/Tworzenie-portfolio.jpg\" alt=\"Tworzenie portfolio\" width=\"700\" srcset=\"https:\/\/s3-eu-central-1.amazonaws.com\/printu-blog\/wp-content\/uploads\/2015\/04\/Tworzenie-portfolio.jpg 1024w, https:\/\/s3-eu-central-1.amazonaws.com\/printu-blog\/wp-content\/uploads\/2015\/04\/Tworzenie-portfolio-300x200.jpg 300w, https:\/\/s3-eu-central-1.amazonaws.com\/printu-blog\/wp-content\/uploads\/2015\/04\/Tworzenie-portfolio-768x513.jpg 768w, https:\/\/s3-eu-central-1.amazonaws.com\/printu-blog\/wp-content\/uploads\/2015\/04\/Tworzenie-portfolio-700x468.jpg 700w\" sizes=\"(max-width: 1024px) 100vw, 1024px\" \/><\/p>\n<p>&nbsp;<\/p>\n<p>&nbsp;<\/p>\n<p style=\"text-align: center;\"><img decoding=\"async\" class=\"aligncenter  wp-image-4224\" src=\"http:\/\/blog.printu.pl\/wp-content\/uploads\/2015\/04\/Tworzenie-portfolio-4.jpg\" alt=\"Tworzenie portfolio (4)\" width=\"700\" srcset=\"https:\/\/s3-eu-central-1.amazonaws.com\/printu-blog\/wp-content\/uploads\/2015\/04\/Tworzenie-portfolio-4.jpg 1024w, https:\/\/s3-eu-central-1.amazonaws.com\/printu-blog\/wp-content\/uploads\/2015\/04\/Tworzenie-portfolio-4-300x200.jpg 300w, https:\/\/s3-eu-central-1.amazonaws.com\/printu-blog\/wp-content\/uploads\/2015\/04\/Tworzenie-portfolio-4-768x513.jpg 768w, https:\/\/s3-eu-central-1.amazonaws.com\/printu-blog\/wp-content\/uploads\/2015\/04\/Tworzenie-portfolio-4-700x468.jpg 700w\" sizes=\"(max-width: 1024px) 100vw, 1024px\" \/><img decoding=\"async\" class=\"aligncenter  wp-image-4225\" src=\"http:\/\/blog.printu.pl\/wp-content\/uploads\/2015\/04\/Tworzenie-portfolio-5.jpg\" alt=\"Tworzenie portfolio (5)\" width=\"700\" srcset=\"https:\/\/s3-eu-central-1.amazonaws.com\/printu-blog\/wp-content\/uploads\/2015\/04\/Tworzenie-portfolio-5.jpg 1024w, https:\/\/s3-eu-central-1.amazonaws.com\/printu-blog\/wp-content\/uploads\/2015\/04\/Tworzenie-portfolio-5-300x200.jpg 300w, https:\/\/s3-eu-central-1.amazonaws.com\/printu-blog\/wp-content\/uploads\/2015\/04\/Tworzenie-portfolio-5-768x513.jpg 768w, https:\/\/s3-eu-central-1.amazonaws.com\/printu-blog\/wp-content\/uploads\/2015\/04\/Tworzenie-portfolio-5-700x468.jpg 700w\" sizes=\"(max-width: 1024px) 100vw, 1024px\" \/><\/p>\n<p style=\"text-align: center;\"><img decoding=\"async\" class=\"aligncenter  wp-image-4227\" src=\"http:\/\/blog.printu.pl\/wp-content\/uploads\/2015\/04\/Portfolio-fotografa-1.jpg\" alt=\"Portfolio fotografa (1)\" width=\"700\" srcset=\"https:\/\/s3-eu-central-1.amazonaws.com\/printu-blog\/wp-content\/uploads\/2015\/04\/Portfolio-fotografa-1.jpg 1024w, https:\/\/s3-eu-central-1.amazonaws.com\/printu-blog\/wp-content\/uploads\/2015\/04\/Portfolio-fotografa-1-300x200.jpg 300w, https:\/\/s3-eu-central-1.amazonaws.com\/printu-blog\/wp-content\/uploads\/2015\/04\/Portfolio-fotografa-1-768x513.jpg 768w, https:\/\/s3-eu-central-1.amazonaws.com\/printu-blog\/wp-content\/uploads\/2015\/04\/Portfolio-fotografa-1-700x468.jpg 700w\" sizes=\"(max-width: 1024px) 100vw, 1024px\" \/> <img decoding=\"async\" class=\"aligncenter  wp-image-4228\" src=\"http:\/\/blog.printu.pl\/wp-content\/uploads\/2015\/04\/Portfolio-fotografa-2.jpg\" alt=\"Portfolio fotografa (2)\" width=\"700\" srcset=\"https:\/\/s3-eu-central-1.amazonaws.com\/printu-blog\/wp-content\/uploads\/2015\/04\/Portfolio-fotografa-2.jpg 1024w, https:\/\/s3-eu-central-1.amazonaws.com\/printu-blog\/wp-content\/uploads\/2015\/04\/Portfolio-fotografa-2-300x200.jpg 300w, https:\/\/s3-eu-central-1.amazonaws.com\/printu-blog\/wp-content\/uploads\/2015\/04\/Portfolio-fotografa-2-768x513.jpg 768w, https:\/\/s3-eu-central-1.amazonaws.com\/printu-blog\/wp-content\/uploads\/2015\/04\/Portfolio-fotografa-2-700x468.jpg 700w\" sizes=\"(max-width: 1024px) 100vw, 1024px\" \/> <img decoding=\"async\" class=\"aligncenter  wp-image-4229\" src=\"http:\/\/blog.printu.pl\/wp-content\/uploads\/2015\/04\/Portfolio-fotografa-3.jpg\" alt=\"Portfolio fotografa (3)\" width=\"700\" srcset=\"https:\/\/s3-eu-central-1.amazonaws.com\/printu-blog\/wp-content\/uploads\/2015\/04\/Portfolio-fotografa-3.jpg 1024w, https:\/\/s3-eu-central-1.amazonaws.com\/printu-blog\/wp-content\/uploads\/2015\/04\/Portfolio-fotografa-3-300x200.jpg 300w, https:\/\/s3-eu-central-1.amazonaws.com\/printu-blog\/wp-content\/uploads\/2015\/04\/Portfolio-fotografa-3-768x513.jpg 768w, https:\/\/s3-eu-central-1.amazonaws.com\/printu-blog\/wp-content\/uploads\/2015\/04\/Portfolio-fotografa-3-700x468.jpg 700w\" sizes=\"(max-width: 1024px) 100vw, 1024px\" \/> <img decoding=\"async\" class=\"aligncenter  wp-image-4230\" src=\"http:\/\/blog.printu.pl\/wp-content\/uploads\/2015\/04\/Portfolio-fotografa-4.jpg\" alt=\"Portfolio fotografa (4)\" width=\"700\" srcset=\"https:\/\/s3-eu-central-1.amazonaws.com\/printu-blog\/wp-content\/uploads\/2015\/04\/Portfolio-fotografa-4.jpg 1024w, https:\/\/s3-eu-central-1.amazonaws.com\/printu-blog\/wp-content\/uploads\/2015\/04\/Portfolio-fotografa-4-300x200.jpg 300w, https:\/\/s3-eu-central-1.amazonaws.com\/printu-blog\/wp-content\/uploads\/2015\/04\/Portfolio-fotografa-4-768x513.jpg 768w, https:\/\/s3-eu-central-1.amazonaws.com\/printu-blog\/wp-content\/uploads\/2015\/04\/Portfolio-fotografa-4-700x468.jpg 700w\" sizes=\"(max-width: 1024px) 100vw, 1024px\" \/> <img decoding=\"async\" class=\"aligncenter  wp-image-4231\" src=\"http:\/\/blog.printu.pl\/wp-content\/uploads\/2015\/04\/Portfolio-fotografa-5.jpg\" alt=\"Portfolio fotografa (5)\" width=\"700\" srcset=\"https:\/\/s3-eu-central-1.amazonaws.com\/printu-blog\/wp-content\/uploads\/2015\/04\/Portfolio-fotografa-5.jpg 1024w, https:\/\/s3-eu-central-1.amazonaws.com\/printu-blog\/wp-content\/uploads\/2015\/04\/Portfolio-fotografa-5-300x200.jpg 300w, https:\/\/s3-eu-central-1.amazonaws.com\/printu-blog\/wp-content\/uploads\/2015\/04\/Portfolio-fotografa-5-768x513.jpg 768w, https:\/\/s3-eu-central-1.amazonaws.com\/printu-blog\/wp-content\/uploads\/2015\/04\/Portfolio-fotografa-5-700x468.jpg 700w\" sizes=\"(max-width: 1024px) 100vw, 1024px\" \/><\/p>\n","protected":false},"excerpt":{"rendered":"<p>&#8222;Lubi\u0119 mie\u0107 du\u017co zdj\u0119\u0107, lubi\u0119 mie\u0107 10 zdj\u0119\u0107 z podobn\u0105 min\u0105 \u2013 mo\u017cecie si\u0119 wi\u0119c domy\u015ble\u0107, \u017ce drukowa\u0142am rocznie po 2-3 tysi\u0105ce zdj\u0119\u0107 a potem \u015bl\u0119cza\u0142am po nocach by chronologicznie je powkleja\u0107. Po pewnym czasie, kiedy praca zawodowa zacz\u0119\u0142a zabiera\u0107 mi co raz wi\u0119cej czasu zaniecha\u0142am drukowania. Zacz\u0119\u0142am szuka\u0107 sposobu na szybkie i ta\u0144sze przenoszenie &hellip;<\/p>\n","protected":false},"author":4,"featured_media":0,"comment_status":"open","ping_status":"open","sticky":false,"template":"","format":"standard","meta":[],"categories":[66,143],"tags":[1125,1019,1183,1027,1124],"yoast_head":"<!-- This site is optimized with the Yoast SEO plugin v19.13 - https:\/\/yoast.com\/wordpress\/plugins\/seo\/ -->\n<title>Portfolio - Printu.pl<\/title>\n<meta name=\"robots\" content=\"index, follow, max-snippet:-1, max-image-preview:large, max-video-preview:-1\" \/>\n<link rel=\"canonical\" href=\"https:\/\/printu.pl\/blog\/2015\/04\/01\/portfolio\/\" \/>\n<meta property=\"og:locale\" content=\"pl_PL\" \/>\n<meta property=\"og:type\" content=\"article\" \/>\n<meta property=\"og:title\" content=\"Portfolio - Printu.pl\" \/>\n<meta property=\"og:description\" content=\"&#8222;Lubi\u0119 mie\u0107 du\u017co zdj\u0119\u0107, lubi\u0119 mie\u0107 10 zdj\u0119\u0107 z podobn\u0105 min\u0105 \u2013 mo\u017cecie si\u0119 wi\u0119c domy\u015ble\u0107, \u017ce drukowa\u0142am rocznie po 2-3 tysi\u0105ce zdj\u0119\u0107 a potem \u015bl\u0119cza\u0142am po nocach by chronologicznie je powkleja\u0107. Po pewnym czasie, kiedy praca zawodowa zacz\u0119\u0142a zabiera\u0107 mi co raz wi\u0119cej czasu zaniecha\u0142am drukowania. Zacz\u0119\u0142am szuka\u0107 sposobu na szybkie i ta\u0144sze przenoszenie &hellip;\" \/>\n<meta property=\"og:url\" content=\"https:\/\/printu.pl\/blog\/2015\/04\/01\/portfolio\/\" \/>\n<meta property=\"og:site_name\" content=\"blog\" \/>\n<meta property=\"article:publisher\" content=\"https:\/\/www.facebook.com\/printupl\" \/>\n<meta property=\"article:published_time\" content=\"2015-04-01T13:42:08+00:00\" \/>\n<meta property=\"article:modified_time\" content=\"2015-12-14T17:06:02+00:00\" \/>\n<meta property=\"og:image\" content=\"http:\/\/blog.printu.pl\/wp-content\/uploads\/2015\/04\/Portfolio-dla-fotografa.jpg\" \/>\n<meta name=\"author\" content=\"Katarzyna\" \/>\n<meta name=\"twitter:card\" content=\"summary_large_image\" \/>\n<meta name=\"twitter:creator\" content=\"@printupl\" \/>\n<meta name=\"twitter:site\" content=\"@printupl\" \/>\n<meta name=\"twitter:label1\" content=\"Napisane przez\" \/>\n\t<meta name=\"twitter:data1\" content=\"Katarzyna\" \/>\n\t<meta name=\"twitter:label2\" content=\"Szacowany czas czytania\" \/>\n\t<meta name=\"twitter:data2\" content=\"1 minuta\" \/>\n<!-- \/ Yoast SEO plugin. -->","yoast_head_json":{"title":"Portfolio - Printu.pl","robots":{"index":"index","follow":"follow","max-snippet":"max-snippet:-1","max-image-preview":"max-image-preview:large","max-video-preview":"max-video-preview:-1"},"canonical":"https:\/\/printu.pl\/blog\/2015\/04\/01\/portfolio\/","og_locale":"pl_PL","og_type":"article","og_title":"Portfolio - Printu.pl","og_description":"&#8222;Lubi\u0119 mie\u0107 du\u017co zdj\u0119\u0107, lubi\u0119 mie\u0107 10 zdj\u0119\u0107 z podobn\u0105 min\u0105 \u2013 mo\u017cecie si\u0119 wi\u0119c domy\u015ble\u0107, \u017ce drukowa\u0142am rocznie po 2-3 tysi\u0105ce zdj\u0119\u0107 a potem \u015bl\u0119cza\u0142am po nocach by chronologicznie je powkleja\u0107. Po pewnym czasie, kiedy praca zawodowa zacz\u0119\u0142a zabiera\u0107 mi co raz wi\u0119cej czasu zaniecha\u0142am drukowania. Zacz\u0119\u0142am szuka\u0107 sposobu na szybkie i ta\u0144sze przenoszenie &hellip;","og_url":"https:\/\/printu.pl\/blog\/2015\/04\/01\/portfolio\/","og_site_name":"blog","article_publisher":"https:\/\/www.facebook.com\/printupl","article_published_time":"2015-04-01T13:42:08+00:00","article_modified_time":"2015-12-14T17:06:02+00:00","og_image":[{"url":"http:\/\/blog.printu.pl\/wp-content\/uploads\/2015\/04\/Portfolio-dla-fotografa.jpg"}],"author":"Katarzyna","twitter_card":"summary_large_image","twitter_creator":"@printupl","twitter_site":"@printupl","twitter_misc":{"Napisane przez":"Katarzyna","Szacowany czas czytania":"1 minuta"},"schema":{"@context":"https:\/\/schema.org","@graph":[{"@type":"Article","@id":"https:\/\/printu.pl\/blog\/2015\/04\/01\/portfolio\/#article","isPartOf":{"@id":"https:\/\/printu.pl\/blog\/2015\/04\/01\/portfolio\/"},"author":{"name":"Katarzyna","@id":"https:\/\/printu.pl\/blog\/#\/schema\/person\/1552825435ffb2cc058d57ea4dd17e22"},"headline":"Portfolio","datePublished":"2015-04-01T13:42:08+00:00","dateModified":"2015-12-14T17:06:02+00:00","mainEntityOfPage":{"@id":"https:\/\/printu.pl\/blog\/2015\/04\/01\/portfolio\/"},"wordCount":295,"commentCount":0,"publisher":{"@id":"https:\/\/printu.pl\/blog\/#organization"},"keywords":["papierowe portfolio","portfolio","portfolio fotografa","portfolio printu","portfolio ze zdj\u0119ciami"],"articleSection":["Inspiracje","Napisali o nas"],"inLanguage":"pl-PL","potentialAction":[{"@type":"CommentAction","name":"Comment","target":["https:\/\/printu.pl\/blog\/2015\/04\/01\/portfolio\/#respond"]}]},{"@type":"WebPage","@id":"https:\/\/printu.pl\/blog\/2015\/04\/01\/portfolio\/","url":"https:\/\/printu.pl\/blog\/2015\/04\/01\/portfolio\/","name":"Portfolio - Printu.pl","isPartOf":{"@id":"https:\/\/printu.pl\/blog\/#website"},"datePublished":"2015-04-01T13:42:08+00:00","dateModified":"2015-12-14T17:06:02+00:00","breadcrumb":{"@id":"https:\/\/printu.pl\/blog\/2015\/04\/01\/portfolio\/#breadcrumb"},"inLanguage":"pl-PL","potentialAction":[{"@type":"ReadAction","target":["https:\/\/printu.pl\/blog\/2015\/04\/01\/portfolio\/"]}]},{"@type":"BreadcrumbList","@id":"https:\/\/printu.pl\/blog\/2015\/04\/01\/portfolio\/#breadcrumb","itemListElement":[{"@type":"ListItem","position":1,"name":"Strona g\u0142\u00f3wna","item":"https:\/\/printu.pl\/blog\/"},{"@type":"ListItem","position":2,"name":"Portfolio"}]},{"@type":"WebSite","@id":"https:\/\/printu.pl\/blog\/#website","url":"https:\/\/printu.pl\/blog\/","name":"blog","description":"blog","publisher":{"@id":"https:\/\/printu.pl\/blog\/#organization"},"potentialAction":[{"@type":"SearchAction","target":{"@type":"EntryPoint","urlTemplate":"https:\/\/printu.pl\/blog\/?s={search_term_string}"},"query-input":"required name=search_term_string"}],"inLanguage":"pl-PL"},{"@type":"Organization","@id":"https:\/\/printu.pl\/blog\/#organization","name":"blog","url":"https:\/\/printu.pl\/blog\/","logo":{"@type":"ImageObject","inLanguage":"pl-PL","@id":"https:\/\/printu.pl\/blog\/#\/schema\/logo\/image\/","url":"https:\/\/s3-eu-central-1.amazonaws.com\/printu-blog\/wp-content\/uploads\/2017\/02\/printu-logo.png","contentUrl":"https:\/\/s3-eu-central-1.amazonaws.com\/printu-blog\/wp-content\/uploads\/2017\/02\/printu-logo.png","width":143,"height":34,"caption":" blog"},"image":{"@id":"https:\/\/printu.pl\/blog\/#\/schema\/logo\/image\/"},"sameAs":["https:\/\/instagram.com\/printupl","https:\/\/www.facebook.com\/printupl","https:\/\/twitter.com\/printupl"]},{"@type":"Person","@id":"https:\/\/printu.pl\/blog\/#\/schema\/person\/1552825435ffb2cc058d57ea4dd17e22","name":"Katarzyna","image":{"@type":"ImageObject","inLanguage":"pl-PL","@id":"https:\/\/printu.pl\/blog\/#\/schema\/person\/image\/","url":"https:\/\/secure.gravatar.com\/avatar\/39b1f1f0db1aa82c65afeee9d7610280?s=96&d=mm&r=g","contentUrl":"https:\/\/secure.gravatar.com\/avatar\/39b1f1f0db1aa82c65afeee9d7610280?s=96&d=mm&r=g","caption":"Katarzyna"}}]}},"_links":{"self":[{"href":"https:\/\/printu.pl\/blog\/wp-json\/wp\/v2\/posts\/4221"}],"collection":[{"href":"https:\/\/printu.pl\/blog\/wp-json\/wp\/v2\/posts"}],"about":[{"href":"https:\/\/printu.pl\/blog\/wp-json\/wp\/v2\/types\/post"}],"author":[{"embeddable":true,"href":"https:\/\/printu.pl\/blog\/wp-json\/wp\/v2\/users\/4"}],"replies":[{"embeddable":true,"href":"https:\/\/printu.pl\/blog\/wp-json\/wp\/v2\/comments?post=4221"}],"version-history":[{"count":8,"href":"https:\/\/printu.pl\/blog\/wp-json\/wp\/v2\/posts\/4221\/revisions"}],"predecessor-version":[{"id":6113,"href":"https:\/\/printu.pl\/blog\/wp-json\/wp\/v2\/posts\/4221\/revisions\/6113"}],"wp:attachment":[{"href":"https:\/\/printu.pl\/blog\/wp-json\/wp\/v2\/media?parent=4221"}],"wp:term":[{"taxonomy":"category","embeddable":true,"href":"https:\/\/printu.pl\/blog\/wp-json\/wp\/v2\/categories?post=4221"},{"taxonomy":"post_tag","embeddable":true,"href":"https:\/\/printu.pl\/blog\/wp-json\/wp\/v2\/tags?post=4221"}],"curies":[{"name":"wp","href":"https:\/\/api.w.org\/{rel}","templated":true}]}}