{"id":4336,"date":"2015-04-09T17:34:50","date_gmt":"2015-04-09T15:34:50","guid":{"rendered":"http:\/\/blog.printu.pl\/?p=4336"},"modified":"2015-12-14T16:50:45","modified_gmt":"2015-12-14T15:50:45","slug":"fotoksiazka-dla-rodziny","status":"publish","type":"post","link":"https:\/\/printu.pl\/blog\/2015\/04\/09\/fotoksiazka-dla-rodziny\/","title":{"rendered":"Fotoksi\u0105\u017cka dla rodziny"},"content":{"rendered":"<p style=\"text-align: center;\"><img decoding=\"async\" loading=\"lazy\" class=\"aligncenter  wp-image-4337\" src=\"http:\/\/blog.printu.pl\/wp-content\/uploads\/2015\/04\/Fotoksi\u0105\u017cka-dla-rodziny.jpg\" alt=\"Fotoksi\u0105\u017cka dla rodziny\" width=\"700\" height=\"350\" srcset=\"https:\/\/s3-eu-central-1.amazonaws.com\/printu-blog\/wp-content\/uploads\/2015\/04\/Fotoksi%C4%85%C5%BCka-dla-rodziny.jpg 700w, https:\/\/s3-eu-central-1.amazonaws.com\/printu-blog\/wp-content\/uploads\/2015\/04\/Fotoksi%C4%85%C5%BCka-dla-rodziny-300x150.jpg 300w\" sizes=\"(max-width: 700px) 100vw, 700px\" \/><\/p>\n<blockquote><p>&#8222;Zachwycaj\u0105c si\u0119\u00a0<a href=\"http:\/\/tomitobi.pl\/fotoksiazka-od-printu\/\" target=\"_blank\"><strong>pierwsz\u0105 wersj\u0105 naszej fotoksi\u0105\u017cki od Printu<\/strong><\/a>, wiedzia\u0142am, \u017ce nie poprzestan\u0119 tylko na jednym albumie. Ogl\u0105daj\u0105c raz po raz swoje dzie\u0142o, obmy\u015bla\u0142am plan, jakie tym razem zdj\u0119cia znalaz\u0142yby si\u0119 w kolejnej ods\u0142onie. \u017baden ostatecznie nie doczeka\u0142 si\u0119 finalizacji.\u00a0A\u017c do chwili, kiedy przypomnia\u0142am sobie, \u017ce nasza kolejna rodzinna sesja zdj\u0119ciowa nie zosta\u0142a pokazana \u015bwiatu w wielkim formacie.<\/p>\n<p><!--more-->Zrobienie albumu zaj\u0119\u0142o mi kilkana\u015bcie minut i pomimo tego, \u017ce zdj\u0119cia znam bardzo dobrze, fotoksi\u0105\u017cka pokazuj\u0105c mi je w wi\u0119kszym formacie, ukaza\u0142a ich prawdziwe pi\u0119kno. Zn\u00f3w zachwycam si\u0119 wsp\u00f3lnymi chwilami z dzie\u0107mi. Na twarzy mam u\u015bmiech, kiedy przypominam sobie kulisy powstawania sesji. Pami\u0119tam te ubrudzone od ciastek buzie, kt\u00f3re mieli ch\u0142opaki w chwilach przerwy pomi\u0119dzy jednym uj\u0119ciem na drugim.<\/p>\n<p>Dla mnie Printu, to nie tylko firma drukuj\u0105ca zdj\u0119cia.<br \/>\nDla mnie, oni drukuj\u0105 prawdziwe emocje i uczucia&#8221;.<\/p><\/blockquote>\n<p><strong>Zapraszamy do ca\u0142ego wpisu redaktor Marty z bloga \u201eTomi &amp; Tobi\u201d tutaj:\u00a0<a href=\"http:\/\/tomitobi.pl\/printu-oni-drukuja-emocje\/\" target=\"_blank\">\u201ePrintu &#8211; oni rzeczywi\u015bcie drukuj\u0105 emocje!\u201d<\/a><\/strong><\/p>\n<p>I Ty wydrukuj emocje. Dla siebie. Dla rodziny. Na pami\u0105tk\u0119 dla siebie lub jako <a href=\"http:\/\/blog.printu.pl\/2015\/03\/30\/najlepszy-prezent-na-rozne-okazje\/\" target=\"_blank\">prezent dla bliskiej osoby<\/a>. Bo fotoksi\u0105\u017cka Printu jest najlepszym podarunkiem na ka\u017cd\u0105 okazj\u0119!<\/p>\n<p>Zapraszamy do projektowania na <a href=\"http:\/\/printu.pl\" target=\"_blank\">printu.pl<\/a> i obejrzenia wi\u0119cej zdj\u0119\u0107 z bloga Marty poni\u017cej.<\/p>\n<p style=\"text-align: center;\"><img decoding=\"async\" loading=\"lazy\" class=\"aligncenter  wp-image-4338\" src=\"http:\/\/blog.printu.pl\/wp-content\/uploads\/2015\/04\/Fotoksi\u0105\u017cka-dla-rodziny-1.jpg\" alt=\"Fotoksi\u0105\u017cka dla rodziny (1)\" width=\"700\" height=\"469\" srcset=\"https:\/\/s3-eu-central-1.amazonaws.com\/printu-blog\/wp-content\/uploads\/2015\/04\/Fotoksi%C4%85%C5%BCka-dla-rodziny-1.jpg 700w, https:\/\/s3-eu-central-1.amazonaws.com\/printu-blog\/wp-content\/uploads\/2015\/04\/Fotoksi%C4%85%C5%BCka-dla-rodziny-1-300x201.jpg 300w\" sizes=\"(max-width: 700px) 100vw, 700px\" \/> <img decoding=\"async\" loading=\"lazy\" class=\"aligncenter  wp-image-4339\" src=\"http:\/\/blog.printu.pl\/wp-content\/uploads\/2015\/04\/Fotoksi\u0105\u017cka-dla-rodziny-2.jpg\" alt=\"Fotoksi\u0105\u017cka dla rodziny (2)\" width=\"700\" height=\"469\" srcset=\"https:\/\/s3-eu-central-1.amazonaws.com\/printu-blog\/wp-content\/uploads\/2015\/04\/Fotoksi%C4%85%C5%BCka-dla-rodziny-2.jpg 700w, https:\/\/s3-eu-central-1.amazonaws.com\/printu-blog\/wp-content\/uploads\/2015\/04\/Fotoksi%C4%85%C5%BCka-dla-rodziny-2-300x201.jpg 300w\" sizes=\"(max-width: 700px) 100vw, 700px\" \/> <img decoding=\"async\" loading=\"lazy\" class=\"aligncenter  wp-image-4340\" src=\"http:\/\/blog.printu.pl\/wp-content\/uploads\/2015\/04\/Fotoksi\u0105\u017cka-dla-rodziny-3.jpg\" alt=\"Fotoksi\u0105\u017cka dla rodziny (3)\" width=\"700\" height=\"469\" srcset=\"https:\/\/s3-eu-central-1.amazonaws.com\/printu-blog\/wp-content\/uploads\/2015\/04\/Fotoksi%C4%85%C5%BCka-dla-rodziny-3.jpg 700w, https:\/\/s3-eu-central-1.amazonaws.com\/printu-blog\/wp-content\/uploads\/2015\/04\/Fotoksi%C4%85%C5%BCka-dla-rodziny-3-300x201.jpg 300w\" sizes=\"(max-width: 700px) 100vw, 700px\" \/> <img decoding=\"async\" loading=\"lazy\" class=\"aligncenter  wp-image-4341\" src=\"http:\/\/blog.printu.pl\/wp-content\/uploads\/2015\/04\/Fotoksi\u0105\u017cka-dla-rodziny-4.jpg\" alt=\"Fotoksi\u0105\u017cka dla rodziny (4)\" width=\"700\" height=\"469\" srcset=\"https:\/\/s3-eu-central-1.amazonaws.com\/printu-blog\/wp-content\/uploads\/2015\/04\/Fotoksi%C4%85%C5%BCka-dla-rodziny-4.jpg 700w, https:\/\/s3-eu-central-1.amazonaws.com\/printu-blog\/wp-content\/uploads\/2015\/04\/Fotoksi%C4%85%C5%BCka-dla-rodziny-4-300x201.jpg 300w\" sizes=\"(max-width: 700px) 100vw, 700px\" \/><\/p>\n","protected":false},"excerpt":{"rendered":"<p>&#8222;Zachwycaj\u0105c si\u0119\u00a0pierwsz\u0105 wersj\u0105 naszej fotoksi\u0105\u017cki od Printu, wiedzia\u0142am, \u017ce nie poprzestan\u0119 tylko na jednym albumie. Ogl\u0105daj\u0105c raz po raz swoje dzie\u0142o, obmy\u015bla\u0142am plan, jakie tym razem zdj\u0119cia znalaz\u0142yby si\u0119 w kolejnej ods\u0142onie. \u017baden ostatecznie nie doczeka\u0142 si\u0119 finalizacji.\u00a0A\u017c do chwili, kiedy przypomnia\u0142am sobie, \u017ce nasza kolejna rodzinna sesja zdj\u0119ciowa nie zosta\u0142a pokazana \u015bwiatu w wielkim &hellip;<\/p>\n","protected":false},"author":4,"featured_media":0,"comment_status":"open","ping_status":"open","sticky":false,"template":"","format":"standard","meta":[],"categories":[143],"tags":[1201,381,380,1202,960],"yoast_head":"<!-- This site is optimized with the Yoast SEO plugin v19.13 - https:\/\/yoast.com\/wordpress\/plugins\/seo\/ -->\n<title>Fotoksi\u0105\u017cka dla rodziny - Printu.pl<\/title>\n<meta name=\"robots\" content=\"index, follow, max-snippet:-1, max-image-preview:large, max-video-preview:-1\" \/>\n<link rel=\"canonical\" href=\"https:\/\/printu.pl\/blog\/2015\/04\/09\/fotoksiazka-dla-rodziny\/\" \/>\n<meta property=\"og:locale\" content=\"pl_PL\" \/>\n<meta property=\"og:type\" content=\"article\" \/>\n<meta property=\"og:title\" content=\"Fotoksi\u0105\u017cka dla rodziny - Printu.pl\" \/>\n<meta property=\"og:description\" content=\"&#8222;Zachwycaj\u0105c si\u0119\u00a0pierwsz\u0105 wersj\u0105 naszej fotoksi\u0105\u017cki od Printu, wiedzia\u0142am, \u017ce nie poprzestan\u0119 tylko na jednym albumie. Ogl\u0105daj\u0105c raz po raz swoje dzie\u0142o, obmy\u015bla\u0142am plan, jakie tym razem zdj\u0119cia znalaz\u0142yby si\u0119 w kolejnej ods\u0142onie. \u017baden ostatecznie nie doczeka\u0142 si\u0119 finalizacji.\u00a0A\u017c do chwili, kiedy przypomnia\u0142am sobie, \u017ce nasza kolejna rodzinna sesja zdj\u0119ciowa nie zosta\u0142a pokazana \u015bwiatu w wielkim &hellip;\" \/>\n<meta property=\"og:url\" content=\"https:\/\/printu.pl\/blog\/2015\/04\/09\/fotoksiazka-dla-rodziny\/\" \/>\n<meta property=\"og:site_name\" content=\"blog\" \/>\n<meta property=\"article:publisher\" content=\"https:\/\/www.facebook.com\/printupl\" \/>\n<meta property=\"article:published_time\" content=\"2015-04-09T15:34:50+00:00\" \/>\n<meta property=\"article:modified_time\" content=\"2015-12-14T15:50:45+00:00\" \/>\n<meta name=\"author\" content=\"Katarzyna\" \/>\n<meta name=\"twitter:card\" content=\"summary_large_image\" \/>\n<meta name=\"twitter:creator\" content=\"@printupl\" \/>\n<meta name=\"twitter:site\" content=\"@printupl\" \/>\n<meta name=\"twitter:label1\" content=\"Napisane przez\" \/>\n\t<meta name=\"twitter:data1\" content=\"Katarzyna\" \/>\n\t<meta name=\"twitter:label2\" content=\"Szacowany czas czytania\" \/>\n\t<meta name=\"twitter:data2\" content=\"1 minuta\" \/>\n<!-- \/ Yoast SEO plugin. -->","yoast_head_json":{"title":"Fotoksi\u0105\u017cka dla rodziny - Printu.pl","robots":{"index":"index","follow":"follow","max-snippet":"max-snippet:-1","max-image-preview":"max-image-preview:large","max-video-preview":"max-video-preview:-1"},"canonical":"https:\/\/printu.pl\/blog\/2015\/04\/09\/fotoksiazka-dla-rodziny\/","og_locale":"pl_PL","og_type":"article","og_title":"Fotoksi\u0105\u017cka dla rodziny - Printu.pl","og_description":"&#8222;Zachwycaj\u0105c si\u0119\u00a0pierwsz\u0105 wersj\u0105 naszej fotoksi\u0105\u017cki od Printu, wiedzia\u0142am, \u017ce nie poprzestan\u0119 tylko na jednym albumie. Ogl\u0105daj\u0105c raz po raz swoje dzie\u0142o, obmy\u015bla\u0142am plan, jakie tym razem zdj\u0119cia znalaz\u0142yby si\u0119 w kolejnej ods\u0142onie. \u017baden ostatecznie nie doczeka\u0142 si\u0119 finalizacji.\u00a0A\u017c do chwili, kiedy przypomnia\u0142am sobie, \u017ce nasza kolejna rodzinna sesja zdj\u0119ciowa nie zosta\u0142a pokazana \u015bwiatu w wielkim &hellip;","og_url":"https:\/\/printu.pl\/blog\/2015\/04\/09\/fotoksiazka-dla-rodziny\/","og_site_name":"blog","article_publisher":"https:\/\/www.facebook.com\/printupl","article_published_time":"2015-04-09T15:34:50+00:00","article_modified_time":"2015-12-14T15:50:45+00:00","author":"Katarzyna","twitter_card":"summary_large_image","twitter_creator":"@printupl","twitter_site":"@printupl","twitter_misc":{"Napisane przez":"Katarzyna","Szacowany czas czytania":"1 minuta"},"schema":{"@context":"https:\/\/schema.org","@graph":[{"@type":"Article","@id":"https:\/\/printu.pl\/blog\/2015\/04\/09\/fotoksiazka-dla-rodziny\/#article","isPartOf":{"@id":"https:\/\/printu.pl\/blog\/2015\/04\/09\/fotoksiazka-dla-rodziny\/"},"author":{"name":"Katarzyna","@id":"https:\/\/printu.pl\/blog\/#\/schema\/person\/1552825435ffb2cc058d57ea4dd17e22"},"headline":"Fotoksi\u0105\u017cka dla rodziny","datePublished":"2015-04-09T15:34:50+00:00","dateModified":"2015-12-14T15:50:45+00:00","mainEntityOfPage":{"@id":"https:\/\/printu.pl\/blog\/2015\/04\/09\/fotoksiazka-dla-rodziny\/"},"wordCount":237,"commentCount":0,"publisher":{"@id":"https:\/\/printu.pl\/blog\/#organization"},"keywords":["fotoksi\u0105\u017cka dla rodziny","fotoksi\u0105\u017cka na pamiatk\u0119","fotoksi\u0105\u017cka rodzinna","fotoksi\u0105\u017cka z sesji rodzinnej","sesja rodzinna"],"articleSection":["Napisali o nas"],"inLanguage":"pl-PL","potentialAction":[{"@type":"CommentAction","name":"Comment","target":["https:\/\/printu.pl\/blog\/2015\/04\/09\/fotoksiazka-dla-rodziny\/#respond"]}]},{"@type":"WebPage","@id":"https:\/\/printu.pl\/blog\/2015\/04\/09\/fotoksiazka-dla-rodziny\/","url":"https:\/\/printu.pl\/blog\/2015\/04\/09\/fotoksiazka-dla-rodziny\/","name":"Fotoksi\u0105\u017cka dla rodziny - Printu.pl","isPartOf":{"@id":"https:\/\/printu.pl\/blog\/#website"},"datePublished":"2015-04-09T15:34:50+00:00","dateModified":"2015-12-14T15:50:45+00:00","breadcrumb":{"@id":"https:\/\/printu.pl\/blog\/2015\/04\/09\/fotoksiazka-dla-rodziny\/#breadcrumb"},"inLanguage":"pl-PL","potentialAction":[{"@type":"ReadAction","target":["https:\/\/printu.pl\/blog\/2015\/04\/09\/fotoksiazka-dla-rodziny\/"]}]},{"@type":"BreadcrumbList","@id":"https:\/\/printu.pl\/blog\/2015\/04\/09\/fotoksiazka-dla-rodziny\/#breadcrumb","itemListElement":[{"@type":"ListItem","position":1,"name":"Strona g\u0142\u00f3wna","item":"https:\/\/printu.pl\/blog\/"},{"@type":"ListItem","position":2,"name":"Fotoksi\u0105\u017cka dla rodziny"}]},{"@type":"WebSite","@id":"https:\/\/printu.pl\/blog\/#website","url":"https:\/\/printu.pl\/blog\/","name":"blog","description":"blog","publisher":{"@id":"https:\/\/printu.pl\/blog\/#organization"},"potentialAction":[{"@type":"SearchAction","target":{"@type":"EntryPoint","urlTemplate":"https:\/\/printu.pl\/blog\/?s={search_term_string}"},"query-input":"required name=search_term_string"}],"inLanguage":"pl-PL"},{"@type":"Organization","@id":"https:\/\/printu.pl\/blog\/#organization","name":"blog","url":"https:\/\/printu.pl\/blog\/","logo":{"@type":"ImageObject","inLanguage":"pl-PL","@id":"https:\/\/printu.pl\/blog\/#\/schema\/logo\/image\/","url":"https:\/\/s3-eu-central-1.amazonaws.com\/printu-blog\/wp-content\/uploads\/2017\/02\/printu-logo.png","contentUrl":"https:\/\/s3-eu-central-1.amazonaws.com\/printu-blog\/wp-content\/uploads\/2017\/02\/printu-logo.png","width":143,"height":34,"caption":" blog"},"image":{"@id":"https:\/\/printu.pl\/blog\/#\/schema\/logo\/image\/"},"sameAs":["https:\/\/instagram.com\/printupl","https:\/\/www.facebook.com\/printupl","https:\/\/twitter.com\/printupl"]},{"@type":"Person","@id":"https:\/\/printu.pl\/blog\/#\/schema\/person\/1552825435ffb2cc058d57ea4dd17e22","name":"Katarzyna","image":{"@type":"ImageObject","inLanguage":"pl-PL","@id":"https:\/\/printu.pl\/blog\/#\/schema\/person\/image\/","url":"https:\/\/secure.gravatar.com\/avatar\/39b1f1f0db1aa82c65afeee9d7610280?s=96&d=mm&r=g","contentUrl":"https:\/\/secure.gravatar.com\/avatar\/39b1f1f0db1aa82c65afeee9d7610280?s=96&d=mm&r=g","caption":"Katarzyna"}}]}},"_links":{"self":[{"href":"https:\/\/printu.pl\/blog\/wp-json\/wp\/v2\/posts\/4336"}],"collection":[{"href":"https:\/\/printu.pl\/blog\/wp-json\/wp\/v2\/posts"}],"about":[{"href":"https:\/\/printu.pl\/blog\/wp-json\/wp\/v2\/types\/post"}],"author":[{"embeddable":true,"href":"https:\/\/printu.pl\/blog\/wp-json\/wp\/v2\/users\/4"}],"replies":[{"embeddable":true,"href":"https:\/\/printu.pl\/blog\/wp-json\/wp\/v2\/comments?post=4336"}],"version-history":[{"count":5,"href":"https:\/\/printu.pl\/blog\/wp-json\/wp\/v2\/posts\/4336\/revisions"}],"predecessor-version":[{"id":6105,"href":"https:\/\/printu.pl\/blog\/wp-json\/wp\/v2\/posts\/4336\/revisions\/6105"}],"wp:attachment":[{"href":"https:\/\/printu.pl\/blog\/wp-json\/wp\/v2\/media?parent=4336"}],"wp:term":[{"taxonomy":"category","embeddable":true,"href":"https:\/\/printu.pl\/blog\/wp-json\/wp\/v2\/categories?post=4336"},{"taxonomy":"post_tag","embeddable":true,"href":"https:\/\/printu.pl\/blog\/wp-json\/wp\/v2\/tags?post=4336"}],"curies":[{"name":"wp","href":"https:\/\/api.w.org\/{rel}","templated":true}]}}