{"id":4375,"date":"2015-04-14T14:43:31","date_gmt":"2015-04-14T12:43:31","guid":{"rendered":"http:\/\/blog.printu.pl\/?p=4375"},"modified":"2015-12-14T16:50:01","modified_gmt":"2015-12-14T15:50:01","slug":"nasza-historia","status":"publish","type":"post","link":"https:\/\/printu.pl\/blog\/2015\/04\/14\/nasza-historia\/","title":{"rendered":"Nasza historia"},"content":{"rendered":"<p style=\"text-align: center;\"><img decoding=\"async\" loading=\"lazy\" class=\"aligncenter  wp-image-4376\" src=\"http:\/\/blog.printu.pl\/wp-content\/uploads\/2015\/04\/Nasza-historia.jpg\" alt=\"Nasza historia\" width=\"700\" height=\"350\" srcset=\"https:\/\/s3-eu-central-1.amazonaws.com\/printu-blog\/wp-content\/uploads\/2015\/04\/Nasza-historia.jpg 700w, https:\/\/s3-eu-central-1.amazonaws.com\/printu-blog\/wp-content\/uploads\/2015\/04\/Nasza-historia-300x150.jpg 300w\" sizes=\"(max-width: 700px) 100vw, 700px\" \/><\/p>\n<blockquote><p>&#8222;Kocham zdj\u0119cia, ale nienawidz\u0119 ogl\u0105da\u0107 ich na komputerze.\u00a0Musz\u0105 by\u0107 namacalne, prawdziwe. Chc\u0119 je dotyka\u0107 i wspomina\u0107. Chc\u0119 mie\u0107 \u015bwiadomo\u015b\u0107 , \u017ce nie znikn\u0105 przy awarii komputera, czy formatowaniu dysku.\u00a0\u017beby by\u0142y na zawsze. Tak jak kiedy\u015b.\u00a0Podniszcza\u0142e z biegiem lat, naznaczone czasem, wspomnieniami\u2026\u00a0Zdj\u0119cia i wspomnienia to przecie\u017c jedyne co po nas zostanie.<\/p>\n<p><!--more-->Dlatego tak skrupulatnie je segreguj\u0119, wywo\u0142uj\u0119\u2026<br \/>\nJednak takie klasyczne wywo\u0142ywanie odbitek do albumu nie dawa\u0142o mi 100 % satysfakcji.<br \/>\nSzuka\u0142am czego\u015b co b\u0119dzie tworzy\u0142o histori\u0119.<br \/>\nGdzie b\u0119d\u0119 mog\u0142a opowiedzie\u0107 prawdziw\u0105 opowie\u015b\u0107 poprzez zdj\u0119cia.<br \/>\nZ mi\u0142o\u015bci\u0105, z pomys\u0142em.<br \/>\nOd A do Z tylko moje.<\/p>\n<p><strong>PRINTU<\/strong><\/p>\n<p>Zaskoczy\u0142o mnie. Jakie to \u0142atwe, jakie proste i przyjemnie. 30 minut i ju\u017c jedna opowie\u015b\u0107 gotowa.<br \/>\nZaprojektowana, dla mnie. nieograniczone mo\u017cliwo\u015bci.<br \/>\nCo\u015b cudownego!<br \/>\nStworzy\u0142am foto ksi\u0105\u017ck\u0119 o mi\u0142o\u015bci ojca do c\u00f3rki. Mojego brata do Lenki.<br \/>\nOd narodzin do teraz\u2026<br \/>\nPola\u0142y si\u0119 \u0142zy wzruszenia, t\u0119sknoty, ale to co <a href=\"http:\/\/printu.pl\" target=\"_blank\">Printu<\/a> dla nas zrobi\u0142o sprawia, \u017ce mo\u017cemy znowu w ka\u017cdej chwili powr\u00f3ci\u0107 do ich pierwszych dni, do \u015awi\u0105t , lata sp\u0119dzonego razem.<br \/>\nOni naprawd\u0119 drukuj\u0105 emocje !<br \/>\nZ pe\u0142nym zaanga\u017cowaniem.<br \/>\nZ najwy\u017csz\u0105 jako\u015bci\u0105.<br \/>\nBezb\u0142\u0119dnie.<br \/>\nWspomnienia.<br \/>\nNasza historia &lt;3&#8243;<\/p><\/blockquote>\n<p><strong>Zapraszamy do ca\u0142ego wpisu redaktor Magdy z bloga \u201eM jak Marcinek\u201d tutaj:\u00a0<a href=\"http:\/\/mjakmarcinek.pl\/printu-opowiedz-swoja-historie\/\" target=\"_blank\">\u201ePrintu &#8211; opowiedz swoj\u0105 histori\u0119\u201d<\/a>.<\/strong><\/p>\n<p style=\"text-align: left;\">I Ty wydrukuj W Printu swoje emocje. Zobacz jak\u00a0<a href=\"http:\/\/blog.printu.pl\/2014\/04\/03\/6-krokow-do-wlasnej-fotoksiazki-printu\/\" target=\"_blank\">tworzenie fotoksi\u0105\u017cki jest proste<\/a>\u00a0<img decoding=\"async\" src=\"http:\/\/blog.printu.pl\/wp-includes\/images\/smilies\/icon_smile.gif\" alt=\":)\" \/>\u00a0Zapraszamy do projektowania na\u00a0<a href=\"http:\/\/printu.pl\/\" target=\"_blank\">printu.pl <\/a>oraz do obejrzenia wi\u0119cej zdj\u0119\u0107 rodzinnej ksi\u0105\u017cki poni\u017cej.<br \/>\n<img decoding=\"async\" class=\"aligncenter  wp-image-4380\" src=\"http:\/\/blog.printu.pl\/wp-content\/uploads\/2015\/04\/Fotoksi\u0105\u017cka-rodzinna-11.jpg\" alt=\"Fotoksi\u0105\u017cka rodzinna (1)\" width=\"700\" srcset=\"https:\/\/s3-eu-central-1.amazonaws.com\/printu-blog\/wp-content\/uploads\/2015\/04\/Fotoksi%C4%85%C5%BCka-rodzinna-11.jpg 1024w, https:\/\/s3-eu-central-1.amazonaws.com\/printu-blog\/wp-content\/uploads\/2015\/04\/Fotoksi%C4%85%C5%BCka-rodzinna-11-300x200.jpg 300w, https:\/\/s3-eu-central-1.amazonaws.com\/printu-blog\/wp-content\/uploads\/2015\/04\/Fotoksi%C4%85%C5%BCka-rodzinna-11-768x512.jpg 768w, https:\/\/s3-eu-central-1.amazonaws.com\/printu-blog\/wp-content\/uploads\/2015\/04\/Fotoksi%C4%85%C5%BCka-rodzinna-11-700x466.jpg 700w\" sizes=\"(max-width: 1024px) 100vw, 1024px\" \/> <img decoding=\"async\" class=\"aligncenter  wp-image-4381\" src=\"http:\/\/blog.printu.pl\/wp-content\/uploads\/2015\/04\/Fotoksi\u0105\u017cka-rodzinna-21.jpg\" alt=\"Fotoksi\u0105\u017cka rodzinna (2)\" width=\"700\" srcset=\"https:\/\/s3-eu-central-1.amazonaws.com\/printu-blog\/wp-content\/uploads\/2015\/04\/Fotoksi%C4%85%C5%BCka-rodzinna-21.jpg 1024w, https:\/\/s3-eu-central-1.amazonaws.com\/printu-blog\/wp-content\/uploads\/2015\/04\/Fotoksi%C4%85%C5%BCka-rodzinna-21-300x200.jpg 300w, https:\/\/s3-eu-central-1.amazonaws.com\/printu-blog\/wp-content\/uploads\/2015\/04\/Fotoksi%C4%85%C5%BCka-rodzinna-21-768x512.jpg 768w, https:\/\/s3-eu-central-1.amazonaws.com\/printu-blog\/wp-content\/uploads\/2015\/04\/Fotoksi%C4%85%C5%BCka-rodzinna-21-700x466.jpg 700w\" sizes=\"(max-width: 1024px) 100vw, 1024px\" \/> <img decoding=\"async\" class=\"aligncenter  wp-image-4382\" src=\"http:\/\/blog.printu.pl\/wp-content\/uploads\/2015\/04\/Fotoksi\u0105\u017cka-rodzinna-31.jpg\" alt=\"Fotoksi\u0105\u017cka rodzinna (3)\" width=\"700\" srcset=\"https:\/\/s3-eu-central-1.amazonaws.com\/printu-blog\/wp-content\/uploads\/2015\/04\/Fotoksi%C4%85%C5%BCka-rodzinna-31.jpg 1024w, https:\/\/s3-eu-central-1.amazonaws.com\/printu-blog\/wp-content\/uploads\/2015\/04\/Fotoksi%C4%85%C5%BCka-rodzinna-31-300x200.jpg 300w, https:\/\/s3-eu-central-1.amazonaws.com\/printu-blog\/wp-content\/uploads\/2015\/04\/Fotoksi%C4%85%C5%BCka-rodzinna-31-768x512.jpg 768w, https:\/\/s3-eu-central-1.amazonaws.com\/printu-blog\/wp-content\/uploads\/2015\/04\/Fotoksi%C4%85%C5%BCka-rodzinna-31-700x466.jpg 700w\" sizes=\"(max-width: 1024px) 100vw, 1024px\" \/>\u00a0 <img decoding=\"async\" class=\"aligncenter  wp-image-4384\" src=\"http:\/\/blog.printu.pl\/wp-content\/uploads\/2015\/04\/Fotoksi\u0105\u017cka-rodzinna-51.jpg\" alt=\"Fotoksi\u0105\u017cka rodzinna (5)\" width=\"700\" srcset=\"https:\/\/s3-eu-central-1.amazonaws.com\/printu-blog\/wp-content\/uploads\/2015\/04\/Fotoksi%C4%85%C5%BCka-rodzinna-51.jpg 1024w, https:\/\/s3-eu-central-1.amazonaws.com\/printu-blog\/wp-content\/uploads\/2015\/04\/Fotoksi%C4%85%C5%BCka-rodzinna-51-300x200.jpg 300w, https:\/\/s3-eu-central-1.amazonaws.com\/printu-blog\/wp-content\/uploads\/2015\/04\/Fotoksi%C4%85%C5%BCka-rodzinna-51-768x512.jpg 768w, https:\/\/s3-eu-central-1.amazonaws.com\/printu-blog\/wp-content\/uploads\/2015\/04\/Fotoksi%C4%85%C5%BCka-rodzinna-51-700x466.jpg 700w\" sizes=\"(max-width: 1024px) 100vw, 1024px\" \/> <img decoding=\"async\" class=\"aligncenter  wp-image-4385\" src=\"http:\/\/blog.printu.pl\/wp-content\/uploads\/2015\/04\/Fotoksi\u0105\u017cka-rodzinna-61.jpg\" alt=\"Fotoksi\u0105\u017cka rodzinna (6)\" width=\"700\" srcset=\"https:\/\/s3-eu-central-1.amazonaws.com\/printu-blog\/wp-content\/uploads\/2015\/04\/Fotoksi%C4%85%C5%BCka-rodzinna-61.jpg 1024w, https:\/\/s3-eu-central-1.amazonaws.com\/printu-blog\/wp-content\/uploads\/2015\/04\/Fotoksi%C4%85%C5%BCka-rodzinna-61-300x200.jpg 300w, https:\/\/s3-eu-central-1.amazonaws.com\/printu-blog\/wp-content\/uploads\/2015\/04\/Fotoksi%C4%85%C5%BCka-rodzinna-61-768x512.jpg 768w, https:\/\/s3-eu-central-1.amazonaws.com\/printu-blog\/wp-content\/uploads\/2015\/04\/Fotoksi%C4%85%C5%BCka-rodzinna-61-700x466.jpg 700w\" sizes=\"(max-width: 1024px) 100vw, 1024px\" \/> <img decoding=\"async\" class=\"aligncenter  wp-image-4386\" src=\"http:\/\/blog.printu.pl\/wp-content\/uploads\/2015\/04\/Fotoksi\u0105\u017cka-rodzinna-7.jpg\" alt=\"Fotoksi\u0105\u017cka rodzinna (7)\" width=\"700\" srcset=\"https:\/\/s3-eu-central-1.amazonaws.com\/printu-blog\/wp-content\/uploads\/2015\/04\/Fotoksi%C4%85%C5%BCka-rodzinna-7.jpg 1024w, https:\/\/s3-eu-central-1.amazonaws.com\/printu-blog\/wp-content\/uploads\/2015\/04\/Fotoksi%C4%85%C5%BCka-rodzinna-7-300x200.jpg 300w, https:\/\/s3-eu-central-1.amazonaws.com\/printu-blog\/wp-content\/uploads\/2015\/04\/Fotoksi%C4%85%C5%BCka-rodzinna-7-768x512.jpg 768w, https:\/\/s3-eu-central-1.amazonaws.com\/printu-blog\/wp-content\/uploads\/2015\/04\/Fotoksi%C4%85%C5%BCka-rodzinna-7-700x466.jpg 700w\" sizes=\"(max-width: 1024px) 100vw, 1024px\" \/> <img decoding=\"async\" class=\"aligncenter  wp-image-4387\" src=\"http:\/\/blog.printu.pl\/wp-content\/uploads\/2015\/04\/Fotoksi\u0105\u017cka-rodzinna-8.jpg\" alt=\"Fotoksi\u0105\u017cka rodzinna (8)\" width=\"700\" srcset=\"https:\/\/s3-eu-central-1.amazonaws.com\/printu-blog\/wp-content\/uploads\/2015\/04\/Fotoksi%C4%85%C5%BCka-rodzinna-8.jpg 1024w, https:\/\/s3-eu-central-1.amazonaws.com\/printu-blog\/wp-content\/uploads\/2015\/04\/Fotoksi%C4%85%C5%BCka-rodzinna-8-300x200.jpg 300w, https:\/\/s3-eu-central-1.amazonaws.com\/printu-blog\/wp-content\/uploads\/2015\/04\/Fotoksi%C4%85%C5%BCka-rodzinna-8-768x512.jpg 768w, https:\/\/s3-eu-central-1.amazonaws.com\/printu-blog\/wp-content\/uploads\/2015\/04\/Fotoksi%C4%85%C5%BCka-rodzinna-8-700x466.jpg 700w\" sizes=\"(max-width: 1024px) 100vw, 1024px\" \/> <img decoding=\"async\" class=\"aligncenter  wp-image-4388\" src=\"http:\/\/blog.printu.pl\/wp-content\/uploads\/2015\/04\/Fotoksi\u0105\u017cka-rodzinna-9.jpg\" alt=\"Fotoksi\u0105\u017cka rodzinna (9)\" width=\"700\" srcset=\"https:\/\/s3-eu-central-1.amazonaws.com\/printu-blog\/wp-content\/uploads\/2015\/04\/Fotoksi%C4%85%C5%BCka-rodzinna-9.jpg 682w, https:\/\/s3-eu-central-1.amazonaws.com\/printu-blog\/wp-content\/uploads\/2015\/04\/Fotoksi%C4%85%C5%BCka-rodzinna-9-200x300.jpg 200w, https:\/\/s3-eu-central-1.amazonaws.com\/printu-blog\/wp-content\/uploads\/2015\/04\/Fotoksi%C4%85%C5%BCka-rodzinna-9-333x500.jpg 333w\" sizes=\"(max-width: 682px) 100vw, 682px\" \/> <img decoding=\"async\" class=\"aligncenter  wp-image-4389\" src=\"http:\/\/blog.printu.pl\/wp-content\/uploads\/2015\/04\/Fotoksi\u0105\u017cka-rodzinna-10.jpg\" alt=\"Fotoksi\u0105\u017cka rodzinna (10)\" width=\"700\" srcset=\"https:\/\/s3-eu-central-1.amazonaws.com\/printu-blog\/wp-content\/uploads\/2015\/04\/Fotoksi%C4%85%C5%BCka-rodzinna-10.jpg 682w, https:\/\/s3-eu-central-1.amazonaws.com\/printu-blog\/wp-content\/uploads\/2015\/04\/Fotoksi%C4%85%C5%BCka-rodzinna-10-200x300.jpg 200w, https:\/\/s3-eu-central-1.amazonaws.com\/printu-blog\/wp-content\/uploads\/2015\/04\/Fotoksi%C4%85%C5%BCka-rodzinna-10-333x500.jpg 333w\" sizes=\"(max-width: 682px) 100vw, 682px\" \/> <img decoding=\"async\" class=\"aligncenter  wp-image-4390\" src=\"http:\/\/blog.printu.pl\/wp-content\/uploads\/2015\/04\/Fotoksi\u0105\u017cka-rodzinna-111.jpg\" alt=\"Fotoksi\u0105\u017cka rodzinna (11)\" width=\"700\" srcset=\"https:\/\/s3-eu-central-1.amazonaws.com\/printu-blog\/wp-content\/uploads\/2015\/04\/Fotoksi%C4%85%C5%BCka-rodzinna-111.jpg 682w, https:\/\/s3-eu-central-1.amazonaws.com\/printu-blog\/wp-content\/uploads\/2015\/04\/Fotoksi%C4%85%C5%BCka-rodzinna-111-200x300.jpg 200w, https:\/\/s3-eu-central-1.amazonaws.com\/printu-blog\/wp-content\/uploads\/2015\/04\/Fotoksi%C4%85%C5%BCka-rodzinna-111-333x500.jpg 333w\" sizes=\"(max-width: 682px) 100vw, 682px\" \/><\/p>\n","protected":false},"excerpt":{"rendered":"<p>Zaskoczy\u0142o mnie. Jakie to \u0142atwe, jakie proste i przyjemnie. 30 minut i ju\u017c jedna opowie\u015b\u0107 gotowa.<br \/>\nZaprojektowana, dla mnie. nieograniczone mo\u017cliwo\u015bci. Co\u015b cudownego! Stworzy\u0142am foto ksi\u0105\u017ck\u0119 o mi\u0142o\u015bci ojca do c\u00f3rki. Od narodzin do teraz\u2026<\/p>\n","protected":false},"author":4,"featured_media":0,"comment_status":"open","ping_status":"open","sticky":false,"template":"","format":"standard","meta":[],"categories":[143],"tags":[381,380,851,1217],"yoast_head":"<!-- This site is optimized with the Yoast SEO plugin v19.13 - https:\/\/yoast.com\/wordpress\/plugins\/seo\/ -->\n<title>Nasza historia - Printu.pl<\/title>\n<meta name=\"robots\" content=\"index, follow, max-snippet:-1, max-image-preview:large, max-video-preview:-1\" \/>\n<link rel=\"canonical\" href=\"https:\/\/printu.pl\/blog\/2015\/04\/14\/nasza-historia\/\" \/>\n<meta property=\"og:locale\" content=\"pl_PL\" \/>\n<meta property=\"og:type\" content=\"article\" \/>\n<meta property=\"og:title\" content=\"Nasza historia - Printu.pl\" \/>\n<meta property=\"og:description\" content=\"Zaskoczy\u0142o mnie. Jakie to \u0142atwe, jakie proste i przyjemnie. 30 minut i ju\u017c jedna opowie\u015b\u0107 gotowa. Zaprojektowana, dla mnie. nieograniczone mo\u017cliwo\u015bci. Co\u015b cudownego! Stworzy\u0142am foto ksi\u0105\u017ck\u0119 o mi\u0142o\u015bci ojca do c\u00f3rki. Od narodzin do teraz\u2026\" \/>\n<meta property=\"og:url\" content=\"https:\/\/printu.pl\/blog\/2015\/04\/14\/nasza-historia\/\" \/>\n<meta property=\"og:site_name\" content=\"blog\" \/>\n<meta property=\"article:publisher\" content=\"https:\/\/www.facebook.com\/printupl\" \/>\n<meta property=\"article:published_time\" content=\"2015-04-14T12:43:31+00:00\" \/>\n<meta property=\"article:modified_time\" content=\"2015-12-14T15:50:01+00:00\" \/>\n<meta property=\"og:image\" content=\"http:\/\/blog.printu.pl\/wp-content\/uploads\/2015\/04\/Nasza-historia.jpg\" \/>\n<meta name=\"author\" content=\"Katarzyna\" \/>\n<meta name=\"twitter:card\" content=\"summary_large_image\" \/>\n<meta name=\"twitter:creator\" content=\"@printupl\" \/>\n<meta name=\"twitter:site\" content=\"@printupl\" \/>\n<meta name=\"twitter:label1\" content=\"Napisane przez\" \/>\n\t<meta name=\"twitter:data1\" content=\"Katarzyna\" \/>\n\t<meta name=\"twitter:label2\" content=\"Szacowany czas czytania\" \/>\n\t<meta name=\"twitter:data2\" content=\"1 minuta\" \/>\n<!-- \/ Yoast SEO plugin. -->","yoast_head_json":{"title":"Nasza historia - Printu.pl","robots":{"index":"index","follow":"follow","max-snippet":"max-snippet:-1","max-image-preview":"max-image-preview:large","max-video-preview":"max-video-preview:-1"},"canonical":"https:\/\/printu.pl\/blog\/2015\/04\/14\/nasza-historia\/","og_locale":"pl_PL","og_type":"article","og_title":"Nasza historia - Printu.pl","og_description":"Zaskoczy\u0142o mnie. Jakie to \u0142atwe, jakie proste i przyjemnie. 30 minut i ju\u017c jedna opowie\u015b\u0107 gotowa. Zaprojektowana, dla mnie. nieograniczone mo\u017cliwo\u015bci. Co\u015b cudownego! Stworzy\u0142am foto ksi\u0105\u017ck\u0119 o mi\u0142o\u015bci ojca do c\u00f3rki. Od narodzin do teraz\u2026","og_url":"https:\/\/printu.pl\/blog\/2015\/04\/14\/nasza-historia\/","og_site_name":"blog","article_publisher":"https:\/\/www.facebook.com\/printupl","article_published_time":"2015-04-14T12:43:31+00:00","article_modified_time":"2015-12-14T15:50:01+00:00","og_image":[{"url":"http:\/\/blog.printu.pl\/wp-content\/uploads\/2015\/04\/Nasza-historia.jpg"}],"author":"Katarzyna","twitter_card":"summary_large_image","twitter_creator":"@printupl","twitter_site":"@printupl","twitter_misc":{"Napisane przez":"Katarzyna","Szacowany czas czytania":"1 minuta"},"schema":{"@context":"https:\/\/schema.org","@graph":[{"@type":"Article","@id":"https:\/\/printu.pl\/blog\/2015\/04\/14\/nasza-historia\/#article","isPartOf":{"@id":"https:\/\/printu.pl\/blog\/2015\/04\/14\/nasza-historia\/"},"author":{"name":"Katarzyna","@id":"https:\/\/printu.pl\/blog\/#\/schema\/person\/1552825435ffb2cc058d57ea4dd17e22"},"headline":"Nasza historia","datePublished":"2015-04-14T12:43:31+00:00","dateModified":"2015-12-14T15:50:01+00:00","mainEntityOfPage":{"@id":"https:\/\/printu.pl\/blog\/2015\/04\/14\/nasza-historia\/"},"wordCount":266,"commentCount":0,"publisher":{"@id":"https:\/\/printu.pl\/blog\/#organization"},"keywords":["fotoksi\u0105\u017cka na pamiatk\u0119","fotoksi\u0105\u017cka rodzinna","pomys\u0142 na fotoksi\u0105\u017ck\u0119","rodzinna historia"],"articleSection":["Napisali o nas"],"inLanguage":"pl-PL","potentialAction":[{"@type":"CommentAction","name":"Comment","target":["https:\/\/printu.pl\/blog\/2015\/04\/14\/nasza-historia\/#respond"]}]},{"@type":"WebPage","@id":"https:\/\/printu.pl\/blog\/2015\/04\/14\/nasza-historia\/","url":"https:\/\/printu.pl\/blog\/2015\/04\/14\/nasza-historia\/","name":"Nasza historia - Printu.pl","isPartOf":{"@id":"https:\/\/printu.pl\/blog\/#website"},"datePublished":"2015-04-14T12:43:31+00:00","dateModified":"2015-12-14T15:50:01+00:00","breadcrumb":{"@id":"https:\/\/printu.pl\/blog\/2015\/04\/14\/nasza-historia\/#breadcrumb"},"inLanguage":"pl-PL","potentialAction":[{"@type":"ReadAction","target":["https:\/\/printu.pl\/blog\/2015\/04\/14\/nasza-historia\/"]}]},{"@type":"BreadcrumbList","@id":"https:\/\/printu.pl\/blog\/2015\/04\/14\/nasza-historia\/#breadcrumb","itemListElement":[{"@type":"ListItem","position":1,"name":"Strona g\u0142\u00f3wna","item":"https:\/\/printu.pl\/blog\/"},{"@type":"ListItem","position":2,"name":"Nasza historia"}]},{"@type":"WebSite","@id":"https:\/\/printu.pl\/blog\/#website","url":"https:\/\/printu.pl\/blog\/","name":"blog","description":"blog","publisher":{"@id":"https:\/\/printu.pl\/blog\/#organization"},"potentialAction":[{"@type":"SearchAction","target":{"@type":"EntryPoint","urlTemplate":"https:\/\/printu.pl\/blog\/?s={search_term_string}"},"query-input":"required name=search_term_string"}],"inLanguage":"pl-PL"},{"@type":"Organization","@id":"https:\/\/printu.pl\/blog\/#organization","name":"blog","url":"https:\/\/printu.pl\/blog\/","logo":{"@type":"ImageObject","inLanguage":"pl-PL","@id":"https:\/\/printu.pl\/blog\/#\/schema\/logo\/image\/","url":"https:\/\/s3-eu-central-1.amazonaws.com\/printu-blog\/wp-content\/uploads\/2017\/02\/printu-logo.png","contentUrl":"https:\/\/s3-eu-central-1.amazonaws.com\/printu-blog\/wp-content\/uploads\/2017\/02\/printu-logo.png","width":143,"height":34,"caption":" blog"},"image":{"@id":"https:\/\/printu.pl\/blog\/#\/schema\/logo\/image\/"},"sameAs":["https:\/\/instagram.com\/printupl","https:\/\/www.facebook.com\/printupl","https:\/\/twitter.com\/printupl"]},{"@type":"Person","@id":"https:\/\/printu.pl\/blog\/#\/schema\/person\/1552825435ffb2cc058d57ea4dd17e22","name":"Katarzyna","image":{"@type":"ImageObject","inLanguage":"pl-PL","@id":"https:\/\/printu.pl\/blog\/#\/schema\/person\/image\/","url":"https:\/\/secure.gravatar.com\/avatar\/39b1f1f0db1aa82c65afeee9d7610280?s=96&d=mm&r=g","contentUrl":"https:\/\/secure.gravatar.com\/avatar\/39b1f1f0db1aa82c65afeee9d7610280?s=96&d=mm&r=g","caption":"Katarzyna"}}]}},"_links":{"self":[{"href":"https:\/\/printu.pl\/blog\/wp-json\/wp\/v2\/posts\/4375"}],"collection":[{"href":"https:\/\/printu.pl\/blog\/wp-json\/wp\/v2\/posts"}],"about":[{"href":"https:\/\/printu.pl\/blog\/wp-json\/wp\/v2\/types\/post"}],"author":[{"embeddable":true,"href":"https:\/\/printu.pl\/blog\/wp-json\/wp\/v2\/users\/4"}],"replies":[{"embeddable":true,"href":"https:\/\/printu.pl\/blog\/wp-json\/wp\/v2\/comments?post=4375"}],"version-history":[{"count":9,"href":"https:\/\/printu.pl\/blog\/wp-json\/wp\/v2\/posts\/4375\/revisions"}],"predecessor-version":[{"id":6102,"href":"https:\/\/printu.pl\/blog\/wp-json\/wp\/v2\/posts\/4375\/revisions\/6102"}],"wp:attachment":[{"href":"https:\/\/printu.pl\/blog\/wp-json\/wp\/v2\/media?parent=4375"}],"wp:term":[{"taxonomy":"category","embeddable":true,"href":"https:\/\/printu.pl\/blog\/wp-json\/wp\/v2\/categories?post=4375"},{"taxonomy":"post_tag","embeddable":true,"href":"https:\/\/printu.pl\/blog\/wp-json\/wp\/v2\/tags?post=4375"}],"curies":[{"name":"wp","href":"https:\/\/api.w.org\/{rel}","templated":true}]}}