{"id":4637,"date":"2015-04-24T15:46:41","date_gmt":"2015-04-24T13:46:41","guid":{"rendered":"http:\/\/blog.printu.pl\/?p=4637"},"modified":"2015-12-14T16:46:16","modified_gmt":"2015-12-14T15:46:16","slug":"pamiatkowa-ksiazka-dla-dzieci","status":"publish","type":"post","link":"https:\/\/printu.pl\/blog\/2015\/04\/24\/pamiatkowa-ksiazka-dla-dzieci\/","title":{"rendered":"Pami\u0105tkowa ksi\u0105\u017cka dla dzieci"},"content":{"rendered":"<blockquote>\n<p style=\"text-align: left;\"><img decoding=\"async\" loading=\"lazy\" class=\"aligncenter  wp-image-4638\" src=\"http:\/\/blog.printu.pl\/wp-content\/uploads\/2015\/04\/Pami\u0105tkowa-ksi\u0105\u017cka-dla-dzieci.jpg\" alt=\"Pami\u0105tkowa ksi\u0105\u017cka dla dzieci\" width=\"700\" height=\"350\" srcset=\"https:\/\/s3-eu-central-1.amazonaws.com\/printu-blog\/wp-content\/uploads\/2015\/04\/Pami%C4%85tkowa-ksi%C4%85%C5%BCka-dla-dzieci.jpg 700w, https:\/\/s3-eu-central-1.amazonaws.com\/printu-blog\/wp-content\/uploads\/2015\/04\/Pami%C4%85tkowa-ksi%C4%85%C5%BCka-dla-dzieci-300x150.jpg 300w\" sizes=\"(max-width: 700px) 100vw, 700px\" \/>&#8222;Nadesz\u0142a era aparat\u00f3w cyfrowych, zdj\u0119\u0107 by\u0142o du\u017co. Rado\u015b\u0107 dobrych uj\u0119\u0107 bez marnowania kliszy. Jednak wywo\u0142a\u0142o to nawyk magazynowania zdj\u0119\u0107 na komputerach lub urz\u0105dzeniach przeno\u015bnych. Zacz\u0119li\u015bmy t\u0119skni\u0107 za przyjemnym szelestem pod palcami. My\u015bl o formie papierowej zdj\u0119\u0107 sta\u0142a si\u0119 zn\u00f3w kusz\u0105ca.<\/p>\n<p style=\"text-align: left;\"><!--more--><a href=\"https:\/\/www.facebook.com\/printupl?ref=ts&amp;fref=ts\">PRINTU<\/a>\u00a0 id\u0105c krok dalej stworzy\u0142o ksi\u0105\u017ck\u0119. Jej g\u0142\u00f3wnymi bohaterami mo\u017cemy by\u0107 my lub nasi bliscy. Jako matka, chc\u0105c zachowa\u0107 najwspanialsze chwile minionego roku stworzy\u0142am fotoksi\u0105\u017ck\u0119 dzieciak\u00f3w.<\/p>\n<p>Jako niebywa\u0142y antytalent techniczny, panicznie boj\u0105cy si\u0119 nowo\u015bci podj\u0119\u0142am si\u0119 wyboru zdj\u0119\u0107 i stworzenia pami\u0105tkowej ksi\u0105\u017cki dla dzieci. Zaj\u0119\u0142o mi to nieca\u0142e p\u00f3\u0142 godziny. Klarowne komunikaty, \u0142atwe wybory, pomocne wskaz\u00f3wki, wspania\u0142y efekt ko\u0144cowy w postaci pi\u0119knego rodzinnego wydania.\u00a0 Jest to nasza pierwsza fotoksi\u0105\u017cka, ale nie ostatnia. Czeka nas nied\u0142ugo rodzinna uroczysto\u015b\u0107, kt\u00f3r\u0105 ju\u017c zaplanowa\u0142am uwieczni\u0107 w ksi\u0105\u017ckach, dla siebie i najbli\u017cszych, bo Printu drukuje emocje&#8221;.<\/p><\/blockquote>\n<p style=\"text-align: left;\"><strong>Zapraszamy do ca\u0142ego wpisu redaktor Bo\u017ceny z bloga \u201emama-trojki.pl\u201d tutaj:<br \/>\n<a href=\"http:\/\/www.mama-trojki.pl\/2015\/04\/fotoksiazka-printu-chcesz.html\" target=\"_blank\">\u201eFotoksi\u0105\u017cka Printu\u201d.<br \/>\n<\/a><\/strong><br \/>\nFotoksi\u0105\u017cka pami\u0105tkowa to absolutny must have. Czy Ty masz ju\u017c tak\u0105? A je\u015bli szukasz inspiracji\u00a0 na fotoksi\u0105\u017cki dzieci, zapraszamy do wpisu:<a href=\"http:\/\/blog.printu.pl\/2014\/06\/27\/10-pomyslow-fotoksiazke-dziecka\/\" target=\"_blank\">10 pomys\u0142\u00f3w na fotoksi\u0105\u017ck\u0119 dziecka<\/a>.<\/p>\n","protected":false},"excerpt":{"rendered":"<p>&#8222;Nadesz\u0142a era aparat\u00f3w cyfrowych, zdj\u0119\u0107 by\u0142o du\u017co. Rado\u015b\u0107 dobrych uj\u0119\u0107 bez marnowania kliszy. Jednak wywo\u0142a\u0142o to nawyk magazynowania zdj\u0119\u0107 na komputerach lub urz\u0105dzeniach przeno\u015bnych. Zacz\u0119li\u015bmy t\u0119skni\u0107 za przyjemnym szelestem pod palcami. My\u015bl o formie papierowej zdj\u0119\u0107 sta\u0142a si\u0119 zn\u00f3w kusz\u0105ca.<\/p>\n","protected":false},"author":4,"featured_media":0,"comment_status":"open","ping_status":"open","sticky":false,"template":"","format":"standard","meta":[],"categories":[143],"tags":[250,218,1103,1244,1246,1243,1245],"yoast_head":"<!-- This site is optimized with the Yoast SEO plugin v19.13 - https:\/\/yoast.com\/wordpress\/plugins\/seo\/ -->\n<title>Pami\u0105tkowa ksi\u0105\u017cka dla dzieci - Printu.pl<\/title>\n<meta name=\"robots\" content=\"index, follow, max-snippet:-1, max-image-preview:large, max-video-preview:-1\" \/>\n<link rel=\"canonical\" href=\"https:\/\/printu.pl\/blog\/2015\/04\/24\/pamiatkowa-ksiazka-dla-dzieci\/\" \/>\n<meta property=\"og:locale\" content=\"pl_PL\" \/>\n<meta property=\"og:type\" content=\"article\" \/>\n<meta property=\"og:title\" content=\"Pami\u0105tkowa ksi\u0105\u017cka dla dzieci - Printu.pl\" \/>\n<meta property=\"og:description\" content=\"&#8222;Nadesz\u0142a era aparat\u00f3w cyfrowych, zdj\u0119\u0107 by\u0142o du\u017co. Rado\u015b\u0107 dobrych uj\u0119\u0107 bez marnowania kliszy. Jednak wywo\u0142a\u0142o to nawyk magazynowania zdj\u0119\u0107 na komputerach lub urz\u0105dzeniach przeno\u015bnych. Zacz\u0119li\u015bmy t\u0119skni\u0107 za przyjemnym szelestem pod palcami. My\u015bl o formie papierowej zdj\u0119\u0107 sta\u0142a si\u0119 zn\u00f3w kusz\u0105ca.\" \/>\n<meta property=\"og:url\" content=\"https:\/\/printu.pl\/blog\/2015\/04\/24\/pamiatkowa-ksiazka-dla-dzieci\/\" \/>\n<meta property=\"og:site_name\" content=\"blog\" \/>\n<meta property=\"article:publisher\" content=\"https:\/\/www.facebook.com\/printupl\" \/>\n<meta property=\"article:published_time\" content=\"2015-04-24T13:46:41+00:00\" \/>\n<meta property=\"article:modified_time\" content=\"2015-12-14T15:46:16+00:00\" \/>\n<meta name=\"author\" content=\"Katarzyna\" \/>\n<meta name=\"twitter:card\" content=\"summary_large_image\" \/>\n<meta name=\"twitter:creator\" content=\"@printupl\" \/>\n<meta name=\"twitter:site\" content=\"@printupl\" \/>\n<meta name=\"twitter:label1\" content=\"Napisane przez\" \/>\n\t<meta name=\"twitter:data1\" content=\"Katarzyna\" \/>\n\t<meta name=\"twitter:label2\" content=\"Szacowany czas czytania\" \/>\n\t<meta name=\"twitter:data2\" content=\"1 minuta\" \/>\n<!-- \/ Yoast SEO plugin. -->","yoast_head_json":{"title":"Pami\u0105tkowa ksi\u0105\u017cka dla dzieci - Printu.pl","robots":{"index":"index","follow":"follow","max-snippet":"max-snippet:-1","max-image-preview":"max-image-preview:large","max-video-preview":"max-video-preview:-1"},"canonical":"https:\/\/printu.pl\/blog\/2015\/04\/24\/pamiatkowa-ksiazka-dla-dzieci\/","og_locale":"pl_PL","og_type":"article","og_title":"Pami\u0105tkowa ksi\u0105\u017cka dla dzieci - Printu.pl","og_description":"&#8222;Nadesz\u0142a era aparat\u00f3w cyfrowych, zdj\u0119\u0107 by\u0142o du\u017co. Rado\u015b\u0107 dobrych uj\u0119\u0107 bez marnowania kliszy. Jednak wywo\u0142a\u0142o to nawyk magazynowania zdj\u0119\u0107 na komputerach lub urz\u0105dzeniach przeno\u015bnych. Zacz\u0119li\u015bmy t\u0119skni\u0107 za przyjemnym szelestem pod palcami. My\u015bl o formie papierowej zdj\u0119\u0107 sta\u0142a si\u0119 zn\u00f3w kusz\u0105ca.","og_url":"https:\/\/printu.pl\/blog\/2015\/04\/24\/pamiatkowa-ksiazka-dla-dzieci\/","og_site_name":"blog","article_publisher":"https:\/\/www.facebook.com\/printupl","article_published_time":"2015-04-24T13:46:41+00:00","article_modified_time":"2015-12-14T15:46:16+00:00","author":"Katarzyna","twitter_card":"summary_large_image","twitter_creator":"@printupl","twitter_site":"@printupl","twitter_misc":{"Napisane przez":"Katarzyna","Szacowany czas czytania":"1 minuta"},"schema":{"@context":"https:\/\/schema.org","@graph":[{"@type":"Article","@id":"https:\/\/printu.pl\/blog\/2015\/04\/24\/pamiatkowa-ksiazka-dla-dzieci\/#article","isPartOf":{"@id":"https:\/\/printu.pl\/blog\/2015\/04\/24\/pamiatkowa-ksiazka-dla-dzieci\/"},"author":{"name":"Katarzyna","@id":"https:\/\/printu.pl\/blog\/#\/schema\/person\/1552825435ffb2cc058d57ea4dd17e22"},"headline":"Pami\u0105tkowa ksi\u0105\u017cka dla dzieci","datePublished":"2015-04-24T13:46:41+00:00","dateModified":"2015-12-14T15:46:16+00:00","mainEntityOfPage":{"@id":"https:\/\/printu.pl\/blog\/2015\/04\/24\/pamiatkowa-ksiazka-dla-dzieci\/"},"wordCount":226,"commentCount":0,"publisher":{"@id":"https:\/\/printu.pl\/blog\/#organization"},"keywords":["fotoksi\u0105\u017cka dzieci","fotoksi\u0105\u017cka dziecka","fotoksi\u0105\u017cka pami\u0105tkowa","fotoksi\u0105\u017cka pami\u0105tkowa dla dzieci","pami\u0105tkowa fotoksi\u0105\u017cka dla dzieci","Pami\u0105tkowa ksi\u0105\u017cka dla dzieci","rodzinna fotoksi\u0105\u017cka pami\u0105tkowa"],"articleSection":["Napisali o nas"],"inLanguage":"pl-PL","potentialAction":[{"@type":"CommentAction","name":"Comment","target":["https:\/\/printu.pl\/blog\/2015\/04\/24\/pamiatkowa-ksiazka-dla-dzieci\/#respond"]}]},{"@type":"WebPage","@id":"https:\/\/printu.pl\/blog\/2015\/04\/24\/pamiatkowa-ksiazka-dla-dzieci\/","url":"https:\/\/printu.pl\/blog\/2015\/04\/24\/pamiatkowa-ksiazka-dla-dzieci\/","name":"Pami\u0105tkowa ksi\u0105\u017cka dla dzieci - Printu.pl","isPartOf":{"@id":"https:\/\/printu.pl\/blog\/#website"},"datePublished":"2015-04-24T13:46:41+00:00","dateModified":"2015-12-14T15:46:16+00:00","breadcrumb":{"@id":"https:\/\/printu.pl\/blog\/2015\/04\/24\/pamiatkowa-ksiazka-dla-dzieci\/#breadcrumb"},"inLanguage":"pl-PL","potentialAction":[{"@type":"ReadAction","target":["https:\/\/printu.pl\/blog\/2015\/04\/24\/pamiatkowa-ksiazka-dla-dzieci\/"]}]},{"@type":"BreadcrumbList","@id":"https:\/\/printu.pl\/blog\/2015\/04\/24\/pamiatkowa-ksiazka-dla-dzieci\/#breadcrumb","itemListElement":[{"@type":"ListItem","position":1,"name":"Strona g\u0142\u00f3wna","item":"https:\/\/printu.pl\/blog\/"},{"@type":"ListItem","position":2,"name":"Pami\u0105tkowa ksi\u0105\u017cka dla dzieci"}]},{"@type":"WebSite","@id":"https:\/\/printu.pl\/blog\/#website","url":"https:\/\/printu.pl\/blog\/","name":"blog","description":"blog","publisher":{"@id":"https:\/\/printu.pl\/blog\/#organization"},"potentialAction":[{"@type":"SearchAction","target":{"@type":"EntryPoint","urlTemplate":"https:\/\/printu.pl\/blog\/?s={search_term_string}"},"query-input":"required name=search_term_string"}],"inLanguage":"pl-PL"},{"@type":"Organization","@id":"https:\/\/printu.pl\/blog\/#organization","name":"blog","url":"https:\/\/printu.pl\/blog\/","logo":{"@type":"ImageObject","inLanguage":"pl-PL","@id":"https:\/\/printu.pl\/blog\/#\/schema\/logo\/image\/","url":"https:\/\/s3-eu-central-1.amazonaws.com\/printu-blog\/wp-content\/uploads\/2017\/02\/printu-logo.png","contentUrl":"https:\/\/s3-eu-central-1.amazonaws.com\/printu-blog\/wp-content\/uploads\/2017\/02\/printu-logo.png","width":143,"height":34,"caption":" blog"},"image":{"@id":"https:\/\/printu.pl\/blog\/#\/schema\/logo\/image\/"},"sameAs":["https:\/\/instagram.com\/printupl","https:\/\/www.facebook.com\/printupl","https:\/\/twitter.com\/printupl"]},{"@type":"Person","@id":"https:\/\/printu.pl\/blog\/#\/schema\/person\/1552825435ffb2cc058d57ea4dd17e22","name":"Katarzyna","image":{"@type":"ImageObject","inLanguage":"pl-PL","@id":"https:\/\/printu.pl\/blog\/#\/schema\/person\/image\/","url":"https:\/\/secure.gravatar.com\/avatar\/39b1f1f0db1aa82c65afeee9d7610280?s=96&d=mm&r=g","contentUrl":"https:\/\/secure.gravatar.com\/avatar\/39b1f1f0db1aa82c65afeee9d7610280?s=96&d=mm&r=g","caption":"Katarzyna"}}]}},"_links":{"self":[{"href":"https:\/\/printu.pl\/blog\/wp-json\/wp\/v2\/posts\/4637"}],"collection":[{"href":"https:\/\/printu.pl\/blog\/wp-json\/wp\/v2\/posts"}],"about":[{"href":"https:\/\/printu.pl\/blog\/wp-json\/wp\/v2\/types\/post"}],"author":[{"embeddable":true,"href":"https:\/\/printu.pl\/blog\/wp-json\/wp\/v2\/users\/4"}],"replies":[{"embeddable":true,"href":"https:\/\/printu.pl\/blog\/wp-json\/wp\/v2\/comments?post=4637"}],"version-history":[{"count":5,"href":"https:\/\/printu.pl\/blog\/wp-json\/wp\/v2\/posts\/4637\/revisions"}],"predecessor-version":[{"id":6091,"href":"https:\/\/printu.pl\/blog\/wp-json\/wp\/v2\/posts\/4637\/revisions\/6091"}],"wp:attachment":[{"href":"https:\/\/printu.pl\/blog\/wp-json\/wp\/v2\/media?parent=4637"}],"wp:term":[{"taxonomy":"category","embeddable":true,"href":"https:\/\/printu.pl\/blog\/wp-json\/wp\/v2\/categories?post=4637"},{"taxonomy":"post_tag","embeddable":true,"href":"https:\/\/printu.pl\/blog\/wp-json\/wp\/v2\/tags?post=4637"}],"curies":[{"name":"wp","href":"https:\/\/api.w.org\/{rel}","templated":true}]}}