{"id":4683,"date":"2015-04-27T10:21:08","date_gmt":"2015-04-27T08:21:08","guid":{"rendered":"http:\/\/blog.printu.pl\/?p=4683"},"modified":"2015-12-14T16:46:01","modified_gmt":"2015-12-14T15:46:01","slug":"fotoksiazka-dla-malucha","status":"publish","type":"post","link":"https:\/\/printu.pl\/blog\/2015\/04\/27\/fotoksiazka-dla-malucha\/","title":{"rendered":"Fotoksi\u0105\u017cka dla Malucha"},"content":{"rendered":"<p style=\"text-align: center;\"><img decoding=\"async\" loading=\"lazy\" class=\"aligncenter  wp-image-4684\" src=\"http:\/\/blog.printu.pl\/wp-content\/uploads\/2015\/04\/Pomys\u0142-na-fotoksia\u017ck\u0119.jpg\" alt=\"Pomys\u0142 na fotoksia\u017ck\u0119\" width=\"700\" height=\"350\" srcset=\"https:\/\/s3-eu-central-1.amazonaws.com\/printu-blog\/wp-content\/uploads\/2015\/04\/Pomys%C5%82-na-fotoksia%C5%BCk%C4%99.jpg 700w, https:\/\/s3-eu-central-1.amazonaws.com\/printu-blog\/wp-content\/uploads\/2015\/04\/Pomys%C5%82-na-fotoksia%C5%BCk%C4%99-300x150.jpg 300w\" sizes=\"(max-width: 700px) 100vw, 700px\" \/><\/p>\n<blockquote><p>&#8222;Pami\u0119tacie fotoksia\u017ck\u0119 &#8222;<a href=\"http:\/\/czymzajacmalucha.pl\/ksiazka\/275-rymowanka-o-maluchu-czyli-swietny-pomysl-na-prezent-dla-kazdego-dziecka.html\" target=\"_blank\">Rymowanka o Maluchu&#8221;<\/a>? S\u0142u\u017cy nam do dzisiaj, a Maluch zna j\u0105 na pami\u0119\u0107. Wi\u0119kszo\u015b\u0107 os\u00f3b, kt\u00f3re widzia\u0142y j\u0105 pierwszy raz, zgodnie stwierdzi\u0142o, \u017ce fotoksi\u0105\u017cki kojarzy\u0142y im si\u0119 do tej pory jedynie z klasyczn\u0105 form\u0105, czyli po prostu wydrukowanymi zdj\u0119ciami. Takie te\u017c mamy, ale chcia\u0142am Wam pokaza\u0107, \u017ce form\u0119 fotoksi\u0105\u017cki mo\u017cna wykorzysta\u0107 r\u00f3wnie\u017c inaczej.<\/p>\n<p><!--more-->Fotoksi\u0105\u017cka edukacyjna &#8222;Odkrywamy tajemnice&#8221;, zaprojektowana w kreatorze na stronie Printu, powsta\u0142a na podstawie pyta\u0144 mojego 3,5-letniego Malucha.<\/p>\n<p><strong>Stworzy\u0142am j\u0105 nie tylko jako ksi\u0105\u017ck\u0119 do codziennego czytania, ale przede wszystkim jako pami\u0105tk\u0119.<\/strong>\u00a0Na pierwszej stronie znajduje si\u0119 adnotacja, kto jest autorem pyta\u0144 i zdj\u0119cie Malucha :)<\/p>\n<p>Tego typu fotoksi\u0105\u017ck\u0119 mo\u017cna zrobi\u0107 na wiele sposob\u00f3w. Mo\u017cna wykorzysta\u0107 jakie\u015b swoje zdj\u0119cia (ja korzysta\u0142am ze znalezionych w internecie, aby jak najlepiej pokazywa\u0142y to, co chcia\u0142am na nich przekaza\u0107), mo\u017cna przygotowa\u0107 wraz z dzieckiem rysunki, mo\u017cna wykona\u0107 to, co si\u0119 chce pokaza\u0107, np. z plasteliny itd. Wszystko zale\u017cy tu od Waszej wyobra\u017ani, kreatywno\u015bci i og\u00f3lnego pomys\u0142u.<\/p>\n<p><a href=\"http:\/\/blog.printu.pl\/tag\/fotoksiazka-edukacyjna\/\" target=\"_blank\">Fotoksi\u0105\u017cka edukacyjna<\/a> mo\u017ce by\u0107 tematyczna lub dotyczy\u0107 r\u00f3\u017cnych rzeczy jednocze\u015bnie. Je\u015bli Wasze dziecko interesuje si\u0119 np. pojazdami, mo\u017cecie mu stworzy\u0107 ksi\u0105\u017ck\u0119 marze\u0144. Pomys\u0142\u00f3w jest niezliczona ilo\u015b\u0107, wystarczy zaprosi\u0107 dziecko do wsp\u00f3lnego tworzenia lub samemu zrobi\u0107 mu niespodziank\u0119.<\/p>\n<p>Do wyboru macie r\u00f3\u017cne formaty i rozmiary. Od tego (oraz od ilo\u015bci stron) zale\u017cy ko\u0144cowa cena produktu. Edytor jest bardzo prosty w obs\u0142udze, bez problemu sobie z nim poradzicie. Zdj\u0119cia i tekst przygotowa\u0142am sobie wcze\u015bniej. Aby sz\u0142o mi to sprawniej, plansze z tekstem zrobi\u0142am w formie zdj\u0119\u0107. Dzi\u0119ki temu sam proces montowania fotoksi\u0105\u017cki zaj\u0105\u0142 mi zaledwie kilka minut.<\/p>\n<p>Przygotowuj\u0105c tekst, stara\u0142am si\u0119 dobiera\u0107 proste s\u0142owa, \u017ceby Maluch nie mia\u0142 problem\u00f3w z jego zrozumieniem. Ksi\u0105\u017cka bardzo mu si\u0119 spodoba\u0142a i niekt\u00f3re z fragment\u00f3w s\u0142ucha\u0142 z zafascynowaniem. Ja akurat robi\u0142am to w takim formacie, \u017ce na jednej stronie jedno zdj\u0119cie\/tekst. Ale miejsce mo\u017cna wykorzysta\u0107 du\u017co lepiej, zamieszczaj\u0105c na jednej ze stron kilka zdj\u0119\u0107 lub kilka definicji.<\/p>\n<p>Fotoksi\u0105\u017cka jest starannie wykonana. Tekst jest lekko rozmyty, co zapewne wynika z rodzaju u\u017cytej czcionki (przygotowywa\u0142am go w PhotoScape). Jednak w \u017caden spos\u00f3b nie utrudnia mi to czytania&#8221;.<\/p><\/blockquote>\n<p><strong>Zapraszamy do ca\u0142ego wpisu redaktor Kasi z bloga \u201eczym zaj\u0105\u0107 malucha\u201d tutaj:<br \/>\n<a href=\"http:\/\/czymzajacmalucha.pl\/ksiazka\/507-odkrywamy-tajemnice-czyli-fotoksiazka-dla-malucha.html\" target=\"_blank\">\u201eOdkrywamy tajemnice, czyli fotoksi\u0105\u017cka dla Malucha\u201d<\/a>.<a href=\"http:\/\/czymzajacmalucha.pl\/ksiazka\/507-odkrywamy-tajemnice-czyli-fotoksiazka-dla-malucha.html\" target=\"_blank\"><br \/>\n<\/a><\/strong><br \/>\nFotoksi\u0105\u017cka edukacyjna to absolutny must have w biblioteczce dziecka. Zbli\u017ca si\u0119 powoli Dzie\u0144 Dziecka, wi\u0119c mo\u017ce przygotujesz dla dziecka spersonalizowany prezent &#8211; fotoksi\u0105\u017ck\u0119 tylko dla niego? A je\u015bli szukasz inspiracji\u00a0 na fotoksi\u0105\u017cki dzieci, zapraszamy do wpisu: <a href=\"http:\/\/blog.printu.pl\/2014\/06\/27\/10-pomyslow-fotoksiazke-dziecka\/\" target=\"_blank\">10 pomys\u0142\u00f3w na fotoksi\u0105\u017ck\u0119 dziecka<\/a>.<\/p>\n","protected":false},"excerpt":{"rendered":"<p>&#8222;Pami\u0119tacie fotoksia\u017ck\u0119 &#8222;Rymowanka o Maluchu&#8221;? S\u0142u\u017cy nam do dzisiaj, a Maluch zna j\u0105 na pami\u0119\u0107. Wi\u0119kszo\u015b\u0107 os\u00f3b, kt\u00f3re widzia\u0142y j\u0105 pierwszy raz, zgodnie stwierdzi\u0142o, \u017ce fotoksi\u0105\u017cki kojarzy\u0142y im si\u0119 do tej pory jedynie z klasyczn\u0105 form\u0105, czyli po prostu wydrukowanymi zdj\u0119ciami. Takie te\u017c mamy, ale chcia\u0142am Wam pokaza\u0107, \u017ce form\u0119 fotoksi\u0105\u017cki mo\u017cna wykorzysta\u0107 r\u00f3wnie\u017c inaczej.<\/p>\n","protected":false},"author":4,"featured_media":0,"comment_status":"open","ping_status":"open","sticky":false,"template":"","format":"standard","meta":[],"categories":[66],"tags":[218,611,612,1247,141,1249,851,819,619,1248,1250],"yoast_head":"<!-- This site is optimized with the Yoast SEO plugin v19.13 - https:\/\/yoast.com\/wordpress\/plugins\/seo\/ -->\n<title>Fotoksi\u0105\u017cka dla Malucha - Printu.pl<\/title>\n<meta name=\"robots\" content=\"index, follow, max-snippet:-1, max-image-preview:large, max-video-preview:-1\" \/>\n<link rel=\"canonical\" href=\"https:\/\/printu.pl\/blog\/2015\/04\/27\/fotoksiazka-dla-malucha\/\" \/>\n<meta property=\"og:locale\" content=\"pl_PL\" \/>\n<meta property=\"og:type\" content=\"article\" \/>\n<meta property=\"og:title\" content=\"Fotoksi\u0105\u017cka dla Malucha - Printu.pl\" \/>\n<meta property=\"og:description\" content=\"&#8222;Pami\u0119tacie fotoksia\u017ck\u0119 &#8222;Rymowanka o Maluchu&#8221;? S\u0142u\u017cy nam do dzisiaj, a Maluch zna j\u0105 na pami\u0119\u0107. Wi\u0119kszo\u015b\u0107 os\u00f3b, kt\u00f3re widzia\u0142y j\u0105 pierwszy raz, zgodnie stwierdzi\u0142o, \u017ce fotoksi\u0105\u017cki kojarzy\u0142y im si\u0119 do tej pory jedynie z klasyczn\u0105 form\u0105, czyli po prostu wydrukowanymi zdj\u0119ciami. Takie te\u017c mamy, ale chcia\u0142am Wam pokaza\u0107, \u017ce form\u0119 fotoksi\u0105\u017cki mo\u017cna wykorzysta\u0107 r\u00f3wnie\u017c inaczej.\" \/>\n<meta property=\"og:url\" content=\"https:\/\/printu.pl\/blog\/2015\/04\/27\/fotoksiazka-dla-malucha\/\" \/>\n<meta property=\"og:site_name\" content=\"blog\" \/>\n<meta property=\"article:publisher\" content=\"https:\/\/www.facebook.com\/printupl\" \/>\n<meta property=\"article:published_time\" content=\"2015-04-27T08:21:08+00:00\" \/>\n<meta property=\"article:modified_time\" content=\"2015-12-14T15:46:01+00:00\" \/>\n<meta name=\"author\" content=\"Katarzyna\" \/>\n<meta name=\"twitter:card\" content=\"summary_large_image\" \/>\n<meta name=\"twitter:creator\" content=\"@printupl\" \/>\n<meta name=\"twitter:site\" content=\"@printupl\" \/>\n<meta name=\"twitter:label1\" content=\"Napisane przez\" \/>\n\t<meta name=\"twitter:data1\" content=\"Katarzyna\" \/>\n\t<meta name=\"twitter:label2\" content=\"Szacowany czas czytania\" \/>\n\t<meta name=\"twitter:data2\" content=\"2 minuty\" \/>\n<!-- \/ Yoast SEO plugin. -->","yoast_head_json":{"title":"Fotoksi\u0105\u017cka dla Malucha - Printu.pl","robots":{"index":"index","follow":"follow","max-snippet":"max-snippet:-1","max-image-preview":"max-image-preview:large","max-video-preview":"max-video-preview:-1"},"canonical":"https:\/\/printu.pl\/blog\/2015\/04\/27\/fotoksiazka-dla-malucha\/","og_locale":"pl_PL","og_type":"article","og_title":"Fotoksi\u0105\u017cka dla Malucha - Printu.pl","og_description":"&#8222;Pami\u0119tacie fotoksia\u017ck\u0119 &#8222;Rymowanka o Maluchu&#8221;? S\u0142u\u017cy nam do dzisiaj, a Maluch zna j\u0105 na pami\u0119\u0107. Wi\u0119kszo\u015b\u0107 os\u00f3b, kt\u00f3re widzia\u0142y j\u0105 pierwszy raz, zgodnie stwierdzi\u0142o, \u017ce fotoksi\u0105\u017cki kojarzy\u0142y im si\u0119 do tej pory jedynie z klasyczn\u0105 form\u0105, czyli po prostu wydrukowanymi zdj\u0119ciami. Takie te\u017c mamy, ale chcia\u0142am Wam pokaza\u0107, \u017ce form\u0119 fotoksi\u0105\u017cki mo\u017cna wykorzysta\u0107 r\u00f3wnie\u017c inaczej.","og_url":"https:\/\/printu.pl\/blog\/2015\/04\/27\/fotoksiazka-dla-malucha\/","og_site_name":"blog","article_publisher":"https:\/\/www.facebook.com\/printupl","article_published_time":"2015-04-27T08:21:08+00:00","article_modified_time":"2015-12-14T15:46:01+00:00","author":"Katarzyna","twitter_card":"summary_large_image","twitter_creator":"@printupl","twitter_site":"@printupl","twitter_misc":{"Napisane przez":"Katarzyna","Szacowany czas czytania":"2 minuty"},"schema":{"@context":"https:\/\/schema.org","@graph":[{"@type":"Article","@id":"https:\/\/printu.pl\/blog\/2015\/04\/27\/fotoksiazka-dla-malucha\/#article","isPartOf":{"@id":"https:\/\/printu.pl\/blog\/2015\/04\/27\/fotoksiazka-dla-malucha\/"},"author":{"name":"Katarzyna","@id":"https:\/\/printu.pl\/blog\/#\/schema\/person\/1552825435ffb2cc058d57ea4dd17e22"},"headline":"Fotoksi\u0105\u017cka dla Malucha","datePublished":"2015-04-27T08:21:08+00:00","dateModified":"2015-12-14T15:46:01+00:00","mainEntityOfPage":{"@id":"https:\/\/printu.pl\/blog\/2015\/04\/27\/fotoksiazka-dla-malucha\/"},"wordCount":484,"commentCount":0,"publisher":{"@id":"https:\/\/printu.pl\/blog\/#organization"},"keywords":["fotoksi\u0105\u017cka dziecka","Fotoksi\u0105\u017cka edukacyjna","Fotoksi\u0105\u017cka edukacyjna dla dziecka","Fotoksi\u0105\u017cka edukacyjna dla malucha","fotoksi\u0105\u017cka PRINTU","fotoksia\u017cka spersonalizowana","pomys\u0142 na fotoksi\u0105\u017ck\u0119","pomys\u0142 na fotoksi\u0105\u017ck\u0119 dziecka","prezent dla dziecka","prezent spersonalizowany","spersonalizowana ksi\u0105\u017cka"],"articleSection":["Inspiracje"],"inLanguage":"pl-PL","potentialAction":[{"@type":"CommentAction","name":"Comment","target":["https:\/\/printu.pl\/blog\/2015\/04\/27\/fotoksiazka-dla-malucha\/#respond"]}]},{"@type":"WebPage","@id":"https:\/\/printu.pl\/blog\/2015\/04\/27\/fotoksiazka-dla-malucha\/","url":"https:\/\/printu.pl\/blog\/2015\/04\/27\/fotoksiazka-dla-malucha\/","name":"Fotoksi\u0105\u017cka dla Malucha - Printu.pl","isPartOf":{"@id":"https:\/\/printu.pl\/blog\/#website"},"datePublished":"2015-04-27T08:21:08+00:00","dateModified":"2015-12-14T15:46:01+00:00","breadcrumb":{"@id":"https:\/\/printu.pl\/blog\/2015\/04\/27\/fotoksiazka-dla-malucha\/#breadcrumb"},"inLanguage":"pl-PL","potentialAction":[{"@type":"ReadAction","target":["https:\/\/printu.pl\/blog\/2015\/04\/27\/fotoksiazka-dla-malucha\/"]}]},{"@type":"BreadcrumbList","@id":"https:\/\/printu.pl\/blog\/2015\/04\/27\/fotoksiazka-dla-malucha\/#breadcrumb","itemListElement":[{"@type":"ListItem","position":1,"name":"Strona g\u0142\u00f3wna","item":"https:\/\/printu.pl\/blog\/"},{"@type":"ListItem","position":2,"name":"Fotoksi\u0105\u017cka dla Malucha"}]},{"@type":"WebSite","@id":"https:\/\/printu.pl\/blog\/#website","url":"https:\/\/printu.pl\/blog\/","name":"blog","description":"blog","publisher":{"@id":"https:\/\/printu.pl\/blog\/#organization"},"potentialAction":[{"@type":"SearchAction","target":{"@type":"EntryPoint","urlTemplate":"https:\/\/printu.pl\/blog\/?s={search_term_string}"},"query-input":"required name=search_term_string"}],"inLanguage":"pl-PL"},{"@type":"Organization","@id":"https:\/\/printu.pl\/blog\/#organization","name":"blog","url":"https:\/\/printu.pl\/blog\/","logo":{"@type":"ImageObject","inLanguage":"pl-PL","@id":"https:\/\/printu.pl\/blog\/#\/schema\/logo\/image\/","url":"https:\/\/s3-eu-central-1.amazonaws.com\/printu-blog\/wp-content\/uploads\/2017\/02\/printu-logo.png","contentUrl":"https:\/\/s3-eu-central-1.amazonaws.com\/printu-blog\/wp-content\/uploads\/2017\/02\/printu-logo.png","width":143,"height":34,"caption":" blog"},"image":{"@id":"https:\/\/printu.pl\/blog\/#\/schema\/logo\/image\/"},"sameAs":["https:\/\/instagram.com\/printupl","https:\/\/www.facebook.com\/printupl","https:\/\/twitter.com\/printupl"]},{"@type":"Person","@id":"https:\/\/printu.pl\/blog\/#\/schema\/person\/1552825435ffb2cc058d57ea4dd17e22","name":"Katarzyna","image":{"@type":"ImageObject","inLanguage":"pl-PL","@id":"https:\/\/printu.pl\/blog\/#\/schema\/person\/image\/","url":"https:\/\/secure.gravatar.com\/avatar\/39b1f1f0db1aa82c65afeee9d7610280?s=96&d=mm&r=g","contentUrl":"https:\/\/secure.gravatar.com\/avatar\/39b1f1f0db1aa82c65afeee9d7610280?s=96&d=mm&r=g","caption":"Katarzyna"}}]}},"_links":{"self":[{"href":"https:\/\/printu.pl\/blog\/wp-json\/wp\/v2\/posts\/4683"}],"collection":[{"href":"https:\/\/printu.pl\/blog\/wp-json\/wp\/v2\/posts"}],"about":[{"href":"https:\/\/printu.pl\/blog\/wp-json\/wp\/v2\/types\/post"}],"author":[{"embeddable":true,"href":"https:\/\/printu.pl\/blog\/wp-json\/wp\/v2\/users\/4"}],"replies":[{"embeddable":true,"href":"https:\/\/printu.pl\/blog\/wp-json\/wp\/v2\/comments?post=4683"}],"version-history":[{"count":6,"href":"https:\/\/printu.pl\/blog\/wp-json\/wp\/v2\/posts\/4683\/revisions"}],"predecessor-version":[{"id":6090,"href":"https:\/\/printu.pl\/blog\/wp-json\/wp\/v2\/posts\/4683\/revisions\/6090"}],"wp:attachment":[{"href":"https:\/\/printu.pl\/blog\/wp-json\/wp\/v2\/media?parent=4683"}],"wp:term":[{"taxonomy":"category","embeddable":true,"href":"https:\/\/printu.pl\/blog\/wp-json\/wp\/v2\/categories?post=4683"},{"taxonomy":"post_tag","embeddable":true,"href":"https:\/\/printu.pl\/blog\/wp-json\/wp\/v2\/tags?post=4683"}],"curies":[{"name":"wp","href":"https:\/\/api.w.org\/{rel}","templated":true}]}}