{"id":4947,"date":"2015-05-26T15:23:16","date_gmt":"2015-05-26T13:23:16","guid":{"rendered":"http:\/\/blog.printu.pl\/?p=4947"},"modified":"2015-12-16T20:06:35","modified_gmt":"2015-12-16T19:06:35","slug":"zdjecia-z-instagrama","status":"publish","type":"post","link":"https:\/\/printu.pl\/blog\/2015\/05\/26\/zdjecia-z-instagrama\/","title":{"rendered":"Zdj\u0119cia z Instagrama"},"content":{"rendered":"<blockquote><p><img decoding=\"async\" loading=\"lazy\" class=\"aligncenter wp-image-4949 size-full\" src=\"http:\/\/blog.printu.pl\/wp-content\/uploads\/2015\/05\/instabook-Printu.jpg\" alt=\"instabook-Printu\" width=\"700\" height=\"350\" srcset=\"https:\/\/s3-eu-central-1.amazonaws.com\/printu-blog\/wp-content\/uploads\/2015\/05\/instabook-Printu.jpg 700w, https:\/\/s3-eu-central-1.amazonaws.com\/printu-blog\/wp-content\/uploads\/2015\/05\/instabook-Printu-300x150.jpg 300w\" sizes=\"(max-width: 700px) 100vw, 700px\" \/>&#8222;Uwielbiam przegl\u0105da\u0107 zdj\u0119cia, dzi\u0119ki nim wracaj\u0105 wspomnienia&#8230; Uwielbiam \u0142apa\u0107 chwile ulotne jednym ma\u0142ym pstryk&#8230; wspomnienia zamkni\u0119te w jpgach&#8230; cyfrowe kadry codzienno\u015bci&#8230; Aparatu nie mam na co dzie\u0144 pod r\u0119k\u0105&#8230; ale telefon zawsze na jej wyci\u0105gniecie&#8230; Tak si\u0119 sk\u0142ada, \u017ce ostatnimi czasy wi\u0119kszo\u015b\u0107 zdj\u0119\u0107 l\u0105duje na\u00a0<a href=\"https:\/\/instagram.com\/dziecieceklimaty\/\">Instagramie<\/a>&#8230;<\/p>\n<p><!--more-->Takie urywki, skrawki naszego \u017cycia&#8230; dlatego, gdy na na dzie\u0144 matki tworzy\u0142am sobie w prezencie fotoksi\u0105\u017ck\u0119 bardzo by\u0142am rada, \u017ce w ofercie\u00a0<a href=\"http:\/\/printu.pl\/\">Printu<\/a>\u00a0pojawi\u0142y si\u0119 <a href=\"http:\/\/printu.pl\/fotoksiazka\/instagram\/\">instabooki<\/a>\u00a0:) Ksi\u0105\u017cka ze zdj\u0119ciami z\u00a0Instagrama\u00a0zdecydowanie ma sw\u00f3j urok i jest \u015bwietnym sposobem na zatrzymanie ulubionych kadr\u00f3w w papierowej formie.<\/p>\n<p>Zdj\u0119cia z kom\u00f3rki mo\u017cemy wydrukowa\u0107 w postaci fotoksi\u0105\u017cki jako\u00a0#InstabookPrintu. Swoje zdj\u0119cia z Instagrama\u00a0pobieramy bezpo\u015brednio w aplikacji\u00a0<a href=\"http:\/\/printu.pl\/\">Printu<\/a>. Kreacja ksi\u0105\u017cki jest prosta, intuicyjna i bardzo przyjemna&#8230; Dobrej jako\u015bci druk, estetyka wykonania&#8230; polecam :)&#8221;<\/p><\/blockquote>\n<p><strong>Zapraszamy do ca\u0142ego wpisu redaktor Ani z bloga vikisiezna.blogspot.com tutaj:<br \/>\n<a href=\"http:\/\/vikisiezna.blogspot.com\/2015\/05\/instabook-printu.html\" target=\"_blank\">\u201eInstabook PRINTU\u201d<\/a>.<\/strong><\/p>\n<p>Zapraszamy do projektowania na printu.pl swojej fotoksi\u0105\u017cki na dzie\u0144 mamy lub dzie\u0144 taty. A poni\u017cej wi\u0119cej zdj\u0119\u0107 fotoksi\u0105\u017cek Ani. Inne instabooki Printu zobaczysz <strong><a href=\"http:\/\/blog.printu.pl\/tag\/instabook\/\" target=\"_blank\">tutaj<\/a><\/strong>.<\/p>\n<p style=\"text-align: center;\"><img decoding=\"async\" class=\"aligncenter  wp-image-4957\" src=\"http:\/\/blog.printu.pl\/wp-content\/uploads\/2015\/05\/Zdj\u0119cia-z-instagrama-7.jpg\" alt=\"Zdj\u0119cia z instagrama (7)\" width=\"340\" srcset=\"https:\/\/s3-eu-central-1.amazonaws.com\/printu-blog\/wp-content\/uploads\/2015\/05\/Zdj%C4%99cia-z-instagrama-7.jpg 550w, https:\/\/s3-eu-central-1.amazonaws.com\/printu-blog\/wp-content\/uploads\/2015\/05\/Zdj%C4%99cia-z-instagrama-7-300x183.jpg 300w\" sizes=\"(max-width: 550px) 100vw, 550px\" \/> <img decoding=\"async\" class=\"aligncenter  wp-image-4958\" src=\"http:\/\/blog.printu.pl\/wp-content\/uploads\/2015\/05\/Zdj\u0119cia-z-instagrama-8.jpg\" alt=\"Zdj\u0119cia z instagrama (8)\" width=\"340\" srcset=\"https:\/\/s3-eu-central-1.amazonaws.com\/printu-blog\/wp-content\/uploads\/2015\/05\/Zdj%C4%99cia-z-instagrama-8.jpg 550w, https:\/\/s3-eu-central-1.amazonaws.com\/printu-blog\/wp-content\/uploads\/2015\/05\/Zdj%C4%99cia-z-instagrama-8-300x198.jpg 300w\" sizes=\"(max-width: 550px) 100vw, 550px\" \/> <img decoding=\"async\" class=\"aligncenter  wp-image-4959\" src=\"http:\/\/blog.printu.pl\/wp-content\/uploads\/2015\/05\/Zdj\u0119cia-z-instagrama-9.jpg\" alt=\"Zdj\u0119cia z instagrama (9)\" width=\"340\" srcset=\"https:\/\/s3-eu-central-1.amazonaws.com\/printu-blog\/wp-content\/uploads\/2015\/05\/Zdj%C4%99cia-z-instagrama-9.jpg 550w, https:\/\/s3-eu-central-1.amazonaws.com\/printu-blog\/wp-content\/uploads\/2015\/05\/Zdj%C4%99cia-z-instagrama-9-300x197.jpg 300w\" sizes=\"(max-width: 550px) 100vw, 550px\" \/> <img decoding=\"async\" class=\"aligncenter  wp-image-4960\" src=\"http:\/\/blog.printu.pl\/wp-content\/uploads\/2015\/05\/Zdj\u0119cia-z-instagrama-10.jpg\" alt=\"Zdj\u0119cia z instagrama (10)\" width=\"340\" srcset=\"https:\/\/s3-eu-central-1.amazonaws.com\/printu-blog\/wp-content\/uploads\/2015\/05\/Zdj%C4%99cia-z-instagrama-10.jpg 550w, https:\/\/s3-eu-central-1.amazonaws.com\/printu-blog\/wp-content\/uploads\/2015\/05\/Zdj%C4%99cia-z-instagrama-10-300x213.jpg 300w\" sizes=\"(max-width: 550px) 100vw, 550px\" \/><\/p>\n<p style=\"text-align: center;\"><img decoding=\"async\" class=\"aligncenter  wp-image-4950\" src=\"http:\/\/blog.printu.pl\/wp-content\/uploads\/2015\/05\/Zdj\u0119cia-z-instagrama-1.jpg\" alt=\"Zdj\u0119cia z instagrama (1)\" width=\"340\" srcset=\"https:\/\/s3-eu-central-1.amazonaws.com\/printu-blog\/wp-content\/uploads\/2015\/05\/Zdj%C4%99cia-z-instagrama-1.jpg 550w, https:\/\/s3-eu-central-1.amazonaws.com\/printu-blog\/wp-content\/uploads\/2015\/05\/Zdj%C4%99cia-z-instagrama-1-300x200.jpg 300w\" sizes=\"(max-width: 550px) 100vw, 550px\" \/> <img decoding=\"async\" class=\"aligncenter  wp-image-4951\" src=\"http:\/\/blog.printu.pl\/wp-content\/uploads\/2015\/05\/Zdj\u0119cia-z-instagrama-1.png\" alt=\"Zdj\u0119cia z instagrama (1)\" width=\"340\" srcset=\"https:\/\/s3-eu-central-1.amazonaws.com\/printu-blog\/wp-content\/uploads\/2015\/05\/Zdj%C4%99cia-z-instagrama-1.png 550w, https:\/\/s3-eu-central-1.amazonaws.com\/printu-blog\/wp-content\/uploads\/2015\/05\/Zdj%C4%99cia-z-instagrama-1-300x200.png 300w\" sizes=\"(max-width: 550px) 100vw, 550px\" \/> <img decoding=\"async\" class=\"aligncenter  wp-image-4952\" src=\"http:\/\/blog.printu.pl\/wp-content\/uploads\/2015\/05\/Zdj\u0119cia-z-instagrama-2.jpg\" alt=\"Zdj\u0119cia z instagrama (2)\" width=\"340\" srcset=\"https:\/\/s3-eu-central-1.amazonaws.com\/printu-blog\/wp-content\/uploads\/2015\/05\/Zdj%C4%99cia-z-instagrama-2.jpg 550w, https:\/\/s3-eu-central-1.amazonaws.com\/printu-blog\/wp-content\/uploads\/2015\/05\/Zdj%C4%99cia-z-instagrama-2-300x200.jpg 300w\" sizes=\"(max-width: 550px) 100vw, 550px\" \/> <img decoding=\"async\" class=\"aligncenter  wp-image-4953\" src=\"http:\/\/blog.printu.pl\/wp-content\/uploads\/2015\/05\/Zdj\u0119cia-z-instagrama-3.jpg\" alt=\"Zdj\u0119cia z instagrama (3)\" width=\"340\" srcset=\"https:\/\/s3-eu-central-1.amazonaws.com\/printu-blog\/wp-content\/uploads\/2015\/05\/Zdj%C4%99cia-z-instagrama-3.jpg 550w, https:\/\/s3-eu-central-1.amazonaws.com\/printu-blog\/wp-content\/uploads\/2015\/05\/Zdj%C4%99cia-z-instagrama-3-300x200.jpg 300w\" sizes=\"(max-width: 550px) 100vw, 550px\" \/><\/p>\n","protected":false},"excerpt":{"rendered":"<p>&#8222;Uwielbiam przegl\u0105da\u0107 zdj\u0119cia, dzi\u0119ki nim wracaj\u0105 wspomnienia&#8230; Uwielbiam \u0142apa\u0107 chwile ulotne jednym ma\u0142ym pstryk&#8230; wspomnienia zamkni\u0119te w jpgach&#8230; cyfrowe kadry codzienno\u015bci&#8230; Aparatu nie mam na co dzie\u0144 pod r\u0119k\u0105&#8230; ale telefon zawsze na jej wyci\u0105gniecie&#8230; Tak si\u0119 sk\u0142ada, \u017ce ostatnimi czasy wi\u0119kszo\u015b\u0107 zdj\u0119\u0107 l\u0105duje na\u00a0Instagramie&#8230;<\/p>\n","protected":false},"author":4,"featured_media":0,"comment_status":"open","ping_status":"open","sticky":false,"template":"","format":"standard","meta":[],"categories":[66,143],"tags":[917,913,914,896,909,885,908,910,911,912,915,916,851,404,494],"yoast_head":"<!-- This site is optimized with the Yoast SEO plugin v19.13 - https:\/\/yoast.com\/wordpress\/plugins\/seo\/ -->\n<title>Zdj\u0119cia z Instagrama - Printu.pl<\/title>\n<meta name=\"robots\" content=\"index, follow, max-snippet:-1, max-image-preview:large, max-video-preview:-1\" \/>\n<link rel=\"canonical\" href=\"https:\/\/printu.pl\/blog\/2015\/05\/26\/zdjecia-z-instagrama\/\" \/>\n<meta property=\"og:locale\" content=\"pl_PL\" \/>\n<meta property=\"og:type\" content=\"article\" \/>\n<meta property=\"og:title\" content=\"Zdj\u0119cia z Instagrama - Printu.pl\" \/>\n<meta property=\"og:description\" content=\"&#8222;Uwielbiam przegl\u0105da\u0107 zdj\u0119cia, dzi\u0119ki nim wracaj\u0105 wspomnienia&#8230; Uwielbiam \u0142apa\u0107 chwile ulotne jednym ma\u0142ym pstryk&#8230; wspomnienia zamkni\u0119te w jpgach&#8230; cyfrowe kadry codzienno\u015bci&#8230; Aparatu nie mam na co dzie\u0144 pod r\u0119k\u0105&#8230; ale telefon zawsze na jej wyci\u0105gniecie&#8230; Tak si\u0119 sk\u0142ada, \u017ce ostatnimi czasy wi\u0119kszo\u015b\u0107 zdj\u0119\u0107 l\u0105duje na\u00a0Instagramie&#8230;\" \/>\n<meta property=\"og:url\" content=\"https:\/\/printu.pl\/blog\/2015\/05\/26\/zdjecia-z-instagrama\/\" \/>\n<meta property=\"og:site_name\" content=\"blog\" \/>\n<meta property=\"article:publisher\" content=\"https:\/\/www.facebook.com\/printupl\" \/>\n<meta property=\"article:published_time\" content=\"2015-05-26T13:23:16+00:00\" \/>\n<meta property=\"article:modified_time\" content=\"2015-12-16T19:06:35+00:00\" \/>\n<meta property=\"og:image\" content=\"http:\/\/blog.printu.pl\/wp-content\/uploads\/2015\/05\/instabook-Printu.jpg\" \/>\n<meta name=\"author\" content=\"Katarzyna\" \/>\n<meta name=\"twitter:card\" content=\"summary_large_image\" \/>\n<meta name=\"twitter:creator\" content=\"@printupl\" \/>\n<meta name=\"twitter:site\" content=\"@printupl\" \/>\n<meta name=\"twitter:label1\" content=\"Napisane przez\" \/>\n\t<meta name=\"twitter:data1\" content=\"Katarzyna\" \/>\n\t<meta name=\"twitter:label2\" content=\"Szacowany czas czytania\" \/>\n\t<meta name=\"twitter:data2\" content=\"1 minuta\" \/>\n<!-- \/ Yoast SEO plugin. -->","yoast_head_json":{"title":"Zdj\u0119cia z Instagrama - Printu.pl","robots":{"index":"index","follow":"follow","max-snippet":"max-snippet:-1","max-image-preview":"max-image-preview:large","max-video-preview":"max-video-preview:-1"},"canonical":"https:\/\/printu.pl\/blog\/2015\/05\/26\/zdjecia-z-instagrama\/","og_locale":"pl_PL","og_type":"article","og_title":"Zdj\u0119cia z Instagrama - Printu.pl","og_description":"&#8222;Uwielbiam przegl\u0105da\u0107 zdj\u0119cia, dzi\u0119ki nim wracaj\u0105 wspomnienia&#8230; Uwielbiam \u0142apa\u0107 chwile ulotne jednym ma\u0142ym pstryk&#8230; wspomnienia zamkni\u0119te w jpgach&#8230; cyfrowe kadry codzienno\u015bci&#8230; Aparatu nie mam na co dzie\u0144 pod r\u0119k\u0105&#8230; ale telefon zawsze na jej wyci\u0105gniecie&#8230; Tak si\u0119 sk\u0142ada, \u017ce ostatnimi czasy wi\u0119kszo\u015b\u0107 zdj\u0119\u0107 l\u0105duje na\u00a0Instagramie&#8230;","og_url":"https:\/\/printu.pl\/blog\/2015\/05\/26\/zdjecia-z-instagrama\/","og_site_name":"blog","article_publisher":"https:\/\/www.facebook.com\/printupl","article_published_time":"2015-05-26T13:23:16+00:00","article_modified_time":"2015-12-16T19:06:35+00:00","og_image":[{"url":"http:\/\/blog.printu.pl\/wp-content\/uploads\/2015\/05\/instabook-Printu.jpg"}],"author":"Katarzyna","twitter_card":"summary_large_image","twitter_creator":"@printupl","twitter_site":"@printupl","twitter_misc":{"Napisane przez":"Katarzyna","Szacowany czas czytania":"1 minuta"},"schema":{"@context":"https:\/\/schema.org","@graph":[{"@type":"Article","@id":"https:\/\/printu.pl\/blog\/2015\/05\/26\/zdjecia-z-instagrama\/#article","isPartOf":{"@id":"https:\/\/printu.pl\/blog\/2015\/05\/26\/zdjecia-z-instagrama\/"},"author":{"name":"Katarzyna","@id":"https:\/\/printu.pl\/blog\/#\/schema\/person\/1552825435ffb2cc058d57ea4dd17e22"},"headline":"Zdj\u0119cia z Instagrama","datePublished":"2015-05-26T13:23:16+00:00","dateModified":"2015-12-16T19:06:35+00:00","mainEntityOfPage":{"@id":"https:\/\/printu.pl\/blog\/2015\/05\/26\/zdjecia-z-instagrama\/"},"wordCount":200,"commentCount":0,"publisher":{"@id":"https:\/\/printu.pl\/blog\/#organization"},"keywords":["aplikacja instagram","fajny gad\u017cet","fajny prezent","fotoksia\u017cka z Instagrama","fotoksi\u0105\u017cka ze zdj\u0119ciami z instagrama","instabook","Instabook Printu","instagrambook","instalove","must have","nowoczesny prezent","photobook","pomys\u0142 na fotoksi\u0105\u017ck\u0119","super pomys\u0142 na prezent","zdj\u0119cia z Instagrama"],"articleSection":["Inspiracje","Napisali o nas"],"inLanguage":"pl-PL","potentialAction":[{"@type":"CommentAction","name":"Comment","target":["https:\/\/printu.pl\/blog\/2015\/05\/26\/zdjecia-z-instagrama\/#respond"]}]},{"@type":"WebPage","@id":"https:\/\/printu.pl\/blog\/2015\/05\/26\/zdjecia-z-instagrama\/","url":"https:\/\/printu.pl\/blog\/2015\/05\/26\/zdjecia-z-instagrama\/","name":"Zdj\u0119cia z Instagrama - Printu.pl","isPartOf":{"@id":"https:\/\/printu.pl\/blog\/#website"},"datePublished":"2015-05-26T13:23:16+00:00","dateModified":"2015-12-16T19:06:35+00:00","breadcrumb":{"@id":"https:\/\/printu.pl\/blog\/2015\/05\/26\/zdjecia-z-instagrama\/#breadcrumb"},"inLanguage":"pl-PL","potentialAction":[{"@type":"ReadAction","target":["https:\/\/printu.pl\/blog\/2015\/05\/26\/zdjecia-z-instagrama\/"]}]},{"@type":"BreadcrumbList","@id":"https:\/\/printu.pl\/blog\/2015\/05\/26\/zdjecia-z-instagrama\/#breadcrumb","itemListElement":[{"@type":"ListItem","position":1,"name":"Strona g\u0142\u00f3wna","item":"https:\/\/printu.pl\/blog\/"},{"@type":"ListItem","position":2,"name":"Zdj\u0119cia z Instagrama"}]},{"@type":"WebSite","@id":"https:\/\/printu.pl\/blog\/#website","url":"https:\/\/printu.pl\/blog\/","name":"blog","description":"blog","publisher":{"@id":"https:\/\/printu.pl\/blog\/#organization"},"potentialAction":[{"@type":"SearchAction","target":{"@type":"EntryPoint","urlTemplate":"https:\/\/printu.pl\/blog\/?s={search_term_string}"},"query-input":"required name=search_term_string"}],"inLanguage":"pl-PL"},{"@type":"Organization","@id":"https:\/\/printu.pl\/blog\/#organization","name":"blog","url":"https:\/\/printu.pl\/blog\/","logo":{"@type":"ImageObject","inLanguage":"pl-PL","@id":"https:\/\/printu.pl\/blog\/#\/schema\/logo\/image\/","url":"https:\/\/s3-eu-central-1.amazonaws.com\/printu-blog\/wp-content\/uploads\/2017\/02\/printu-logo.png","contentUrl":"https:\/\/s3-eu-central-1.amazonaws.com\/printu-blog\/wp-content\/uploads\/2017\/02\/printu-logo.png","width":143,"height":34,"caption":" blog"},"image":{"@id":"https:\/\/printu.pl\/blog\/#\/schema\/logo\/image\/"},"sameAs":["https:\/\/instagram.com\/printupl","https:\/\/www.facebook.com\/printupl","https:\/\/twitter.com\/printupl"]},{"@type":"Person","@id":"https:\/\/printu.pl\/blog\/#\/schema\/person\/1552825435ffb2cc058d57ea4dd17e22","name":"Katarzyna","image":{"@type":"ImageObject","inLanguage":"pl-PL","@id":"https:\/\/printu.pl\/blog\/#\/schema\/person\/image\/","url":"https:\/\/secure.gravatar.com\/avatar\/39b1f1f0db1aa82c65afeee9d7610280?s=96&d=mm&r=g","contentUrl":"https:\/\/secure.gravatar.com\/avatar\/39b1f1f0db1aa82c65afeee9d7610280?s=96&d=mm&r=g","caption":"Katarzyna"}}]}},"_links":{"self":[{"href":"https:\/\/printu.pl\/blog\/wp-json\/wp\/v2\/posts\/4947"}],"collection":[{"href":"https:\/\/printu.pl\/blog\/wp-json\/wp\/v2\/posts"}],"about":[{"href":"https:\/\/printu.pl\/blog\/wp-json\/wp\/v2\/types\/post"}],"author":[{"embeddable":true,"href":"https:\/\/printu.pl\/blog\/wp-json\/wp\/v2\/users\/4"}],"replies":[{"embeddable":true,"href":"https:\/\/printu.pl\/blog\/wp-json\/wp\/v2\/comments?post=4947"}],"version-history":[{"count":12,"href":"https:\/\/printu.pl\/blog\/wp-json\/wp\/v2\/posts\/4947\/revisions"}],"predecessor-version":[{"id":6352,"href":"https:\/\/printu.pl\/blog\/wp-json\/wp\/v2\/posts\/4947\/revisions\/6352"}],"wp:attachment":[{"href":"https:\/\/printu.pl\/blog\/wp-json\/wp\/v2\/media?parent=4947"}],"wp:term":[{"taxonomy":"category","embeddable":true,"href":"https:\/\/printu.pl\/blog\/wp-json\/wp\/v2\/categories?post=4947"},{"taxonomy":"post_tag","embeddable":true,"href":"https:\/\/printu.pl\/blog\/wp-json\/wp\/v2\/tags?post=4947"}],"curies":[{"name":"wp","href":"https:\/\/api.w.org\/{rel}","templated":true}]}}