{"id":4990,"date":"2015-05-27T14:02:26","date_gmt":"2015-05-27T12:02:26","guid":{"rendered":"http:\/\/blog.printu.pl\/?p=4990"},"modified":"2015-12-14T15:23:44","modified_gmt":"2015-12-14T14:23:44","slug":"fotoksiazka-na-dzien-mamy","status":"publish","type":"post","link":"https:\/\/printu.pl\/blog\/2015\/05\/27\/fotoksiazka-na-dzien-mamy\/","title":{"rendered":"Fotoksi\u0105\u017cka na dzie\u0144 mamy"},"content":{"rendered":"<blockquote>\n<p style=\"text-align: left;\"><img decoding=\"async\" loading=\"lazy\" class=\"aligncenter  wp-image-4993\" src=\"http:\/\/blog.printu.pl\/wp-content\/uploads\/2015\/05\/Fotoksi\u0105\u017cka-na-dzie\u0144-mamy.jpg\" alt=\"Fotoksi\u0105\u017cka na dzie\u0144 mamy\" width=\"700\" height=\"350\" srcset=\"https:\/\/s3-eu-central-1.amazonaws.com\/printu-blog\/wp-content\/uploads\/2015\/05\/Fotoksi%C4%85%C5%BCka-na-dzie%C5%84-mamy.jpg 700w, https:\/\/s3-eu-central-1.amazonaws.com\/printu-blog\/wp-content\/uploads\/2015\/05\/Fotoksi%C4%85%C5%BCka-na-dzie%C5%84-mamy-300x150.jpg 300w\" sizes=\"(max-width: 700px) 100vw, 700px\" \/>&#8222;Na stole czeka\u0142 kosz z kwiatami. Truskawki, szampan i laurka &#8211; wykonana bardzo skomplikowan\u0105 technik\u0105 &#8211; czeka\u0142y na tacy. &#8211; Dzie\u0144 Matki up\u0142yn\u0105\u0142 mi na \u0142agodnym u\u015bmiechaniu si\u0119 i g\u0142askaniu moich czystych i cichych dziatek po cieplutkich g\u0142owach&#8230; W zestawie by\u0142o te\u017c le\u017cenie.<\/p>\n<p style=\"text-align: left;\"><!--more-->Jak to dobrze, \u017ce sama o siebie zadba\u0142am i z okazji Dnia Matki <a href=\"http:\/\/printu.pl\/fotoksiazka\/start\/\" target=\"_blank\">stworzy\u0142am fotoksi\u0105\u017ck\u0119<\/a>. Dla siebie. Na ka\u017cdej stronie moje dzieci. Od lipca ubieg\u0142ego roku &#8211; liczba mnoga. Pierwszy Dzie\u0144 Matki Dw\u00f3jki. Ka\u017cdy kadr &#8211; oni. On i gdzie\u015b tylko jej nogi w podniszczonych kapciach w tle. Ona zamy\u015blona, wida\u0107 tylko kawa\u0142ek jego stopy. Oni razem. Doskona\u0142e (moje!) dzieci na niedoskona\u0142ych kadrach. Ziarnistych, szarych, bez ostro\u015bci, z ba\u0142aganem na drugim planie. Takich jak codzienno\u015b\u0107. Jak ten m\u00f3j Dzie\u0144 Matki z prezentem podarowanym na chwil\u0119. Takie to wszystko&#8230; prawdziwe. I rozczulaj\u0105ce odrobin\u0119. Fajny mia\u0142am dzie\u0144. Pranie zrobi\u0142am, ros\u00f3\u0142 mi wyszed\u0142, nie wrzeszcza\u0142am zbyt wiele. Wojtek mia\u0142 mi\u0142\u0105 drzemk\u0119, ja mia\u0142am czas, \u017ceby porozmawia\u0107 wtedy z Ew\u0105. By\u0142y wsp\u00f3lne zabawy, spacer i s\u0142odko\u015bci. Dzieci \u015bpi\u0105, a ja ogl\u0105dam ksi\u0105\u017ck\u0119. Jako\u015b tak wi\u0119cej mi nie potrzeba do szcz\u0119\u015bcia&#8221;.<\/p>\n<\/blockquote>\n<p><strong>Zapraszamy do ca\u0142ego wpisu redaktor Olgi z bloga otymze.pl tutaj:<br \/>\n<a href=\"http:\/\/www.otymze.pl\/2015\/05\/dzien-matki-dwojki.html\" target=\"_blank\">\u201eDzie\u0144 Matki Dw\u00f3jki\u201d<\/a>.<\/strong><\/p>\n<p style=\"text-align: left;\">Zapraszamy do zaprojektowania na printu.pl swojej fotoksi\u0105\u017cki . Dla siebie, dla dziecka na dzie\u0144 dziecka, jako <a href=\"http:\/\/printu.pl\/prezent-dla-mamy\" target=\"_blank\">prezent dla mamy<\/a> czy dla taty na dzie\u0144 ojca. Poni\u017cej wi\u0119cej zdj\u0119\u0107 z momentu przegl\u0105dania fotoksi\u0105\u017cek przez Ew\u0119 i Wojtusia, a tutaj inspiracje na <a href=\"http:\/\/blog.printu.pl\/tag\/fotoksiazka-na-dzien-mamy\/\" target=\"_blank\">fotoksi\u0105\u017cki na dzie\u0144 mamy<\/a>.<img decoding=\"async\" class=\"aligncenter  wp-image-4994\" src=\"http:\/\/blog.printu.pl\/wp-content\/uploads\/2015\/05\/Pi\u0119kny-prezent-na-dzie\u0144-mamy-1.jpg\" alt=\"Pi\u0119kny prezent na dzie\u0144 mamy (1)\" width=\"700\" srcset=\"https:\/\/s3-eu-central-1.amazonaws.com\/printu-blog\/wp-content\/uploads\/2015\/05\/Pi%C4%99kny-prezent-na-dzie%C5%84-mamy-1.jpg 742w, https:\/\/s3-eu-central-1.amazonaws.com\/printu-blog\/wp-content\/uploads\/2015\/05\/Pi%C4%99kny-prezent-na-dzie%C5%84-mamy-1-300x226.jpg 300w, https:\/\/s3-eu-central-1.amazonaws.com\/printu-blog\/wp-content\/uploads\/2015\/05\/Pi%C4%99kny-prezent-na-dzie%C5%84-mamy-1-664x500.jpg 664w\" sizes=\"(max-width: 742px) 100vw, 742px\" \/> <img decoding=\"async\" class=\"aligncenter  wp-image-4995\" src=\"http:\/\/blog.printu.pl\/wp-content\/uploads\/2015\/05\/Pi\u0119kny-prezent-na-dzie\u0144-mamy-2.jpg\" alt=\"Pi\u0119kny prezent na dzie\u0144 mamy (2)\" width=\"700\" srcset=\"https:\/\/s3-eu-central-1.amazonaws.com\/printu-blog\/wp-content\/uploads\/2015\/05\/Pi%C4%99kny-prezent-na-dzie%C5%84-mamy-2.jpg 742w, https:\/\/s3-eu-central-1.amazonaws.com\/printu-blog\/wp-content\/uploads\/2015\/05\/Pi%C4%99kny-prezent-na-dzie%C5%84-mamy-2-300x226.jpg 300w, https:\/\/s3-eu-central-1.amazonaws.com\/printu-blog\/wp-content\/uploads\/2015\/05\/Pi%C4%99kny-prezent-na-dzie%C5%84-mamy-2-665x500.jpg 665w\" sizes=\"(max-width: 742px) 100vw, 742px\" \/> <img decoding=\"async\" class=\"aligncenter  wp-image-4996\" src=\"http:\/\/blog.printu.pl\/wp-content\/uploads\/2015\/05\/Pi\u0119kny-prezent-na-dzie\u0144-mamy-3.jpg\" alt=\"Pi\u0119kny prezent na dzie\u0144 mamy (3)\" width=\"700\" srcset=\"https:\/\/s3-eu-central-1.amazonaws.com\/printu-blog\/wp-content\/uploads\/2015\/05\/Pi%C4%99kny-prezent-na-dzie%C5%84-mamy-3.jpg 742w, https:\/\/s3-eu-central-1.amazonaws.com\/printu-blog\/wp-content\/uploads\/2015\/05\/Pi%C4%99kny-prezent-na-dzie%C5%84-mamy-3-300x225.jpg 300w, https:\/\/s3-eu-central-1.amazonaws.com\/printu-blog\/wp-content\/uploads\/2015\/05\/Pi%C4%99kny-prezent-na-dzie%C5%84-mamy-3-666x500.jpg 666w\" sizes=\"(max-width: 742px) 100vw, 742px\" \/> <img decoding=\"async\" class=\"aligncenter  wp-image-4997\" src=\"http:\/\/blog.printu.pl\/wp-content\/uploads\/2015\/05\/Pi\u0119kny-prezent-na-dzie\u0144-mamy-4.jpg\" alt=\"Pi\u0119kny prezent na dzie\u0144 mamy (4)\" width=\"700\" srcset=\"https:\/\/s3-eu-central-1.amazonaws.com\/printu-blog\/wp-content\/uploads\/2015\/05\/Pi%C4%99kny-prezent-na-dzie%C5%84-mamy-4.jpg 742w, https:\/\/s3-eu-central-1.amazonaws.com\/printu-blog\/wp-content\/uploads\/2015\/05\/Pi%C4%99kny-prezent-na-dzie%C5%84-mamy-4-300x226.jpg 300w, https:\/\/s3-eu-central-1.amazonaws.com\/printu-blog\/wp-content\/uploads\/2015\/05\/Pi%C4%99kny-prezent-na-dzie%C5%84-mamy-4-665x500.jpg 665w\" sizes=\"(max-width: 742px) 100vw, 742px\" \/> <img decoding=\"async\" class=\"aligncenter  wp-image-4998\" src=\"http:\/\/blog.printu.pl\/wp-content\/uploads\/2015\/05\/Pi\u0119kny-prezent-na-dzie\u0144-mamy-5.jpg\" alt=\"Pi\u0119kny prezent na dzie\u0144 mamy (5)\" width=\"700\" srcset=\"https:\/\/s3-eu-central-1.amazonaws.com\/printu-blog\/wp-content\/uploads\/2015\/05\/Pi%C4%99kny-prezent-na-dzie%C5%84-mamy-5.jpg 742w, https:\/\/s3-eu-central-1.amazonaws.com\/printu-blog\/wp-content\/uploads\/2015\/05\/Pi%C4%99kny-prezent-na-dzie%C5%84-mamy-5-300x225.jpg 300w, https:\/\/s3-eu-central-1.amazonaws.com\/printu-blog\/wp-content\/uploads\/2015\/05\/Pi%C4%99kny-prezent-na-dzie%C5%84-mamy-5-666x500.jpg 666w\" sizes=\"(max-width: 742px) 100vw, 742px\" \/> <img decoding=\"async\" class=\"aligncenter  wp-image-4999\" src=\"http:\/\/blog.printu.pl\/wp-content\/uploads\/2015\/05\/Pi\u0119kny-prezent-na-dzie\u0144-mamy-6.jpg\" alt=\"Pi\u0119kny prezent na dzie\u0144 mamy (6)\" width=\"700\" srcset=\"https:\/\/s3-eu-central-1.amazonaws.com\/printu-blog\/wp-content\/uploads\/2015\/05\/Pi%C4%99kny-prezent-na-dzie%C5%84-mamy-6.jpg 742w, https:\/\/s3-eu-central-1.amazonaws.com\/printu-blog\/wp-content\/uploads\/2015\/05\/Pi%C4%99kny-prezent-na-dzie%C5%84-mamy-6-300x225.jpg 300w, https:\/\/s3-eu-central-1.amazonaws.com\/printu-blog\/wp-content\/uploads\/2015\/05\/Pi%C4%99kny-prezent-na-dzie%C5%84-mamy-6-666x500.jpg 666w\" sizes=\"(max-width: 742px) 100vw, 742px\" \/> <img decoding=\"async\" class=\"aligncenter  wp-image-5000\" src=\"http:\/\/blog.printu.pl\/wp-content\/uploads\/2015\/05\/Pi\u0119kny-prezent-na-dzie\u0144-mamy-8.jpg\" alt=\"Pi\u0119kny prezent na dzie\u0144 mamy (8)\" width=\"700\" srcset=\"https:\/\/s3-eu-central-1.amazonaws.com\/printu-blog\/wp-content\/uploads\/2015\/05\/Pi%C4%99kny-prezent-na-dzie%C5%84-mamy-8.jpg 742w, https:\/\/s3-eu-central-1.amazonaws.com\/printu-blog\/wp-content\/uploads\/2015\/05\/Pi%C4%99kny-prezent-na-dzie%C5%84-mamy-8-300x225.jpg 300w, https:\/\/s3-eu-central-1.amazonaws.com\/printu-blog\/wp-content\/uploads\/2015\/05\/Pi%C4%99kny-prezent-na-dzie%C5%84-mamy-8-666x500.jpg 666w\" sizes=\"(max-width: 742px) 100vw, 742px\" \/> <img decoding=\"async\" class=\"aligncenter  wp-image-5001\" src=\"http:\/\/blog.printu.pl\/wp-content\/uploads\/2015\/05\/Pi\u0119kny-prezent-na-dzie\u0144-mamy-9.jpg\" alt=\"Pi\u0119kny prezent na dzie\u0144 mamy (9)\" width=\"700\" srcset=\"https:\/\/s3-eu-central-1.amazonaws.com\/printu-blog\/wp-content\/uploads\/2015\/05\/Pi%C4%99kny-prezent-na-dzie%C5%84-mamy-9.jpg 742w, https:\/\/s3-eu-central-1.amazonaws.com\/printu-blog\/wp-content\/uploads\/2015\/05\/Pi%C4%99kny-prezent-na-dzie%C5%84-mamy-9-300x226.jpg 300w, https:\/\/s3-eu-central-1.amazonaws.com\/printu-blog\/wp-content\/uploads\/2015\/05\/Pi%C4%99kny-prezent-na-dzie%C5%84-mamy-9-664x500.jpg 664w\" sizes=\"(max-width: 742px) 100vw, 742px\" \/> <img decoding=\"async\" class=\"aligncenter  wp-image-5002\" src=\"http:\/\/blog.printu.pl\/wp-content\/uploads\/2015\/05\/Pi\u0119kny-prezent-na-dzie\u0144-mamy-10.jpg\" alt=\"Pi\u0119kny prezent na dzie\u0144 mamy (10)\" width=\"700\" srcset=\"https:\/\/s3-eu-central-1.amazonaws.com\/printu-blog\/wp-content\/uploads\/2015\/05\/Pi%C4%99kny-prezent-na-dzie%C5%84-mamy-10.jpg 742w, https:\/\/s3-eu-central-1.amazonaws.com\/printu-blog\/wp-content\/uploads\/2015\/05\/Pi%C4%99kny-prezent-na-dzie%C5%84-mamy-10-300x225.jpg 300w, https:\/\/s3-eu-central-1.amazonaws.com\/printu-blog\/wp-content\/uploads\/2015\/05\/Pi%C4%99kny-prezent-na-dzie%C5%84-mamy-10-666x500.jpg 666w\" sizes=\"(max-width: 742px) 100vw, 742px\" \/><\/p>\n","protected":false},"excerpt":{"rendered":"<p>&#8222;Na stole czeka\u0142 kosz z kwiatami. Truskawki, szampan i laurka &#8211; wykonana bardzo skomplikowan\u0105 technik\u0105 &#8211; czeka\u0142y na tacy. &#8211; Dzie\u0144 Matki up\u0142yn\u0105\u0142 mi na \u0142agodnym u\u015bmiechaniu si\u0119 i g\u0142askaniu moich czystych i cichych dziatek po cieplutkich g\u0142owach&#8230; W zestawie by\u0142o te\u017c le\u017cenie.<\/p>\n","protected":false},"author":4,"featured_media":0,"comment_status":"open","ping_status":"open","sticky":false,"template":"","format":"standard","meta":[],"categories":[66,143],"tags":[1269,1149,1147,1268,851,403,1150],"yoast_head":"<!-- This site is optimized with the Yoast SEO plugin v19.13 - https:\/\/yoast.com\/wordpress\/plugins\/seo\/ -->\n<title>Fotoksi\u0105\u017cka na dzie\u0144 mamy - Printu.pl<\/title>\n<meta name=\"robots\" content=\"index, follow, max-snippet:-1, max-image-preview:large, max-video-preview:-1\" \/>\n<link rel=\"canonical\" href=\"https:\/\/printu.pl\/blog\/2015\/05\/27\/fotoksiazka-na-dzien-mamy\/\" \/>\n<meta property=\"og:locale\" content=\"pl_PL\" \/>\n<meta property=\"og:type\" content=\"article\" \/>\n<meta property=\"og:title\" content=\"Fotoksi\u0105\u017cka na dzie\u0144 mamy - Printu.pl\" \/>\n<meta property=\"og:description\" content=\"&#8222;Na stole czeka\u0142 kosz z kwiatami. Truskawki, szampan i laurka &#8211; wykonana bardzo skomplikowan\u0105 technik\u0105 &#8211; czeka\u0142y na tacy. &#8211; Dzie\u0144 Matki up\u0142yn\u0105\u0142 mi na \u0142agodnym u\u015bmiechaniu si\u0119 i g\u0142askaniu moich czystych i cichych dziatek po cieplutkich g\u0142owach&#8230; W zestawie by\u0142o te\u017c le\u017cenie.\" \/>\n<meta property=\"og:url\" content=\"https:\/\/printu.pl\/blog\/2015\/05\/27\/fotoksiazka-na-dzien-mamy\/\" \/>\n<meta property=\"og:site_name\" content=\"blog\" \/>\n<meta property=\"article:publisher\" content=\"https:\/\/www.facebook.com\/printupl\" \/>\n<meta property=\"article:published_time\" content=\"2015-05-27T12:02:26+00:00\" \/>\n<meta property=\"article:modified_time\" content=\"2015-12-14T14:23:44+00:00\" \/>\n<meta name=\"author\" content=\"Katarzyna\" \/>\n<meta name=\"twitter:card\" content=\"summary_large_image\" \/>\n<meta name=\"twitter:creator\" content=\"@printupl\" \/>\n<meta name=\"twitter:site\" content=\"@printupl\" \/>\n<meta name=\"twitter:label1\" content=\"Napisane przez\" \/>\n\t<meta name=\"twitter:data1\" content=\"Katarzyna\" \/>\n\t<meta name=\"twitter:label2\" content=\"Szacowany czas czytania\" \/>\n\t<meta name=\"twitter:data2\" content=\"1 minuta\" \/>\n<!-- \/ Yoast SEO plugin. -->","yoast_head_json":{"title":"Fotoksi\u0105\u017cka na dzie\u0144 mamy - Printu.pl","robots":{"index":"index","follow":"follow","max-snippet":"max-snippet:-1","max-image-preview":"max-image-preview:large","max-video-preview":"max-video-preview:-1"},"canonical":"https:\/\/printu.pl\/blog\/2015\/05\/27\/fotoksiazka-na-dzien-mamy\/","og_locale":"pl_PL","og_type":"article","og_title":"Fotoksi\u0105\u017cka na dzie\u0144 mamy - Printu.pl","og_description":"&#8222;Na stole czeka\u0142 kosz z kwiatami. Truskawki, szampan i laurka &#8211; wykonana bardzo skomplikowan\u0105 technik\u0105 &#8211; czeka\u0142y na tacy. &#8211; Dzie\u0144 Matki up\u0142yn\u0105\u0142 mi na \u0142agodnym u\u015bmiechaniu si\u0119 i g\u0142askaniu moich czystych i cichych dziatek po cieplutkich g\u0142owach&#8230; W zestawie by\u0142o te\u017c le\u017cenie.","og_url":"https:\/\/printu.pl\/blog\/2015\/05\/27\/fotoksiazka-na-dzien-mamy\/","og_site_name":"blog","article_publisher":"https:\/\/www.facebook.com\/printupl","article_published_time":"2015-05-27T12:02:26+00:00","article_modified_time":"2015-12-14T14:23:44+00:00","author":"Katarzyna","twitter_card":"summary_large_image","twitter_creator":"@printupl","twitter_site":"@printupl","twitter_misc":{"Napisane przez":"Katarzyna","Szacowany czas czytania":"1 minuta"},"schema":{"@context":"https:\/\/schema.org","@graph":[{"@type":"Article","@id":"https:\/\/printu.pl\/blog\/2015\/05\/27\/fotoksiazka-na-dzien-mamy\/#article","isPartOf":{"@id":"https:\/\/printu.pl\/blog\/2015\/05\/27\/fotoksiazka-na-dzien-mamy\/"},"author":{"name":"Katarzyna","@id":"https:\/\/printu.pl\/blog\/#\/schema\/person\/1552825435ffb2cc058d57ea4dd17e22"},"headline":"Fotoksi\u0105\u017cka na dzie\u0144 mamy","datePublished":"2015-05-27T12:02:26+00:00","dateModified":"2015-12-14T14:23:44+00:00","mainEntityOfPage":{"@id":"https:\/\/printu.pl\/blog\/2015\/05\/27\/fotoksiazka-na-dzien-mamy\/"},"wordCount":284,"commentCount":0,"publisher":{"@id":"https:\/\/printu.pl\/blog\/#organization"},"keywords":["co na dzie\u0144 mamy","fotoksi\u0105\u017cka dla mamy","Fotoksi\u0105\u017cka na Dzie\u0144 Mamy","idealny prezent na dzie\u0144 mamy","pomys\u0142 na fotoksi\u0105\u017ck\u0119","pomys\u0142 na prezent","prezent dla mamy"],"articleSection":["Inspiracje","Napisali o nas"],"inLanguage":"pl-PL","potentialAction":[{"@type":"CommentAction","name":"Comment","target":["https:\/\/printu.pl\/blog\/2015\/05\/27\/fotoksiazka-na-dzien-mamy\/#respond"]}]},{"@type":"WebPage","@id":"https:\/\/printu.pl\/blog\/2015\/05\/27\/fotoksiazka-na-dzien-mamy\/","url":"https:\/\/printu.pl\/blog\/2015\/05\/27\/fotoksiazka-na-dzien-mamy\/","name":"Fotoksi\u0105\u017cka na dzie\u0144 mamy - Printu.pl","isPartOf":{"@id":"https:\/\/printu.pl\/blog\/#website"},"datePublished":"2015-05-27T12:02:26+00:00","dateModified":"2015-12-14T14:23:44+00:00","breadcrumb":{"@id":"https:\/\/printu.pl\/blog\/2015\/05\/27\/fotoksiazka-na-dzien-mamy\/#breadcrumb"},"inLanguage":"pl-PL","potentialAction":[{"@type":"ReadAction","target":["https:\/\/printu.pl\/blog\/2015\/05\/27\/fotoksiazka-na-dzien-mamy\/"]}]},{"@type":"BreadcrumbList","@id":"https:\/\/printu.pl\/blog\/2015\/05\/27\/fotoksiazka-na-dzien-mamy\/#breadcrumb","itemListElement":[{"@type":"ListItem","position":1,"name":"Strona g\u0142\u00f3wna","item":"https:\/\/printu.pl\/blog\/"},{"@type":"ListItem","position":2,"name":"Fotoksi\u0105\u017cka na dzie\u0144 mamy"}]},{"@type":"WebSite","@id":"https:\/\/printu.pl\/blog\/#website","url":"https:\/\/printu.pl\/blog\/","name":"blog","description":"blog","publisher":{"@id":"https:\/\/printu.pl\/blog\/#organization"},"potentialAction":[{"@type":"SearchAction","target":{"@type":"EntryPoint","urlTemplate":"https:\/\/printu.pl\/blog\/?s={search_term_string}"},"query-input":"required name=search_term_string"}],"inLanguage":"pl-PL"},{"@type":"Organization","@id":"https:\/\/printu.pl\/blog\/#organization","name":"blog","url":"https:\/\/printu.pl\/blog\/","logo":{"@type":"ImageObject","inLanguage":"pl-PL","@id":"https:\/\/printu.pl\/blog\/#\/schema\/logo\/image\/","url":"https:\/\/s3-eu-central-1.amazonaws.com\/printu-blog\/wp-content\/uploads\/2017\/02\/printu-logo.png","contentUrl":"https:\/\/s3-eu-central-1.amazonaws.com\/printu-blog\/wp-content\/uploads\/2017\/02\/printu-logo.png","width":143,"height":34,"caption":" blog"},"image":{"@id":"https:\/\/printu.pl\/blog\/#\/schema\/logo\/image\/"},"sameAs":["https:\/\/instagram.com\/printupl","https:\/\/www.facebook.com\/printupl","https:\/\/twitter.com\/printupl"]},{"@type":"Person","@id":"https:\/\/printu.pl\/blog\/#\/schema\/person\/1552825435ffb2cc058d57ea4dd17e22","name":"Katarzyna","image":{"@type":"ImageObject","inLanguage":"pl-PL","@id":"https:\/\/printu.pl\/blog\/#\/schema\/person\/image\/","url":"https:\/\/secure.gravatar.com\/avatar\/39b1f1f0db1aa82c65afeee9d7610280?s=96&d=mm&r=g","contentUrl":"https:\/\/secure.gravatar.com\/avatar\/39b1f1f0db1aa82c65afeee9d7610280?s=96&d=mm&r=g","caption":"Katarzyna"}}]}},"_links":{"self":[{"href":"https:\/\/printu.pl\/blog\/wp-json\/wp\/v2\/posts\/4990"}],"collection":[{"href":"https:\/\/printu.pl\/blog\/wp-json\/wp\/v2\/posts"}],"about":[{"href":"https:\/\/printu.pl\/blog\/wp-json\/wp\/v2\/types\/post"}],"author":[{"embeddable":true,"href":"https:\/\/printu.pl\/blog\/wp-json\/wp\/v2\/users\/4"}],"replies":[{"embeddable":true,"href":"https:\/\/printu.pl\/blog\/wp-json\/wp\/v2\/comments?post=4990"}],"version-history":[{"count":6,"href":"https:\/\/printu.pl\/blog\/wp-json\/wp\/v2\/posts\/4990\/revisions"}],"predecessor-version":[{"id":6077,"href":"https:\/\/printu.pl\/blog\/wp-json\/wp\/v2\/posts\/4990\/revisions\/6077"}],"wp:attachment":[{"href":"https:\/\/printu.pl\/blog\/wp-json\/wp\/v2\/media?parent=4990"}],"wp:term":[{"taxonomy":"category","embeddable":true,"href":"https:\/\/printu.pl\/blog\/wp-json\/wp\/v2\/categories?post=4990"},{"taxonomy":"post_tag","embeddable":true,"href":"https:\/\/printu.pl\/blog\/wp-json\/wp\/v2\/tags?post=4990"}],"curies":[{"name":"wp","href":"https:\/\/api.w.org\/{rel}","templated":true}]}}