{"id":5113,"date":"2015-06-10T12:16:30","date_gmt":"2015-06-10T10:16:30","guid":{"rendered":"http:\/\/blog.printu.pl\/?p=5113"},"modified":"2015-12-14T15:22:08","modified_gmt":"2015-12-14T14:22:08","slug":"rodzinny-zbior-fotoksiazek","status":"publish","type":"post","link":"https:\/\/printu.pl\/blog\/2015\/06\/10\/rodzinny-zbior-fotoksiazek\/","title":{"rendered":"Rodzinny zbi\u00f3r fotoksi\u0105\u017cek"},"content":{"rendered":"<p style=\"text-align: center;\"><img decoding=\"async\" loading=\"lazy\" class=\"aligncenter  wp-image-5114\" src=\"http:\/\/blog.printu.pl\/wp-content\/uploads\/2015\/06\/Rodzinny-zbi\u00f3r-fotoksi\u0105\u017cek.jpg\" alt=\"Rodzinny zbi\u00f3r fotoksi\u0105\u017cek\" width=\"700\" height=\"350\" srcset=\"https:\/\/s3-eu-central-1.amazonaws.com\/printu-blog\/wp-content\/uploads\/2015\/06\/Rodzinny-zbi%C3%B3r-fotoksi%C4%85%C5%BCek.jpg 700w, https:\/\/s3-eu-central-1.amazonaws.com\/printu-blog\/wp-content\/uploads\/2015\/06\/Rodzinny-zbi%C3%B3r-fotoksi%C4%85%C5%BCek-300x150.jpg 300w\" sizes=\"(max-width: 700px) 100vw, 700px\" \/><\/p>\n<blockquote><p>&#8222;Na pewno zauwa\u017cyli\u015bcie, \u017ce uwielbiamy robi\u0107 zdj\u0119cia, mamy ich ca\u0142\u0105 mas\u0119, czasami wr\u0119cz nie mog\u0119 si\u0119 nadziwi\u0107 kiedy zd\u0105\u017cyli\u015bmy zebra\u0107 taki poka\u017any zbi\u00f3r. Autorem wi\u0119kszo\u015bci z nich jeste\u015bmy my sami, cho\u0107 s\u0105 i takie, kt\u00f3re wykonywa\u0142y nam inne osoby, zwi\u0105zane w jaki\u015b spos\u00f3b z t\u0105 cudown\u0105 dziedzin\u0105, jak\u0105 jest fotografia.<\/p>\n<p><!--more-->Jaki\u015b czas temu, tak mniej wi\u0119cej oko\u0142o roku, pokazywali\u015bmy Wam w jaki spos\u00f3b zatrzymujemy cz\u0119\u015b\u0107 naszych wspomnie\u0144. Zwyk\u0142e albumy odchodz\u0105 do lamusa a w naszym domu pojawi\u0142y si\u0119 takie pami\u0105tki jak <a href=\"http:\/\/printu.pl\/fotoksiazka\/\" target=\"_blank\">fotoksi\u0105\u017cki od Printu<\/a>. Co jaki\u015b czas wzbogacamy swoj\u0105 kolekcj\u0119, co jaki\u015b czas pojawiaj\u0105 si\u0119 nowe pomys\u0142y w naszych g\u0142owach i tylko ten uciekaj\u0105cy szybko czas przeszkadza nam w dokonaniu kolejnych projekt\u00f3w na te wspania\u0142e <a href=\"blog.printu.pl\/2015\/04\/02\/podsumowanie-roku\/\" target=\"_blank\">nieszablonowe albumy<\/a>.<\/p>\n<p>Wracam do nich ka\u017cdego dnia, przegl\u0105dam i wspominam jak bardzo zmieni\u0142o si\u0119 nasze \u017cycie, jak bardzo zmieni\u0142y si\u0119 nasze C\u00f3rki, jak bardzo zmienili\u015bmy si\u0119 my sami. Na stronie Printu pojawiaj\u0105 si\u0119 ciekawe promocje, z kt\u00f3rych naprawd\u0119 warto skorzysta\u0107 i by\u0107 mo\u017ce wreszcie zdoby\u0107 si\u0119 na odwag\u0119 i w ko\u0144cu wzbogaci\u0107 sw\u00f3j zbi\u00f3r w takie cuda. To Wy decydujecie jak b\u0119dzie wygl\u0105da\u0142 Wasz album, to Wy projektujecie go od samego pocz\u0105tku do ko\u0144ca. To naprawd\u0119 <a href=\"http:\/\/blog.printu.pl\/2014\/03\/13\/fotoksiazka-czy-album\/\" target=\"_blank\">idealne miejsce na przechowywanie Waszych wspomnie\u0144<\/a> &lt;3<\/p>\n<p>Poni\u017cej prezentujemy Wam nasze wszystkie fotoksi\u0105\u017cki :) Dwie fotoksi\u0105\u017cki ze zdj\u0119ciami Dziewczynek na ok\u0142adkach to ich osobiste albumy. Trzecia fotoksi\u0105\u017cka to z kolei zbi\u00f3r zdj\u0119\u0107 wykonanych przez Zuzulenkowego Tat\u0119. W g\u0142owach uk\u0142adamy plan na kolejne projekty, kt\u00f3rymi z pewno\u015bci\u0105 pochwalimy si\u0119 tu na blogu. To naprawd\u0119 ciekawy spos\u00f3b na zatrzymanie tych wyj\u0105tkowych chwil &lt;3 Wystarczy po\u015bwi\u0119ci\u0107 par\u0119 minut i gotowe&#8221;.<\/p><\/blockquote>\n<p><strong>Zapraszamy do ca\u0142ego wpisu redaktor Asi z bloga zuzulenka.pl tutaj:<br \/>\n<a href=\"http:\/\/www.zuzulenka.pl\/2015\/06\/zatrzymane-chwile.html\" target=\"_blank\">\u201eZatrzymane chwile\u201d<\/a>.<\/strong><\/p>\n<p style=\"text-align: left;\">A Ty masz ju\u017c sw\u00f3j rodzinny zbi\u00f3r fotoksi\u0105\u017cek? Stw\u00f3rz pi\u0119kne, sentymentalne fotopami\u0105tki ze zdj\u0119ciami najbli\u017cszych. Na\u00a0<a href=\"http:\/\/printu.pl\/\" target=\"_blank\">printu.pl <\/a>zrobisz to \u0142atwo, szybko i online. A poni\u017cej wi\u0119cej zdj\u0119\u0107 fotoksi\u0105\u017cek Asi.<img decoding=\"async\" class=\"aligncenter  wp-image-5115\" src=\"http:\/\/blog.printu.pl\/wp-content\/uploads\/2015\/06\/Rodzinny-zbi\u00f3r-fotoksi\u0105\u017cek-1.jpg\" alt=\"Rodzinny zbi\u00f3r fotoksi\u0105\u017cek (1)\" width=\"700\" srcset=\"https:\/\/s3-eu-central-1.amazonaws.com\/printu-blog\/wp-content\/uploads\/2015\/06\/Rodzinny-zbi%C3%B3r-fotoksi%C4%85%C5%BCek-1.jpg 1600w, https:\/\/s3-eu-central-1.amazonaws.com\/printu-blog\/wp-content\/uploads\/2015\/06\/Rodzinny-zbi%C3%B3r-fotoksi%C4%85%C5%BCek-1-300x199.jpg 300w, https:\/\/s3-eu-central-1.amazonaws.com\/printu-blog\/wp-content\/uploads\/2015\/06\/Rodzinny-zbi%C3%B3r-fotoksi%C4%85%C5%BCek-1-768x508.jpg 768w, https:\/\/s3-eu-central-1.amazonaws.com\/printu-blog\/wp-content\/uploads\/2015\/06\/Rodzinny-zbi%C3%B3r-fotoksi%C4%85%C5%BCek-1-700x463.jpg 700w\" sizes=\"(max-width: 1600px) 100vw, 1600px\" \/> <img decoding=\"async\" class=\"aligncenter  wp-image-5116\" src=\"http:\/\/blog.printu.pl\/wp-content\/uploads\/2015\/06\/Rodzinny-zbi\u00f3r-fotoksi\u0105\u017cek-2.jpg\" alt=\"Rodzinny zbi\u00f3r fotoksi\u0105\u017cek (2)\" width=\"700\" srcset=\"https:\/\/s3-eu-central-1.amazonaws.com\/printu-blog\/wp-content\/uploads\/2015\/06\/Rodzinny-zbi%C3%B3r-fotoksi%C4%85%C5%BCek-2.jpg 1600w, https:\/\/s3-eu-central-1.amazonaws.com\/printu-blog\/wp-content\/uploads\/2015\/06\/Rodzinny-zbi%C3%B3r-fotoksi%C4%85%C5%BCek-2-300x199.jpg 300w, https:\/\/s3-eu-central-1.amazonaws.com\/printu-blog\/wp-content\/uploads\/2015\/06\/Rodzinny-zbi%C3%B3r-fotoksi%C4%85%C5%BCek-2-768x508.jpg 768w, https:\/\/s3-eu-central-1.amazonaws.com\/printu-blog\/wp-content\/uploads\/2015\/06\/Rodzinny-zbi%C3%B3r-fotoksi%C4%85%C5%BCek-2-700x463.jpg 700w\" sizes=\"(max-width: 1600px) 100vw, 1600px\" \/> <img decoding=\"async\" class=\"aligncenter  wp-image-5117\" src=\"http:\/\/blog.printu.pl\/wp-content\/uploads\/2015\/06\/Rodzinny-zbi\u00f3r-fotoksi\u0105\u017cek-3.jpg\" alt=\"Rodzinny zbi\u00f3r fotoksi\u0105\u017cek (3)\" width=\"700\" srcset=\"https:\/\/s3-eu-central-1.amazonaws.com\/printu-blog\/wp-content\/uploads\/2015\/06\/Rodzinny-zbi%C3%B3r-fotoksi%C4%85%C5%BCek-3.jpg 1600w, https:\/\/s3-eu-central-1.amazonaws.com\/printu-blog\/wp-content\/uploads\/2015\/06\/Rodzinny-zbi%C3%B3r-fotoksi%C4%85%C5%BCek-3-300x199.jpg 300w, https:\/\/s3-eu-central-1.amazonaws.com\/printu-blog\/wp-content\/uploads\/2015\/06\/Rodzinny-zbi%C3%B3r-fotoksi%C4%85%C5%BCek-3-768x508.jpg 768w, https:\/\/s3-eu-central-1.amazonaws.com\/printu-blog\/wp-content\/uploads\/2015\/06\/Rodzinny-zbi%C3%B3r-fotoksi%C4%85%C5%BCek-3-700x463.jpg 700w\" sizes=\"(max-width: 1600px) 100vw, 1600px\" \/> <img decoding=\"async\" class=\"aligncenter  wp-image-5118\" src=\"http:\/\/blog.printu.pl\/wp-content\/uploads\/2015\/06\/Rodzinny-zbi\u00f3r-fotoksi\u0105\u017cek-4.jpg\" alt=\"Rodzinny zbi\u00f3r fotoksi\u0105\u017cek (4)\" width=\"700\" srcset=\"https:\/\/s3-eu-central-1.amazonaws.com\/printu-blog\/wp-content\/uploads\/2015\/06\/Rodzinny-zbi%C3%B3r-fotoksi%C4%85%C5%BCek-4.jpg 1600w, https:\/\/s3-eu-central-1.amazonaws.com\/printu-blog\/wp-content\/uploads\/2015\/06\/Rodzinny-zbi%C3%B3r-fotoksi%C4%85%C5%BCek-4-300x199.jpg 300w, https:\/\/s3-eu-central-1.amazonaws.com\/printu-blog\/wp-content\/uploads\/2015\/06\/Rodzinny-zbi%C3%B3r-fotoksi%C4%85%C5%BCek-4-768x508.jpg 768w, https:\/\/s3-eu-central-1.amazonaws.com\/printu-blog\/wp-content\/uploads\/2015\/06\/Rodzinny-zbi%C3%B3r-fotoksi%C4%85%C5%BCek-4-700x463.jpg 700w\" sizes=\"(max-width: 1600px) 100vw, 1600px\" \/> <img decoding=\"async\" class=\"aligncenter  wp-image-5119\" src=\"http:\/\/blog.printu.pl\/wp-content\/uploads\/2015\/06\/Rodzinny-zbi\u00f3r-fotoksi\u0105\u017cek-5.jpg\" alt=\"Rodzinny zbi\u00f3r fotoksi\u0105\u017cek (5)\" width=\"700\" srcset=\"https:\/\/s3-eu-central-1.amazonaws.com\/printu-blog\/wp-content\/uploads\/2015\/06\/Rodzinny-zbi%C3%B3r-fotoksi%C4%85%C5%BCek-5.jpg 1059w, https:\/\/s3-eu-central-1.amazonaws.com\/printu-blog\/wp-content\/uploads\/2015\/06\/Rodzinny-zbi%C3%B3r-fotoksi%C4%85%C5%BCek-5-199x300.jpg 199w, https:\/\/s3-eu-central-1.amazonaws.com\/printu-blog\/wp-content\/uploads\/2015\/06\/Rodzinny-zbi%C3%B3r-fotoksi%C4%85%C5%BCek-5-768x1160.jpg 768w, https:\/\/s3-eu-central-1.amazonaws.com\/printu-blog\/wp-content\/uploads\/2015\/06\/Rodzinny-zbi%C3%B3r-fotoksi%C4%85%C5%BCek-5-331x500.jpg 331w\" sizes=\"(max-width: 1059px) 100vw, 1059px\" \/><\/p>\n","protected":false},"excerpt":{"rendered":"<p>&#8222;Na pewno zauwa\u017cyli\u015bcie, \u017ce uwielbiamy robi\u0107 zdj\u0119cia, mamy ich ca\u0142\u0105 mas\u0119, czasami wr\u0119cz nie mog\u0119 si\u0119 nadziwi\u0107 kiedy zd\u0105\u017cyli\u015bmy zebra\u0107 taki poka\u017any zbi\u00f3r. Autorem wi\u0119kszo\u015bci z nich jeste\u015bmy my sami, cho\u0107 s\u0105 i takie, kt\u00f3re wykonywa\u0142y nam inne osoby, zwi\u0105zane w jaki\u015b spos\u00f3b z t\u0105 cudown\u0105 dziedzin\u0105, jak\u0105 jest fotografia.<\/p>\n","protected":false},"author":4,"featured_media":0,"comment_status":"open","ping_status":"open","sticky":false,"template":"","format":"standard","meta":[],"categories":[66,143],"tags":[1280,381,141,1279,1282,472,1281],"yoast_head":"<!-- This site is optimized with the Yoast SEO plugin v19.13 - https:\/\/yoast.com\/wordpress\/plugins\/seo\/ -->\n<title>Rodzinny zbi\u00f3r fotoksi\u0105\u017cek - Printu.pl<\/title>\n<meta name=\"robots\" content=\"index, follow, max-snippet:-1, max-image-preview:large, max-video-preview:-1\" \/>\n<link rel=\"canonical\" href=\"https:\/\/printu.pl\/blog\/2015\/06\/10\/rodzinny-zbior-fotoksiazek\/\" \/>\n<meta property=\"og:locale\" content=\"pl_PL\" \/>\n<meta property=\"og:type\" content=\"article\" \/>\n<meta property=\"og:title\" content=\"Rodzinny zbi\u00f3r fotoksi\u0105\u017cek - Printu.pl\" \/>\n<meta property=\"og:description\" content=\"&#8222;Na pewno zauwa\u017cyli\u015bcie, \u017ce uwielbiamy robi\u0107 zdj\u0119cia, mamy ich ca\u0142\u0105 mas\u0119, czasami wr\u0119cz nie mog\u0119 si\u0119 nadziwi\u0107 kiedy zd\u0105\u017cyli\u015bmy zebra\u0107 taki poka\u017any zbi\u00f3r. Autorem wi\u0119kszo\u015bci z nich jeste\u015bmy my sami, cho\u0107 s\u0105 i takie, kt\u00f3re wykonywa\u0142y nam inne osoby, zwi\u0105zane w jaki\u015b spos\u00f3b z t\u0105 cudown\u0105 dziedzin\u0105, jak\u0105 jest fotografia.\" \/>\n<meta property=\"og:url\" content=\"https:\/\/printu.pl\/blog\/2015\/06\/10\/rodzinny-zbior-fotoksiazek\/\" \/>\n<meta property=\"og:site_name\" content=\"blog\" \/>\n<meta property=\"article:publisher\" content=\"https:\/\/www.facebook.com\/printupl\" \/>\n<meta property=\"article:published_time\" content=\"2015-06-10T10:16:30+00:00\" \/>\n<meta property=\"article:modified_time\" content=\"2015-12-14T14:22:08+00:00\" \/>\n<meta name=\"author\" content=\"Katarzyna\" \/>\n<meta name=\"twitter:card\" content=\"summary_large_image\" \/>\n<meta name=\"twitter:creator\" content=\"@printupl\" \/>\n<meta name=\"twitter:site\" content=\"@printupl\" \/>\n<meta name=\"twitter:label1\" content=\"Napisane przez\" \/>\n\t<meta name=\"twitter:data1\" content=\"Katarzyna\" \/>\n\t<meta name=\"twitter:label2\" content=\"Szacowany czas czytania\" \/>\n\t<meta name=\"twitter:data2\" content=\"2 minuty\" \/>\n<!-- \/ Yoast SEO plugin. -->","yoast_head_json":{"title":"Rodzinny zbi\u00f3r fotoksi\u0105\u017cek - Printu.pl","robots":{"index":"index","follow":"follow","max-snippet":"max-snippet:-1","max-image-preview":"max-image-preview:large","max-video-preview":"max-video-preview:-1"},"canonical":"https:\/\/printu.pl\/blog\/2015\/06\/10\/rodzinny-zbior-fotoksiazek\/","og_locale":"pl_PL","og_type":"article","og_title":"Rodzinny zbi\u00f3r fotoksi\u0105\u017cek - Printu.pl","og_description":"&#8222;Na pewno zauwa\u017cyli\u015bcie, \u017ce uwielbiamy robi\u0107 zdj\u0119cia, mamy ich ca\u0142\u0105 mas\u0119, czasami wr\u0119cz nie mog\u0119 si\u0119 nadziwi\u0107 kiedy zd\u0105\u017cyli\u015bmy zebra\u0107 taki poka\u017any zbi\u00f3r. Autorem wi\u0119kszo\u015bci z nich jeste\u015bmy my sami, cho\u0107 s\u0105 i takie, kt\u00f3re wykonywa\u0142y nam inne osoby, zwi\u0105zane w jaki\u015b spos\u00f3b z t\u0105 cudown\u0105 dziedzin\u0105, jak\u0105 jest fotografia.","og_url":"https:\/\/printu.pl\/blog\/2015\/06\/10\/rodzinny-zbior-fotoksiazek\/","og_site_name":"blog","article_publisher":"https:\/\/www.facebook.com\/printupl","article_published_time":"2015-06-10T10:16:30+00:00","article_modified_time":"2015-12-14T14:22:08+00:00","author":"Katarzyna","twitter_card":"summary_large_image","twitter_creator":"@printupl","twitter_site":"@printupl","twitter_misc":{"Napisane przez":"Katarzyna","Szacowany czas czytania":"2 minuty"},"schema":{"@context":"https:\/\/schema.org","@graph":[{"@type":"Article","@id":"https:\/\/printu.pl\/blog\/2015\/06\/10\/rodzinny-zbior-fotoksiazek\/#article","isPartOf":{"@id":"https:\/\/printu.pl\/blog\/2015\/06\/10\/rodzinny-zbior-fotoksiazek\/"},"author":{"name":"Katarzyna","@id":"https:\/\/printu.pl\/blog\/#\/schema\/person\/1552825435ffb2cc058d57ea4dd17e22"},"headline":"Rodzinny zbi\u00f3r fotoksi\u0105\u017cek","datePublished":"2015-06-10T10:16:30+00:00","dateModified":"2015-12-14T14:22:08+00:00","mainEntityOfPage":{"@id":"https:\/\/printu.pl\/blog\/2015\/06\/10\/rodzinny-zbior-fotoksiazek\/"},"wordCount":375,"commentCount":0,"publisher":{"@id":"https:\/\/printu.pl\/blog\/#organization"},"keywords":["albumy rodzinne","fotoksi\u0105\u017cka na pamiatk\u0119","fotoksi\u0105\u017cka PRINTU","fotoksi\u0105\u017cki rodzinne","idealne miejsce na przechowywanie wspomnie\u0144","rodzinna fotoksi\u0105\u017cka","zbi\u00f3r fotoksi\u0105\u017cek"],"articleSection":["Inspiracje","Napisali o nas"],"inLanguage":"pl-PL","potentialAction":[{"@type":"CommentAction","name":"Comment","target":["https:\/\/printu.pl\/blog\/2015\/06\/10\/rodzinny-zbior-fotoksiazek\/#respond"]}]},{"@type":"WebPage","@id":"https:\/\/printu.pl\/blog\/2015\/06\/10\/rodzinny-zbior-fotoksiazek\/","url":"https:\/\/printu.pl\/blog\/2015\/06\/10\/rodzinny-zbior-fotoksiazek\/","name":"Rodzinny zbi\u00f3r fotoksi\u0105\u017cek - Printu.pl","isPartOf":{"@id":"https:\/\/printu.pl\/blog\/#website"},"datePublished":"2015-06-10T10:16:30+00:00","dateModified":"2015-12-14T14:22:08+00:00","breadcrumb":{"@id":"https:\/\/printu.pl\/blog\/2015\/06\/10\/rodzinny-zbior-fotoksiazek\/#breadcrumb"},"inLanguage":"pl-PL","potentialAction":[{"@type":"ReadAction","target":["https:\/\/printu.pl\/blog\/2015\/06\/10\/rodzinny-zbior-fotoksiazek\/"]}]},{"@type":"BreadcrumbList","@id":"https:\/\/printu.pl\/blog\/2015\/06\/10\/rodzinny-zbior-fotoksiazek\/#breadcrumb","itemListElement":[{"@type":"ListItem","position":1,"name":"Strona g\u0142\u00f3wna","item":"https:\/\/printu.pl\/blog\/"},{"@type":"ListItem","position":2,"name":"Rodzinny zbi\u00f3r fotoksi\u0105\u017cek"}]},{"@type":"WebSite","@id":"https:\/\/printu.pl\/blog\/#website","url":"https:\/\/printu.pl\/blog\/","name":"blog","description":"blog","publisher":{"@id":"https:\/\/printu.pl\/blog\/#organization"},"potentialAction":[{"@type":"SearchAction","target":{"@type":"EntryPoint","urlTemplate":"https:\/\/printu.pl\/blog\/?s={search_term_string}"},"query-input":"required name=search_term_string"}],"inLanguage":"pl-PL"},{"@type":"Organization","@id":"https:\/\/printu.pl\/blog\/#organization","name":"blog","url":"https:\/\/printu.pl\/blog\/","logo":{"@type":"ImageObject","inLanguage":"pl-PL","@id":"https:\/\/printu.pl\/blog\/#\/schema\/logo\/image\/","url":"https:\/\/s3-eu-central-1.amazonaws.com\/printu-blog\/wp-content\/uploads\/2017\/02\/printu-logo.png","contentUrl":"https:\/\/s3-eu-central-1.amazonaws.com\/printu-blog\/wp-content\/uploads\/2017\/02\/printu-logo.png","width":143,"height":34,"caption":" blog"},"image":{"@id":"https:\/\/printu.pl\/blog\/#\/schema\/logo\/image\/"},"sameAs":["https:\/\/instagram.com\/printupl","https:\/\/www.facebook.com\/printupl","https:\/\/twitter.com\/printupl"]},{"@type":"Person","@id":"https:\/\/printu.pl\/blog\/#\/schema\/person\/1552825435ffb2cc058d57ea4dd17e22","name":"Katarzyna","image":{"@type":"ImageObject","inLanguage":"pl-PL","@id":"https:\/\/printu.pl\/blog\/#\/schema\/person\/image\/","url":"https:\/\/secure.gravatar.com\/avatar\/39b1f1f0db1aa82c65afeee9d7610280?s=96&d=mm&r=g","contentUrl":"https:\/\/secure.gravatar.com\/avatar\/39b1f1f0db1aa82c65afeee9d7610280?s=96&d=mm&r=g","caption":"Katarzyna"}}]}},"_links":{"self":[{"href":"https:\/\/printu.pl\/blog\/wp-json\/wp\/v2\/posts\/5113"}],"collection":[{"href":"https:\/\/printu.pl\/blog\/wp-json\/wp\/v2\/posts"}],"about":[{"href":"https:\/\/printu.pl\/blog\/wp-json\/wp\/v2\/types\/post"}],"author":[{"embeddable":true,"href":"https:\/\/printu.pl\/blog\/wp-json\/wp\/v2\/users\/4"}],"replies":[{"embeddable":true,"href":"https:\/\/printu.pl\/blog\/wp-json\/wp\/v2\/comments?post=5113"}],"version-history":[{"count":4,"href":"https:\/\/printu.pl\/blog\/wp-json\/wp\/v2\/posts\/5113\/revisions"}],"predecessor-version":[{"id":6072,"href":"https:\/\/printu.pl\/blog\/wp-json\/wp\/v2\/posts\/5113\/revisions\/6072"}],"wp:attachment":[{"href":"https:\/\/printu.pl\/blog\/wp-json\/wp\/v2\/media?parent=5113"}],"wp:term":[{"taxonomy":"category","embeddable":true,"href":"https:\/\/printu.pl\/blog\/wp-json\/wp\/v2\/categories?post=5113"},{"taxonomy":"post_tag","embeddable":true,"href":"https:\/\/printu.pl\/blog\/wp-json\/wp\/v2\/tags?post=5113"}],"curies":[{"name":"wp","href":"https:\/\/api.w.org\/{rel}","templated":true}]}}