{"id":534,"date":"2013-09-21T09:49:14","date_gmt":"2013-09-21T07:49:14","guid":{"rendered":"http:\/\/blog.printu.pl\/?p=534"},"modified":"2015-12-16T19:41:03","modified_gmt":"2015-12-16T18:41:03","slug":"dzieciece-klimat","status":"publish","type":"post","link":"https:\/\/printu.pl\/blog\/2013\/09\/21\/dzieciece-klimat\/","title":{"rendered":"Napisali o nas &#8211; Dzieci\u0119ce Klimaty"},"content":{"rendered":"<p><img decoding=\"async\" loading=\"lazy\" class=\"alignnone  wp-image-540\" src=\"http:\/\/blog.printu.pl\/wp-content\/uploads\/2013\/09\/blog-dla-rodzicow.jpg\" alt=\"Fotoksi\u0105\u017cka dziecka\" width=\"700\" height=\"350\" srcset=\"https:\/\/s3-eu-central-1.amazonaws.com\/printu-blog\/wp-content\/uploads\/2013\/09\/blog-dla-rodzicow.jpg 700w, https:\/\/s3-eu-central-1.amazonaws.com\/printu-blog\/wp-content\/uploads\/2013\/09\/blog-dla-rodzicow-300x150.jpg 300w\" sizes=\"(max-width: 700px) 100vw, 700px\" \/><\/p>\n<blockquote><p>&#8222;Gdy dzi\u015b kurier przywi\u00f3z\u0142 moje fotoksi\u0105\u017cki, wzruszy\u0142am si\u0119&#8230; i cieszy\u0142am jak dziecko&#8230; Od dawna marzy\u0142am o tym, by wspomnienia ubra\u0107 w jak\u0105\u015b pi\u0119kn\u0105 form\u0119&#8230; Mie\u0107 namacaln\u0105 pami\u0105tk\u0119 mijaj\u0105cych chwil&#8230; Uporz\u0105dkowa\u0107 miliardy zdj\u0119\u0107, zagubione w folderach&#8230;<\/p>\n<p><!--more-->Fotoksi\u0105\u017cki to idealny spos\u00f3b na uwiecznienie najpi\u0119kniejszych chwil na ca\u0142e \u017cycie. Taki spersonalizowany fotoalbum z wakacji, \u015blubu, okresu ci\u0105\u017cy, czy innych znacz\u0105cych dla nas wydarze\u0144 to naprawd\u0119 fajna alternatywa przechowywania wspomnie\u0144 :)&#8221;<\/p><\/blockquote>\n<p><strong>Zapraszamy do ca\u0142ego wpisu redaktor Ani z bloga parentingowego &#8222;<strong>Dzieci\u0119ce klimaty&#8221; <\/strong>tutaj:<br \/>\n<a href=\"http:\/\/vikisiezna.blogspot.com\/2013\/09\/fotoksiazka-printu-pomys-na-foto.html\" target=\"_blank\" rel=\"nofollow\">\u201eFotoksi\u0105\u017cka PRINTU pomys\u0142 na foto pamiatk\u0119\u201d<\/a><\/strong><\/p>\n<p>Fotoksi\u0105\u017ck\u0119 swojego dziecka stworzysz <a href=\"https:\/\/printu.pl\/fotoksiazka\/\" target=\"_blank\">TUTAJ<\/a>. Zapraszamy!<strong><br \/>\n<\/strong><\/p>\n","protected":false},"excerpt":{"rendered":"<p>Fotoksi\u0105\u017cki to idealny spos\u00f3b na uwiecznienie najpi\u0119kniejszych chwil na ca\u0142e \u017cycie. Taki spersonalizowany fotoalbum z wakacji, \u015blubu, okresu ci\u0105\u017cy, czy innych znacz\u0105cych dla nas wydarze\u0144 to naprawd\u0119 fajna alternatywa przechowywania wspomnie\u0144.<\/p>\n","protected":false},"author":4,"featured_media":0,"comment_status":"open","ping_status":"open","sticky":false,"template":"","format":"standard","meta":[],"categories":[143],"tags":[4,145,148,144,146,147],"yoast_head":"<!-- This site is optimized with the Yoast SEO plugin v19.13 - https:\/\/yoast.com\/wordpress\/plugins\/seo\/ -->\n<title>Napisali o nas - Dzieci\u0119ce Klimaty - Printu.pl<\/title>\n<meta name=\"robots\" content=\"index, follow, max-snippet:-1, max-image-preview:large, max-video-preview:-1\" \/>\n<link rel=\"canonical\" href=\"https:\/\/printu.pl\/blog\/2013\/09\/21\/dzieciece-klimat\/\" \/>\n<meta property=\"og:locale\" content=\"pl_PL\" \/>\n<meta property=\"og:type\" content=\"article\" \/>\n<meta property=\"og:title\" content=\"Napisali o nas - Dzieci\u0119ce Klimaty - Printu.pl\" \/>\n<meta property=\"og:description\" content=\"Fotoksi\u0105\u017cki to idealny spos\u00f3b na uwiecznienie najpi\u0119kniejszych chwil na ca\u0142e \u017cycie. Taki spersonalizowany fotoalbum z wakacji, \u015blubu, okresu ci\u0105\u017cy, czy innych znacz\u0105cych dla nas wydarze\u0144 to naprawd\u0119 fajna alternatywa przechowywania wspomnie\u0144.\" \/>\n<meta property=\"og:url\" content=\"https:\/\/printu.pl\/blog\/2013\/09\/21\/dzieciece-klimat\/\" \/>\n<meta property=\"og:site_name\" content=\"blog\" \/>\n<meta property=\"article:publisher\" content=\"https:\/\/www.facebook.com\/printupl\" \/>\n<meta property=\"article:published_time\" content=\"2013-09-21T07:49:14+00:00\" \/>\n<meta property=\"article:modified_time\" content=\"2015-12-16T18:41:03+00:00\" \/>\n<meta property=\"og:image\" content=\"http:\/\/blog.printu.pl\/wp-content\/uploads\/2013\/09\/blog-dla-rodzicow.jpg\" \/>\n<meta name=\"author\" content=\"Katarzyna\" \/>\n<meta name=\"twitter:card\" content=\"summary_large_image\" \/>\n<meta name=\"twitter:creator\" content=\"@printupl\" \/>\n<meta name=\"twitter:site\" content=\"@printupl\" \/>\n<meta name=\"twitter:label1\" content=\"Napisane przez\" \/>\n\t<meta name=\"twitter:data1\" content=\"Katarzyna\" \/>\n\t<meta name=\"twitter:label2\" content=\"Szacowany czas czytania\" \/>\n\t<meta name=\"twitter:data2\" content=\"1 minuta\" \/>\n<!-- \/ Yoast SEO plugin. -->","yoast_head_json":{"title":"Napisali o nas - Dzieci\u0119ce Klimaty - Printu.pl","robots":{"index":"index","follow":"follow","max-snippet":"max-snippet:-1","max-image-preview":"max-image-preview:large","max-video-preview":"max-video-preview:-1"},"canonical":"https:\/\/printu.pl\/blog\/2013\/09\/21\/dzieciece-klimat\/","og_locale":"pl_PL","og_type":"article","og_title":"Napisali o nas - Dzieci\u0119ce Klimaty - Printu.pl","og_description":"Fotoksi\u0105\u017cki to idealny spos\u00f3b na uwiecznienie najpi\u0119kniejszych chwil na ca\u0142e \u017cycie. Taki spersonalizowany fotoalbum z wakacji, \u015blubu, okresu ci\u0105\u017cy, czy innych znacz\u0105cych dla nas wydarze\u0144 to naprawd\u0119 fajna alternatywa przechowywania wspomnie\u0144.","og_url":"https:\/\/printu.pl\/blog\/2013\/09\/21\/dzieciece-klimat\/","og_site_name":"blog","article_publisher":"https:\/\/www.facebook.com\/printupl","article_published_time":"2013-09-21T07:49:14+00:00","article_modified_time":"2015-12-16T18:41:03+00:00","og_image":[{"url":"http:\/\/blog.printu.pl\/wp-content\/uploads\/2013\/09\/blog-dla-rodzicow.jpg"}],"author":"Katarzyna","twitter_card":"summary_large_image","twitter_creator":"@printupl","twitter_site":"@printupl","twitter_misc":{"Napisane przez":"Katarzyna","Szacowany czas czytania":"1 minuta"},"schema":{"@context":"https:\/\/schema.org","@graph":[{"@type":"Article","@id":"https:\/\/printu.pl\/blog\/2013\/09\/21\/dzieciece-klimat\/#article","isPartOf":{"@id":"https:\/\/printu.pl\/blog\/2013\/09\/21\/dzieciece-klimat\/"},"author":{"name":"Katarzyna","@id":"https:\/\/printu.pl\/blog\/#\/schema\/person\/1552825435ffb2cc058d57ea4dd17e22"},"headline":"Napisali o nas &#8211; Dzieci\u0119ce Klimaty","datePublished":"2013-09-21T07:49:14+00:00","dateModified":"2015-12-16T18:41:03+00:00","mainEntityOfPage":{"@id":"https:\/\/printu.pl\/blog\/2013\/09\/21\/dzieciece-klimat\/"},"wordCount":116,"commentCount":0,"publisher":{"@id":"https:\/\/printu.pl\/blog\/#organization"},"keywords":["fotoksi\u0105\u017cka","fotopami\u0105tka","porz\u0105dkowanie zdj\u0119\u0107","spos\u00f3b na zdj\u0119cia","wspomnienia","zdj\u0119cia"],"articleSection":["Napisali o nas"],"inLanguage":"pl-PL","potentialAction":[{"@type":"CommentAction","name":"Comment","target":["https:\/\/printu.pl\/blog\/2013\/09\/21\/dzieciece-klimat\/#respond"]}]},{"@type":"WebPage","@id":"https:\/\/printu.pl\/blog\/2013\/09\/21\/dzieciece-klimat\/","url":"https:\/\/printu.pl\/blog\/2013\/09\/21\/dzieciece-klimat\/","name":"Napisali o nas - Dzieci\u0119ce Klimaty - Printu.pl","isPartOf":{"@id":"https:\/\/printu.pl\/blog\/#website"},"datePublished":"2013-09-21T07:49:14+00:00","dateModified":"2015-12-16T18:41:03+00:00","breadcrumb":{"@id":"https:\/\/printu.pl\/blog\/2013\/09\/21\/dzieciece-klimat\/#breadcrumb"},"inLanguage":"pl-PL","potentialAction":[{"@type":"ReadAction","target":["https:\/\/printu.pl\/blog\/2013\/09\/21\/dzieciece-klimat\/"]}]},{"@type":"BreadcrumbList","@id":"https:\/\/printu.pl\/blog\/2013\/09\/21\/dzieciece-klimat\/#breadcrumb","itemListElement":[{"@type":"ListItem","position":1,"name":"Strona g\u0142\u00f3wna","item":"https:\/\/printu.pl\/blog\/"},{"@type":"ListItem","position":2,"name":"Napisali o nas &#8211; Dzieci\u0119ce Klimaty"}]},{"@type":"WebSite","@id":"https:\/\/printu.pl\/blog\/#website","url":"https:\/\/printu.pl\/blog\/","name":"blog","description":"blog","publisher":{"@id":"https:\/\/printu.pl\/blog\/#organization"},"potentialAction":[{"@type":"SearchAction","target":{"@type":"EntryPoint","urlTemplate":"https:\/\/printu.pl\/blog\/?s={search_term_string}"},"query-input":"required name=search_term_string"}],"inLanguage":"pl-PL"},{"@type":"Organization","@id":"https:\/\/printu.pl\/blog\/#organization","name":"blog","url":"https:\/\/printu.pl\/blog\/","logo":{"@type":"ImageObject","inLanguage":"pl-PL","@id":"https:\/\/printu.pl\/blog\/#\/schema\/logo\/image\/","url":"https:\/\/s3-eu-central-1.amazonaws.com\/printu-blog\/wp-content\/uploads\/2017\/02\/printu-logo.png","contentUrl":"https:\/\/s3-eu-central-1.amazonaws.com\/printu-blog\/wp-content\/uploads\/2017\/02\/printu-logo.png","width":143,"height":34,"caption":" blog"},"image":{"@id":"https:\/\/printu.pl\/blog\/#\/schema\/logo\/image\/"},"sameAs":["https:\/\/instagram.com\/printupl","https:\/\/www.facebook.com\/printupl","https:\/\/twitter.com\/printupl"]},{"@type":"Person","@id":"https:\/\/printu.pl\/blog\/#\/schema\/person\/1552825435ffb2cc058d57ea4dd17e22","name":"Katarzyna","image":{"@type":"ImageObject","inLanguage":"pl-PL","@id":"https:\/\/printu.pl\/blog\/#\/schema\/person\/image\/","url":"https:\/\/secure.gravatar.com\/avatar\/39b1f1f0db1aa82c65afeee9d7610280?s=96&d=mm&r=g","contentUrl":"https:\/\/secure.gravatar.com\/avatar\/39b1f1f0db1aa82c65afeee9d7610280?s=96&d=mm&r=g","caption":"Katarzyna"}}]}},"_links":{"self":[{"href":"https:\/\/printu.pl\/blog\/wp-json\/wp\/v2\/posts\/534"}],"collection":[{"href":"https:\/\/printu.pl\/blog\/wp-json\/wp\/v2\/posts"}],"about":[{"href":"https:\/\/printu.pl\/blog\/wp-json\/wp\/v2\/types\/post"}],"author":[{"embeddable":true,"href":"https:\/\/printu.pl\/blog\/wp-json\/wp\/v2\/users\/4"}],"replies":[{"embeddable":true,"href":"https:\/\/printu.pl\/blog\/wp-json\/wp\/v2\/comments?post=534"}],"version-history":[{"count":15,"href":"https:\/\/printu.pl\/blog\/wp-json\/wp\/v2\/posts\/534\/revisions"}],"predecessor-version":[{"id":6321,"href":"https:\/\/printu.pl\/blog\/wp-json\/wp\/v2\/posts\/534\/revisions\/6321"}],"wp:attachment":[{"href":"https:\/\/printu.pl\/blog\/wp-json\/wp\/v2\/media?parent=534"}],"wp:term":[{"taxonomy":"category","embeddable":true,"href":"https:\/\/printu.pl\/blog\/wp-json\/wp\/v2\/categories?post=534"},{"taxonomy":"post_tag","embeddable":true,"href":"https:\/\/printu.pl\/blog\/wp-json\/wp\/v2\/tags?post=534"}],"curies":[{"name":"wp","href":"https:\/\/api.w.org\/{rel}","templated":true}]}}