{"id":5455,"date":"2015-06-15T16:59:39","date_gmt":"2015-06-15T14:59:39","guid":{"rendered":"http:\/\/blog.printu.pl\/?p=5455"},"modified":"2015-12-14T15:17:34","modified_gmt":"2015-12-14T14:17:34","slug":"alternatywa-do-zachowania-zdjec","status":"publish","type":"post","link":"https:\/\/printu.pl\/blog\/2015\/06\/15\/alternatywa-do-zachowania-zdjec\/","title":{"rendered":"Alternatywa do zachowania zdj\u0119\u0107"},"content":{"rendered":"<blockquote><p><img decoding=\"async\" loading=\"lazy\" class=\"aligncenter wp-image-5456 size-full\" src=\"http:\/\/blog.printu.pl\/wp-content\/uploads\/2015\/07\/Alternatywa-dla-zdj\u0119\u0107.jpg\" alt=\"Alternatywa dla zdj\u0119\u0107\" width=\"700\" height=\"350\" srcset=\"https:\/\/s3-eu-central-1.amazonaws.com\/printu-blog\/wp-content\/uploads\/2015\/07\/Alternatywa-dla-zdj%C4%99%C4%87.jpg 700w, https:\/\/s3-eu-central-1.amazonaws.com\/printu-blog\/wp-content\/uploads\/2015\/07\/Alternatywa-dla-zdj%C4%99%C4%87-300x150.jpg 300w\" sizes=\"(max-width: 700px) 100vw, 700px\" \/>&#8222;Ju\u017c kilka razy korzysta\u0142am z us\u0142ug Printu.pl Za ka\u017cdym razem efekt by\u0142 cudowny. Wszyscy z zachwytem ogl\u0105dali nasze <a href=\"http:\/\/printu.pl\/fotoksiazka\/dzieci\/\" target=\"_blank\">ksi\u0105\u017cki ze zdj\u0119ciami maluch\u00f3w<\/a>. Jest to rewelacyjny pomys\u0142 na prezent urodzinowy, na rocznic\u0119 \u015blubu lub Dzie\u0144 Babci. W pi\u0119knej oprawie zachowujemy wspomnienia, cytaty, daty&#8230; wszystko w jednym miejscu, w formie, jak\u0105 sami sobie zaprojektujemy dzi\u0119ki kreatorowi na stronie <a href=\"http:\/\/printu.pl\" target=\"_blank\">Printu.pl<\/a><\/p>\n<p><!--more-->Po\u015bwi\u0119camy troch\u0119 czasu i trach&#8230; pami\u0105tka na lata. Inna, oryginalna i ca\u0142kiem nasza. Do tego szybka realizacja zam\u00f3wienia &#8211; co wi\u0119cej mi potrzeba. No mo\u017ce przemi\u0142y kontakt, gdy pojawi\u0105 si\u0119 problemy techniczne&#8230; sk\u0105din\u0105d z mojej winy :p<\/p>\n<p>My tym razem wybrali\u015bmy ksi\u0105\u017ck\u0119 w p\u0142\u00f3ciennej oprawie. Do wyboru macie jeszcze mi\u0119kk\u0105 i tward\u0105. Rozmiar ksi\u0105\u017cki, rodzaj papieru, trzcionki, kolory &#8211; to wszystko sami sobie wybierzecie&#8221;.<\/p><\/blockquote>\n<p><strong>Zapraszamy do ca\u0142ego wpisu redaktor Marty z bloga mamollo.pl tutaj:<\/strong><br \/>\n<strong><a href=\"http:\/\/www.mamollo.pl\/2015\/07\/printuzachowaj-wspomnienia.html\" target=\"_blank\">\u201ePrintu &#8211; zachowaj wspomnienia\u201d<\/a>.<\/strong><\/p>\n","protected":false},"excerpt":{"rendered":"<p>&#8222;Ju\u017c kilka razy korzysta\u0142am z us\u0142ug Printu.pl Za ka\u017cdym razem efekt by\u0142 cudowny. Wszyscy z zachwytem ogl\u0105dali nasze ksi\u0105\u017cki ze zdj\u0119ciami maluch\u00f3w. Jest to rewelacyjny pomys\u0142 na prezent urodzinowy, na rocznic\u0119 \u015blubu lub Dzie\u0144 Babci. W pi\u0119knej oprawie zachowujemy wspomnienia, cytaty, daty&#8230; wszystko w jednym miejscu, w formie, jak\u0105 sami sobie zaprojektujemy dzi\u0119ki kreatorowi na &hellip;<\/p>\n","protected":false},"author":4,"featured_media":0,"comment_status":"open","ping_status":"open","sticky":false,"template":"","format":"standard","meta":[],"categories":[143],"tags":[250,380],"yoast_head":"<!-- This site is optimized with the Yoast SEO plugin v19.13 - https:\/\/yoast.com\/wordpress\/plugins\/seo\/ -->\n<title>Alternatywa do zachowania zdj\u0119\u0107 - Printu.pl<\/title>\n<meta name=\"robots\" content=\"index, follow, max-snippet:-1, max-image-preview:large, max-video-preview:-1\" \/>\n<link rel=\"canonical\" href=\"https:\/\/printu.pl\/blog\/2015\/06\/15\/alternatywa-do-zachowania-zdjec\/\" \/>\n<meta property=\"og:locale\" content=\"pl_PL\" \/>\n<meta property=\"og:type\" content=\"article\" \/>\n<meta property=\"og:title\" content=\"Alternatywa do zachowania zdj\u0119\u0107 - Printu.pl\" \/>\n<meta property=\"og:description\" content=\"&#8222;Ju\u017c kilka razy korzysta\u0142am z us\u0142ug Printu.pl Za ka\u017cdym razem efekt by\u0142 cudowny. Wszyscy z zachwytem ogl\u0105dali nasze ksi\u0105\u017cki ze zdj\u0119ciami maluch\u00f3w. Jest to rewelacyjny pomys\u0142 na prezent urodzinowy, na rocznic\u0119 \u015blubu lub Dzie\u0144 Babci. W pi\u0119knej oprawie zachowujemy wspomnienia, cytaty, daty&#8230; wszystko w jednym miejscu, w formie, jak\u0105 sami sobie zaprojektujemy dzi\u0119ki kreatorowi na &hellip;\" \/>\n<meta property=\"og:url\" content=\"https:\/\/printu.pl\/blog\/2015\/06\/15\/alternatywa-do-zachowania-zdjec\/\" \/>\n<meta property=\"og:site_name\" content=\"blog\" \/>\n<meta property=\"article:publisher\" content=\"https:\/\/www.facebook.com\/printupl\" \/>\n<meta property=\"article:published_time\" content=\"2015-06-15T14:59:39+00:00\" \/>\n<meta property=\"article:modified_time\" content=\"2015-12-14T14:17:34+00:00\" \/>\n<meta name=\"author\" content=\"Katarzyna\" \/>\n<meta name=\"twitter:card\" content=\"summary_large_image\" \/>\n<meta name=\"twitter:creator\" content=\"@printupl\" \/>\n<meta name=\"twitter:site\" content=\"@printupl\" \/>\n<meta name=\"twitter:label1\" content=\"Napisane przez\" \/>\n\t<meta name=\"twitter:data1\" content=\"Katarzyna\" \/>\n\t<meta name=\"twitter:label2\" content=\"Szacowany czas czytania\" \/>\n\t<meta name=\"twitter:data2\" content=\"1 minuta\" \/>\n<!-- \/ Yoast SEO plugin. -->","yoast_head_json":{"title":"Alternatywa do zachowania zdj\u0119\u0107 - Printu.pl","robots":{"index":"index","follow":"follow","max-snippet":"max-snippet:-1","max-image-preview":"max-image-preview:large","max-video-preview":"max-video-preview:-1"},"canonical":"https:\/\/printu.pl\/blog\/2015\/06\/15\/alternatywa-do-zachowania-zdjec\/","og_locale":"pl_PL","og_type":"article","og_title":"Alternatywa do zachowania zdj\u0119\u0107 - Printu.pl","og_description":"&#8222;Ju\u017c kilka razy korzysta\u0142am z us\u0142ug Printu.pl Za ka\u017cdym razem efekt by\u0142 cudowny. Wszyscy z zachwytem ogl\u0105dali nasze ksi\u0105\u017cki ze zdj\u0119ciami maluch\u00f3w. Jest to rewelacyjny pomys\u0142 na prezent urodzinowy, na rocznic\u0119 \u015blubu lub Dzie\u0144 Babci. W pi\u0119knej oprawie zachowujemy wspomnienia, cytaty, daty&#8230; wszystko w jednym miejscu, w formie, jak\u0105 sami sobie zaprojektujemy dzi\u0119ki kreatorowi na &hellip;","og_url":"https:\/\/printu.pl\/blog\/2015\/06\/15\/alternatywa-do-zachowania-zdjec\/","og_site_name":"blog","article_publisher":"https:\/\/www.facebook.com\/printupl","article_published_time":"2015-06-15T14:59:39+00:00","article_modified_time":"2015-12-14T14:17:34+00:00","author":"Katarzyna","twitter_card":"summary_large_image","twitter_creator":"@printupl","twitter_site":"@printupl","twitter_misc":{"Napisane przez":"Katarzyna","Szacowany czas czytania":"1 minuta"},"schema":{"@context":"https:\/\/schema.org","@graph":[{"@type":"Article","@id":"https:\/\/printu.pl\/blog\/2015\/06\/15\/alternatywa-do-zachowania-zdjec\/#article","isPartOf":{"@id":"https:\/\/printu.pl\/blog\/2015\/06\/15\/alternatywa-do-zachowania-zdjec\/"},"author":{"name":"Katarzyna","@id":"https:\/\/printu.pl\/blog\/#\/schema\/person\/1552825435ffb2cc058d57ea4dd17e22"},"headline":"Alternatywa do zachowania zdj\u0119\u0107","datePublished":"2015-06-15T14:59:39+00:00","dateModified":"2015-12-14T14:17:34+00:00","mainEntityOfPage":{"@id":"https:\/\/printu.pl\/blog\/2015\/06\/15\/alternatywa-do-zachowania-zdjec\/"},"wordCount":167,"commentCount":0,"publisher":{"@id":"https:\/\/printu.pl\/blog\/#organization"},"keywords":["fotoksi\u0105\u017cka dzieci","fotoksi\u0105\u017cka rodzinna"],"articleSection":["Napisali o nas"],"inLanguage":"pl-PL","potentialAction":[{"@type":"CommentAction","name":"Comment","target":["https:\/\/printu.pl\/blog\/2015\/06\/15\/alternatywa-do-zachowania-zdjec\/#respond"]}]},{"@type":"WebPage","@id":"https:\/\/printu.pl\/blog\/2015\/06\/15\/alternatywa-do-zachowania-zdjec\/","url":"https:\/\/printu.pl\/blog\/2015\/06\/15\/alternatywa-do-zachowania-zdjec\/","name":"Alternatywa do zachowania zdj\u0119\u0107 - Printu.pl","isPartOf":{"@id":"https:\/\/printu.pl\/blog\/#website"},"datePublished":"2015-06-15T14:59:39+00:00","dateModified":"2015-12-14T14:17:34+00:00","breadcrumb":{"@id":"https:\/\/printu.pl\/blog\/2015\/06\/15\/alternatywa-do-zachowania-zdjec\/#breadcrumb"},"inLanguage":"pl-PL","potentialAction":[{"@type":"ReadAction","target":["https:\/\/printu.pl\/blog\/2015\/06\/15\/alternatywa-do-zachowania-zdjec\/"]}]},{"@type":"BreadcrumbList","@id":"https:\/\/printu.pl\/blog\/2015\/06\/15\/alternatywa-do-zachowania-zdjec\/#breadcrumb","itemListElement":[{"@type":"ListItem","position":1,"name":"Strona g\u0142\u00f3wna","item":"https:\/\/printu.pl\/blog\/"},{"@type":"ListItem","position":2,"name":"Alternatywa do zachowania zdj\u0119\u0107"}]},{"@type":"WebSite","@id":"https:\/\/printu.pl\/blog\/#website","url":"https:\/\/printu.pl\/blog\/","name":"blog","description":"blog","publisher":{"@id":"https:\/\/printu.pl\/blog\/#organization"},"potentialAction":[{"@type":"SearchAction","target":{"@type":"EntryPoint","urlTemplate":"https:\/\/printu.pl\/blog\/?s={search_term_string}"},"query-input":"required name=search_term_string"}],"inLanguage":"pl-PL"},{"@type":"Organization","@id":"https:\/\/printu.pl\/blog\/#organization","name":"blog","url":"https:\/\/printu.pl\/blog\/","logo":{"@type":"ImageObject","inLanguage":"pl-PL","@id":"https:\/\/printu.pl\/blog\/#\/schema\/logo\/image\/","url":"https:\/\/s3-eu-central-1.amazonaws.com\/printu-blog\/wp-content\/uploads\/2017\/02\/printu-logo.png","contentUrl":"https:\/\/s3-eu-central-1.amazonaws.com\/printu-blog\/wp-content\/uploads\/2017\/02\/printu-logo.png","width":143,"height":34,"caption":" blog"},"image":{"@id":"https:\/\/printu.pl\/blog\/#\/schema\/logo\/image\/"},"sameAs":["https:\/\/instagram.com\/printupl","https:\/\/www.facebook.com\/printupl","https:\/\/twitter.com\/printupl"]},{"@type":"Person","@id":"https:\/\/printu.pl\/blog\/#\/schema\/person\/1552825435ffb2cc058d57ea4dd17e22","name":"Katarzyna","image":{"@type":"ImageObject","inLanguage":"pl-PL","@id":"https:\/\/printu.pl\/blog\/#\/schema\/person\/image\/","url":"https:\/\/secure.gravatar.com\/avatar\/39b1f1f0db1aa82c65afeee9d7610280?s=96&d=mm&r=g","contentUrl":"https:\/\/secure.gravatar.com\/avatar\/39b1f1f0db1aa82c65afeee9d7610280?s=96&d=mm&r=g","caption":"Katarzyna"}}]}},"_links":{"self":[{"href":"https:\/\/printu.pl\/blog\/wp-json\/wp\/v2\/posts\/5455"}],"collection":[{"href":"https:\/\/printu.pl\/blog\/wp-json\/wp\/v2\/posts"}],"about":[{"href":"https:\/\/printu.pl\/blog\/wp-json\/wp\/v2\/types\/post"}],"author":[{"embeddable":true,"href":"https:\/\/printu.pl\/blog\/wp-json\/wp\/v2\/users\/4"}],"replies":[{"embeddable":true,"href":"https:\/\/printu.pl\/blog\/wp-json\/wp\/v2\/comments?post=5455"}],"version-history":[{"count":5,"href":"https:\/\/printu.pl\/blog\/wp-json\/wp\/v2\/posts\/5455\/revisions"}],"predecessor-version":[{"id":6069,"href":"https:\/\/printu.pl\/blog\/wp-json\/wp\/v2\/posts\/5455\/revisions\/6069"}],"wp:attachment":[{"href":"https:\/\/printu.pl\/blog\/wp-json\/wp\/v2\/media?parent=5455"}],"wp:term":[{"taxonomy":"category","embeddable":true,"href":"https:\/\/printu.pl\/blog\/wp-json\/wp\/v2\/categories?post=5455"},{"taxonomy":"post_tag","embeddable":true,"href":"https:\/\/printu.pl\/blog\/wp-json\/wp\/v2\/tags?post=5455"}],"curies":[{"name":"wp","href":"https:\/\/api.w.org\/{rel}","templated":true}]}}