{"id":558,"date":"2013-09-25T16:34:02","date_gmt":"2013-09-25T14:34:02","guid":{"rendered":"http:\/\/blog.printu.pl\/?p=558"},"modified":"2015-12-16T19:38:21","modified_gmt":"2015-12-16T18:38:21","slug":"foto-inspiracje-malowanie-swiatlem","status":"publish","type":"post","link":"https:\/\/printu.pl\/blog\/2013\/09\/25\/foto-inspiracje-malowanie-swiatlem\/","title":{"rendered":"Foto Inspiracje \u2013 malowanie \u015bwiat\u0142em"},"content":{"rendered":"<p><img decoding=\"async\" loading=\"lazy\" class=\"alignnone  wp-image-559\" src=\"http:\/\/blog.printu.pl\/wp-content\/uploads\/2013\/09\/malowanie-swiatlem.jpg\" alt=\"Jak malowa\u0107 \u015bwiat\u0142em\" width=\"700\" height=\"350\" srcset=\"https:\/\/s3-eu-central-1.amazonaws.com\/printu-blog\/wp-content\/uploads\/2013\/09\/malowanie-swiatlem.jpg 700w, https:\/\/s3-eu-central-1.amazonaws.com\/printu-blog\/wp-content\/uploads\/2013\/09\/malowanie-swiatlem-300x150.jpg 300w\" sizes=\"(max-width: 700px) 100vw, 700px\" \/><\/p>\n<p>Kolejny przeci\u0119tny portret. Kolejne zdj\u0119cie Twojego malucha jak je, \u015bpi, bawi si\u0119 w ogr\u00f3dku. Ka\u017cde niby inne, a jednak wszystkie takie same. Zwyk\u0142e. Nieciekawe. Czy Ciebie te\u017c to ju\u017c nudzi? Masz ochot\u0119 na wyj\u0105tkowe fotograficzne pami\u0105tki? Je\u015bli tak, to skorzystaj z naszych fotoinspiracji. Dzisiaj w poradniku <strong>MALOWANIE \u015aWIAT\u0141EM<\/strong>.<\/p>\n<p><!--more--><\/p>\n<h2><strong>Czym jest malowanie \u015bwiat\u0142em, zwane r\u00f3wnie\u017c pisaniem, b\u0105d\u017a rysowaniem?<\/strong><\/h2>\n<p>Wszystko zale\u017cy od tego jakiej u\u017cyjemy techniki i jaki efekt pragniemy uzyska\u0107, ale w lightpainting chodzi o to, by za pomoc\u0105 jakiego\u015b \u017ar\u00f3d\u0142a \u015bwiat\u0142a w niemal ca\u0142kowitej ciemno\u015bci napisa\u0107, narysowa\u0107 lub uwydatni\u0107 co\u015b, co pojawi si\u0119 na zdj\u0119ciu. Troszk\u0119 zawik\u0142ane? Przejd\u017amy wi\u0119c mo\u017ce do konkret\u00f3w.<\/p>\n<p>Za\u0142\u00f3\u017cmy, ze szukasz pomys\u0142u na ciekaw\u0105 pami\u0105tk\u0119 z Twoim maluszkiem w roli g\u0142\u00f3wnej.<\/p>\n<h2><strong>Oto co b\u0119dzie Ci potrzebne:<\/strong><\/h2>\n<p>&#8211;\u00a0\u00a0\u00a0\u00a0\u00a0\u00a0\u00a0 latarka lub jakiekolwiek inne \u017ar\u00f3d\u0142o \u015bwiat\u0142a (mo\u017ce to by\u0107 nawet jasno \u015bwiec\u0105ca kom\u00f3rka lub odpinane \u015bwiate\u0142ko rowerowe),<br \/>\n&#8211;\u00a0\u00a0\u00a0\u00a0\u00a0\u00a0\u00a0 aparat z mo\u017cliwo\u015bci\u0105 manualnego ustawienia czasu na\u015bwietlania matrycy \u2013 taka opcja na pewno znajdzie si\u0119 we wszystkich lustrzankach, ale i zwyk\u0142e cyfr\u00f3wki mog\u0105 by\u0107 w ni\u0105 wyposa\u017cone,<br \/>\n&#8211;\u00a0\u00a0\u00a0\u00a0\u00a0\u00a0\u00a0 statyw lub jakiekolwiek inne miejsce, na kt\u00f3rym b\u0119dziesz mog\u0142a stabilnie ustawi\u0107 aparat (np. szafka, stolik),<br \/>\n&#8211;\u00a0\u00a0\u00a0\u00a0\u00a0\u00a0\u00a0 Tw\u00f3j maluszek \u015bpi\u0105cy w ciemnym pokoju :)<\/p>\n<p><img decoding=\"async\" loading=\"lazy\" class=\"alignnone  wp-image-561\" src=\"http:\/\/blog.printu.pl\/wp-content\/uploads\/2013\/09\/malowanie-\u015bwiat\u0142em2.jpg\" alt=\" Jak malowa\u0107 \u015bwiat\u0142em\" width=\"700\" height=\"467\" srcset=\"https:\/\/s3-eu-central-1.amazonaws.com\/printu-blog\/wp-content\/uploads\/2013\/09\/malowanie-%C5%9Bwiat%C5%82em2.jpg 1050w, https:\/\/s3-eu-central-1.amazonaws.com\/printu-blog\/wp-content\/uploads\/2013\/09\/malowanie-%C5%9Bwiat%C5%82em2-300x200.jpg 300w, https:\/\/s3-eu-central-1.amazonaws.com\/printu-blog\/wp-content\/uploads\/2013\/09\/malowanie-%C5%9Bwiat%C5%82em2-768x512.jpg 768w, https:\/\/s3-eu-central-1.amazonaws.com\/printu-blog\/wp-content\/uploads\/2013\/09\/malowanie-%C5%9Bwiat%C5%82em2-700x467.jpg 700w\" sizes=\"(max-width: 700px) 100vw, 700px\" \/><\/p>\n<h2><strong>Jak zabra\u0107 si\u0119 do tworzenia?<\/strong><\/h2>\n<p>Na pocz\u0105tku w pokoiku zapal jak\u0105\u015b lampk\u0119, \u017ceby\u015b mog\u0142a spokojnie si\u0119 przygotowa\u0107. Ustaw aparat naprzeciwko \u0142\u00f3\u017ceczka dziecka, na r\u00f3wniej, twardej powierzchni (lub na statywie). Przygotuj latark\u0119 tudzie\u017c inne narz\u0119dzie, kt\u00f3rym b\u0119dziesz \u201episa\u0107 w powietrzu\u201d. Czas na\u015bwietlania prze\u0142\u0105cz na mo\u017cliwie najd\u0142u\u017cszy (w granicach od 10 do 30 sekund). Na koniec sprawd\u017a, czy masz swobodne przej\u015bcie w stron\u0119 \u0142\u00f3\u017ceczka (b\u0119dziesz sz\u0142a po ciemku).<\/p>\n<h2><strong>Co teraz?<\/strong><\/h2>\n<p>&#8211;\u00a0\u00a0\u00a0\u00a0\u00a0\u00a0\u00a0 wy\u0142\u0105cz \u015bwiat\u0142o,<br \/>\n&#8211;\u00a0\u00a0\u00a0\u00a0\u00a0\u00a0\u00a0 wci\u015bnij przycisk migawki,<br \/>\n&#8211;\u00a0\u00a0\u00a0\u00a0\u00a0\u00a0\u00a0 ustaw si\u0119 naprzeciwko aparatu, obok lub za \u0142\u00f3\u017ceczkiem maluszka<br \/>\n&#8211;\u00a0\u00a0\u00a0\u00a0\u00a0\u00a0\u00a0 \u2026 i do dzie\u0142a \u2013 napisz lub narysuj w powietrzu, co tylko chcesz, co wa\u017cne (!) \u2013 kieruj\u0105c \u017ar\u00f3d\u0142o \u015bwiat\u0142a prosto w stron\u0119 aparatu.<\/p>\n<h2><strong>\u017beby by\u0142o Ci \u0142atwiej<\/strong><\/h2>\n<p>Wyobra\u017a sobie, \u017ce stoisz przed tablic\u0105, a latarka to Twoja kreda. Mo\u017cesz spr\u00f3bowa\u0107 napisa\u0107 imi\u0119 maluszka (pami\u0119taj, by literki pisa\u0107 odwrotnie, jak w odbiciu lustrzanym), narysowa\u0107 serduszko, kwiatka lub cokolwiek innego, co tylko przyjdzie Ci do g\u0142owy. Czasu masz tyle, ile ustawi\u0142a\u015b w aparacie. Potem poczekaj nieco, a\u017c urz\u0105dzenie przetworzy zarejestrowany obraz (mo\u017ce to trwa\u0107 r\u00f3wnie d\u0142ugo, co samo robienie zdj\u0119cia), a na koniec oce\u0144 efekty.<\/p>\n<p><img decoding=\"async\" loading=\"lazy\" class=\"alignnone  wp-image-560\" src=\"http:\/\/blog.printu.pl\/wp-content\/uploads\/2013\/09\/malowanie-\u015bwiat\u0142em1.jpg\" alt=\" Jak malowa\u0107 \u015bwiat\u0142em\" width=\"700\" height=\"467\" srcset=\"https:\/\/s3-eu-central-1.amazonaws.com\/printu-blog\/wp-content\/uploads\/2013\/09\/malowanie-%C5%9Bwiat%C5%82em1.jpg 1050w, https:\/\/s3-eu-central-1.amazonaws.com\/printu-blog\/wp-content\/uploads\/2013\/09\/malowanie-%C5%9Bwiat%C5%82em1-300x200.jpg 300w, https:\/\/s3-eu-central-1.amazonaws.com\/printu-blog\/wp-content\/uploads\/2013\/09\/malowanie-%C5%9Bwiat%C5%82em1-768x512.jpg 768w, https:\/\/s3-eu-central-1.amazonaws.com\/printu-blog\/wp-content\/uploads\/2013\/09\/malowanie-%C5%9Bwiat%C5%82em1-700x467.jpg 700w\" sizes=\"(max-width: 700px) 100vw, 700px\" \/><\/p>\n<p>Prawdopodobnie nie uda Ci si\u0119 za pierwszym razem, gdy\u017c technika ta wymaga odrobiny wprawy. Ale tylko odrobiny. Z pewno\u015bci\u0105 bardzo szybko zorientujesz si\u0119, jak si\u0119 ustawi\u0107, w jakim obr\u0119bie wymachiwa\u0107 latark\u0105 oraz jak du\u017ce robi\u0107 ruchy, \u017ceby rysunek zmie\u015bci\u0142 si\u0119 w kadrze.<\/p>\n<h2><strong>Przydatne porady<\/strong><\/h2>\n<ol>\n<li>Je\u017celi pr\u00f3bujesz napisa\u0107 jakie\u015b s\u0142owo, np. imi\u0119 dziecka, pomi\u0119dzy kolejnymi znakami wy\u0142\u0105czaj latark\u0119. Dzi\u0119ki temu literki nie zlej\u0105 si\u0119 ze sob\u0105, ani te\u017c nie b\u0119d\u0105 po\u0142\u0105czone brzydk\u0105 lini\u0105.<\/li>\n<li>Gdy aparat jest ustawiony do\u015b\u0107 nisko, wyjmij kilka szczebelk\u00f3w z \u0142\u00f3\u017ceczka, tak by nie przys\u0142ania\u0142y buzi malca, w ko\u0144cu on tu gra g\u0142\u00f3wn\u0105 rol\u0119.<\/li>\n<li>Po wykonaniu napisu lub obrazka, kiedy matryca jest jeszcze na\u015bwietlana (czyli aparat nie sko\u0144czy\u0142 robi\u0107 zdj\u0119cia) pomachaj troszk\u0119 latark\u0105 tak, \u017ceby o\u015bwietli\u0107 dziecko, a w szczeg\u00f3lno\u015bci jego twarzyczk\u0119. Tym razem nie \u015bwie\u0107 ju\u017c w stron\u0119 aparatu, tylko w kierunku przeciwnym lub te\u017c z g\u00f3ry. Je\u015bli tego nie zrobisz, maluch b\u0119dzie na zdj\u0119ciu s\u0142abo widoczny \u2013 matryca zarejestruje tylko to, co by\u0142o dobrze o\u015bwietlone.<\/li>\n<li>W ciemnym pomieszczeniu aparat mo\u017ce mie\u0107 problem z ustawieniem ostro\u015bci. Na pocz\u0105tku zapal wi\u0119c jak\u0105\u015b lampk\u0119, wci\u015bnij przycisk migawki do po\u0142owy, tak \u017ceby ostro\u015b\u0107 si\u0119 ustawi\u0142a na maluszku, a nast\u0119pnie: 1. albo zga\u015b \u015bwiat\u0142o, wci\u015bnij przycisk do ko\u0144ca i biegnij \u201emalowa\u0107\u201d, 2. albo \u2013 je\u015bli masz tak\u0105 mo\u017cliwo\u015b\u0107 \u2013 prze\u0142\u0105cz ustawianie ostro\u015bci w aparacie na tryb manualny i nic ju\u017c nie zmieniaj. Ostro\u015b\u0107 pozostanie ustawiona idealnie dop\u00f3ki nie zmienisz po\u0142o\u017cenia aparatu i b\u0119dziesz mog\u0142a spokojnie kontynuowa\u0107 zdj\u0119cia.<\/li>\n<\/ol>\n<h2><strong>Tak\u017ce udanej zabawy \u2013 uwa\u017caj jedynie, by nie obudzi\u0107 \u015bpi\u0105cego maluszka!<\/strong><\/h2>\n<p>&nbsp;<\/p>\n<p>Wi\u0119cej foto &#8211; inspiracji znajdziesz na naszym blogu w dziale: <a href=\"http:\/\/blog.printu.pl\/category\/poradnik-foto\/\" target=\"_blank\">Poradnik Foto<\/a>!<\/p>\n<p>&nbsp;<\/p>\n","protected":false},"excerpt":{"rendered":"<p>Masz ochot\u0119 na wyj\u0105tkowe fotograficzne pami\u0105tki? Je\u015bli tak, to skorzystaj z naszych fotoinspiracji. Dzisiaj w poradniku MALOWANIE \u015aWIAT\u0141EM.<\/p>\n","protected":false},"author":5,"featured_media":0,"comment_status":"open","ping_status":"open","sticky":false,"template":"","format":"standard","meta":[],"categories":[8],"tags":[170,156,165,168,161,167,164,158,169,171,157,160,166,163,162,159],"yoast_head":"<!-- This site is optimized with the Yoast SEO plugin v19.13 - https:\/\/yoast.com\/wordpress\/plugins\/seo\/ -->\n<title>Foto Inspiracje \u2013 malowanie \u015bwiat\u0142em - Printu.pl<\/title>\n<meta name=\"robots\" content=\"index, follow, max-snippet:-1, max-image-preview:large, max-video-preview:-1\" \/>\n<link rel=\"canonical\" href=\"https:\/\/printu.pl\/blog\/2013\/09\/25\/foto-inspiracje-malowanie-swiatlem\/\" \/>\n<meta property=\"og:locale\" content=\"pl_PL\" \/>\n<meta property=\"og:type\" content=\"article\" \/>\n<meta property=\"og:title\" content=\"Foto Inspiracje \u2013 malowanie \u015bwiat\u0142em - Printu.pl\" \/>\n<meta property=\"og:description\" content=\"Masz ochot\u0119 na wyj\u0105tkowe fotograficzne pami\u0105tki? Je\u015bli tak, to skorzystaj z naszych fotoinspiracji. Dzisiaj w poradniku MALOWANIE \u015aWIAT\u0141EM.\" \/>\n<meta property=\"og:url\" content=\"https:\/\/printu.pl\/blog\/2013\/09\/25\/foto-inspiracje-malowanie-swiatlem\/\" \/>\n<meta property=\"og:site_name\" content=\"blog\" \/>\n<meta property=\"article:publisher\" content=\"https:\/\/www.facebook.com\/printupl\" \/>\n<meta property=\"article:published_time\" content=\"2013-09-25T14:34:02+00:00\" \/>\n<meta property=\"article:modified_time\" content=\"2015-12-16T18:38:21+00:00\" \/>\n<meta property=\"og:image\" content=\"http:\/\/blog.printu.pl\/wp-content\/uploads\/2013\/09\/malowanie-swiatlem.jpg\" \/>\n<meta name=\"author\" content=\"Iwona\" \/>\n<meta name=\"twitter:card\" content=\"summary_large_image\" \/>\n<meta name=\"twitter:creator\" content=\"@printupl\" \/>\n<meta name=\"twitter:site\" content=\"@printupl\" \/>\n<meta name=\"twitter:label1\" content=\"Napisane przez\" \/>\n\t<meta name=\"twitter:data1\" content=\"Iwona\" \/>\n\t<meta name=\"twitter:label2\" content=\"Szacowany czas czytania\" \/>\n\t<meta name=\"twitter:data2\" content=\"4 minuty\" \/>\n<!-- \/ Yoast SEO plugin. -->","yoast_head_json":{"title":"Foto Inspiracje \u2013 malowanie \u015bwiat\u0142em - Printu.pl","robots":{"index":"index","follow":"follow","max-snippet":"max-snippet:-1","max-image-preview":"max-image-preview:large","max-video-preview":"max-video-preview:-1"},"canonical":"https:\/\/printu.pl\/blog\/2013\/09\/25\/foto-inspiracje-malowanie-swiatlem\/","og_locale":"pl_PL","og_type":"article","og_title":"Foto Inspiracje \u2013 malowanie \u015bwiat\u0142em - Printu.pl","og_description":"Masz ochot\u0119 na wyj\u0105tkowe fotograficzne pami\u0105tki? Je\u015bli tak, to skorzystaj z naszych fotoinspiracji. Dzisiaj w poradniku MALOWANIE \u015aWIAT\u0141EM.","og_url":"https:\/\/printu.pl\/blog\/2013\/09\/25\/foto-inspiracje-malowanie-swiatlem\/","og_site_name":"blog","article_publisher":"https:\/\/www.facebook.com\/printupl","article_published_time":"2013-09-25T14:34:02+00:00","article_modified_time":"2015-12-16T18:38:21+00:00","og_image":[{"url":"http:\/\/blog.printu.pl\/wp-content\/uploads\/2013\/09\/malowanie-swiatlem.jpg"}],"author":"Iwona","twitter_card":"summary_large_image","twitter_creator":"@printupl","twitter_site":"@printupl","twitter_misc":{"Napisane przez":"Iwona","Szacowany czas czytania":"4 minuty"},"schema":{"@context":"https:\/\/schema.org","@graph":[{"@type":"Article","@id":"https:\/\/printu.pl\/blog\/2013\/09\/25\/foto-inspiracje-malowanie-swiatlem\/#article","isPartOf":{"@id":"https:\/\/printu.pl\/blog\/2013\/09\/25\/foto-inspiracje-malowanie-swiatlem\/"},"author":{"name":"Iwona","@id":"https:\/\/printu.pl\/blog\/#\/schema\/person\/f434bfe5febea26b786a498ae5cbac79"},"headline":"Foto Inspiracje \u2013 malowanie \u015bwiat\u0142em","datePublished":"2013-09-25T14:34:02+00:00","dateModified":"2015-12-16T18:38:21+00:00","mainEntityOfPage":{"@id":"https:\/\/printu.pl\/blog\/2013\/09\/25\/foto-inspiracje-malowanie-swiatlem\/"},"wordCount":759,"commentCount":2,"publisher":{"@id":"https:\/\/printu.pl\/blog\/#organization"},"keywords":["co to jest lightpainting","foto inspiracje","fotografia kreatywna","fotografowanie przy u\u017cyciu latarki","fotografowanie w nocy","jak fotografowa\u0107 noc\u0105","jak fotografowa\u0107 w nocy","jak malowa\u0107 \u015bwiat\u0142em","lightpainting","lightpainting latark\u0105","malowanie \u015bwiat\u0142em","naucz si\u0119 malowa\u0107 \u015bwiat\u0142em w 5 minut","nocna fotografia","pisanie \u015bwiat\u0142em","rysowanie \u015bwiat\u0142em","zdj\u0119cia malowanie \u015bwiat\u0142em"],"articleSection":["Poradnik FOTO"],"inLanguage":"pl-PL","potentialAction":[{"@type":"CommentAction","name":"Comment","target":["https:\/\/printu.pl\/blog\/2013\/09\/25\/foto-inspiracje-malowanie-swiatlem\/#respond"]}]},{"@type":"WebPage","@id":"https:\/\/printu.pl\/blog\/2013\/09\/25\/foto-inspiracje-malowanie-swiatlem\/","url":"https:\/\/printu.pl\/blog\/2013\/09\/25\/foto-inspiracje-malowanie-swiatlem\/","name":"Foto Inspiracje \u2013 malowanie \u015bwiat\u0142em - Printu.pl","isPartOf":{"@id":"https:\/\/printu.pl\/blog\/#website"},"datePublished":"2013-09-25T14:34:02+00:00","dateModified":"2015-12-16T18:38:21+00:00","breadcrumb":{"@id":"https:\/\/printu.pl\/blog\/2013\/09\/25\/foto-inspiracje-malowanie-swiatlem\/#breadcrumb"},"inLanguage":"pl-PL","potentialAction":[{"@type":"ReadAction","target":["https:\/\/printu.pl\/blog\/2013\/09\/25\/foto-inspiracje-malowanie-swiatlem\/"]}]},{"@type":"BreadcrumbList","@id":"https:\/\/printu.pl\/blog\/2013\/09\/25\/foto-inspiracje-malowanie-swiatlem\/#breadcrumb","itemListElement":[{"@type":"ListItem","position":1,"name":"Strona g\u0142\u00f3wna","item":"https:\/\/printu.pl\/blog\/"},{"@type":"ListItem","position":2,"name":"Foto Inspiracje \u2013 malowanie \u015bwiat\u0142em"}]},{"@type":"WebSite","@id":"https:\/\/printu.pl\/blog\/#website","url":"https:\/\/printu.pl\/blog\/","name":"blog","description":"blog","publisher":{"@id":"https:\/\/printu.pl\/blog\/#organization"},"potentialAction":[{"@type":"SearchAction","target":{"@type":"EntryPoint","urlTemplate":"https:\/\/printu.pl\/blog\/?s={search_term_string}"},"query-input":"required name=search_term_string"}],"inLanguage":"pl-PL"},{"@type":"Organization","@id":"https:\/\/printu.pl\/blog\/#organization","name":"blog","url":"https:\/\/printu.pl\/blog\/","logo":{"@type":"ImageObject","inLanguage":"pl-PL","@id":"https:\/\/printu.pl\/blog\/#\/schema\/logo\/image\/","url":"https:\/\/s3-eu-central-1.amazonaws.com\/printu-blog\/wp-content\/uploads\/2017\/02\/printu-logo.png","contentUrl":"https:\/\/s3-eu-central-1.amazonaws.com\/printu-blog\/wp-content\/uploads\/2017\/02\/printu-logo.png","width":143,"height":34,"caption":" blog"},"image":{"@id":"https:\/\/printu.pl\/blog\/#\/schema\/logo\/image\/"},"sameAs":["https:\/\/instagram.com\/printupl","https:\/\/www.facebook.com\/printupl","https:\/\/twitter.com\/printupl"]},{"@type":"Person","@id":"https:\/\/printu.pl\/blog\/#\/schema\/person\/f434bfe5febea26b786a498ae5cbac79","name":"Iwona","image":{"@type":"ImageObject","inLanguage":"pl-PL","@id":"https:\/\/printu.pl\/blog\/#\/schema\/person\/image\/","url":"https:\/\/secure.gravatar.com\/avatar\/5bf1effed06ddadd1d572859a8cd5ca5?s=96&d=mm&r=g","contentUrl":"https:\/\/secure.gravatar.com\/avatar\/5bf1effed06ddadd1d572859a8cd5ca5?s=96&d=mm&r=g","caption":"Iwona"}}]}},"_links":{"self":[{"href":"https:\/\/printu.pl\/blog\/wp-json\/wp\/v2\/posts\/558"}],"collection":[{"href":"https:\/\/printu.pl\/blog\/wp-json\/wp\/v2\/posts"}],"about":[{"href":"https:\/\/printu.pl\/blog\/wp-json\/wp\/v2\/types\/post"}],"author":[{"embeddable":true,"href":"https:\/\/printu.pl\/blog\/wp-json\/wp\/v2\/users\/5"}],"replies":[{"embeddable":true,"href":"https:\/\/printu.pl\/blog\/wp-json\/wp\/v2\/comments?post=558"}],"version-history":[{"count":13,"href":"https:\/\/printu.pl\/blog\/wp-json\/wp\/v2\/posts\/558\/revisions"}],"predecessor-version":[{"id":6316,"href":"https:\/\/printu.pl\/blog\/wp-json\/wp\/v2\/posts\/558\/revisions\/6316"}],"wp:attachment":[{"href":"https:\/\/printu.pl\/blog\/wp-json\/wp\/v2\/media?parent=558"}],"wp:term":[{"taxonomy":"category","embeddable":true,"href":"https:\/\/printu.pl\/blog\/wp-json\/wp\/v2\/categories?post=558"},{"taxonomy":"post_tag","embeddable":true,"href":"https:\/\/printu.pl\/blog\/wp-json\/wp\/v2\/tags?post=558"}],"curies":[{"name":"wp","href":"https:\/\/api.w.org\/{rel}","templated":true}]}}