{"id":5893,"date":"2015-12-03T15:40:39","date_gmt":"2015-12-03T14:40:39","guid":{"rendered":"http:\/\/blog.printu.pl\/?p=5893"},"modified":"2015-12-15T16:28:10","modified_gmt":"2015-12-15T15:28:10","slug":"gwarancja-dostawy-przed-swietami-2015","status":"publish","type":"post","link":"https:\/\/printu.pl\/blog\/2015\/12\/03\/gwarancja-dostawy-przed-swietami-2015\/","title":{"rendered":"GWARANCJA DOSTAWY PRZED \u015aWI\u0118TAMI 2015"},"content":{"rendered":"<p><a href=\"http:\/\/blog.printu.pl\/wp-content\/uploads\/2015\/12\/gwarancja-dostawy-na-\u015bwi\u0119ta-bo\u017cego-narodzenia.jpg\"><img decoding=\"async\" loading=\"lazy\" class=\"aligncenter size-full wp-image-5894\" src=\"http:\/\/blog.printu.pl\/wp-content\/uploads\/2015\/12\/gwarancja-dostawy-na-\u015bwi\u0119ta-bo\u017cego-narodzenia.jpg\" alt=\"gwarancja dostawy na \u015bwi\u0119ta bo\u017cego narodzenia\" width=\"700\" height=\"350\" srcset=\"https:\/\/s3-eu-central-1.amazonaws.com\/printu-blog\/wp-content\/uploads\/2015\/12\/gwarancja-dostawy-na-%C5%9Bwi%C4%99ta-bo%C5%BCego-narodzenia.jpg 700w, https:\/\/s3-eu-central-1.amazonaws.com\/printu-blog\/wp-content\/uploads\/2015\/12\/gwarancja-dostawy-na-%C5%9Bwi%C4%99ta-bo%C5%BCego-narodzenia-300x150.jpg 300w\" sizes=\"(max-width: 700px) 100vw, 700px\" \/><\/a>Z\u0142\u00f3\u017c i op\u0142a\u0107 zam\u00f3wienie\u00a0<strong>do czwartku 10 grudnia 2015 w\u0142\u0105cznie<\/strong>, aby mie\u0107 pewno\u015b\u0107, \u017ce otrzymasz fotoksi\u0105\u017ck\u0119 przed \u015bwi\u0119tami Bo\u017cego Narodzenia. Nie odk\u0142adaj zakupu prezent\u00f3w na ostatni moment. Zasady akcji dost\u0119pne s\u0105 poni\u017cej.<\/p>\n<p><!--more-->Zasady akcji promocyjnej \u201eGwarancja dostawy przed \u015awi\u0119tami\u201d poni\u017cej.<\/p>\n<p>1.\u00a0 Akcji promocyjnej podlegaj\u0105 zam\u00f3wienia z\u0142o\u017cone i op\u0142acone na stronie www.printu.pl do 10 grudnia 2015r. w\u0142\u0105cznie z opcj\u0105 dostawy na terenie Polski (Je\u015bli zam\u00f3wienie jest sk\u0142adane 10 grudnia 2015r. najlepiej wybra\u0107 system szybkich<span class=\"Apple-converted-space\">\u00a0<\/span>p\u0142atno\u015bci<span class=\"Apple-converted-space\">\u00a0<\/span>\u2013<span class=\"Apple-converted-space\">\u00a0<\/span>PayU)<em>.<\/em><\/p>\n<p>2.\u00a0 Je\u017celi zam\u00f3wienie z\u0142o\u017cone i op\u0142acone do 10 grudnia zostanie dostarczone we wskazane miejsce po 24 grudnia 2015r., Klient otrzyma kupon rabatowy na kolejne zakupy na stronie www.printu.pl o warto\u015bci 50 z\u0142 (warto\u015b\u0107 zam\u00f3wienia musi wynosi\u0107 minimum 51 z\u0142).<\/p>\n<p>3.\u00a0 Warunkiem przyznania rabatu jest zrealizowanie zam\u00f3wienia obj\u0119tego akcj\u0105 oraz<br \/>\nzg\u0142oszenie przez Klienta op\u00f3\u017anienia poprzez wys\u0142anie e-maila na adres: pomoc@printu.pl z numerem zam\u00f3wienia i opisem op\u00f3\u017anienia, nie p\u00f3\u017aniej ni\u017c do 31 grudnia 2015r.<\/p>\n<p>4.\u00a0 Je\u017celi zam\u00f3wienie nie zosta\u0142o zrealizowane przed 25 grudnia 2015 r. z powod\u00f3w le\u017c\u0105cych po stronie Klienta (nieprawid\u0142owe dane kontaktowe\/adresowe, nieobecno\u015b\u0107 w miejscu dostawy, nieodebranie zam\u00f3wienia) \u2013 rabat nie zostanie przyznany.<\/p>\n<p>5.\u00a0 O przyznaniu rabatu Klient zostanie poinformowany drog\u0105 e-mailow\u0105 w ci\u0105gu 5 dni roboczych od zg\u0142oszenia.<\/p>\n","protected":false},"excerpt":{"rendered":"<p>Z\u0142\u00f3\u017c i op\u0142a\u0107 zam\u00f3wienie\u00a0do czwartku 10 grudnia 2015 w\u0142\u0105cznie, aby mie\u0107 pewno\u015b\u0107, \u017ce otrzymasz fotoksi\u0105\u017ck\u0119 przed \u015bwi\u0119tami Bo\u017cego Narodzenia. Nie odk\u0142adaj zakupu prezent\u00f3w na ostatni moment. Zasady akcji dost\u0119pne s\u0105 poni\u017cej.<\/p>\n","protected":false},"author":4,"featured_media":0,"comment_status":"open","ping_status":"closed","sticky":false,"template":"","format":"standard","meta":[],"categories":[43],"tags":[4,988],"yoast_head":"<!-- This site is optimized with the Yoast SEO plugin v19.13 - https:\/\/yoast.com\/wordpress\/plugins\/seo\/ -->\n<title>GWARANCJA DOSTAWY PRZED \u015aWI\u0118TAMI 2015 - Printu.pl<\/title>\n<meta name=\"robots\" content=\"index, follow, max-snippet:-1, max-image-preview:large, max-video-preview:-1\" \/>\n<link rel=\"canonical\" href=\"https:\/\/printu.pl\/blog\/2015\/12\/03\/gwarancja-dostawy-przed-swietami-2015\/\" \/>\n<meta property=\"og:locale\" content=\"pl_PL\" \/>\n<meta property=\"og:type\" content=\"article\" \/>\n<meta property=\"og:title\" content=\"GWARANCJA DOSTAWY PRZED \u015aWI\u0118TAMI 2015 - Printu.pl\" \/>\n<meta property=\"og:description\" content=\"Z\u0142\u00f3\u017c i op\u0142a\u0107 zam\u00f3wienie\u00a0do czwartku 10 grudnia 2015 w\u0142\u0105cznie, aby mie\u0107 pewno\u015b\u0107, \u017ce otrzymasz fotoksi\u0105\u017ck\u0119 przed \u015bwi\u0119tami Bo\u017cego Narodzenia. Nie odk\u0142adaj zakupu prezent\u00f3w na ostatni moment. Zasady akcji dost\u0119pne s\u0105 poni\u017cej.\" \/>\n<meta property=\"og:url\" content=\"https:\/\/printu.pl\/blog\/2015\/12\/03\/gwarancja-dostawy-przed-swietami-2015\/\" \/>\n<meta property=\"og:site_name\" content=\"blog\" \/>\n<meta property=\"article:publisher\" content=\"https:\/\/www.facebook.com\/printupl\" \/>\n<meta property=\"article:published_time\" content=\"2015-12-03T14:40:39+00:00\" \/>\n<meta property=\"article:modified_time\" content=\"2015-12-15T15:28:10+00:00\" \/>\n<meta name=\"author\" content=\"Katarzyna\" \/>\n<meta name=\"twitter:card\" content=\"summary_large_image\" \/>\n<meta name=\"twitter:creator\" content=\"@printupl\" \/>\n<meta name=\"twitter:site\" content=\"@printupl\" \/>\n<meta name=\"twitter:label1\" content=\"Napisane przez\" \/>\n\t<meta name=\"twitter:data1\" content=\"Katarzyna\" \/>\n\t<meta name=\"twitter:label2\" content=\"Szacowany czas czytania\" \/>\n\t<meta name=\"twitter:data2\" content=\"1 minuta\" \/>\n<!-- \/ Yoast SEO plugin. -->","yoast_head_json":{"title":"GWARANCJA DOSTAWY PRZED \u015aWI\u0118TAMI 2015 - Printu.pl","robots":{"index":"index","follow":"follow","max-snippet":"max-snippet:-1","max-image-preview":"max-image-preview:large","max-video-preview":"max-video-preview:-1"},"canonical":"https:\/\/printu.pl\/blog\/2015\/12\/03\/gwarancja-dostawy-przed-swietami-2015\/","og_locale":"pl_PL","og_type":"article","og_title":"GWARANCJA DOSTAWY PRZED \u015aWI\u0118TAMI 2015 - Printu.pl","og_description":"Z\u0142\u00f3\u017c i op\u0142a\u0107 zam\u00f3wienie\u00a0do czwartku 10 grudnia 2015 w\u0142\u0105cznie, aby mie\u0107 pewno\u015b\u0107, \u017ce otrzymasz fotoksi\u0105\u017ck\u0119 przed \u015bwi\u0119tami Bo\u017cego Narodzenia. Nie odk\u0142adaj zakupu prezent\u00f3w na ostatni moment. Zasady akcji dost\u0119pne s\u0105 poni\u017cej.","og_url":"https:\/\/printu.pl\/blog\/2015\/12\/03\/gwarancja-dostawy-przed-swietami-2015\/","og_site_name":"blog","article_publisher":"https:\/\/www.facebook.com\/printupl","article_published_time":"2015-12-03T14:40:39+00:00","article_modified_time":"2015-12-15T15:28:10+00:00","author":"Katarzyna","twitter_card":"summary_large_image","twitter_creator":"@printupl","twitter_site":"@printupl","twitter_misc":{"Napisane przez":"Katarzyna","Szacowany czas czytania":"1 minuta"},"schema":{"@context":"https:\/\/schema.org","@graph":[{"@type":"Article","@id":"https:\/\/printu.pl\/blog\/2015\/12\/03\/gwarancja-dostawy-przed-swietami-2015\/#article","isPartOf":{"@id":"https:\/\/printu.pl\/blog\/2015\/12\/03\/gwarancja-dostawy-przed-swietami-2015\/"},"author":{"name":"Katarzyna","@id":"https:\/\/printu.pl\/blog\/#\/schema\/person\/1552825435ffb2cc058d57ea4dd17e22"},"headline":"GWARANCJA DOSTAWY PRZED \u015aWI\u0118TAMI 2015","datePublished":"2015-12-03T14:40:39+00:00","dateModified":"2015-12-15T15:28:10+00:00","mainEntityOfPage":{"@id":"https:\/\/printu.pl\/blog\/2015\/12\/03\/gwarancja-dostawy-przed-swietami-2015\/"},"wordCount":234,"commentCount":0,"publisher":{"@id":"https:\/\/printu.pl\/blog\/#organization"},"keywords":["fotoksi\u0105\u017cka","gwarancja dostawy"],"articleSection":["Wydarzenia"],"inLanguage":"pl-PL","potentialAction":[{"@type":"CommentAction","name":"Comment","target":["https:\/\/printu.pl\/blog\/2015\/12\/03\/gwarancja-dostawy-przed-swietami-2015\/#respond"]}]},{"@type":"WebPage","@id":"https:\/\/printu.pl\/blog\/2015\/12\/03\/gwarancja-dostawy-przed-swietami-2015\/","url":"https:\/\/printu.pl\/blog\/2015\/12\/03\/gwarancja-dostawy-przed-swietami-2015\/","name":"GWARANCJA DOSTAWY PRZED \u015aWI\u0118TAMI 2015 - Printu.pl","isPartOf":{"@id":"https:\/\/printu.pl\/blog\/#website"},"datePublished":"2015-12-03T14:40:39+00:00","dateModified":"2015-12-15T15:28:10+00:00","breadcrumb":{"@id":"https:\/\/printu.pl\/blog\/2015\/12\/03\/gwarancja-dostawy-przed-swietami-2015\/#breadcrumb"},"inLanguage":"pl-PL","potentialAction":[{"@type":"ReadAction","target":["https:\/\/printu.pl\/blog\/2015\/12\/03\/gwarancja-dostawy-przed-swietami-2015\/"]}]},{"@type":"BreadcrumbList","@id":"https:\/\/printu.pl\/blog\/2015\/12\/03\/gwarancja-dostawy-przed-swietami-2015\/#breadcrumb","itemListElement":[{"@type":"ListItem","position":1,"name":"Strona g\u0142\u00f3wna","item":"https:\/\/printu.pl\/blog\/"},{"@type":"ListItem","position":2,"name":"GWARANCJA DOSTAWY PRZED \u015aWI\u0118TAMI 2015"}]},{"@type":"WebSite","@id":"https:\/\/printu.pl\/blog\/#website","url":"https:\/\/printu.pl\/blog\/","name":"blog","description":"blog","publisher":{"@id":"https:\/\/printu.pl\/blog\/#organization"},"potentialAction":[{"@type":"SearchAction","target":{"@type":"EntryPoint","urlTemplate":"https:\/\/printu.pl\/blog\/?s={search_term_string}"},"query-input":"required name=search_term_string"}],"inLanguage":"pl-PL"},{"@type":"Organization","@id":"https:\/\/printu.pl\/blog\/#organization","name":"blog","url":"https:\/\/printu.pl\/blog\/","logo":{"@type":"ImageObject","inLanguage":"pl-PL","@id":"https:\/\/printu.pl\/blog\/#\/schema\/logo\/image\/","url":"https:\/\/s3-eu-central-1.amazonaws.com\/printu-blog\/wp-content\/uploads\/2017\/02\/printu-logo.png","contentUrl":"https:\/\/s3-eu-central-1.amazonaws.com\/printu-blog\/wp-content\/uploads\/2017\/02\/printu-logo.png","width":143,"height":34,"caption":" blog"},"image":{"@id":"https:\/\/printu.pl\/blog\/#\/schema\/logo\/image\/"},"sameAs":["https:\/\/instagram.com\/printupl","https:\/\/www.facebook.com\/printupl","https:\/\/twitter.com\/printupl"]},{"@type":"Person","@id":"https:\/\/printu.pl\/blog\/#\/schema\/person\/1552825435ffb2cc058d57ea4dd17e22","name":"Katarzyna","image":{"@type":"ImageObject","inLanguage":"pl-PL","@id":"https:\/\/printu.pl\/blog\/#\/schema\/person\/image\/","url":"https:\/\/secure.gravatar.com\/avatar\/39b1f1f0db1aa82c65afeee9d7610280?s=96&d=mm&r=g","contentUrl":"https:\/\/secure.gravatar.com\/avatar\/39b1f1f0db1aa82c65afeee9d7610280?s=96&d=mm&r=g","caption":"Katarzyna"}}]}},"_links":{"self":[{"href":"https:\/\/printu.pl\/blog\/wp-json\/wp\/v2\/posts\/5893"}],"collection":[{"href":"https:\/\/printu.pl\/blog\/wp-json\/wp\/v2\/posts"}],"about":[{"href":"https:\/\/printu.pl\/blog\/wp-json\/wp\/v2\/types\/post"}],"author":[{"embeddable":true,"href":"https:\/\/printu.pl\/blog\/wp-json\/wp\/v2\/users\/4"}],"replies":[{"embeddable":true,"href":"https:\/\/printu.pl\/blog\/wp-json\/wp\/v2\/comments?post=5893"}],"version-history":[{"count":5,"href":"https:\/\/printu.pl\/blog\/wp-json\/wp\/v2\/posts\/5893\/revisions"}],"predecessor-version":[{"id":6119,"href":"https:\/\/printu.pl\/blog\/wp-json\/wp\/v2\/posts\/5893\/revisions\/6119"}],"wp:attachment":[{"href":"https:\/\/printu.pl\/blog\/wp-json\/wp\/v2\/media?parent=5893"}],"wp:term":[{"taxonomy":"category","embeddable":true,"href":"https:\/\/printu.pl\/blog\/wp-json\/wp\/v2\/categories?post=5893"},{"taxonomy":"post_tag","embeddable":true,"href":"https:\/\/printu.pl\/blog\/wp-json\/wp\/v2\/tags?post=5893"}],"curies":[{"name":"wp","href":"https:\/\/api.w.org\/{rel}","templated":true}]}}