{"id":615,"date":"2013-09-27T16:36:18","date_gmt":"2013-09-27T14:36:18","guid":{"rendered":"http:\/\/blog.printu.pl\/?p=615"},"modified":"2014-10-28T20:33:10","modified_gmt":"2014-10-28T19:33:10","slug":"fotoksiazka-z-wakacji-2","status":"publish","type":"post","link":"https:\/\/printu.pl\/blog\/2013\/09\/27\/fotoksiazka-z-wakacji-2\/","title":{"rendered":"Fotoksi\u0105\u017cka z wakacji"},"content":{"rendered":"<p><img decoding=\"async\" loading=\"lazy\" class=\"alignnone  wp-image-616\" alt=\"Fotoksi\u0105\u017cka z wakacji\" src=\"http:\/\/blog.printu.pl\/wp-content\/uploads\/2013\/09\/fotoksiazka-z-wakacji-1.jpg\" width=\"700\" height=\"445\" srcset=\"https:\/\/s3-eu-central-1.amazonaws.com\/printu-blog\/wp-content\/uploads\/2013\/09\/fotoksiazka-z-wakacji-1.jpg 1600w, https:\/\/s3-eu-central-1.amazonaws.com\/printu-blog\/wp-content\/uploads\/2013\/09\/fotoksiazka-z-wakacji-1-300x191.jpg 300w, https:\/\/s3-eu-central-1.amazonaws.com\/printu-blog\/wp-content\/uploads\/2013\/09\/fotoksiazka-z-wakacji-1-768x489.jpg 768w, https:\/\/s3-eu-central-1.amazonaws.com\/printu-blog\/wp-content\/uploads\/2013\/09\/fotoksiazka-z-wakacji-1-700x445.jpg 700w\" sizes=\"(max-width: 700px) 100vw, 700px\" \/><\/p>\n<p>Lubawka to malownicza gmina po\u0142o\u017cona w po\u0142udniowo-zachodniej cz\u0119\u015bci wojew\u00f3dztwa dolno\u015bl\u0105skiego na granicy Sudet\u00f3w Zachodnich i \u015arodkowych. A \u017ce gmina malownicza, to i fotoksi\u0105\u017cka z wakacji wysz\u0142a nam bardzo \u0142adnie i lubimy wraca\u0107 wspomnieniami do odwiedzonych miejsc. Ka\u017cdemu polecamy tak\u0105 wakacyjn\u0105 pami\u0105tk\u0119 &#8211; <a href=\"http:\/\/www.printu.pl\" target=\"_blank\">fotoksi\u0105\u017ck\u0119<\/a>!<!--more--> <img decoding=\"async\" class=\"alignnone  wp-image-617\" alt=\"fotoksiazka-z-wakacji-2\" src=\"http:\/\/blog.printu.pl\/wp-content\/uploads\/2013\/09\/fotoksiazka-z-wakacji-2.jpg\" width=\"700\" srcset=\"https:\/\/s3-eu-central-1.amazonaws.com\/printu-blog\/wp-content\/uploads\/2013\/09\/fotoksiazka-z-wakacji-2.jpg 1600w, https:\/\/s3-eu-central-1.amazonaws.com\/printu-blog\/wp-content\/uploads\/2013\/09\/fotoksiazka-z-wakacji-2-300x182.jpg 300w, https:\/\/s3-eu-central-1.amazonaws.com\/printu-blog\/wp-content\/uploads\/2013\/09\/fotoksiazka-z-wakacji-2-768x465.jpg 768w, https:\/\/s3-eu-central-1.amazonaws.com\/printu-blog\/wp-content\/uploads\/2013\/09\/fotoksiazka-z-wakacji-2-700x424.jpg 700w\" sizes=\"(max-width: 1600px) 100vw, 1600px\" \/> <img decoding=\"async\" class=\"alignnone  wp-image-618\" alt=\"fotoksiazka-z-wakacji-3\" src=\"http:\/\/blog.printu.pl\/wp-content\/uploads\/2013\/09\/fotoksiazka-z-wakacji-3.jpg\" width=\"700\" srcset=\"https:\/\/s3-eu-central-1.amazonaws.com\/printu-blog\/wp-content\/uploads\/2013\/09\/fotoksiazka-z-wakacji-3.jpg 1600w, https:\/\/s3-eu-central-1.amazonaws.com\/printu-blog\/wp-content\/uploads\/2013\/09\/fotoksiazka-z-wakacji-3-300x200.jpg 300w, https:\/\/s3-eu-central-1.amazonaws.com\/printu-blog\/wp-content\/uploads\/2013\/09\/fotoksiazka-z-wakacji-3-768x512.jpg 768w, https:\/\/s3-eu-central-1.amazonaws.com\/printu-blog\/wp-content\/uploads\/2013\/09\/fotoksiazka-z-wakacji-3-700x466.jpg 700w\" sizes=\"(max-width: 1600px) 100vw, 1600px\" \/> <img decoding=\"async\" class=\"alignnone  wp-image-619\" alt=\"fotoksiazka-z-wakacji-4\" src=\"http:\/\/blog.printu.pl\/wp-content\/uploads\/2013\/09\/fotoksiazka-z-wakacji-4.jpg\" width=\"700\" srcset=\"https:\/\/s3-eu-central-1.amazonaws.com\/printu-blog\/wp-content\/uploads\/2013\/09\/fotoksiazka-z-wakacji-4.jpg 1600w, https:\/\/s3-eu-central-1.amazonaws.com\/printu-blog\/wp-content\/uploads\/2013\/09\/fotoksiazka-z-wakacji-4-300x200.jpg 300w, https:\/\/s3-eu-central-1.amazonaws.com\/printu-blog\/wp-content\/uploads\/2013\/09\/fotoksiazka-z-wakacji-4-768x512.jpg 768w, https:\/\/s3-eu-central-1.amazonaws.com\/printu-blog\/wp-content\/uploads\/2013\/09\/fotoksiazka-z-wakacji-4-700x466.jpg 700w\" sizes=\"(max-width: 1600px) 100vw, 1600px\" \/> <img decoding=\"async\" class=\"alignnone  wp-image-620\" alt=\"fotoksiazka-z-wakacji-5\" src=\"http:\/\/blog.printu.pl\/wp-content\/uploads\/2013\/09\/fotoksiazka-z-wakacji-5.jpg\" width=\"700\" srcset=\"https:\/\/s3-eu-central-1.amazonaws.com\/printu-blog\/wp-content\/uploads\/2013\/09\/fotoksiazka-z-wakacji-5.jpg 1600w, https:\/\/s3-eu-central-1.amazonaws.com\/printu-blog\/wp-content\/uploads\/2013\/09\/fotoksiazka-z-wakacji-5-300x200.jpg 300w, https:\/\/s3-eu-central-1.amazonaws.com\/printu-blog\/wp-content\/uploads\/2013\/09\/fotoksiazka-z-wakacji-5-768x512.jpg 768w, https:\/\/s3-eu-central-1.amazonaws.com\/printu-blog\/wp-content\/uploads\/2013\/09\/fotoksiazka-z-wakacji-5-700x466.jpg 700w\" sizes=\"(max-width: 1600px) 100vw, 1600px\" \/> <img decoding=\"async\" class=\"alignnone  wp-image-621\" alt=\"fotoksiazka-z-wakacji-6\" src=\"http:\/\/blog.printu.pl\/wp-content\/uploads\/2013\/09\/fotoksiazka-z-wakacji-6.jpg\" width=\"700\" srcset=\"https:\/\/s3-eu-central-1.amazonaws.com\/printu-blog\/wp-content\/uploads\/2013\/09\/fotoksiazka-z-wakacji-6.jpg 1600w, https:\/\/s3-eu-central-1.amazonaws.com\/printu-blog\/wp-content\/uploads\/2013\/09\/fotoksiazka-z-wakacji-6-300x200.jpg 300w, https:\/\/s3-eu-central-1.amazonaws.com\/printu-blog\/wp-content\/uploads\/2013\/09\/fotoksiazka-z-wakacji-6-768x512.jpg 768w, https:\/\/s3-eu-central-1.amazonaws.com\/printu-blog\/wp-content\/uploads\/2013\/09\/fotoksiazka-z-wakacji-6-700x466.jpg 700w\" sizes=\"(max-width: 1600px) 100vw, 1600px\" \/> <img decoding=\"async\" class=\"alignnone  wp-image-622\" alt=\"fotoksiazka-z-wakacji-7\" src=\"http:\/\/blog.printu.pl\/wp-content\/uploads\/2013\/09\/fotoksiazka-z-wakacji-7.jpg\" width=\"700\" srcset=\"https:\/\/s3-eu-central-1.amazonaws.com\/printu-blog\/wp-content\/uploads\/2013\/09\/fotoksiazka-z-wakacji-7.jpg 1600w, https:\/\/s3-eu-central-1.amazonaws.com\/printu-blog\/wp-content\/uploads\/2013\/09\/fotoksiazka-z-wakacji-7-300x200.jpg 300w, https:\/\/s3-eu-central-1.amazonaws.com\/printu-blog\/wp-content\/uploads\/2013\/09\/fotoksiazka-z-wakacji-7-768x512.jpg 768w, https:\/\/s3-eu-central-1.amazonaws.com\/printu-blog\/wp-content\/uploads\/2013\/09\/fotoksiazka-z-wakacji-7-700x466.jpg 700w\" sizes=\"(max-width: 1600px) 100vw, 1600px\" \/> <img decoding=\"async\" class=\"alignnone  wp-image-623\" alt=\"fotoksiazka-z-wakacji-8\" src=\"http:\/\/blog.printu.pl\/wp-content\/uploads\/2013\/09\/fotoksiazka-z-wakacji-8.jpg\" width=\"700\" srcset=\"https:\/\/s3-eu-central-1.amazonaws.com\/printu-blog\/wp-content\/uploads\/2013\/09\/fotoksiazka-z-wakacji-8.jpg 1600w, https:\/\/s3-eu-central-1.amazonaws.com\/printu-blog\/wp-content\/uploads\/2013\/09\/fotoksiazka-z-wakacji-8-300x200.jpg 300w, https:\/\/s3-eu-central-1.amazonaws.com\/printu-blog\/wp-content\/uploads\/2013\/09\/fotoksiazka-z-wakacji-8-768x512.jpg 768w, https:\/\/s3-eu-central-1.amazonaws.com\/printu-blog\/wp-content\/uploads\/2013\/09\/fotoksiazka-z-wakacji-8-700x466.jpg 700w\" sizes=\"(max-width: 1600px) 100vw, 1600px\" \/> <img decoding=\"async\" class=\"alignnone  wp-image-624\" alt=\"fotoksiazka-z-wakacji-9\" src=\"http:\/\/blog.printu.pl\/wp-content\/uploads\/2013\/09\/fotoksiazka-z-wakacji-9.jpg\" width=\"700\" srcset=\"https:\/\/s3-eu-central-1.amazonaws.com\/printu-blog\/wp-content\/uploads\/2013\/09\/fotoksiazka-z-wakacji-9.jpg 1600w, https:\/\/s3-eu-central-1.amazonaws.com\/printu-blog\/wp-content\/uploads\/2013\/09\/fotoksiazka-z-wakacji-9-300x200.jpg 300w, https:\/\/s3-eu-central-1.amazonaws.com\/printu-blog\/wp-content\/uploads\/2013\/09\/fotoksiazka-z-wakacji-9-768x512.jpg 768w, https:\/\/s3-eu-central-1.amazonaws.com\/printu-blog\/wp-content\/uploads\/2013\/09\/fotoksiazka-z-wakacji-9-700x466.jpg 700w\" sizes=\"(max-width: 1600px) 100vw, 1600px\" \/> <img decoding=\"async\" class=\"alignnone  wp-image-625\" alt=\"fotoksiazka-z-wakacji-10\" src=\"http:\/\/blog.printu.pl\/wp-content\/uploads\/2013\/09\/fotoksiazka-z-wakacji-10.jpg\" width=\"700\" srcset=\"https:\/\/s3-eu-central-1.amazonaws.com\/printu-blog\/wp-content\/uploads\/2013\/09\/fotoksiazka-z-wakacji-10.jpg 1600w, https:\/\/s3-eu-central-1.amazonaws.com\/printu-blog\/wp-content\/uploads\/2013\/09\/fotoksiazka-z-wakacji-10-300x200.jpg 300w, https:\/\/s3-eu-central-1.amazonaws.com\/printu-blog\/wp-content\/uploads\/2013\/09\/fotoksiazka-z-wakacji-10-768x512.jpg 768w, https:\/\/s3-eu-central-1.amazonaws.com\/printu-blog\/wp-content\/uploads\/2013\/09\/fotoksiazka-z-wakacji-10-700x466.jpg 700w\" sizes=\"(max-width: 1600px) 100vw, 1600px\" \/> <img decoding=\"async\" class=\"alignnone  wp-image-626\" alt=\"fotoksiazka-z-wakacji-11\" src=\"http:\/\/blog.printu.pl\/wp-content\/uploads\/2013\/09\/fotoksiazka-z-wakacji-11.jpg\" width=\"700\" srcset=\"https:\/\/s3-eu-central-1.amazonaws.com\/printu-blog\/wp-content\/uploads\/2013\/09\/fotoksiazka-z-wakacji-11.jpg 1600w, https:\/\/s3-eu-central-1.amazonaws.com\/printu-blog\/wp-content\/uploads\/2013\/09\/fotoksiazka-z-wakacji-11-300x200.jpg 300w, https:\/\/s3-eu-central-1.amazonaws.com\/printu-blog\/wp-content\/uploads\/2013\/09\/fotoksiazka-z-wakacji-11-768x512.jpg 768w, https:\/\/s3-eu-central-1.amazonaws.com\/printu-blog\/wp-content\/uploads\/2013\/09\/fotoksiazka-z-wakacji-11-700x466.jpg 700w\" sizes=\"(max-width: 1600px) 100vw, 1600px\" \/><\/p>\n","protected":false},"excerpt":{"rendered":"<p>Lubawka to malownicza gmina po\u0142o\u017cona w po\u0142udniowo-zachodniej cz\u0119\u015bci wojew\u00f3dztwa dolno\u015bl\u0105skiego na granicy Sudet\u00f3w Zachodnich i \u015arodkowych. A \u017ce gmina malownicza, to i fotoksi\u0105\u017cka z wakacji wysz\u0142a nam bardzo \u0142adnie i lubimy wraca\u0107 wspomnieniami do odwiedzonych miejsc. Ka\u017cdemu polecamy tak\u0105 wakacyjn\u0105 pami\u0105tk\u0119!<\/p>\n","protected":false},"author":3,"featured_media":0,"comment_status":"open","ping_status":"open","sticky":false,"template":"","format":"standard","meta":[],"categories":[66],"tags":[91,199,200],"yoast_head":"<!-- This site is optimized with the Yoast SEO plugin v19.13 - https:\/\/yoast.com\/wordpress\/plugins\/seo\/ -->\n<title>Fotoksi\u0105\u017cka z wakacji - Printu.pl<\/title>\n<meta name=\"robots\" content=\"index, follow, max-snippet:-1, max-image-preview:large, max-video-preview:-1\" \/>\n<link rel=\"canonical\" href=\"https:\/\/printu.pl\/blog\/2013\/09\/27\/fotoksiazka-z-wakacji-2\/\" \/>\n<meta property=\"og:locale\" content=\"pl_PL\" \/>\n<meta property=\"og:type\" content=\"article\" \/>\n<meta property=\"og:title\" content=\"Fotoksi\u0105\u017cka z wakacji - Printu.pl\" \/>\n<meta property=\"og:description\" content=\"Lubawka to malownicza gmina po\u0142o\u017cona w po\u0142udniowo-zachodniej cz\u0119\u015bci wojew\u00f3dztwa dolno\u015bl\u0105skiego na granicy Sudet\u00f3w Zachodnich i \u015arodkowych. A \u017ce gmina malownicza, to i fotoksi\u0105\u017cka z wakacji wysz\u0142a nam bardzo \u0142adnie i lubimy wraca\u0107 wspomnieniami do odwiedzonych miejsc. Ka\u017cdemu polecamy tak\u0105 wakacyjn\u0105 pami\u0105tk\u0119!\" \/>\n<meta property=\"og:url\" content=\"https:\/\/printu.pl\/blog\/2013\/09\/27\/fotoksiazka-z-wakacji-2\/\" \/>\n<meta property=\"og:site_name\" content=\"blog\" \/>\n<meta property=\"article:publisher\" content=\"https:\/\/www.facebook.com\/printupl\" \/>\n<meta property=\"article:published_time\" content=\"2013-09-27T14:36:18+00:00\" \/>\n<meta property=\"article:modified_time\" content=\"2014-10-28T19:33:10+00:00\" \/>\n<meta property=\"og:image\" content=\"http:\/\/blog.printu.pl\/wp-content\/uploads\/2013\/09\/fotoksiazka-z-wakacji-1.jpg\" \/>\n<meta name=\"author\" content=\"Piotr\" \/>\n<meta name=\"twitter:card\" content=\"summary_large_image\" \/>\n<meta name=\"twitter:creator\" content=\"@printupl\" \/>\n<meta name=\"twitter:site\" content=\"@printupl\" \/>\n<meta name=\"twitter:label1\" content=\"Napisane przez\" \/>\n\t<meta name=\"twitter:data1\" content=\"Piotr\" \/>\n<!-- \/ Yoast SEO plugin. -->","yoast_head_json":{"title":"Fotoksi\u0105\u017cka z wakacji - Printu.pl","robots":{"index":"index","follow":"follow","max-snippet":"max-snippet:-1","max-image-preview":"max-image-preview:large","max-video-preview":"max-video-preview:-1"},"canonical":"https:\/\/printu.pl\/blog\/2013\/09\/27\/fotoksiazka-z-wakacji-2\/","og_locale":"pl_PL","og_type":"article","og_title":"Fotoksi\u0105\u017cka z wakacji - Printu.pl","og_description":"Lubawka to malownicza gmina po\u0142o\u017cona w po\u0142udniowo-zachodniej cz\u0119\u015bci wojew\u00f3dztwa dolno\u015bl\u0105skiego na granicy Sudet\u00f3w Zachodnich i \u015arodkowych. A \u017ce gmina malownicza, to i fotoksi\u0105\u017cka z wakacji wysz\u0142a nam bardzo \u0142adnie i lubimy wraca\u0107 wspomnieniami do odwiedzonych miejsc. Ka\u017cdemu polecamy tak\u0105 wakacyjn\u0105 pami\u0105tk\u0119!","og_url":"https:\/\/printu.pl\/blog\/2013\/09\/27\/fotoksiazka-z-wakacji-2\/","og_site_name":"blog","article_publisher":"https:\/\/www.facebook.com\/printupl","article_published_time":"2013-09-27T14:36:18+00:00","article_modified_time":"2014-10-28T19:33:10+00:00","og_image":[{"url":"http:\/\/blog.printu.pl\/wp-content\/uploads\/2013\/09\/fotoksiazka-z-wakacji-1.jpg"}],"author":"Piotr","twitter_card":"summary_large_image","twitter_creator":"@printupl","twitter_site":"@printupl","twitter_misc":{"Napisane przez":"Piotr"},"schema":{"@context":"https:\/\/schema.org","@graph":[{"@type":"Article","@id":"https:\/\/printu.pl\/blog\/2013\/09\/27\/fotoksiazka-z-wakacji-2\/#article","isPartOf":{"@id":"https:\/\/printu.pl\/blog\/2013\/09\/27\/fotoksiazka-z-wakacji-2\/"},"author":{"name":"Piotr","@id":"https:\/\/printu.pl\/blog\/#\/schema\/person\/bf563d9a96711335acbf99b8167e7439"},"headline":"Fotoksi\u0105\u017cka z wakacji","datePublished":"2013-09-27T14:36:18+00:00","dateModified":"2014-10-28T19:33:10+00:00","mainEntityOfPage":{"@id":"https:\/\/printu.pl\/blog\/2013\/09\/27\/fotoksiazka-z-wakacji-2\/"},"wordCount":60,"commentCount":0,"publisher":{"@id":"https:\/\/printu.pl\/blog\/#organization"},"keywords":["fotoksi\u0105\u017cka z wakacji","Lubawka","wakacje w Lubawce"],"articleSection":["Inspiracje"],"inLanguage":"pl-PL","potentialAction":[{"@type":"CommentAction","name":"Comment","target":["https:\/\/printu.pl\/blog\/2013\/09\/27\/fotoksiazka-z-wakacji-2\/#respond"]}]},{"@type":"WebPage","@id":"https:\/\/printu.pl\/blog\/2013\/09\/27\/fotoksiazka-z-wakacji-2\/","url":"https:\/\/printu.pl\/blog\/2013\/09\/27\/fotoksiazka-z-wakacji-2\/","name":"Fotoksi\u0105\u017cka z wakacji - Printu.pl","isPartOf":{"@id":"https:\/\/printu.pl\/blog\/#website"},"datePublished":"2013-09-27T14:36:18+00:00","dateModified":"2014-10-28T19:33:10+00:00","breadcrumb":{"@id":"https:\/\/printu.pl\/blog\/2013\/09\/27\/fotoksiazka-z-wakacji-2\/#breadcrumb"},"inLanguage":"pl-PL","potentialAction":[{"@type":"ReadAction","target":["https:\/\/printu.pl\/blog\/2013\/09\/27\/fotoksiazka-z-wakacji-2\/"]}]},{"@type":"BreadcrumbList","@id":"https:\/\/printu.pl\/blog\/2013\/09\/27\/fotoksiazka-z-wakacji-2\/#breadcrumb","itemListElement":[{"@type":"ListItem","position":1,"name":"Strona g\u0142\u00f3wna","item":"https:\/\/printu.pl\/blog\/"},{"@type":"ListItem","position":2,"name":"Fotoksi\u0105\u017cka z wakacji"}]},{"@type":"WebSite","@id":"https:\/\/printu.pl\/blog\/#website","url":"https:\/\/printu.pl\/blog\/","name":"blog","description":"blog","publisher":{"@id":"https:\/\/printu.pl\/blog\/#organization"},"potentialAction":[{"@type":"SearchAction","target":{"@type":"EntryPoint","urlTemplate":"https:\/\/printu.pl\/blog\/?s={search_term_string}"},"query-input":"required name=search_term_string"}],"inLanguage":"pl-PL"},{"@type":"Organization","@id":"https:\/\/printu.pl\/blog\/#organization","name":"blog","url":"https:\/\/printu.pl\/blog\/","logo":{"@type":"ImageObject","inLanguage":"pl-PL","@id":"https:\/\/printu.pl\/blog\/#\/schema\/logo\/image\/","url":"https:\/\/s3-eu-central-1.amazonaws.com\/printu-blog\/wp-content\/uploads\/2017\/02\/printu-logo.png","contentUrl":"https:\/\/s3-eu-central-1.amazonaws.com\/printu-blog\/wp-content\/uploads\/2017\/02\/printu-logo.png","width":143,"height":34,"caption":" blog"},"image":{"@id":"https:\/\/printu.pl\/blog\/#\/schema\/logo\/image\/"},"sameAs":["https:\/\/instagram.com\/printupl","https:\/\/www.facebook.com\/printupl","https:\/\/twitter.com\/printupl"]},{"@type":"Person","@id":"https:\/\/printu.pl\/blog\/#\/schema\/person\/bf563d9a96711335acbf99b8167e7439","name":"Piotr","image":{"@type":"ImageObject","inLanguage":"pl-PL","@id":"https:\/\/printu.pl\/blog\/#\/schema\/person\/image\/","url":"https:\/\/secure.gravatar.com\/avatar\/9c52be5bf4414f0e10599dc727b0ca13?s=96&d=mm&r=g","contentUrl":"https:\/\/secure.gravatar.com\/avatar\/9c52be5bf4414f0e10599dc727b0ca13?s=96&d=mm&r=g","caption":"Piotr"}}]}},"_links":{"self":[{"href":"https:\/\/printu.pl\/blog\/wp-json\/wp\/v2\/posts\/615"}],"collection":[{"href":"https:\/\/printu.pl\/blog\/wp-json\/wp\/v2\/posts"}],"about":[{"href":"https:\/\/printu.pl\/blog\/wp-json\/wp\/v2\/types\/post"}],"author":[{"embeddable":true,"href":"https:\/\/printu.pl\/blog\/wp-json\/wp\/v2\/users\/3"}],"replies":[{"embeddable":true,"href":"https:\/\/printu.pl\/blog\/wp-json\/wp\/v2\/comments?post=615"}],"version-history":[{"count":10,"href":"https:\/\/printu.pl\/blog\/wp-json\/wp\/v2\/posts\/615\/revisions"}],"predecessor-version":[{"id":3165,"href":"https:\/\/printu.pl\/blog\/wp-json\/wp\/v2\/posts\/615\/revisions\/3165"}],"wp:attachment":[{"href":"https:\/\/printu.pl\/blog\/wp-json\/wp\/v2\/media?parent=615"}],"wp:term":[{"taxonomy":"category","embeddable":true,"href":"https:\/\/printu.pl\/blog\/wp-json\/wp\/v2\/categories?post=615"},{"taxonomy":"post_tag","embeddable":true,"href":"https:\/\/printu.pl\/blog\/wp-json\/wp\/v2\/tags?post=615"}],"curies":[{"name":"wp","href":"https:\/\/api.w.org\/{rel}","templated":true}]}}