{"id":636,"date":"2013-09-28T10:43:46","date_gmt":"2013-09-28T08:43:46","guid":{"rendered":"http:\/\/blog.printu.pl\/?p=636"},"modified":"2015-12-16T19:39:41","modified_gmt":"2015-12-16T18:39:41","slug":"napisali-o-nas-o-tym-ze","status":"publish","type":"post","link":"https:\/\/printu.pl\/blog\/2013\/09\/28\/napisali-o-nas-o-tym-ze\/","title":{"rendered":"Napisali o nas &#8211; O tym, \u017ce&#8230;"},"content":{"rendered":"<blockquote><p><img decoding=\"async\" loading=\"lazy\" class=\"alignnone wp-image-638\" src=\"http:\/\/blog.printu.pl\/wp-content\/uploads\/2013\/09\/fotoksiazka-z-wakacji6.jpg\" alt=\"Fotoksi\u0105\u017cka wakacyjna\" width=\"700\" height=\"350\" srcset=\"https:\/\/s3-eu-central-1.amazonaws.com\/printu-blog\/wp-content\/uploads\/2013\/09\/fotoksiazka-z-wakacji6.jpg 700w, https:\/\/s3-eu-central-1.amazonaws.com\/printu-blog\/wp-content\/uploads\/2013\/09\/fotoksiazka-z-wakacji6-300x150.jpg 300w\" sizes=\"(max-width: 700px) 100vw, 700px\" \/>&#8222;Mo\u017cna, mo\u017cna przechowywa\u0107 zdj\u0119cia w internecie, w r\u00f3\u017cnych miejscach, wybiera\u0107 chmury i tam eksportowa\u0107 zamro\u017cone w kadrze chwile. Ale przyjemno\u015b\u0107 z ogl\u0105dania jakby ma\u0142a&#8230; Bez tego szelestu, bez podawania sobie z r\u0105k do r\u0105k prostok\u0105t\u00f3w wspomnie\u0144, nawet bez odcisk\u00f3w na b\u0142yszcz\u0105cej powierzchni&#8230;<\/p>\n<p><!--more-->I teraz, gdy wiecz\u00f3r jakby wcze\u015bniej lub choroba w domu zatrzyma &#8211; wystarczy ciep\u0142o si\u0119 ubra\u0107 i zdj\u0119cia wyj\u0105\u0107. Na przyk\u0142ad te z ostatniego lata. Westchn\u0105\u0107. Powspomina\u0107 wszystkie przygody. Pokaza\u0107 paluszkiem wszystkie osoby, kt\u00f3re sprawi\u0142y, \u017ce wakacje by\u0142y udane. U\u015bmiechn\u0105\u0107 si\u0119. Odkry\u0107, \u017ce oto jest w naszym domu ksi\u0105\u017cka, kt\u00f3rej g\u0142\u00f3wn\u0105 bohaterk\u0105 jest Ewka i jej wspania\u0142y czas&#8230; :)&#8221;<\/p><\/blockquote>\n<p><strong>Zapraszamy do ca\u0142ego wpisu redaktor Olgi z bloga z ksi\u0105\u017ck\u0105 w tle &#8211; &#8222;O <strong>tym, \u017ce&#8230;&#8221; <\/strong>tutaj:<br \/>\n<a href=\"http:\/\/www.otymze.pl\/2013\/09\/wakacyjna-lektura.html\" target=\"_blank\" rel=\"nofollow\">&#8222;Wakacyjna lektura&#8221;<\/a><\/strong><\/p>\n<p>Swoj\u0105 fotoksi\u0105\u017ck\u0119 z wakacji stworzysz <a href=\"https:\/\/printu.pl\/fotoksiazka\/\" target=\"_blank\">TUTAJ<\/a>. Zapraszamy!<strong><br \/>\n<\/strong><\/p>\n","protected":false},"excerpt":{"rendered":"<p>Mo\u017cna, mo\u017cna przechowywa\u0107 zdj\u0119cia w internecie, w r\u00f3\u017cnych miejscach, wybiera\u0107 chmury i tam eksportowa\u0107 zamro\u017cone w kadrze chwile. Ale przyjemno\u015b\u0107 z ogl\u0105dania jakby ma\u0142a&#8230; Bez tego szelestu, bez podawania sobie z r\u0105k do r\u0105k prostok\u0105t\u00f3w wspomnie\u0144, nawet bez odcisk\u00f3w na b\u0142yszcz\u0105cej powierzchni&#8230;<\/p>\n","protected":false},"author":4,"featured_media":0,"comment_status":"open","ping_status":"open","sticky":false,"template":"","format":"standard","meta":[],"categories":[143],"tags":[4,91,145,139,148,144,146,147],"yoast_head":"<!-- This site is optimized with the Yoast SEO plugin v19.13 - https:\/\/yoast.com\/wordpress\/plugins\/seo\/ -->\n<title>Napisali o nas - O tym, \u017ce... - Printu.pl<\/title>\n<meta name=\"robots\" content=\"index, follow, max-snippet:-1, max-image-preview:large, max-video-preview:-1\" \/>\n<link rel=\"canonical\" href=\"https:\/\/printu.pl\/blog\/2013\/09\/28\/napisali-o-nas-o-tym-ze\/\" \/>\n<meta property=\"og:locale\" content=\"pl_PL\" \/>\n<meta property=\"og:type\" content=\"article\" \/>\n<meta property=\"og:title\" content=\"Napisali o nas - O tym, \u017ce... - Printu.pl\" \/>\n<meta property=\"og:description\" content=\"Mo\u017cna, mo\u017cna przechowywa\u0107 zdj\u0119cia w internecie, w r\u00f3\u017cnych miejscach, wybiera\u0107 chmury i tam eksportowa\u0107 zamro\u017cone w kadrze chwile. Ale przyjemno\u015b\u0107 z ogl\u0105dania jakby ma\u0142a... Bez tego szelestu, bez podawania sobie z r\u0105k do r\u0105k prostok\u0105t\u00f3w wspomnie\u0144, nawet bez odcisk\u00f3w na b\u0142yszcz\u0105cej powierzchni...\" \/>\n<meta property=\"og:url\" content=\"https:\/\/printu.pl\/blog\/2013\/09\/28\/napisali-o-nas-o-tym-ze\/\" \/>\n<meta property=\"og:site_name\" content=\"blog\" \/>\n<meta property=\"article:publisher\" content=\"https:\/\/www.facebook.com\/printupl\" \/>\n<meta property=\"article:published_time\" content=\"2013-09-28T08:43:46+00:00\" \/>\n<meta property=\"article:modified_time\" content=\"2015-12-16T18:39:41+00:00\" \/>\n<meta property=\"og:image\" content=\"http:\/\/blog.printu.pl\/wp-content\/uploads\/2013\/09\/fotoksiazka-z-wakacji6.jpg\" \/>\n<meta name=\"author\" content=\"Katarzyna\" \/>\n<meta name=\"twitter:card\" content=\"summary_large_image\" \/>\n<meta name=\"twitter:creator\" content=\"@printupl\" \/>\n<meta name=\"twitter:site\" content=\"@printupl\" \/>\n<meta name=\"twitter:label1\" content=\"Napisane przez\" \/>\n\t<meta name=\"twitter:data1\" content=\"Katarzyna\" \/>\n\t<meta name=\"twitter:label2\" content=\"Szacowany czas czytania\" \/>\n\t<meta name=\"twitter:data2\" content=\"1 minuta\" \/>\n<!-- \/ Yoast SEO plugin. -->","yoast_head_json":{"title":"Napisali o nas - O tym, \u017ce... - Printu.pl","robots":{"index":"index","follow":"follow","max-snippet":"max-snippet:-1","max-image-preview":"max-image-preview:large","max-video-preview":"max-video-preview:-1"},"canonical":"https:\/\/printu.pl\/blog\/2013\/09\/28\/napisali-o-nas-o-tym-ze\/","og_locale":"pl_PL","og_type":"article","og_title":"Napisali o nas - O tym, \u017ce... - Printu.pl","og_description":"Mo\u017cna, mo\u017cna przechowywa\u0107 zdj\u0119cia w internecie, w r\u00f3\u017cnych miejscach, wybiera\u0107 chmury i tam eksportowa\u0107 zamro\u017cone w kadrze chwile. Ale przyjemno\u015b\u0107 z ogl\u0105dania jakby ma\u0142a... Bez tego szelestu, bez podawania sobie z r\u0105k do r\u0105k prostok\u0105t\u00f3w wspomnie\u0144, nawet bez odcisk\u00f3w na b\u0142yszcz\u0105cej powierzchni...","og_url":"https:\/\/printu.pl\/blog\/2013\/09\/28\/napisali-o-nas-o-tym-ze\/","og_site_name":"blog","article_publisher":"https:\/\/www.facebook.com\/printupl","article_published_time":"2013-09-28T08:43:46+00:00","article_modified_time":"2015-12-16T18:39:41+00:00","og_image":[{"url":"http:\/\/blog.printu.pl\/wp-content\/uploads\/2013\/09\/fotoksiazka-z-wakacji6.jpg"}],"author":"Katarzyna","twitter_card":"summary_large_image","twitter_creator":"@printupl","twitter_site":"@printupl","twitter_misc":{"Napisane przez":"Katarzyna","Szacowany czas czytania":"1 minuta"},"schema":{"@context":"https:\/\/schema.org","@graph":[{"@type":"Article","@id":"https:\/\/printu.pl\/blog\/2013\/09\/28\/napisali-o-nas-o-tym-ze\/#article","isPartOf":{"@id":"https:\/\/printu.pl\/blog\/2013\/09\/28\/napisali-o-nas-o-tym-ze\/"},"author":{"name":"Katarzyna","@id":"https:\/\/printu.pl\/blog\/#\/schema\/person\/1552825435ffb2cc058d57ea4dd17e22"},"headline":"Napisali o nas &#8211; O tym, \u017ce&#8230;","datePublished":"2013-09-28T08:43:46+00:00","dateModified":"2015-12-16T18:39:41+00:00","mainEntityOfPage":{"@id":"https:\/\/printu.pl\/blog\/2013\/09\/28\/napisali-o-nas-o-tym-ze\/"},"wordCount":163,"commentCount":0,"publisher":{"@id":"https:\/\/printu.pl\/blog\/#organization"},"keywords":["fotoksi\u0105\u017cka","fotoksi\u0105\u017cka z wakacji","fotopami\u0105tka","napisali o nas","porz\u0105dkowanie zdj\u0119\u0107","spos\u00f3b na zdj\u0119cia","wspomnienia","zdj\u0119cia"],"articleSection":["Napisali o nas"],"inLanguage":"pl-PL","potentialAction":[{"@type":"CommentAction","name":"Comment","target":["https:\/\/printu.pl\/blog\/2013\/09\/28\/napisali-o-nas-o-tym-ze\/#respond"]}]},{"@type":"WebPage","@id":"https:\/\/printu.pl\/blog\/2013\/09\/28\/napisali-o-nas-o-tym-ze\/","url":"https:\/\/printu.pl\/blog\/2013\/09\/28\/napisali-o-nas-o-tym-ze\/","name":"Napisali o nas - O tym, \u017ce... - Printu.pl","isPartOf":{"@id":"https:\/\/printu.pl\/blog\/#website"},"datePublished":"2013-09-28T08:43:46+00:00","dateModified":"2015-12-16T18:39:41+00:00","breadcrumb":{"@id":"https:\/\/printu.pl\/blog\/2013\/09\/28\/napisali-o-nas-o-tym-ze\/#breadcrumb"},"inLanguage":"pl-PL","potentialAction":[{"@type":"ReadAction","target":["https:\/\/printu.pl\/blog\/2013\/09\/28\/napisali-o-nas-o-tym-ze\/"]}]},{"@type":"BreadcrumbList","@id":"https:\/\/printu.pl\/blog\/2013\/09\/28\/napisali-o-nas-o-tym-ze\/#breadcrumb","itemListElement":[{"@type":"ListItem","position":1,"name":"Strona g\u0142\u00f3wna","item":"https:\/\/printu.pl\/blog\/"},{"@type":"ListItem","position":2,"name":"Napisali o nas &#8211; O tym, \u017ce&#8230;"}]},{"@type":"WebSite","@id":"https:\/\/printu.pl\/blog\/#website","url":"https:\/\/printu.pl\/blog\/","name":"blog","description":"blog","publisher":{"@id":"https:\/\/printu.pl\/blog\/#organization"},"potentialAction":[{"@type":"SearchAction","target":{"@type":"EntryPoint","urlTemplate":"https:\/\/printu.pl\/blog\/?s={search_term_string}"},"query-input":"required name=search_term_string"}],"inLanguage":"pl-PL"},{"@type":"Organization","@id":"https:\/\/printu.pl\/blog\/#organization","name":"blog","url":"https:\/\/printu.pl\/blog\/","logo":{"@type":"ImageObject","inLanguage":"pl-PL","@id":"https:\/\/printu.pl\/blog\/#\/schema\/logo\/image\/","url":"https:\/\/s3-eu-central-1.amazonaws.com\/printu-blog\/wp-content\/uploads\/2017\/02\/printu-logo.png","contentUrl":"https:\/\/s3-eu-central-1.amazonaws.com\/printu-blog\/wp-content\/uploads\/2017\/02\/printu-logo.png","width":143,"height":34,"caption":" blog"},"image":{"@id":"https:\/\/printu.pl\/blog\/#\/schema\/logo\/image\/"},"sameAs":["https:\/\/instagram.com\/printupl","https:\/\/www.facebook.com\/printupl","https:\/\/twitter.com\/printupl"]},{"@type":"Person","@id":"https:\/\/printu.pl\/blog\/#\/schema\/person\/1552825435ffb2cc058d57ea4dd17e22","name":"Katarzyna","image":{"@type":"ImageObject","inLanguage":"pl-PL","@id":"https:\/\/printu.pl\/blog\/#\/schema\/person\/image\/","url":"https:\/\/secure.gravatar.com\/avatar\/39b1f1f0db1aa82c65afeee9d7610280?s=96&d=mm&r=g","contentUrl":"https:\/\/secure.gravatar.com\/avatar\/39b1f1f0db1aa82c65afeee9d7610280?s=96&d=mm&r=g","caption":"Katarzyna"}}]}},"_links":{"self":[{"href":"https:\/\/printu.pl\/blog\/wp-json\/wp\/v2\/posts\/636"}],"collection":[{"href":"https:\/\/printu.pl\/blog\/wp-json\/wp\/v2\/posts"}],"about":[{"href":"https:\/\/printu.pl\/blog\/wp-json\/wp\/v2\/types\/post"}],"author":[{"embeddable":true,"href":"https:\/\/printu.pl\/blog\/wp-json\/wp\/v2\/users\/4"}],"replies":[{"embeddable":true,"href":"https:\/\/printu.pl\/blog\/wp-json\/wp\/v2\/comments?post=636"}],"version-history":[{"count":18,"href":"https:\/\/printu.pl\/blog\/wp-json\/wp\/v2\/posts\/636\/revisions"}],"predecessor-version":[{"id":6319,"href":"https:\/\/printu.pl\/blog\/wp-json\/wp\/v2\/posts\/636\/revisions\/6319"}],"wp:attachment":[{"href":"https:\/\/printu.pl\/blog\/wp-json\/wp\/v2\/media?parent=636"}],"wp:term":[{"taxonomy":"category","embeddable":true,"href":"https:\/\/printu.pl\/blog\/wp-json\/wp\/v2\/categories?post=636"},{"taxonomy":"post_tag","embeddable":true,"href":"https:\/\/printu.pl\/blog\/wp-json\/wp\/v2\/tags?post=636"}],"curies":[{"name":"wp","href":"https:\/\/api.w.org\/{rel}","templated":true}]}}