{"id":6575,"date":"2015-11-05T16:22:36","date_gmt":"2015-11-05T15:22:36","guid":{"rendered":"http:\/\/blog.printu.pl\/?p=6575"},"modified":"2016-01-18T17:26:30","modified_gmt":"2016-01-18T16:26:30","slug":"podsumowanie-dwoch-lat-zycia-dziecka","status":"publish","type":"post","link":"https:\/\/printu.pl\/blog\/2015\/11\/05\/podsumowanie-dwoch-lat-zycia-dziecka\/","title":{"rendered":"Podsumowanie dw\u00f3ch lat \u017cycia dziecka"},"content":{"rendered":"<p><img decoding=\"async\" loading=\"lazy\" class=\"aligncenter wp-image-6576 size-full\" src=\"http:\/\/blog.printu.pl\/wp-content\/uploads\/2016\/01\/Dwa-lata-\u017cycia-dziecka.jpg\" alt=\"Dwa lata \u017cycia dziecka\" width=\"700\" height=\"350\" srcset=\"https:\/\/s3-eu-central-1.amazonaws.com\/printu-blog\/wp-content\/uploads\/2016\/01\/Dwa-lata-%C5%BCycia-dziecka.jpg 700w, https:\/\/s3-eu-central-1.amazonaws.com\/printu-blog\/wp-content\/uploads\/2016\/01\/Dwa-lata-%C5%BCycia-dziecka-300x150.jpg 300w\" sizes=\"(max-width: 700px) 100vw, 700px\" \/><\/p>\n<p>Czas p\u0142ynie szybko, a kiedy w naszym \u017cyciu pojawi\u0105 si\u0119 dzieci, mo\u017cna wr\u0119cz powiedzie\u0107, \u017ce jeszcze bardziej przyspiesza. Pierwszy miesi\u0105c, p\u00f3\u0142 roczku, rok, dwa latka, a my orientujemy si\u0119, \u017ce tak ma\u0142o szczeg\u00f3\u0142\u00f3w wa\u017cnych chwil pami\u0119tamy. Warto wi\u0119c od czasu do czasu robi\u0107 <a href=\"http:\/\/printu.pl\/fotoksiazka\/szablony\/podsumowanie-roku\/\" target=\"_blank\">podsumowanie<\/a> &#8211; do tego idealnie nadaje si\u0119 <a href=\"http:\/\/printu.pl\/fotoksiazka\/\" target=\"_blank\">fotoksi\u0105\u017cka Printu<\/a>. Zobaczcie jak swoje podsumowanie stworzy\u0142a Karolina z bloga ja-matka.pl: &#8222;<a href=\"http:\/\/www.ja-matka.pl\/2015\/10\/mam-2-latka-2-i-po-ku-pamieci.html\" target=\"_blank\">Mam 2 latka, 2 i p\u00f3\u0142&#8230;&#8221;<\/a>.<\/p>\n<p><!--more--><\/p>\n<p><img decoding=\"async\" loading=\"lazy\" class=\"aligncenter wp-image-6577\" src=\"http:\/\/blog.printu.pl\/wp-content\/uploads\/2016\/01\/Podsumowanie-2-lat-dziecka-1.jpg\" alt=\"Podsumowanie 2 lat dziecka (1)\" width=\"700\" height=\"560\" srcset=\"https:\/\/s3-eu-central-1.amazonaws.com\/printu-blog\/wp-content\/uploads\/2016\/01\/Podsumowanie-2-lat-dziecka-1.jpg 1600w, https:\/\/s3-eu-central-1.amazonaws.com\/printu-blog\/wp-content\/uploads\/2016\/01\/Podsumowanie-2-lat-dziecka-1-300x240.jpg 300w, https:\/\/s3-eu-central-1.amazonaws.com\/printu-blog\/wp-content\/uploads\/2016\/01\/Podsumowanie-2-lat-dziecka-1-768x615.jpg 768w, https:\/\/s3-eu-central-1.amazonaws.com\/printu-blog\/wp-content\/uploads\/2016\/01\/Podsumowanie-2-lat-dziecka-1-625x500.jpg 625w\" sizes=\"(max-width: 700px) 100vw, 700px\" \/> <img decoding=\"async\" loading=\"lazy\" class=\"aligncenter wp-image-6578\" src=\"http:\/\/blog.printu.pl\/wp-content\/uploads\/2016\/01\/Podsumowanie-2-lat-dziecka-2.jpg\" alt=\"Podsumowanie 2 lat dziecka (2)\" width=\"700\" height=\"578\" srcset=\"https:\/\/s3-eu-central-1.amazonaws.com\/printu-blog\/wp-content\/uploads\/2016\/01\/Podsumowanie-2-lat-dziecka-2.jpg 1600w, https:\/\/s3-eu-central-1.amazonaws.com\/printu-blog\/wp-content\/uploads\/2016\/01\/Podsumowanie-2-lat-dziecka-2-300x248.jpg 300w, https:\/\/s3-eu-central-1.amazonaws.com\/printu-blog\/wp-content\/uploads\/2016\/01\/Podsumowanie-2-lat-dziecka-2-768x634.jpg 768w, https:\/\/s3-eu-central-1.amazonaws.com\/printu-blog\/wp-content\/uploads\/2016\/01\/Podsumowanie-2-lat-dziecka-2-606x500.jpg 606w\" sizes=\"(max-width: 700px) 100vw, 700px\" \/> <img decoding=\"async\" loading=\"lazy\" class=\"aligncenter wp-image-6579\" src=\"http:\/\/blog.printu.pl\/wp-content\/uploads\/2016\/01\/Podsumowanie-2-lat-dziecka-3.jpg\" alt=\"Podsumowanie 2 lat dziecka (3)\" width=\"700\" height=\"580\" srcset=\"https:\/\/s3-eu-central-1.amazonaws.com\/printu-blog\/wp-content\/uploads\/2016\/01\/Podsumowanie-2-lat-dziecka-3.jpg 1600w, https:\/\/s3-eu-central-1.amazonaws.com\/printu-blog\/wp-content\/uploads\/2016\/01\/Podsumowanie-2-lat-dziecka-3-300x249.jpg 300w, https:\/\/s3-eu-central-1.amazonaws.com\/printu-blog\/wp-content\/uploads\/2016\/01\/Podsumowanie-2-lat-dziecka-3-768x636.jpg 768w, https:\/\/s3-eu-central-1.amazonaws.com\/printu-blog\/wp-content\/uploads\/2016\/01\/Podsumowanie-2-lat-dziecka-3-603x500.jpg 603w\" sizes=\"(max-width: 700px) 100vw, 700px\" \/> <img decoding=\"async\" loading=\"lazy\" class=\"aligncenter wp-image-6580\" src=\"http:\/\/blog.printu.pl\/wp-content\/uploads\/2016\/01\/Podsumowanie-2-lat-dziecka-4.jpg\" alt=\"Podsumowanie 2 lat dziecka (4)\" width=\"700\" height=\"576\" srcset=\"https:\/\/s3-eu-central-1.amazonaws.com\/printu-blog\/wp-content\/uploads\/2016\/01\/Podsumowanie-2-lat-dziecka-4.jpg 1600w, https:\/\/s3-eu-central-1.amazonaws.com\/printu-blog\/wp-content\/uploads\/2016\/01\/Podsumowanie-2-lat-dziecka-4-300x247.jpg 300w, https:\/\/s3-eu-central-1.amazonaws.com\/printu-blog\/wp-content\/uploads\/2016\/01\/Podsumowanie-2-lat-dziecka-4-768x632.jpg 768w, https:\/\/s3-eu-central-1.amazonaws.com\/printu-blog\/wp-content\/uploads\/2016\/01\/Podsumowanie-2-lat-dziecka-4-608x500.jpg 608w\" sizes=\"(max-width: 700px) 100vw, 700px\" \/><\/p>\n","protected":false},"excerpt":{"rendered":"<p>Czas p\u0142ynie szybko, a kiedy w naszym \u017cyciu pojawi\u0105 si\u0119 dzieci, mo\u017cna wr\u0119cz powiedzie\u0107, \u017ce jeszcze bardziej przyspiesza. Pierwszy miesi\u0105c, p\u00f3\u0142 roczku, rok, dwa latka, a my orientujemy si\u0119, \u017ce tak ma\u0142o szczeg\u00f3\u0142\u00f3w wa\u017cnych chwil pami\u0119tamy. Warto wi\u0119c od czasu do czasu robi\u0107 podsumowanie &#8211; do tego idealnie nadaje si\u0119 fotoksi\u0105\u017cka Printu. Zobaczcie jak swoje &hellip;<\/p>\n","protected":false},"author":4,"featured_media":0,"comment_status":"open","ping_status":"closed","sticky":false,"template":"","format":"standard","meta":[],"categories":[143],"tags":[1277,589,1184],"yoast_head":"<!-- This site is optimized with the Yoast SEO plugin v19.13 - https:\/\/yoast.com\/wordpress\/plugins\/seo\/ -->\n<title>Podsumowanie dw\u00f3ch lat \u017cycia dziecka - Printu.pl<\/title>\n<meta name=\"robots\" content=\"index, follow, max-snippet:-1, max-image-preview:large, max-video-preview:-1\" \/>\n<link rel=\"canonical\" href=\"https:\/\/printu.pl\/blog\/2015\/11\/05\/podsumowanie-dwoch-lat-zycia-dziecka\/\" \/>\n<meta property=\"og:locale\" content=\"pl_PL\" \/>\n<meta property=\"og:type\" content=\"article\" \/>\n<meta property=\"og:title\" content=\"Podsumowanie dw\u00f3ch lat \u017cycia dziecka - Printu.pl\" \/>\n<meta property=\"og:description\" content=\"Czas p\u0142ynie szybko, a kiedy w naszym \u017cyciu pojawi\u0105 si\u0119 dzieci, mo\u017cna wr\u0119cz powiedzie\u0107, \u017ce jeszcze bardziej przyspiesza. Pierwszy miesi\u0105c, p\u00f3\u0142 roczku, rok, dwa latka, a my orientujemy si\u0119, \u017ce tak ma\u0142o szczeg\u00f3\u0142\u00f3w wa\u017cnych chwil pami\u0119tamy. Warto wi\u0119c od czasu do czasu robi\u0107 podsumowanie &#8211; do tego idealnie nadaje si\u0119 fotoksi\u0105\u017cka Printu. Zobaczcie jak swoje &hellip;\" \/>\n<meta property=\"og:url\" content=\"https:\/\/printu.pl\/blog\/2015\/11\/05\/podsumowanie-dwoch-lat-zycia-dziecka\/\" \/>\n<meta property=\"og:site_name\" content=\"blog\" \/>\n<meta property=\"article:publisher\" content=\"https:\/\/www.facebook.com\/printupl\" \/>\n<meta property=\"article:published_time\" content=\"2015-11-05T15:22:36+00:00\" \/>\n<meta property=\"article:modified_time\" content=\"2016-01-18T16:26:30+00:00\" \/>\n<meta property=\"og:image\" content=\"http:\/\/blog.printu.pl\/wp-content\/uploads\/2016\/01\/Podsumowanie-2-lat-dziecka-1.jpg\" \/>\n<meta name=\"author\" content=\"Katarzyna\" \/>\n<meta name=\"twitter:card\" content=\"summary_large_image\" \/>\n<meta name=\"twitter:creator\" content=\"@printupl\" \/>\n<meta name=\"twitter:site\" content=\"@printupl\" \/>\n<meta name=\"twitter:label1\" content=\"Napisane przez\" \/>\n\t<meta name=\"twitter:data1\" content=\"Katarzyna\" \/>\n<!-- \/ Yoast SEO plugin. -->","yoast_head_json":{"title":"Podsumowanie dw\u00f3ch lat \u017cycia dziecka - Printu.pl","robots":{"index":"index","follow":"follow","max-snippet":"max-snippet:-1","max-image-preview":"max-image-preview:large","max-video-preview":"max-video-preview:-1"},"canonical":"https:\/\/printu.pl\/blog\/2015\/11\/05\/podsumowanie-dwoch-lat-zycia-dziecka\/","og_locale":"pl_PL","og_type":"article","og_title":"Podsumowanie dw\u00f3ch lat \u017cycia dziecka - Printu.pl","og_description":"Czas p\u0142ynie szybko, a kiedy w naszym \u017cyciu pojawi\u0105 si\u0119 dzieci, mo\u017cna wr\u0119cz powiedzie\u0107, \u017ce jeszcze bardziej przyspiesza. Pierwszy miesi\u0105c, p\u00f3\u0142 roczku, rok, dwa latka, a my orientujemy si\u0119, \u017ce tak ma\u0142o szczeg\u00f3\u0142\u00f3w wa\u017cnych chwil pami\u0119tamy. Warto wi\u0119c od czasu do czasu robi\u0107 podsumowanie &#8211; do tego idealnie nadaje si\u0119 fotoksi\u0105\u017cka Printu. Zobaczcie jak swoje &hellip;","og_url":"https:\/\/printu.pl\/blog\/2015\/11\/05\/podsumowanie-dwoch-lat-zycia-dziecka\/","og_site_name":"blog","article_publisher":"https:\/\/www.facebook.com\/printupl","article_published_time":"2015-11-05T15:22:36+00:00","article_modified_time":"2016-01-18T16:26:30+00:00","og_image":[{"url":"http:\/\/blog.printu.pl\/wp-content\/uploads\/2016\/01\/Podsumowanie-2-lat-dziecka-1.jpg"}],"author":"Katarzyna","twitter_card":"summary_large_image","twitter_creator":"@printupl","twitter_site":"@printupl","twitter_misc":{"Napisane przez":"Katarzyna"},"schema":{"@context":"https:\/\/schema.org","@graph":[{"@type":"Article","@id":"https:\/\/printu.pl\/blog\/2015\/11\/05\/podsumowanie-dwoch-lat-zycia-dziecka\/#article","isPartOf":{"@id":"https:\/\/printu.pl\/blog\/2015\/11\/05\/podsumowanie-dwoch-lat-zycia-dziecka\/"},"author":{"name":"Katarzyna","@id":"https:\/\/printu.pl\/blog\/#\/schema\/person\/1552825435ffb2cc058d57ea4dd17e22"},"headline":"Podsumowanie dw\u00f3ch lat \u017cycia dziecka","datePublished":"2015-11-05T15:22:36+00:00","dateModified":"2016-01-18T16:26:30+00:00","mainEntityOfPage":{"@id":"https:\/\/printu.pl\/blog\/2015\/11\/05\/podsumowanie-dwoch-lat-zycia-dziecka\/"},"wordCount":83,"commentCount":0,"publisher":{"@id":"https:\/\/printu.pl\/blog\/#organization"},"keywords":["fotoksi\u0105\u017cka dwulatka","fotoksi\u0105\u017cka wspomnie\u0144","podsumowanie roku"],"articleSection":["Napisali o nas"],"inLanguage":"pl-PL","potentialAction":[{"@type":"CommentAction","name":"Comment","target":["https:\/\/printu.pl\/blog\/2015\/11\/05\/podsumowanie-dwoch-lat-zycia-dziecka\/#respond"]}]},{"@type":"WebPage","@id":"https:\/\/printu.pl\/blog\/2015\/11\/05\/podsumowanie-dwoch-lat-zycia-dziecka\/","url":"https:\/\/printu.pl\/blog\/2015\/11\/05\/podsumowanie-dwoch-lat-zycia-dziecka\/","name":"Podsumowanie dw\u00f3ch lat \u017cycia dziecka - Printu.pl","isPartOf":{"@id":"https:\/\/printu.pl\/blog\/#website"},"datePublished":"2015-11-05T15:22:36+00:00","dateModified":"2016-01-18T16:26:30+00:00","breadcrumb":{"@id":"https:\/\/printu.pl\/blog\/2015\/11\/05\/podsumowanie-dwoch-lat-zycia-dziecka\/#breadcrumb"},"inLanguage":"pl-PL","potentialAction":[{"@type":"ReadAction","target":["https:\/\/printu.pl\/blog\/2015\/11\/05\/podsumowanie-dwoch-lat-zycia-dziecka\/"]}]},{"@type":"BreadcrumbList","@id":"https:\/\/printu.pl\/blog\/2015\/11\/05\/podsumowanie-dwoch-lat-zycia-dziecka\/#breadcrumb","itemListElement":[{"@type":"ListItem","position":1,"name":"Strona g\u0142\u00f3wna","item":"https:\/\/printu.pl\/blog\/"},{"@type":"ListItem","position":2,"name":"Podsumowanie dw\u00f3ch lat \u017cycia dziecka"}]},{"@type":"WebSite","@id":"https:\/\/printu.pl\/blog\/#website","url":"https:\/\/printu.pl\/blog\/","name":"blog","description":"blog","publisher":{"@id":"https:\/\/printu.pl\/blog\/#organization"},"potentialAction":[{"@type":"SearchAction","target":{"@type":"EntryPoint","urlTemplate":"https:\/\/printu.pl\/blog\/?s={search_term_string}"},"query-input":"required name=search_term_string"}],"inLanguage":"pl-PL"},{"@type":"Organization","@id":"https:\/\/printu.pl\/blog\/#organization","name":"blog","url":"https:\/\/printu.pl\/blog\/","logo":{"@type":"ImageObject","inLanguage":"pl-PL","@id":"https:\/\/printu.pl\/blog\/#\/schema\/logo\/image\/","url":"https:\/\/s3-eu-central-1.amazonaws.com\/printu-blog\/wp-content\/uploads\/2017\/02\/printu-logo.png","contentUrl":"https:\/\/s3-eu-central-1.amazonaws.com\/printu-blog\/wp-content\/uploads\/2017\/02\/printu-logo.png","width":143,"height":34,"caption":" blog"},"image":{"@id":"https:\/\/printu.pl\/blog\/#\/schema\/logo\/image\/"},"sameAs":["https:\/\/instagram.com\/printupl","https:\/\/www.facebook.com\/printupl","https:\/\/twitter.com\/printupl"]},{"@type":"Person","@id":"https:\/\/printu.pl\/blog\/#\/schema\/person\/1552825435ffb2cc058d57ea4dd17e22","name":"Katarzyna","image":{"@type":"ImageObject","inLanguage":"pl-PL","@id":"https:\/\/printu.pl\/blog\/#\/schema\/person\/image\/","url":"https:\/\/secure.gravatar.com\/avatar\/39b1f1f0db1aa82c65afeee9d7610280?s=96&d=mm&r=g","contentUrl":"https:\/\/secure.gravatar.com\/avatar\/39b1f1f0db1aa82c65afeee9d7610280?s=96&d=mm&r=g","caption":"Katarzyna"}}]}},"_links":{"self":[{"href":"https:\/\/printu.pl\/blog\/wp-json\/wp\/v2\/posts\/6575"}],"collection":[{"href":"https:\/\/printu.pl\/blog\/wp-json\/wp\/v2\/posts"}],"about":[{"href":"https:\/\/printu.pl\/blog\/wp-json\/wp\/v2\/types\/post"}],"author":[{"embeddable":true,"href":"https:\/\/printu.pl\/blog\/wp-json\/wp\/v2\/users\/4"}],"replies":[{"embeddable":true,"href":"https:\/\/printu.pl\/blog\/wp-json\/wp\/v2\/comments?post=6575"}],"version-history":[{"count":3,"href":"https:\/\/printu.pl\/blog\/wp-json\/wp\/v2\/posts\/6575\/revisions"}],"predecessor-version":[{"id":6583,"href":"https:\/\/printu.pl\/blog\/wp-json\/wp\/v2\/posts\/6575\/revisions\/6583"}],"wp:attachment":[{"href":"https:\/\/printu.pl\/blog\/wp-json\/wp\/v2\/media?parent=6575"}],"wp:term":[{"taxonomy":"category","embeddable":true,"href":"https:\/\/printu.pl\/blog\/wp-json\/wp\/v2\/categories?post=6575"},{"taxonomy":"post_tag","embeddable":true,"href":"https:\/\/printu.pl\/blog\/wp-json\/wp\/v2\/tags?post=6575"}],"curies":[{"name":"wp","href":"https:\/\/api.w.org\/{rel}","templated":true}]}}