{"id":6962,"date":"2016-01-01T14:29:37","date_gmt":"2016-01-01T13:29:37","guid":{"rendered":"http:\/\/blog.printu.pl\/?p=6962"},"modified":"2016-02-05T14:56:21","modified_gmt":"2016-02-05T13:56:21","slug":"fotoksiazka-na-podsumowanie-roku","status":"publish","type":"post","link":"https:\/\/printu.pl\/blog\/2016\/01\/01\/fotoksiazka-na-podsumowanie-roku\/","title":{"rendered":"Fotoksi\u0105\u017cka na podsumowanie roku"},"content":{"rendered":"<p class=\"post-header\"><img decoding=\"async\" loading=\"lazy\" class=\"aligncenter wp-image-6966 size-full\" src=\"http:\/\/blog.printu.pl\/wp-content\/uploads\/2016\/02\/Fotoksi\u0105\u017cka-dziecka.jpg\" alt=\"Fotoksi\u0105\u017cka dziecka\" width=\"700\" height=\"350\" srcset=\"https:\/\/s3-eu-central-1.amazonaws.com\/printu-blog\/wp-content\/uploads\/2016\/02\/Fotoksi%C4%85%C5%BCka-dziecka.jpg 700w, https:\/\/s3-eu-central-1.amazonaws.com\/printu-blog\/wp-content\/uploads\/2016\/02\/Fotoksi%C4%85%C5%BCka-dziecka-300x150.jpg 300w\" sizes=\"(max-width: 700px) 100vw, 700px\" \/>Angelika \u017ca\u0142uje, \u017ce nie utrwali\u0142a wielu wa\u017cnych chwil na fotografiach. Mimo wszystko uda\u0142o jej si\u0119 wybra\u0107 ulubione zdj\u0119cia z 2015 roku i stworzy\u0107 z nich pi\u0119kne podsumowanie w formie fotoksi\u0105\u017cki Printu.\u00a0 Wybra\u0142a format 25&#215;20 i szablon <a href=\"http:\/\/printu.pl\/fotoksiazka\/szablony\/mietowo-mi\" target=\"_blank\">Mi\u0119towo Mi<\/a> i podzieli\u0142a si\u0119 z nami, \u017ce to fotoksi\u0105\u017cka &#8211; podsumowanie roku to najlepszy spos\u00f3b dla tych, kt\u00f3rzy nie pami\u0119taj\u0105 o wywo\u0142ywaniu rodzinnych zdj\u0119\u0107, b\u0105d\u017a po ich wywo\u0142aniu nie maj\u0105 zapa\u0142u do wklejana ich do albumu. Wi\u0119cej na blogu mama-granda.pl: <a href=\"http:\/\/www.mama-granda.pl\/2016\/01\/rozwoj-sowo-na-rok-2016.html\" target=\"_blank\">&#8222;Rozw\u00f3j &#8211; s\u0142owo na rok 2016&#8221;<\/a><\/p>\n<p class=\"post-header\"><!--more--><\/p>\n<p class=\"post-header\"><img decoding=\"async\" loading=\"lazy\" class=\"aligncenter wp-image-6967\" src=\"http:\/\/blog.printu.pl\/wp-content\/uploads\/2016\/02\/fotoksi\u0105\u017cka-dziecka-1.jpg\" alt=\"fotoksi\u0105\u017cka dziecka (1)\" width=\"700\" height=\"525\" srcset=\"https:\/\/s3-eu-central-1.amazonaws.com\/printu-blog\/wp-content\/uploads\/2016\/02\/fotoksi%C4%85%C5%BCka-dziecka-1.jpg 1600w, https:\/\/s3-eu-central-1.amazonaws.com\/printu-blog\/wp-content\/uploads\/2016\/02\/fotoksi%C4%85%C5%BCka-dziecka-1-300x225.jpg 300w, https:\/\/s3-eu-central-1.amazonaws.com\/printu-blog\/wp-content\/uploads\/2016\/02\/fotoksi%C4%85%C5%BCka-dziecka-1-768x576.jpg 768w, https:\/\/s3-eu-central-1.amazonaws.com\/printu-blog\/wp-content\/uploads\/2016\/02\/fotoksi%C4%85%C5%BCka-dziecka-1-667x500.jpg 667w\" sizes=\"(max-width: 700px) 100vw, 700px\" \/> <img decoding=\"async\" loading=\"lazy\" class=\"aligncenter wp-image-6968\" src=\"http:\/\/blog.printu.pl\/wp-content\/uploads\/2016\/02\/fotoksi\u0105\u017cka-dziecka-2.jpg\" alt=\"fotoksi\u0105\u017cka dziecka (2)\" width=\"700\" height=\"525\" srcset=\"https:\/\/s3-eu-central-1.amazonaws.com\/printu-blog\/wp-content\/uploads\/2016\/02\/fotoksi%C4%85%C5%BCka-dziecka-2.jpg 1600w, https:\/\/s3-eu-central-1.amazonaws.com\/printu-blog\/wp-content\/uploads\/2016\/02\/fotoksi%C4%85%C5%BCka-dziecka-2-300x225.jpg 300w, https:\/\/s3-eu-central-1.amazonaws.com\/printu-blog\/wp-content\/uploads\/2016\/02\/fotoksi%C4%85%C5%BCka-dziecka-2-768x576.jpg 768w, https:\/\/s3-eu-central-1.amazonaws.com\/printu-blog\/wp-content\/uploads\/2016\/02\/fotoksi%C4%85%C5%BCka-dziecka-2-667x500.jpg 667w\" sizes=\"(max-width: 700px) 100vw, 700px\" \/> <img decoding=\"async\" loading=\"lazy\" class=\"aligncenter wp-image-6969\" src=\"http:\/\/blog.printu.pl\/wp-content\/uploads\/2016\/02\/fotoksi\u0105\u017cka-dziecka-3.jpg\" alt=\"fotoksi\u0105\u017cka dziecka (3)\" width=\"700\" height=\"525\" srcset=\"https:\/\/s3-eu-central-1.amazonaws.com\/printu-blog\/wp-content\/uploads\/2016\/02\/fotoksi%C4%85%C5%BCka-dziecka-3.jpg 1600w, https:\/\/s3-eu-central-1.amazonaws.com\/printu-blog\/wp-content\/uploads\/2016\/02\/fotoksi%C4%85%C5%BCka-dziecka-3-300x225.jpg 300w, https:\/\/s3-eu-central-1.amazonaws.com\/printu-blog\/wp-content\/uploads\/2016\/02\/fotoksi%C4%85%C5%BCka-dziecka-3-768x576.jpg 768w, https:\/\/s3-eu-central-1.amazonaws.com\/printu-blog\/wp-content\/uploads\/2016\/02\/fotoksi%C4%85%C5%BCka-dziecka-3-667x500.jpg 667w\" sizes=\"(max-width: 700px) 100vw, 700px\" \/> <img decoding=\"async\" loading=\"lazy\" class=\"aligncenter wp-image-6970\" src=\"http:\/\/blog.printu.pl\/wp-content\/uploads\/2016\/02\/fotoksi\u0105\u017cka-dziecka-4.jpg\" alt=\"fotoksi\u0105\u017cka dziecka (4)\" width=\"700\" height=\"525\" srcset=\"https:\/\/s3-eu-central-1.amazonaws.com\/printu-blog\/wp-content\/uploads\/2016\/02\/fotoksi%C4%85%C5%BCka-dziecka-4.jpg 1600w, https:\/\/s3-eu-central-1.amazonaws.com\/printu-blog\/wp-content\/uploads\/2016\/02\/fotoksi%C4%85%C5%BCka-dziecka-4-300x225.jpg 300w, https:\/\/s3-eu-central-1.amazonaws.com\/printu-blog\/wp-content\/uploads\/2016\/02\/fotoksi%C4%85%C5%BCka-dziecka-4-768x576.jpg 768w, https:\/\/s3-eu-central-1.amazonaws.com\/printu-blog\/wp-content\/uploads\/2016\/02\/fotoksi%C4%85%C5%BCka-dziecka-4-667x500.jpg 667w\" sizes=\"(max-width: 700px) 100vw, 700px\" \/> <img decoding=\"async\" loading=\"lazy\" class=\"aligncenter wp-image-6971\" src=\"http:\/\/blog.printu.pl\/wp-content\/uploads\/2016\/02\/fotoksi\u0105\u017cka-dziecka-5.jpg\" alt=\"fotoksi\u0105\u017cka dziecka (5)\" width=\"700\" height=\"525\" srcset=\"https:\/\/s3-eu-central-1.amazonaws.com\/printu-blog\/wp-content\/uploads\/2016\/02\/fotoksi%C4%85%C5%BCka-dziecka-5.jpg 1600w, https:\/\/s3-eu-central-1.amazonaws.com\/printu-blog\/wp-content\/uploads\/2016\/02\/fotoksi%C4%85%C5%BCka-dziecka-5-300x225.jpg 300w, https:\/\/s3-eu-central-1.amazonaws.com\/printu-blog\/wp-content\/uploads\/2016\/02\/fotoksi%C4%85%C5%BCka-dziecka-5-768x576.jpg 768w, https:\/\/s3-eu-central-1.amazonaws.com\/printu-blog\/wp-content\/uploads\/2016\/02\/fotoksi%C4%85%C5%BCka-dziecka-5-667x500.jpg 667w\" sizes=\"(max-width: 700px) 100vw, 700px\" \/> <a href=\"http:\/\/blog.printu.pl\/wp-content\/uploads\/2016\/02\/fotoksi\u0105\u017cka-dziecka-6.jpg\"><img decoding=\"async\" loading=\"lazy\" class=\"aligncenter wp-image-6972\" src=\"http:\/\/blog.printu.pl\/wp-content\/uploads\/2016\/02\/fotoksi\u0105\u017cka-dziecka-6.jpg\" alt=\"fotoksi\u0105\u017cka dziecka (6)\" width=\"700\" height=\"933\" srcset=\"https:\/\/s3-eu-central-1.amazonaws.com\/printu-blog\/wp-content\/uploads\/2016\/02\/fotoksi%C4%85%C5%BCka-dziecka-6.jpg 1200w, https:\/\/s3-eu-central-1.amazonaws.com\/printu-blog\/wp-content\/uploads\/2016\/02\/fotoksi%C4%85%C5%BCka-dziecka-6-225x300.jpg 225w, https:\/\/s3-eu-central-1.amazonaws.com\/printu-blog\/wp-content\/uploads\/2016\/02\/fotoksi%C4%85%C5%BCka-dziecka-6-768x1024.jpg 768w, https:\/\/s3-eu-central-1.amazonaws.com\/printu-blog\/wp-content\/uploads\/2016\/02\/fotoksi%C4%85%C5%BCka-dziecka-6-375x500.jpg 375w\" sizes=\"(max-width: 700px) 100vw, 700px\" \/><\/a><\/p>\n<p class=\"post-header\">\n","protected":false},"excerpt":{"rendered":"<p>Angelika \u017ca\u0142uje, \u017ce nie utrwali\u0142a wielu wa\u017cnych chwil na fotografiach. Mimo wszystko uda\u0142o jej si\u0119 wybra\u0107 ulubione zdj\u0119cia z 2015 roku i stworzy\u0107 z nich pi\u0119kne podsumowanie w formie fotoksi\u0105\u017cki Printu.\u00a0 Wybra\u0142a format 25&#215;20 i szablon Mi\u0119towo Mi i podzieli\u0142a si\u0119 z nami, \u017ce to fotoksi\u0105\u017cka &#8211; podsumowanie roku to najlepszy spos\u00f3b dla tych, kt\u00f3rzy &hellip;<\/p>\n","protected":false},"author":4,"featured_media":0,"comment_status":"open","ping_status":"closed","sticky":false,"template":"","format":"standard","meta":[],"categories":[143],"tags":[141,1184,146],"yoast_head":"<!-- This site is optimized with the Yoast SEO plugin v19.13 - https:\/\/yoast.com\/wordpress\/plugins\/seo\/ -->\n<title>Fotoksi\u0105\u017cka na podsumowanie roku - Printu.pl<\/title>\n<meta name=\"robots\" content=\"index, follow, max-snippet:-1, max-image-preview:large, max-video-preview:-1\" \/>\n<link rel=\"canonical\" href=\"https:\/\/printu.pl\/blog\/2016\/01\/01\/fotoksiazka-na-podsumowanie-roku\/\" \/>\n<meta property=\"og:locale\" content=\"pl_PL\" \/>\n<meta property=\"og:type\" content=\"article\" \/>\n<meta property=\"og:title\" content=\"Fotoksi\u0105\u017cka na podsumowanie roku - Printu.pl\" \/>\n<meta property=\"og:description\" content=\"Angelika \u017ca\u0142uje, \u017ce nie utrwali\u0142a wielu wa\u017cnych chwil na fotografiach. Mimo wszystko uda\u0142o jej si\u0119 wybra\u0107 ulubione zdj\u0119cia z 2015 roku i stworzy\u0107 z nich pi\u0119kne podsumowanie w formie fotoksi\u0105\u017cki Printu.\u00a0 Wybra\u0142a format 25&#215;20 i szablon Mi\u0119towo Mi i podzieli\u0142a si\u0119 z nami, \u017ce to fotoksi\u0105\u017cka &#8211; podsumowanie roku to najlepszy spos\u00f3b dla tych, kt\u00f3rzy &hellip;\" \/>\n<meta property=\"og:url\" content=\"https:\/\/printu.pl\/blog\/2016\/01\/01\/fotoksiazka-na-podsumowanie-roku\/\" \/>\n<meta property=\"og:site_name\" content=\"blog\" \/>\n<meta property=\"article:publisher\" content=\"https:\/\/www.facebook.com\/printupl\" \/>\n<meta property=\"article:published_time\" content=\"2016-01-01T13:29:37+00:00\" \/>\n<meta property=\"article:modified_time\" content=\"2016-02-05T13:56:21+00:00\" \/>\n<meta name=\"author\" content=\"Katarzyna\" \/>\n<meta name=\"twitter:card\" content=\"summary_large_image\" \/>\n<meta name=\"twitter:creator\" content=\"@printupl\" \/>\n<meta name=\"twitter:site\" content=\"@printupl\" \/>\n<meta name=\"twitter:label1\" content=\"Napisane przez\" \/>\n\t<meta name=\"twitter:data1\" content=\"Katarzyna\" \/>\n\t<meta name=\"twitter:label2\" content=\"Szacowany czas czytania\" \/>\n\t<meta name=\"twitter:data2\" content=\"1 minuta\" \/>\n<!-- \/ Yoast SEO plugin. -->","yoast_head_json":{"title":"Fotoksi\u0105\u017cka na podsumowanie roku - Printu.pl","robots":{"index":"index","follow":"follow","max-snippet":"max-snippet:-1","max-image-preview":"max-image-preview:large","max-video-preview":"max-video-preview:-1"},"canonical":"https:\/\/printu.pl\/blog\/2016\/01\/01\/fotoksiazka-na-podsumowanie-roku\/","og_locale":"pl_PL","og_type":"article","og_title":"Fotoksi\u0105\u017cka na podsumowanie roku - Printu.pl","og_description":"Angelika \u017ca\u0142uje, \u017ce nie utrwali\u0142a wielu wa\u017cnych chwil na fotografiach. Mimo wszystko uda\u0142o jej si\u0119 wybra\u0107 ulubione zdj\u0119cia z 2015 roku i stworzy\u0107 z nich pi\u0119kne podsumowanie w formie fotoksi\u0105\u017cki Printu.\u00a0 Wybra\u0142a format 25&#215;20 i szablon Mi\u0119towo Mi i podzieli\u0142a si\u0119 z nami, \u017ce to fotoksi\u0105\u017cka &#8211; podsumowanie roku to najlepszy spos\u00f3b dla tych, kt\u00f3rzy &hellip;","og_url":"https:\/\/printu.pl\/blog\/2016\/01\/01\/fotoksiazka-na-podsumowanie-roku\/","og_site_name":"blog","article_publisher":"https:\/\/www.facebook.com\/printupl","article_published_time":"2016-01-01T13:29:37+00:00","article_modified_time":"2016-02-05T13:56:21+00:00","author":"Katarzyna","twitter_card":"summary_large_image","twitter_creator":"@printupl","twitter_site":"@printupl","twitter_misc":{"Napisane przez":"Katarzyna","Szacowany czas czytania":"1 minuta"},"schema":{"@context":"https:\/\/schema.org","@graph":[{"@type":"Article","@id":"https:\/\/printu.pl\/blog\/2016\/01\/01\/fotoksiazka-na-podsumowanie-roku\/#article","isPartOf":{"@id":"https:\/\/printu.pl\/blog\/2016\/01\/01\/fotoksiazka-na-podsumowanie-roku\/"},"author":{"name":"Katarzyna","@id":"https:\/\/printu.pl\/blog\/#\/schema\/person\/1552825435ffb2cc058d57ea4dd17e22"},"headline":"Fotoksi\u0105\u017cka na podsumowanie roku","datePublished":"2016-01-01T13:29:37+00:00","dateModified":"2016-02-05T13:56:21+00:00","mainEntityOfPage":{"@id":"https:\/\/printu.pl\/blog\/2016\/01\/01\/fotoksiazka-na-podsumowanie-roku\/"},"wordCount":108,"commentCount":0,"publisher":{"@id":"https:\/\/printu.pl\/blog\/#organization"},"keywords":["fotoksi\u0105\u017cka PRINTU","podsumowanie roku","wspomnienia"],"articleSection":["Napisali o nas"],"inLanguage":"pl-PL","potentialAction":[{"@type":"CommentAction","name":"Comment","target":["https:\/\/printu.pl\/blog\/2016\/01\/01\/fotoksiazka-na-podsumowanie-roku\/#respond"]}]},{"@type":"WebPage","@id":"https:\/\/printu.pl\/blog\/2016\/01\/01\/fotoksiazka-na-podsumowanie-roku\/","url":"https:\/\/printu.pl\/blog\/2016\/01\/01\/fotoksiazka-na-podsumowanie-roku\/","name":"Fotoksi\u0105\u017cka na podsumowanie roku - Printu.pl","isPartOf":{"@id":"https:\/\/printu.pl\/blog\/#website"},"datePublished":"2016-01-01T13:29:37+00:00","dateModified":"2016-02-05T13:56:21+00:00","breadcrumb":{"@id":"https:\/\/printu.pl\/blog\/2016\/01\/01\/fotoksiazka-na-podsumowanie-roku\/#breadcrumb"},"inLanguage":"pl-PL","potentialAction":[{"@type":"ReadAction","target":["https:\/\/printu.pl\/blog\/2016\/01\/01\/fotoksiazka-na-podsumowanie-roku\/"]}]},{"@type":"BreadcrumbList","@id":"https:\/\/printu.pl\/blog\/2016\/01\/01\/fotoksiazka-na-podsumowanie-roku\/#breadcrumb","itemListElement":[{"@type":"ListItem","position":1,"name":"Strona g\u0142\u00f3wna","item":"https:\/\/printu.pl\/blog\/"},{"@type":"ListItem","position":2,"name":"Fotoksi\u0105\u017cka na podsumowanie roku"}]},{"@type":"WebSite","@id":"https:\/\/printu.pl\/blog\/#website","url":"https:\/\/printu.pl\/blog\/","name":"blog","description":"blog","publisher":{"@id":"https:\/\/printu.pl\/blog\/#organization"},"potentialAction":[{"@type":"SearchAction","target":{"@type":"EntryPoint","urlTemplate":"https:\/\/printu.pl\/blog\/?s={search_term_string}"},"query-input":"required name=search_term_string"}],"inLanguage":"pl-PL"},{"@type":"Organization","@id":"https:\/\/printu.pl\/blog\/#organization","name":"blog","url":"https:\/\/printu.pl\/blog\/","logo":{"@type":"ImageObject","inLanguage":"pl-PL","@id":"https:\/\/printu.pl\/blog\/#\/schema\/logo\/image\/","url":"https:\/\/s3-eu-central-1.amazonaws.com\/printu-blog\/wp-content\/uploads\/2017\/02\/printu-logo.png","contentUrl":"https:\/\/s3-eu-central-1.amazonaws.com\/printu-blog\/wp-content\/uploads\/2017\/02\/printu-logo.png","width":143,"height":34,"caption":" blog"},"image":{"@id":"https:\/\/printu.pl\/blog\/#\/schema\/logo\/image\/"},"sameAs":["https:\/\/instagram.com\/printupl","https:\/\/www.facebook.com\/printupl","https:\/\/twitter.com\/printupl"]},{"@type":"Person","@id":"https:\/\/printu.pl\/blog\/#\/schema\/person\/1552825435ffb2cc058d57ea4dd17e22","name":"Katarzyna","image":{"@type":"ImageObject","inLanguage":"pl-PL","@id":"https:\/\/printu.pl\/blog\/#\/schema\/person\/image\/","url":"https:\/\/secure.gravatar.com\/avatar\/39b1f1f0db1aa82c65afeee9d7610280?s=96&d=mm&r=g","contentUrl":"https:\/\/secure.gravatar.com\/avatar\/39b1f1f0db1aa82c65afeee9d7610280?s=96&d=mm&r=g","caption":"Katarzyna"}}]}},"_links":{"self":[{"href":"https:\/\/printu.pl\/blog\/wp-json\/wp\/v2\/posts\/6962"}],"collection":[{"href":"https:\/\/printu.pl\/blog\/wp-json\/wp\/v2\/posts"}],"about":[{"href":"https:\/\/printu.pl\/blog\/wp-json\/wp\/v2\/types\/post"}],"author":[{"embeddable":true,"href":"https:\/\/printu.pl\/blog\/wp-json\/wp\/v2\/users\/4"}],"replies":[{"embeddable":true,"href":"https:\/\/printu.pl\/blog\/wp-json\/wp\/v2\/comments?post=6962"}],"version-history":[{"count":2,"href":"https:\/\/printu.pl\/blog\/wp-json\/wp\/v2\/posts\/6962\/revisions"}],"predecessor-version":[{"id":6974,"href":"https:\/\/printu.pl\/blog\/wp-json\/wp\/v2\/posts\/6962\/revisions\/6974"}],"wp:attachment":[{"href":"https:\/\/printu.pl\/blog\/wp-json\/wp\/v2\/media?parent=6962"}],"wp:term":[{"taxonomy":"category","embeddable":true,"href":"https:\/\/printu.pl\/blog\/wp-json\/wp\/v2\/categories?post=6962"},{"taxonomy":"post_tag","embeddable":true,"href":"https:\/\/printu.pl\/blog\/wp-json\/wp\/v2\/tags?post=6962"}],"curies":[{"name":"wp","href":"https:\/\/api.w.org\/{rel}","templated":true}]}}