{"id":7096,"date":"2016-01-22T17:16:06","date_gmt":"2016-01-22T16:16:06","guid":{"rendered":"http:\/\/blog.printu.pl\/?p=7096"},"modified":"2016-02-08T17:29:39","modified_gmt":"2016-02-08T16:29:39","slug":"prezent-dla-babci-i-dziadka-2","status":"publish","type":"post","link":"https:\/\/printu.pl\/blog\/2016\/01\/22\/prezent-dla-babci-i-dziadka-2\/","title":{"rendered":"Prezent dla babci i dziadka"},"content":{"rendered":"<p><a href=\"http:\/\/blog.printu.pl\/wp-content\/uploads\/2016\/02\/Prezent-dla-babci-i-dziadka.jpg\"><img decoding=\"async\" loading=\"lazy\" class=\"aligncenter size-full wp-image-7097\" src=\"http:\/\/blog.printu.pl\/wp-content\/uploads\/2016\/02\/Prezent-dla-babci-i-dziadka.jpg\" alt=\"Prezent dla babci i dziadka\" width=\"700\" height=\"350\" srcset=\"https:\/\/s3-eu-central-1.amazonaws.com\/printu-blog\/wp-content\/uploads\/2016\/02\/Prezent-dla-babci-i-dziadka.jpg 700w, https:\/\/s3-eu-central-1.amazonaws.com\/printu-blog\/wp-content\/uploads\/2016\/02\/Prezent-dla-babci-i-dziadka-300x150.jpg 300w\" sizes=\"(max-width: 700px) 100vw, 700px\" \/><\/a>Martyna z bloga <a href=\"http:\/\/www.mamyzdanie.pl\/2015\/12\/prezent-dla-babci-i-dziadka\/\" target=\"_blank\">mamyzdanie.pl<\/a> zaprezentowa\u0142a propozycje prezentu dla Babci i Dziadka. Takiego, kt\u00f3ry b\u0119dzie wzruszaj\u0105cy, nowoczesny, zaskakuj\u0105cy i kt\u00f3ry podbije serce osoby obdarowanej. Domy\u015blacie si\u0119 jaki to prezent? Oczywi\u015bcie fotoksi\u0105\u017cka Printu. Martyna zaprojektowa\u0142a j\u0105 przy u\u017cyciu szablonu <a href=\"http:\/\/printu.pl\/fotoksiazka\/szablony\/mietowo-mi\/\" target=\"_blank\">Mi\u0119towo Mi<\/a> i poleca fotoksi\u0105\u017cki PRINTU dzi\u0119ki kt\u00f3rym mo\u017cna zatrzyma\u0107 na chwil\u0119 czas i przywo\u0142a\u0107 wspomnienia. <!--more--><\/p>\n<p><img decoding=\"async\" loading=\"lazy\" class=\"aligncenter wp-image-7098\" src=\"http:\/\/blog.printu.pl\/wp-content\/uploads\/2016\/02\/Prezent-dla-babci-i-dziadka-1.jpg\" alt=\"Prezent dla babci i dziadka (1)\" width=\"700\" height=\"467\" srcset=\"https:\/\/s3-eu-central-1.amazonaws.com\/printu-blog\/wp-content\/uploads\/2016\/02\/Prezent-dla-babci-i-dziadka-1.jpg 1200w, https:\/\/s3-eu-central-1.amazonaws.com\/printu-blog\/wp-content\/uploads\/2016\/02\/Prezent-dla-babci-i-dziadka-1-300x200.jpg 300w, https:\/\/s3-eu-central-1.amazonaws.com\/printu-blog\/wp-content\/uploads\/2016\/02\/Prezent-dla-babci-i-dziadka-1-768x512.jpg 768w, https:\/\/s3-eu-central-1.amazonaws.com\/printu-blog\/wp-content\/uploads\/2016\/02\/Prezent-dla-babci-i-dziadka-1-700x467.jpg 700w\" sizes=\"(max-width: 700px) 100vw, 700px\" \/> <img decoding=\"async\" loading=\"lazy\" class=\"aligncenter wp-image-7099\" src=\"http:\/\/blog.printu.pl\/wp-content\/uploads\/2016\/02\/Prezent-dla-babci-i-dziadka-2.jpg\" alt=\"Prezent dla babci i dziadka (2)\" width=\"700\" height=\"467\" srcset=\"https:\/\/s3-eu-central-1.amazonaws.com\/printu-blog\/wp-content\/uploads\/2016\/02\/Prezent-dla-babci-i-dziadka-2.jpg 1200w, https:\/\/s3-eu-central-1.amazonaws.com\/printu-blog\/wp-content\/uploads\/2016\/02\/Prezent-dla-babci-i-dziadka-2-300x200.jpg 300w, https:\/\/s3-eu-central-1.amazonaws.com\/printu-blog\/wp-content\/uploads\/2016\/02\/Prezent-dla-babci-i-dziadka-2-768x512.jpg 768w, https:\/\/s3-eu-central-1.amazonaws.com\/printu-blog\/wp-content\/uploads\/2016\/02\/Prezent-dla-babci-i-dziadka-2-700x467.jpg 700w\" sizes=\"(max-width: 700px) 100vw, 700px\" \/> <img decoding=\"async\" loading=\"lazy\" class=\"aligncenter wp-image-7100\" src=\"http:\/\/blog.printu.pl\/wp-content\/uploads\/2016\/02\/Prezent-dla-babci-i-dziadka-3.jpg\" alt=\"Prezent dla babci i dziadka (3)\" width=\"700\" height=\"467\" srcset=\"https:\/\/s3-eu-central-1.amazonaws.com\/printu-blog\/wp-content\/uploads\/2016\/02\/Prezent-dla-babci-i-dziadka-3.jpg 1200w, https:\/\/s3-eu-central-1.amazonaws.com\/printu-blog\/wp-content\/uploads\/2016\/02\/Prezent-dla-babci-i-dziadka-3-300x200.jpg 300w, https:\/\/s3-eu-central-1.amazonaws.com\/printu-blog\/wp-content\/uploads\/2016\/02\/Prezent-dla-babci-i-dziadka-3-768x512.jpg 768w, https:\/\/s3-eu-central-1.amazonaws.com\/printu-blog\/wp-content\/uploads\/2016\/02\/Prezent-dla-babci-i-dziadka-3-700x467.jpg 700w\" sizes=\"(max-width: 700px) 100vw, 700px\" \/><\/p>\n","protected":false},"excerpt":{"rendered":"<p>Martyna z bloga mamyzdanie.pl zaprezentowa\u0142a propozycje prezentu dla Babci i Dziadka. Takiego, kt\u00f3ry b\u0119dzie wzruszaj\u0105cy, nowoczesny, zaskakuj\u0105cy i kt\u00f3ry podbije serce osoby obdarowanej. Domy\u015blacie si\u0119 jaki to prezent? Oczywi\u015bcie fotoksi\u0105\u017cka Printu. Martyna zaprojektowa\u0142a j\u0105 przy u\u017cyciu szablonu Mi\u0119towo Mi i poleca fotoksi\u0105\u017cki PRINTU dzi\u0119ki kt\u00f3rym mo\u017cna zatrzyma\u0107 na chwil\u0119 czas i przywo\u0142a\u0107 wspomnienia.<\/p>\n","protected":false},"author":4,"featured_media":0,"comment_status":"open","ping_status":"closed","sticky":false,"template":"","format":"standard","meta":[],"categories":[143],"tags":[1049,1052,1050,1053],"yoast_head":"<!-- This site is optimized with the Yoast SEO plugin v19.13 - https:\/\/yoast.com\/wordpress\/plugins\/seo\/ -->\n<title>Prezent dla babci i dziadka - Printu.pl<\/title>\n<meta name=\"robots\" content=\"index, follow, max-snippet:-1, max-image-preview:large, max-video-preview:-1\" \/>\n<link rel=\"canonical\" href=\"https:\/\/printu.pl\/blog\/2016\/01\/22\/prezent-dla-babci-i-dziadka-2\/\" \/>\n<meta property=\"og:locale\" content=\"pl_PL\" \/>\n<meta property=\"og:type\" content=\"article\" \/>\n<meta property=\"og:title\" content=\"Prezent dla babci i dziadka - Printu.pl\" \/>\n<meta property=\"og:description\" content=\"Martyna z bloga mamyzdanie.pl zaprezentowa\u0142a propozycje prezentu dla Babci i Dziadka. Takiego, kt\u00f3ry b\u0119dzie wzruszaj\u0105cy, nowoczesny, zaskakuj\u0105cy i kt\u00f3ry podbije serce osoby obdarowanej. Domy\u015blacie si\u0119 jaki to prezent? Oczywi\u015bcie fotoksi\u0105\u017cka Printu. Martyna zaprojektowa\u0142a j\u0105 przy u\u017cyciu szablonu Mi\u0119towo Mi i poleca fotoksi\u0105\u017cki PRINTU dzi\u0119ki kt\u00f3rym mo\u017cna zatrzyma\u0107 na chwil\u0119 czas i przywo\u0142a\u0107 wspomnienia.\" \/>\n<meta property=\"og:url\" content=\"https:\/\/printu.pl\/blog\/2016\/01\/22\/prezent-dla-babci-i-dziadka-2\/\" \/>\n<meta property=\"og:site_name\" content=\"blog\" \/>\n<meta property=\"article:publisher\" content=\"https:\/\/www.facebook.com\/printupl\" \/>\n<meta property=\"article:published_time\" content=\"2016-01-22T16:16:06+00:00\" \/>\n<meta property=\"article:modified_time\" content=\"2016-02-08T16:29:39+00:00\" \/>\n<meta property=\"og:image\" content=\"http:\/\/blog.printu.pl\/wp-content\/uploads\/2016\/02\/Prezent-dla-babci-i-dziadka.jpg\" \/>\n<meta name=\"author\" content=\"Katarzyna\" \/>\n<meta name=\"twitter:card\" content=\"summary_large_image\" \/>\n<meta name=\"twitter:creator\" content=\"@printupl\" \/>\n<meta name=\"twitter:site\" content=\"@printupl\" \/>\n<meta name=\"twitter:label1\" content=\"Napisane przez\" \/>\n\t<meta name=\"twitter:data1\" content=\"Katarzyna\" \/>\n<!-- \/ Yoast SEO plugin. -->","yoast_head_json":{"title":"Prezent dla babci i dziadka - Printu.pl","robots":{"index":"index","follow":"follow","max-snippet":"max-snippet:-1","max-image-preview":"max-image-preview:large","max-video-preview":"max-video-preview:-1"},"canonical":"https:\/\/printu.pl\/blog\/2016\/01\/22\/prezent-dla-babci-i-dziadka-2\/","og_locale":"pl_PL","og_type":"article","og_title":"Prezent dla babci i dziadka - Printu.pl","og_description":"Martyna z bloga mamyzdanie.pl zaprezentowa\u0142a propozycje prezentu dla Babci i Dziadka. Takiego, kt\u00f3ry b\u0119dzie wzruszaj\u0105cy, nowoczesny, zaskakuj\u0105cy i kt\u00f3ry podbije serce osoby obdarowanej. Domy\u015blacie si\u0119 jaki to prezent? Oczywi\u015bcie fotoksi\u0105\u017cka Printu. Martyna zaprojektowa\u0142a j\u0105 przy u\u017cyciu szablonu Mi\u0119towo Mi i poleca fotoksi\u0105\u017cki PRINTU dzi\u0119ki kt\u00f3rym mo\u017cna zatrzyma\u0107 na chwil\u0119 czas i przywo\u0142a\u0107 wspomnienia.","og_url":"https:\/\/printu.pl\/blog\/2016\/01\/22\/prezent-dla-babci-i-dziadka-2\/","og_site_name":"blog","article_publisher":"https:\/\/www.facebook.com\/printupl","article_published_time":"2016-01-22T16:16:06+00:00","article_modified_time":"2016-02-08T16:29:39+00:00","og_image":[{"url":"http:\/\/blog.printu.pl\/wp-content\/uploads\/2016\/02\/Prezent-dla-babci-i-dziadka.jpg"}],"author":"Katarzyna","twitter_card":"summary_large_image","twitter_creator":"@printupl","twitter_site":"@printupl","twitter_misc":{"Napisane przez":"Katarzyna"},"schema":{"@context":"https:\/\/schema.org","@graph":[{"@type":"Article","@id":"https:\/\/printu.pl\/blog\/2016\/01\/22\/prezent-dla-babci-i-dziadka-2\/#article","isPartOf":{"@id":"https:\/\/printu.pl\/blog\/2016\/01\/22\/prezent-dla-babci-i-dziadka-2\/"},"author":{"name":"Katarzyna","@id":"https:\/\/printu.pl\/blog\/#\/schema\/person\/1552825435ffb2cc058d57ea4dd17e22"},"headline":"Prezent dla babci i dziadka","datePublished":"2016-01-22T16:16:06+00:00","dateModified":"2016-02-08T16:29:39+00:00","mainEntityOfPage":{"@id":"https:\/\/printu.pl\/blog\/2016\/01\/22\/prezent-dla-babci-i-dziadka-2\/"},"wordCount":76,"commentCount":0,"publisher":{"@id":"https:\/\/printu.pl\/blog\/#organization"},"keywords":["fotoksi\u0105\u017cka dla Babci","FOTOKSI\u0104\u017bKA DLA dziadka","prezent dla Babci","PREZENT DLA dziadka"],"articleSection":["Napisali o nas"],"inLanguage":"pl-PL","potentialAction":[{"@type":"CommentAction","name":"Comment","target":["https:\/\/printu.pl\/blog\/2016\/01\/22\/prezent-dla-babci-i-dziadka-2\/#respond"]}]},{"@type":"WebPage","@id":"https:\/\/printu.pl\/blog\/2016\/01\/22\/prezent-dla-babci-i-dziadka-2\/","url":"https:\/\/printu.pl\/blog\/2016\/01\/22\/prezent-dla-babci-i-dziadka-2\/","name":"Prezent dla babci i dziadka - Printu.pl","isPartOf":{"@id":"https:\/\/printu.pl\/blog\/#website"},"datePublished":"2016-01-22T16:16:06+00:00","dateModified":"2016-02-08T16:29:39+00:00","breadcrumb":{"@id":"https:\/\/printu.pl\/blog\/2016\/01\/22\/prezent-dla-babci-i-dziadka-2\/#breadcrumb"},"inLanguage":"pl-PL","potentialAction":[{"@type":"ReadAction","target":["https:\/\/printu.pl\/blog\/2016\/01\/22\/prezent-dla-babci-i-dziadka-2\/"]}]},{"@type":"BreadcrumbList","@id":"https:\/\/printu.pl\/blog\/2016\/01\/22\/prezent-dla-babci-i-dziadka-2\/#breadcrumb","itemListElement":[{"@type":"ListItem","position":1,"name":"Strona g\u0142\u00f3wna","item":"https:\/\/printu.pl\/blog\/"},{"@type":"ListItem","position":2,"name":"Prezent dla babci i dziadka"}]},{"@type":"WebSite","@id":"https:\/\/printu.pl\/blog\/#website","url":"https:\/\/printu.pl\/blog\/","name":"blog","description":"blog","publisher":{"@id":"https:\/\/printu.pl\/blog\/#organization"},"potentialAction":[{"@type":"SearchAction","target":{"@type":"EntryPoint","urlTemplate":"https:\/\/printu.pl\/blog\/?s={search_term_string}"},"query-input":"required name=search_term_string"}],"inLanguage":"pl-PL"},{"@type":"Organization","@id":"https:\/\/printu.pl\/blog\/#organization","name":"blog","url":"https:\/\/printu.pl\/blog\/","logo":{"@type":"ImageObject","inLanguage":"pl-PL","@id":"https:\/\/printu.pl\/blog\/#\/schema\/logo\/image\/","url":"https:\/\/s3-eu-central-1.amazonaws.com\/printu-blog\/wp-content\/uploads\/2017\/02\/printu-logo.png","contentUrl":"https:\/\/s3-eu-central-1.amazonaws.com\/printu-blog\/wp-content\/uploads\/2017\/02\/printu-logo.png","width":143,"height":34,"caption":" blog"},"image":{"@id":"https:\/\/printu.pl\/blog\/#\/schema\/logo\/image\/"},"sameAs":["https:\/\/instagram.com\/printupl","https:\/\/www.facebook.com\/printupl","https:\/\/twitter.com\/printupl"]},{"@type":"Person","@id":"https:\/\/printu.pl\/blog\/#\/schema\/person\/1552825435ffb2cc058d57ea4dd17e22","name":"Katarzyna","image":{"@type":"ImageObject","inLanguage":"pl-PL","@id":"https:\/\/printu.pl\/blog\/#\/schema\/person\/image\/","url":"https:\/\/secure.gravatar.com\/avatar\/39b1f1f0db1aa82c65afeee9d7610280?s=96&d=mm&r=g","contentUrl":"https:\/\/secure.gravatar.com\/avatar\/39b1f1f0db1aa82c65afeee9d7610280?s=96&d=mm&r=g","caption":"Katarzyna"}}]}},"_links":{"self":[{"href":"https:\/\/printu.pl\/blog\/wp-json\/wp\/v2\/posts\/7096"}],"collection":[{"href":"https:\/\/printu.pl\/blog\/wp-json\/wp\/v2\/posts"}],"about":[{"href":"https:\/\/printu.pl\/blog\/wp-json\/wp\/v2\/types\/post"}],"author":[{"embeddable":true,"href":"https:\/\/printu.pl\/blog\/wp-json\/wp\/v2\/users\/4"}],"replies":[{"embeddable":true,"href":"https:\/\/printu.pl\/blog\/wp-json\/wp\/v2\/comments?post=7096"}],"version-history":[{"count":1,"href":"https:\/\/printu.pl\/blog\/wp-json\/wp\/v2\/posts\/7096\/revisions"}],"predecessor-version":[{"id":7101,"href":"https:\/\/printu.pl\/blog\/wp-json\/wp\/v2\/posts\/7096\/revisions\/7101"}],"wp:attachment":[{"href":"https:\/\/printu.pl\/blog\/wp-json\/wp\/v2\/media?parent=7096"}],"wp:term":[{"taxonomy":"category","embeddable":true,"href":"https:\/\/printu.pl\/blog\/wp-json\/wp\/v2\/categories?post=7096"},{"taxonomy":"post_tag","embeddable":true,"href":"https:\/\/printu.pl\/blog\/wp-json\/wp\/v2\/tags?post=7096"}],"curies":[{"name":"wp","href":"https:\/\/api.w.org\/{rel}","templated":true}]}}