{"id":7123,"date":"2016-02-29T11:17:32","date_gmt":"2016-02-29T10:17:32","guid":{"rendered":"http:\/\/blog.printu.pl\/?p=7123"},"modified":"2016-02-29T11:19:07","modified_gmt":"2016-02-29T10:19:07","slug":"podsumowanie-roku-w-formie-fotoksiazki","status":"publish","type":"post","link":"https:\/\/printu.pl\/blog\/2016\/02\/29\/podsumowanie-roku-w-formie-fotoksiazki\/","title":{"rendered":"Podsumowanie roku w formie fotoksi\u0105\u017cki"},"content":{"rendered":"<p><img decoding=\"async\" loading=\"lazy\" class=\"aligncenter wp-image-7124 size-full\" src=\"http:\/\/blog.printu.pl\/wp-content\/uploads\/2016\/02\/podsumowanie-roku.jpg\" alt=\"podsumowanie roku\" width=\"700\" height=\"350\" srcset=\"https:\/\/s3-eu-central-1.amazonaws.com\/printu-blog\/wp-content\/uploads\/2016\/02\/podsumowanie-roku.jpg 700w, https:\/\/s3-eu-central-1.amazonaws.com\/printu-blog\/wp-content\/uploads\/2016\/02\/podsumowanie-roku-300x150.jpg 300w\" sizes=\"(max-width: 700px) 100vw, 700px\" \/>Ola z bloga <a href=\"http:\/\/wikimaksimy.blogspot.com\/2016\/02\/2015r-z-printupl.html\" target=\"_blank\">wikimaksimy.blogspot.com<\/a> stworzy\u0142a pi\u0119kne podsumowanie roku 2015 w formie fotoksi\u0105\u017cki PRINTU. Wybra\u0142a ulubione zdj\u0119cia ca\u0142ej rodziny i zamkn\u0119\u0142a wspomnienia w jednej ksi\u0105\u017cce. Zdecydowa\u0142a si\u0119 na szablon <a href=\"http:\/\/printu.pl\/fotoksiazka\/szablony\/podsumowanie-roku\/\" target=\"_blank\">podsumowanie roku<\/a> i format 25&#215;20 cm. Teraz ca\u0142a rodzina ma pi\u0119kne wspomnienia na wyci\u0105gni\u0119cie r\u0119ki. Poni\u017cej wi\u0119cej zdj\u0119\u0107 \u015blicznej fotoksi\u0105\u017cki Oli.<!--more--><\/p>\n<p><img decoding=\"async\" loading=\"lazy\" class=\"aligncenter wp-image-7125\" src=\"http:\/\/blog.printu.pl\/wp-content\/uploads\/2016\/02\/Podsumowanie-roku-1.jpg\" alt=\"Podsumowanie roku (1)\" width=\"700\" height=\"466\" srcset=\"https:\/\/s3-eu-central-1.amazonaws.com\/printu-blog\/wp-content\/uploads\/2016\/02\/Podsumowanie-roku-1.jpg 800w, https:\/\/s3-eu-central-1.amazonaws.com\/printu-blog\/wp-content\/uploads\/2016\/02\/Podsumowanie-roku-1-300x200.jpg 300w, https:\/\/s3-eu-central-1.amazonaws.com\/printu-blog\/wp-content\/uploads\/2016\/02\/Podsumowanie-roku-1-768x512.jpg 768w, https:\/\/s3-eu-central-1.amazonaws.com\/printu-blog\/wp-content\/uploads\/2016\/02\/Podsumowanie-roku-1-700x466.jpg 700w\" sizes=\"(max-width: 700px) 100vw, 700px\" \/> <img decoding=\"async\" loading=\"lazy\" class=\"aligncenter wp-image-7126\" src=\"http:\/\/blog.printu.pl\/wp-content\/uploads\/2016\/02\/Podsumowanie-roku-2.jpg\" alt=\"Podsumowanie roku (2)\" width=\"700\" height=\"466\" srcset=\"https:\/\/s3-eu-central-1.amazonaws.com\/printu-blog\/wp-content\/uploads\/2016\/02\/Podsumowanie-roku-2.jpg 800w, https:\/\/s3-eu-central-1.amazonaws.com\/printu-blog\/wp-content\/uploads\/2016\/02\/Podsumowanie-roku-2-300x200.jpg 300w, https:\/\/s3-eu-central-1.amazonaws.com\/printu-blog\/wp-content\/uploads\/2016\/02\/Podsumowanie-roku-2-768x512.jpg 768w, https:\/\/s3-eu-central-1.amazonaws.com\/printu-blog\/wp-content\/uploads\/2016\/02\/Podsumowanie-roku-2-700x466.jpg 700w\" sizes=\"(max-width: 700px) 100vw, 700px\" \/> <img decoding=\"async\" loading=\"lazy\" class=\"aligncenter wp-image-7127\" src=\"http:\/\/blog.printu.pl\/wp-content\/uploads\/2016\/02\/Podsumowanie-roku-3.jpg\" alt=\"Podsumowanie roku (3)\" width=\"700\" height=\"1050\" srcset=\"https:\/\/s3-eu-central-1.amazonaws.com\/printu-blog\/wp-content\/uploads\/2016\/02\/Podsumowanie-roku-3.jpg 800w, https:\/\/s3-eu-central-1.amazonaws.com\/printu-blog\/wp-content\/uploads\/2016\/02\/Podsumowanie-roku-3-200x300.jpg 200w, https:\/\/s3-eu-central-1.amazonaws.com\/printu-blog\/wp-content\/uploads\/2016\/02\/Podsumowanie-roku-3-768x1152.jpg 768w, https:\/\/s3-eu-central-1.amazonaws.com\/printu-blog\/wp-content\/uploads\/2016\/02\/Podsumowanie-roku-3-333x500.jpg 333w\" sizes=\"(max-width: 700px) 100vw, 700px\" \/> <img decoding=\"async\" loading=\"lazy\" class=\"aligncenter wp-image-7128\" src=\"http:\/\/blog.printu.pl\/wp-content\/uploads\/2016\/02\/Podsumowanie-roku-4.jpg\" alt=\"Podsumowanie roku (4)\" width=\"700\" height=\"466\" srcset=\"https:\/\/s3-eu-central-1.amazonaws.com\/printu-blog\/wp-content\/uploads\/2016\/02\/Podsumowanie-roku-4.jpg 800w, https:\/\/s3-eu-central-1.amazonaws.com\/printu-blog\/wp-content\/uploads\/2016\/02\/Podsumowanie-roku-4-300x200.jpg 300w, https:\/\/s3-eu-central-1.amazonaws.com\/printu-blog\/wp-content\/uploads\/2016\/02\/Podsumowanie-roku-4-768x512.jpg 768w, https:\/\/s3-eu-central-1.amazonaws.com\/printu-blog\/wp-content\/uploads\/2016\/02\/Podsumowanie-roku-4-700x466.jpg 700w\" sizes=\"(max-width: 700px) 100vw, 700px\" \/> <img decoding=\"async\" loading=\"lazy\" class=\"aligncenter wp-image-7129\" src=\"http:\/\/blog.printu.pl\/wp-content\/uploads\/2016\/02\/Podsumowanie-roku-5.jpg\" alt=\"Podsumowanie roku (5)\" width=\"700\" height=\"466\" srcset=\"https:\/\/s3-eu-central-1.amazonaws.com\/printu-blog\/wp-content\/uploads\/2016\/02\/Podsumowanie-roku-5.jpg 800w, https:\/\/s3-eu-central-1.amazonaws.com\/printu-blog\/wp-content\/uploads\/2016\/02\/Podsumowanie-roku-5-300x200.jpg 300w, https:\/\/s3-eu-central-1.amazonaws.com\/printu-blog\/wp-content\/uploads\/2016\/02\/Podsumowanie-roku-5-768x512.jpg 768w, https:\/\/s3-eu-central-1.amazonaws.com\/printu-blog\/wp-content\/uploads\/2016\/02\/Podsumowanie-roku-5-700x466.jpg 700w\" sizes=\"(max-width: 700px) 100vw, 700px\" \/> <img decoding=\"async\" loading=\"lazy\" class=\"aligncenter wp-image-7130\" src=\"http:\/\/blog.printu.pl\/wp-content\/uploads\/2016\/02\/Podsumowanie-roku-6.jpg\" alt=\"Podsumowanie roku (6)\" width=\"700\" height=\"497\" srcset=\"https:\/\/s3-eu-central-1.amazonaws.com\/printu-blog\/wp-content\/uploads\/2016\/02\/Podsumowanie-roku-6.jpg 800w, https:\/\/s3-eu-central-1.amazonaws.com\/printu-blog\/wp-content\/uploads\/2016\/02\/Podsumowanie-roku-6-300x213.jpg 300w, https:\/\/s3-eu-central-1.amazonaws.com\/printu-blog\/wp-content\/uploads\/2016\/02\/Podsumowanie-roku-6-768x545.jpg 768w, https:\/\/s3-eu-central-1.amazonaws.com\/printu-blog\/wp-content\/uploads\/2016\/02\/Podsumowanie-roku-6-700x497.jpg 700w\" sizes=\"(max-width: 700px) 100vw, 700px\" \/> <img decoding=\"async\" loading=\"lazy\" class=\"aligncenter wp-image-7131\" src=\"http:\/\/blog.printu.pl\/wp-content\/uploads\/2016\/02\/Podsumowanie-roku-7.jpg\" alt=\"Podsumowanie roku (7)\" width=\"700\" height=\"466\" srcset=\"https:\/\/s3-eu-central-1.amazonaws.com\/printu-blog\/wp-content\/uploads\/2016\/02\/Podsumowanie-roku-7.jpg 800w, https:\/\/s3-eu-central-1.amazonaws.com\/printu-blog\/wp-content\/uploads\/2016\/02\/Podsumowanie-roku-7-300x200.jpg 300w, https:\/\/s3-eu-central-1.amazonaws.com\/printu-blog\/wp-content\/uploads\/2016\/02\/Podsumowanie-roku-7-768x512.jpg 768w, https:\/\/s3-eu-central-1.amazonaws.com\/printu-blog\/wp-content\/uploads\/2016\/02\/Podsumowanie-roku-7-700x466.jpg 700w\" sizes=\"(max-width: 700px) 100vw, 700px\" \/> <img decoding=\"async\" loading=\"lazy\" class=\"aligncenter wp-image-7132\" src=\"http:\/\/blog.printu.pl\/wp-content\/uploads\/2016\/02\/Podsumowanie-roku-8.jpg\" alt=\"Podsumowanie roku (8)\" width=\"700\" height=\"466\" srcset=\"https:\/\/s3-eu-central-1.amazonaws.com\/printu-blog\/wp-content\/uploads\/2016\/02\/Podsumowanie-roku-8.jpg 800w, https:\/\/s3-eu-central-1.amazonaws.com\/printu-blog\/wp-content\/uploads\/2016\/02\/Podsumowanie-roku-8-300x200.jpg 300w, https:\/\/s3-eu-central-1.amazonaws.com\/printu-blog\/wp-content\/uploads\/2016\/02\/Podsumowanie-roku-8-768x512.jpg 768w, https:\/\/s3-eu-central-1.amazonaws.com\/printu-blog\/wp-content\/uploads\/2016\/02\/Podsumowanie-roku-8-700x466.jpg 700w\" sizes=\"(max-width: 700px) 100vw, 700px\" \/> <img decoding=\"async\" loading=\"lazy\" class=\"aligncenter wp-image-7133\" src=\"http:\/\/blog.printu.pl\/wp-content\/uploads\/2016\/02\/Podsumowanie-roku-9.jpg\" alt=\"Podsumowanie roku (9)\" width=\"700\" height=\"466\" srcset=\"https:\/\/s3-eu-central-1.amazonaws.com\/printu-blog\/wp-content\/uploads\/2016\/02\/Podsumowanie-roku-9.jpg 800w, https:\/\/s3-eu-central-1.amazonaws.com\/printu-blog\/wp-content\/uploads\/2016\/02\/Podsumowanie-roku-9-300x200.jpg 300w, https:\/\/s3-eu-central-1.amazonaws.com\/printu-blog\/wp-content\/uploads\/2016\/02\/Podsumowanie-roku-9-768x512.jpg 768w, https:\/\/s3-eu-central-1.amazonaws.com\/printu-blog\/wp-content\/uploads\/2016\/02\/Podsumowanie-roku-9-700x466.jpg 700w\" sizes=\"(max-width: 700px) 100vw, 700px\" \/> <img decoding=\"async\" loading=\"lazy\" class=\"aligncenter wp-image-7134\" src=\"http:\/\/blog.printu.pl\/wp-content\/uploads\/2016\/02\/Podsumowanie-roku-10.jpg\" alt=\"Podsumowanie roku (10)\" width=\"700\" height=\"466\" srcset=\"https:\/\/s3-eu-central-1.amazonaws.com\/printu-blog\/wp-content\/uploads\/2016\/02\/Podsumowanie-roku-10.jpg 800w, https:\/\/s3-eu-central-1.amazonaws.com\/printu-blog\/wp-content\/uploads\/2016\/02\/Podsumowanie-roku-10-300x200.jpg 300w, https:\/\/s3-eu-central-1.amazonaws.com\/printu-blog\/wp-content\/uploads\/2016\/02\/Podsumowanie-roku-10-768x512.jpg 768w, https:\/\/s3-eu-central-1.amazonaws.com\/printu-blog\/wp-content\/uploads\/2016\/02\/Podsumowanie-roku-10-700x466.jpg 700w\" sizes=\"(max-width: 700px) 100vw, 700px\" \/> <img decoding=\"async\" loading=\"lazy\" class=\"aligncenter wp-image-7135\" src=\"http:\/\/blog.printu.pl\/wp-content\/uploads\/2016\/02\/Podsumowanie-roku-11.jpg\" alt=\"Podsumowanie roku (11)\" width=\"700\" height=\"466\" srcset=\"https:\/\/s3-eu-central-1.amazonaws.com\/printu-blog\/wp-content\/uploads\/2016\/02\/Podsumowanie-roku-11.jpg 800w, https:\/\/s3-eu-central-1.amazonaws.com\/printu-blog\/wp-content\/uploads\/2016\/02\/Podsumowanie-roku-11-300x200.jpg 300w, https:\/\/s3-eu-central-1.amazonaws.com\/printu-blog\/wp-content\/uploads\/2016\/02\/Podsumowanie-roku-11-768x512.jpg 768w, https:\/\/s3-eu-central-1.amazonaws.com\/printu-blog\/wp-content\/uploads\/2016\/02\/Podsumowanie-roku-11-700x466.jpg 700w\" sizes=\"(max-width: 700px) 100vw, 700px\" \/> <img decoding=\"async\" loading=\"lazy\" class=\"aligncenter wp-image-7136\" src=\"http:\/\/blog.printu.pl\/wp-content\/uploads\/2016\/02\/Podsumowanie-roku-12.jpg\" alt=\"Podsumowanie roku (12)\" width=\"700\" height=\"466\" srcset=\"https:\/\/s3-eu-central-1.amazonaws.com\/printu-blog\/wp-content\/uploads\/2016\/02\/Podsumowanie-roku-12.jpg 800w, https:\/\/s3-eu-central-1.amazonaws.com\/printu-blog\/wp-content\/uploads\/2016\/02\/Podsumowanie-roku-12-300x200.jpg 300w, https:\/\/s3-eu-central-1.amazonaws.com\/printu-blog\/wp-content\/uploads\/2016\/02\/Podsumowanie-roku-12-768x512.jpg 768w, https:\/\/s3-eu-central-1.amazonaws.com\/printu-blog\/wp-content\/uploads\/2016\/02\/Podsumowanie-roku-12-700x466.jpg 700w\" sizes=\"(max-width: 700px) 100vw, 700px\" \/> <img decoding=\"async\" loading=\"lazy\" class=\"aligncenter wp-image-7137\" src=\"http:\/\/blog.printu.pl\/wp-content\/uploads\/2016\/02\/Podsumowanie-roku-13.jpg\" alt=\"Podsumowanie roku (13)\" width=\"700\" height=\"1050\" srcset=\"https:\/\/s3-eu-central-1.amazonaws.com\/printu-blog\/wp-content\/uploads\/2016\/02\/Podsumowanie-roku-13.jpg 800w, https:\/\/s3-eu-central-1.amazonaws.com\/printu-blog\/wp-content\/uploads\/2016\/02\/Podsumowanie-roku-13-200x300.jpg 200w, https:\/\/s3-eu-central-1.amazonaws.com\/printu-blog\/wp-content\/uploads\/2016\/02\/Podsumowanie-roku-13-768x1152.jpg 768w, https:\/\/s3-eu-central-1.amazonaws.com\/printu-blog\/wp-content\/uploads\/2016\/02\/Podsumowanie-roku-13-333x500.jpg 333w\" sizes=\"(max-width: 700px) 100vw, 700px\" \/> <img decoding=\"async\" loading=\"lazy\" class=\"aligncenter wp-image-7138\" src=\"http:\/\/blog.printu.pl\/wp-content\/uploads\/2016\/02\/Podsumowanie-roku-14.jpg\" alt=\"Podsumowanie roku (14)\" width=\"700\" height=\"466\" srcset=\"https:\/\/s3-eu-central-1.amazonaws.com\/printu-blog\/wp-content\/uploads\/2016\/02\/Podsumowanie-roku-14.jpg 800w, https:\/\/s3-eu-central-1.amazonaws.com\/printu-blog\/wp-content\/uploads\/2016\/02\/Podsumowanie-roku-14-300x200.jpg 300w, https:\/\/s3-eu-central-1.amazonaws.com\/printu-blog\/wp-content\/uploads\/2016\/02\/Podsumowanie-roku-14-768x512.jpg 768w, https:\/\/s3-eu-central-1.amazonaws.com\/printu-blog\/wp-content\/uploads\/2016\/02\/Podsumowanie-roku-14-700x466.jpg 700w\" sizes=\"(max-width: 700px) 100vw, 700px\" \/> <img decoding=\"async\" loading=\"lazy\" class=\"aligncenter wp-image-7139\" src=\"http:\/\/blog.printu.pl\/wp-content\/uploads\/2016\/02\/Podsumowanie-roku-15.jpg\" alt=\"Podsumowanie roku (15)\" width=\"700\" height=\"494\" srcset=\"https:\/\/s3-eu-central-1.amazonaws.com\/printu-blog\/wp-content\/uploads\/2016\/02\/Podsumowanie-roku-15.jpg 800w, https:\/\/s3-eu-central-1.amazonaws.com\/printu-blog\/wp-content\/uploads\/2016\/02\/Podsumowanie-roku-15-300x212.jpg 300w, https:\/\/s3-eu-central-1.amazonaws.com\/printu-blog\/wp-content\/uploads\/2016\/02\/Podsumowanie-roku-15-768x542.jpg 768w, https:\/\/s3-eu-central-1.amazonaws.com\/printu-blog\/wp-content\/uploads\/2016\/02\/Podsumowanie-roku-15-700x494.jpg 700w\" sizes=\"(max-width: 700px) 100vw, 700px\" \/> <img decoding=\"async\" loading=\"lazy\" class=\"aligncenter wp-image-7140\" src=\"http:\/\/blog.printu.pl\/wp-content\/uploads\/2016\/02\/Podsumowanie-roku-16.jpg\" alt=\"Podsumowanie roku (16)\" width=\"700\" height=\"1050\" srcset=\"https:\/\/s3-eu-central-1.amazonaws.com\/printu-blog\/wp-content\/uploads\/2016\/02\/Podsumowanie-roku-16.jpg 800w, https:\/\/s3-eu-central-1.amazonaws.com\/printu-blog\/wp-content\/uploads\/2016\/02\/Podsumowanie-roku-16-200x300.jpg 200w, https:\/\/s3-eu-central-1.amazonaws.com\/printu-blog\/wp-content\/uploads\/2016\/02\/Podsumowanie-roku-16-768x1152.jpg 768w, https:\/\/s3-eu-central-1.amazonaws.com\/printu-blog\/wp-content\/uploads\/2016\/02\/Podsumowanie-roku-16-333x500.jpg 333w\" sizes=\"(max-width: 700px) 100vw, 700px\" \/> <img decoding=\"async\" loading=\"lazy\" class=\"aligncenter wp-image-7141\" src=\"http:\/\/blog.printu.pl\/wp-content\/uploads\/2016\/02\/Podsumowanie-roku-17.jpg\" alt=\"Podsumowanie roku (17)\" width=\"700\" height=\"494\" srcset=\"https:\/\/s3-eu-central-1.amazonaws.com\/printu-blog\/wp-content\/uploads\/2016\/02\/Podsumowanie-roku-17.jpg 800w, https:\/\/s3-eu-central-1.amazonaws.com\/printu-blog\/wp-content\/uploads\/2016\/02\/Podsumowanie-roku-17-300x212.jpg 300w, https:\/\/s3-eu-central-1.amazonaws.com\/printu-blog\/wp-content\/uploads\/2016\/02\/Podsumowanie-roku-17-768x541.jpg 768w, https:\/\/s3-eu-central-1.amazonaws.com\/printu-blog\/wp-content\/uploads\/2016\/02\/Podsumowanie-roku-17-700x494.jpg 700w\" sizes=\"(max-width: 700px) 100vw, 700px\" \/> <img decoding=\"async\" loading=\"lazy\" class=\"aligncenter wp-image-7142\" src=\"http:\/\/blog.printu.pl\/wp-content\/uploads\/2016\/02\/Podsumowanie-roku-18.jpg\" alt=\"Podsumowanie roku (18)\" width=\"700\" height=\"466\" srcset=\"https:\/\/s3-eu-central-1.amazonaws.com\/printu-blog\/wp-content\/uploads\/2016\/02\/Podsumowanie-roku-18.jpg 800w, https:\/\/s3-eu-central-1.amazonaws.com\/printu-blog\/wp-content\/uploads\/2016\/02\/Podsumowanie-roku-18-300x200.jpg 300w, https:\/\/s3-eu-central-1.amazonaws.com\/printu-blog\/wp-content\/uploads\/2016\/02\/Podsumowanie-roku-18-768x512.jpg 768w, https:\/\/s3-eu-central-1.amazonaws.com\/printu-blog\/wp-content\/uploads\/2016\/02\/Podsumowanie-roku-18-700x466.jpg 700w\" sizes=\"(max-width: 700px) 100vw, 700px\" \/><\/p>\n","protected":false},"excerpt":{"rendered":"<p>Ola z bloga wikimaksimy.blogspot.com stworzy\u0142a pi\u0119kne podsumowanie roku 2015 w formie fotoksi\u0105\u017cki PRINTU. Wybra\u0142a ulubione zdj\u0119cia ca\u0142ej rodziny i zamkn\u0119\u0142a wspomnienia w jednej ksi\u0105\u017cce. Zdecydowa\u0142a si\u0119 na szablon podsumowanie roku i format 25&#215;20 cm. Teraz ca\u0142a rodzina ma pi\u0119kne wspomnienia na wyci\u0105gni\u0119cie r\u0119ki. Poni\u017cej wi\u0119cej zdj\u0119\u0107 \u015blicznej fotoksi\u0105\u017cki Oli.<\/p>\n","protected":false},"author":4,"featured_media":0,"comment_status":"open","ping_status":"closed","sticky":false,"template":"","format":"standard","meta":[],"categories":[143],"tags":[1185,1184],"yoast_head":"<!-- This site is optimized with the Yoast SEO plugin v19.13 - https:\/\/yoast.com\/wordpress\/plugins\/seo\/ -->\n<title>Podsumowanie roku w formie fotoksi\u0105\u017cki - Printu.pl<\/title>\n<meta name=\"robots\" content=\"index, follow, max-snippet:-1, max-image-preview:large, max-video-preview:-1\" \/>\n<link rel=\"canonical\" href=\"https:\/\/printu.pl\/blog\/2016\/02\/29\/podsumowanie-roku-w-formie-fotoksiazki\/\" \/>\n<meta property=\"og:locale\" content=\"pl_PL\" \/>\n<meta property=\"og:type\" content=\"article\" \/>\n<meta property=\"og:title\" content=\"Podsumowanie roku w formie fotoksi\u0105\u017cki - Printu.pl\" \/>\n<meta property=\"og:description\" content=\"Ola z bloga wikimaksimy.blogspot.com stworzy\u0142a pi\u0119kne podsumowanie roku 2015 w formie fotoksi\u0105\u017cki PRINTU. Wybra\u0142a ulubione zdj\u0119cia ca\u0142ej rodziny i zamkn\u0119\u0142a wspomnienia w jednej ksi\u0105\u017cce. Zdecydowa\u0142a si\u0119 na szablon podsumowanie roku i format 25&#215;20 cm. Teraz ca\u0142a rodzina ma pi\u0119kne wspomnienia na wyci\u0105gni\u0119cie r\u0119ki. Poni\u017cej wi\u0119cej zdj\u0119\u0107 \u015blicznej fotoksi\u0105\u017cki Oli.\" \/>\n<meta property=\"og:url\" content=\"https:\/\/printu.pl\/blog\/2016\/02\/29\/podsumowanie-roku-w-formie-fotoksiazki\/\" \/>\n<meta property=\"og:site_name\" content=\"blog\" \/>\n<meta property=\"article:publisher\" content=\"https:\/\/www.facebook.com\/printupl\" \/>\n<meta property=\"article:published_time\" content=\"2016-02-29T10:17:32+00:00\" \/>\n<meta property=\"article:modified_time\" content=\"2016-02-29T10:19:07+00:00\" \/>\n<meta property=\"og:image\" content=\"http:\/\/blog.printu.pl\/wp-content\/uploads\/2016\/02\/podsumowanie-roku.jpg\" \/>\n<meta name=\"author\" content=\"Katarzyna\" \/>\n<meta name=\"twitter:card\" content=\"summary_large_image\" \/>\n<meta name=\"twitter:creator\" content=\"@printupl\" \/>\n<meta name=\"twitter:site\" content=\"@printupl\" \/>\n<meta name=\"twitter:label1\" content=\"Napisane przez\" \/>\n\t<meta name=\"twitter:data1\" content=\"Katarzyna\" \/>\n<!-- \/ Yoast SEO plugin. -->","yoast_head_json":{"title":"Podsumowanie roku w formie fotoksi\u0105\u017cki - Printu.pl","robots":{"index":"index","follow":"follow","max-snippet":"max-snippet:-1","max-image-preview":"max-image-preview:large","max-video-preview":"max-video-preview:-1"},"canonical":"https:\/\/printu.pl\/blog\/2016\/02\/29\/podsumowanie-roku-w-formie-fotoksiazki\/","og_locale":"pl_PL","og_type":"article","og_title":"Podsumowanie roku w formie fotoksi\u0105\u017cki - Printu.pl","og_description":"Ola z bloga wikimaksimy.blogspot.com stworzy\u0142a pi\u0119kne podsumowanie roku 2015 w formie fotoksi\u0105\u017cki PRINTU. Wybra\u0142a ulubione zdj\u0119cia ca\u0142ej rodziny i zamkn\u0119\u0142a wspomnienia w jednej ksi\u0105\u017cce. Zdecydowa\u0142a si\u0119 na szablon podsumowanie roku i format 25&#215;20 cm. Teraz ca\u0142a rodzina ma pi\u0119kne wspomnienia na wyci\u0105gni\u0119cie r\u0119ki. Poni\u017cej wi\u0119cej zdj\u0119\u0107 \u015blicznej fotoksi\u0105\u017cki Oli.","og_url":"https:\/\/printu.pl\/blog\/2016\/02\/29\/podsumowanie-roku-w-formie-fotoksiazki\/","og_site_name":"blog","article_publisher":"https:\/\/www.facebook.com\/printupl","article_published_time":"2016-02-29T10:17:32+00:00","article_modified_time":"2016-02-29T10:19:07+00:00","og_image":[{"url":"http:\/\/blog.printu.pl\/wp-content\/uploads\/2016\/02\/podsumowanie-roku.jpg"}],"author":"Katarzyna","twitter_card":"summary_large_image","twitter_creator":"@printupl","twitter_site":"@printupl","twitter_misc":{"Napisane przez":"Katarzyna"},"schema":{"@context":"https:\/\/schema.org","@graph":[{"@type":"Article","@id":"https:\/\/printu.pl\/blog\/2016\/02\/29\/podsumowanie-roku-w-formie-fotoksiazki\/#article","isPartOf":{"@id":"https:\/\/printu.pl\/blog\/2016\/02\/29\/podsumowanie-roku-w-formie-fotoksiazki\/"},"author":{"name":"Katarzyna","@id":"https:\/\/printu.pl\/blog\/#\/schema\/person\/1552825435ffb2cc058d57ea4dd17e22"},"headline":"Podsumowanie roku w formie fotoksi\u0105\u017cki","datePublished":"2016-02-29T10:17:32+00:00","dateModified":"2016-02-29T10:19:07+00:00","mainEntityOfPage":{"@id":"https:\/\/printu.pl\/blog\/2016\/02\/29\/podsumowanie-roku-w-formie-fotoksiazki\/"},"wordCount":73,"commentCount":0,"publisher":{"@id":"https:\/\/printu.pl\/blog\/#organization"},"keywords":["fotoksi\u0105\u017cka podsumowanie roku","podsumowanie roku"],"articleSection":["Napisali o nas"],"inLanguage":"pl-PL","potentialAction":[{"@type":"CommentAction","name":"Comment","target":["https:\/\/printu.pl\/blog\/2016\/02\/29\/podsumowanie-roku-w-formie-fotoksiazki\/#respond"]}]},{"@type":"WebPage","@id":"https:\/\/printu.pl\/blog\/2016\/02\/29\/podsumowanie-roku-w-formie-fotoksiazki\/","url":"https:\/\/printu.pl\/blog\/2016\/02\/29\/podsumowanie-roku-w-formie-fotoksiazki\/","name":"Podsumowanie roku w formie fotoksi\u0105\u017cki - Printu.pl","isPartOf":{"@id":"https:\/\/printu.pl\/blog\/#website"},"datePublished":"2016-02-29T10:17:32+00:00","dateModified":"2016-02-29T10:19:07+00:00","breadcrumb":{"@id":"https:\/\/printu.pl\/blog\/2016\/02\/29\/podsumowanie-roku-w-formie-fotoksiazki\/#breadcrumb"},"inLanguage":"pl-PL","potentialAction":[{"@type":"ReadAction","target":["https:\/\/printu.pl\/blog\/2016\/02\/29\/podsumowanie-roku-w-formie-fotoksiazki\/"]}]},{"@type":"BreadcrumbList","@id":"https:\/\/printu.pl\/blog\/2016\/02\/29\/podsumowanie-roku-w-formie-fotoksiazki\/#breadcrumb","itemListElement":[{"@type":"ListItem","position":1,"name":"Strona g\u0142\u00f3wna","item":"https:\/\/printu.pl\/blog\/"},{"@type":"ListItem","position":2,"name":"Podsumowanie roku w formie fotoksi\u0105\u017cki"}]},{"@type":"WebSite","@id":"https:\/\/printu.pl\/blog\/#website","url":"https:\/\/printu.pl\/blog\/","name":"blog","description":"blog","publisher":{"@id":"https:\/\/printu.pl\/blog\/#organization"},"potentialAction":[{"@type":"SearchAction","target":{"@type":"EntryPoint","urlTemplate":"https:\/\/printu.pl\/blog\/?s={search_term_string}"},"query-input":"required name=search_term_string"}],"inLanguage":"pl-PL"},{"@type":"Organization","@id":"https:\/\/printu.pl\/blog\/#organization","name":"blog","url":"https:\/\/printu.pl\/blog\/","logo":{"@type":"ImageObject","inLanguage":"pl-PL","@id":"https:\/\/printu.pl\/blog\/#\/schema\/logo\/image\/","url":"https:\/\/s3-eu-central-1.amazonaws.com\/printu-blog\/wp-content\/uploads\/2017\/02\/printu-logo.png","contentUrl":"https:\/\/s3-eu-central-1.amazonaws.com\/printu-blog\/wp-content\/uploads\/2017\/02\/printu-logo.png","width":143,"height":34,"caption":" blog"},"image":{"@id":"https:\/\/printu.pl\/blog\/#\/schema\/logo\/image\/"},"sameAs":["https:\/\/instagram.com\/printupl","https:\/\/www.facebook.com\/printupl","https:\/\/twitter.com\/printupl"]},{"@type":"Person","@id":"https:\/\/printu.pl\/blog\/#\/schema\/person\/1552825435ffb2cc058d57ea4dd17e22","name":"Katarzyna","image":{"@type":"ImageObject","inLanguage":"pl-PL","@id":"https:\/\/printu.pl\/blog\/#\/schema\/person\/image\/","url":"https:\/\/secure.gravatar.com\/avatar\/39b1f1f0db1aa82c65afeee9d7610280?s=96&d=mm&r=g","contentUrl":"https:\/\/secure.gravatar.com\/avatar\/39b1f1f0db1aa82c65afeee9d7610280?s=96&d=mm&r=g","caption":"Katarzyna"}}]}},"_links":{"self":[{"href":"https:\/\/printu.pl\/blog\/wp-json\/wp\/v2\/posts\/7123"}],"collection":[{"href":"https:\/\/printu.pl\/blog\/wp-json\/wp\/v2\/posts"}],"about":[{"href":"https:\/\/printu.pl\/blog\/wp-json\/wp\/v2\/types\/post"}],"author":[{"embeddable":true,"href":"https:\/\/printu.pl\/blog\/wp-json\/wp\/v2\/users\/4"}],"replies":[{"embeddable":true,"href":"https:\/\/printu.pl\/blog\/wp-json\/wp\/v2\/comments?post=7123"}],"version-history":[{"count":4,"href":"https:\/\/printu.pl\/blog\/wp-json\/wp\/v2\/posts\/7123\/revisions"}],"predecessor-version":[{"id":7146,"href":"https:\/\/printu.pl\/blog\/wp-json\/wp\/v2\/posts\/7123\/revisions\/7146"}],"wp:attachment":[{"href":"https:\/\/printu.pl\/blog\/wp-json\/wp\/v2\/media?parent=7123"}],"wp:term":[{"taxonomy":"category","embeddable":true,"href":"https:\/\/printu.pl\/blog\/wp-json\/wp\/v2\/categories?post=7123"},{"taxonomy":"post_tag","embeddable":true,"href":"https:\/\/printu.pl\/blog\/wp-json\/wp\/v2\/tags?post=7123"}],"curies":[{"name":"wp","href":"https:\/\/api.w.org\/{rel}","templated":true}]}}