{"id":7210,"date":"2016-03-05T17:27:27","date_gmt":"2016-03-05T16:27:27","guid":{"rendered":"http:\/\/blog.printu.pl\/?p=7210"},"modified":"2016-03-16T17:49:03","modified_gmt":"2016-03-16T16:49:03","slug":"podsumowanie-roku-z-printu","status":"publish","type":"post","link":"https:\/\/printu.pl\/blog\/2016\/03\/05\/podsumowanie-roku-z-printu\/","title":{"rendered":"Podsumowanie roku z PRINTU"},"content":{"rendered":"<p><img decoding=\"async\" loading=\"lazy\" class=\"aligncenter wp-image-7211 size-full\" src=\"http:\/\/blog.printu.pl\/wp-content\/uploads\/2016\/03\/Podsumowanie-roku-z-printu.jpg\" alt=\"Podsumowanie roku z printu\" width=\"700\" height=\"350\" srcset=\"https:\/\/s3-eu-central-1.amazonaws.com\/printu-blog\/wp-content\/uploads\/2016\/03\/Podsumowanie-roku-z-printu.jpg 700w, https:\/\/s3-eu-central-1.amazonaws.com\/printu-blog\/wp-content\/uploads\/2016\/03\/Podsumowanie-roku-z-printu-300x150.jpg 300w\" sizes=\"(max-width: 700px) 100vw, 700px\" \/>Asia z bloga <a href=\"http:\/\/www.hubisiowo.pl\/2016\/02\/podsumowanie-roku-z-printu.html\" target=\"_blank\">hubisiowo.pl<\/a> zaprojektowa\u0142a prze\u015bliczne podsumowanie roku 2015. Cz\u0119\u015b\u0107 zdj\u0119\u0107 pochodzi z przepi\u0119knej sesji rodzinnej, kt\u00f3ra odby\u0142a si\u0119 na terenie agroturystyki nieopodal Olsztyna na tle kwitn\u0105cej lawendy. A jako \u017ce Asia przyk\u0142ada wag\u0119 do tworzenia rodzinnej historii, nie mog\u0142o si\u0119 oby\u0107 bez stworzenia cudnej ksi\u0105\u017cki &#8211; posumowania roku 2015. Asia pracowa\u0142a na bazie szablonu <a href=\"http:\/\/printu.pl\/fotoksiazka\/szablony\/mietowo-mi\/#!format=3&amp;cover=7&amp;paper=6\" target=\"_blank\">Mi\u0119towo Mi<\/a>. A Ty jaki szablon wybierzesz do swojego podsumowania?\u00a0 <!--more--><\/p>\n<p><img decoding=\"async\" loading=\"lazy\" class=\"aligncenter wp-image-7212\" src=\"http:\/\/blog.printu.pl\/wp-content\/uploads\/2016\/03\/Podsumowanie-roku-z-Printu-1.jpg\" alt=\"Podsumowanie roku z Printu (1)\" width=\"700\" height=\"519\" srcset=\"https:\/\/s3-eu-central-1.amazonaws.com\/printu-blog\/wp-content\/uploads\/2016\/03\/Podsumowanie-roku-z-Printu-1.jpg 890w, https:\/\/s3-eu-central-1.amazonaws.com\/printu-blog\/wp-content\/uploads\/2016\/03\/Podsumowanie-roku-z-Printu-1-300x222.jpg 300w, https:\/\/s3-eu-central-1.amazonaws.com\/printu-blog\/wp-content\/uploads\/2016\/03\/Podsumowanie-roku-z-Printu-1-768x570.jpg 768w, https:\/\/s3-eu-central-1.amazonaws.com\/printu-blog\/wp-content\/uploads\/2016\/03\/Podsumowanie-roku-z-Printu-1-674x500.jpg 674w\" sizes=\"(max-width: 700px) 100vw, 700px\" \/> <img decoding=\"async\" loading=\"lazy\" class=\"aligncenter wp-image-7213\" src=\"http:\/\/blog.printu.pl\/wp-content\/uploads\/2016\/03\/Podsumowanie-roku-z-Printu-2.jpg\" alt=\"Podsumowanie roku z Printu (2)\" width=\"700\" height=\"465\" srcset=\"https:\/\/s3-eu-central-1.amazonaws.com\/printu-blog\/wp-content\/uploads\/2016\/03\/Podsumowanie-roku-z-Printu-2.jpg 890w, https:\/\/s3-eu-central-1.amazonaws.com\/printu-blog\/wp-content\/uploads\/2016\/03\/Podsumowanie-roku-z-Printu-2-300x199.jpg 300w, https:\/\/s3-eu-central-1.amazonaws.com\/printu-blog\/wp-content\/uploads\/2016\/03\/Podsumowanie-roku-z-Printu-2-768x510.jpg 768w, https:\/\/s3-eu-central-1.amazonaws.com\/printu-blog\/wp-content\/uploads\/2016\/03\/Podsumowanie-roku-z-Printu-2-700x465.jpg 700w\" sizes=\"(max-width: 700px) 100vw, 700px\" \/> <img decoding=\"async\" loading=\"lazy\" class=\"aligncenter wp-image-7214\" src=\"http:\/\/blog.printu.pl\/wp-content\/uploads\/2016\/03\/Podsumowanie-roku-z-Printu-3.jpg\" alt=\"Podsumowanie roku z Printu (3)\" width=\"700\" height=\"425\" srcset=\"https:\/\/s3-eu-central-1.amazonaws.com\/printu-blog\/wp-content\/uploads\/2016\/03\/Podsumowanie-roku-z-Printu-3.jpg 890w, https:\/\/s3-eu-central-1.amazonaws.com\/printu-blog\/wp-content\/uploads\/2016\/03\/Podsumowanie-roku-z-Printu-3-300x182.jpg 300w, https:\/\/s3-eu-central-1.amazonaws.com\/printu-blog\/wp-content\/uploads\/2016\/03\/Podsumowanie-roku-z-Printu-3-768x466.jpg 768w, https:\/\/s3-eu-central-1.amazonaws.com\/printu-blog\/wp-content\/uploads\/2016\/03\/Podsumowanie-roku-z-Printu-3-700x425.jpg 700w\" sizes=\"(max-width: 700px) 100vw, 700px\" \/> <img decoding=\"async\" loading=\"lazy\" class=\"aligncenter wp-image-7215\" src=\"http:\/\/blog.printu.pl\/wp-content\/uploads\/2016\/03\/Podsumowanie-roku-z-Printu-4.jpg\" alt=\"Podsumowanie roku z Printu (4)\" width=\"700\" height=\"465\" srcset=\"https:\/\/s3-eu-central-1.amazonaws.com\/printu-blog\/wp-content\/uploads\/2016\/03\/Podsumowanie-roku-z-Printu-4.jpg 890w, https:\/\/s3-eu-central-1.amazonaws.com\/printu-blog\/wp-content\/uploads\/2016\/03\/Podsumowanie-roku-z-Printu-4-300x199.jpg 300w, https:\/\/s3-eu-central-1.amazonaws.com\/printu-blog\/wp-content\/uploads\/2016\/03\/Podsumowanie-roku-z-Printu-4-768x510.jpg 768w, https:\/\/s3-eu-central-1.amazonaws.com\/printu-blog\/wp-content\/uploads\/2016\/03\/Podsumowanie-roku-z-Printu-4-700x465.jpg 700w\" sizes=\"(max-width: 700px) 100vw, 700px\" \/> <img decoding=\"async\" loading=\"lazy\" class=\"aligncenter wp-image-7216\" src=\"http:\/\/blog.printu.pl\/wp-content\/uploads\/2016\/03\/Podsumowanie-roku-z-Printu-5.jpg\" alt=\"Podsumowanie roku z Printu (5)\" width=\"700\" height=\"446\" srcset=\"https:\/\/s3-eu-central-1.amazonaws.com\/printu-blog\/wp-content\/uploads\/2016\/03\/Podsumowanie-roku-z-Printu-5.jpg 890w, https:\/\/s3-eu-central-1.amazonaws.com\/printu-blog\/wp-content\/uploads\/2016\/03\/Podsumowanie-roku-z-Printu-5-300x191.jpg 300w, https:\/\/s3-eu-central-1.amazonaws.com\/printu-blog\/wp-content\/uploads\/2016\/03\/Podsumowanie-roku-z-Printu-5-768x489.jpg 768w, https:\/\/s3-eu-central-1.amazonaws.com\/printu-blog\/wp-content\/uploads\/2016\/03\/Podsumowanie-roku-z-Printu-5-700x446.jpg 700w\" sizes=\"(max-width: 700px) 100vw, 700px\" \/> <img decoding=\"async\" loading=\"lazy\" class=\"aligncenter wp-image-7217\" src=\"http:\/\/blog.printu.pl\/wp-content\/uploads\/2016\/03\/Podsumowanie-roku-z-Printu-6.jpg\" alt=\"Podsumowanie roku z Printu (6)\" width=\"700\" height=\"311\" srcset=\"https:\/\/s3-eu-central-1.amazonaws.com\/printu-blog\/wp-content\/uploads\/2016\/03\/Podsumowanie-roku-z-Printu-6.jpg 890w, https:\/\/s3-eu-central-1.amazonaws.com\/printu-blog\/wp-content\/uploads\/2016\/03\/Podsumowanie-roku-z-Printu-6-300x133.jpg 300w, https:\/\/s3-eu-central-1.amazonaws.com\/printu-blog\/wp-content\/uploads\/2016\/03\/Podsumowanie-roku-z-Printu-6-768x341.jpg 768w, https:\/\/s3-eu-central-1.amazonaws.com\/printu-blog\/wp-content\/uploads\/2016\/03\/Podsumowanie-roku-z-Printu-6-700x311.jpg 700w\" sizes=\"(max-width: 700px) 100vw, 700px\" \/> <img decoding=\"async\" loading=\"lazy\" class=\"aligncenter wp-image-7218\" src=\"http:\/\/blog.printu.pl\/wp-content\/uploads\/2016\/03\/Podsumowanie-roku-z-Printu-7.jpg\" alt=\"Podsumowanie roku z Printu (7)\" width=\"700\" height=\"417\" srcset=\"https:\/\/s3-eu-central-1.amazonaws.com\/printu-blog\/wp-content\/uploads\/2016\/03\/Podsumowanie-roku-z-Printu-7.jpg 890w, https:\/\/s3-eu-central-1.amazonaws.com\/printu-blog\/wp-content\/uploads\/2016\/03\/Podsumowanie-roku-z-Printu-7-300x179.jpg 300w, https:\/\/s3-eu-central-1.amazonaws.com\/printu-blog\/wp-content\/uploads\/2016\/03\/Podsumowanie-roku-z-Printu-7-768x457.jpg 768w, https:\/\/s3-eu-central-1.amazonaws.com\/printu-blog\/wp-content\/uploads\/2016\/03\/Podsumowanie-roku-z-Printu-7-700x417.jpg 700w\" sizes=\"(max-width: 700px) 100vw, 700px\" \/> <img decoding=\"async\" loading=\"lazy\" class=\"aligncenter wp-image-7219\" src=\"http:\/\/blog.printu.pl\/wp-content\/uploads\/2016\/03\/Podsumowanie-roku-z-Printu-8.jpg\" alt=\"Podsumowanie roku z Printu (8)\" width=\"700\" height=\"439\" srcset=\"https:\/\/s3-eu-central-1.amazonaws.com\/printu-blog\/wp-content\/uploads\/2016\/03\/Podsumowanie-roku-z-Printu-8.jpg 890w, https:\/\/s3-eu-central-1.amazonaws.com\/printu-blog\/wp-content\/uploads\/2016\/03\/Podsumowanie-roku-z-Printu-8-300x188.jpg 300w, https:\/\/s3-eu-central-1.amazonaws.com\/printu-blog\/wp-content\/uploads\/2016\/03\/Podsumowanie-roku-z-Printu-8-768x482.jpg 768w, https:\/\/s3-eu-central-1.amazonaws.com\/printu-blog\/wp-content\/uploads\/2016\/03\/Podsumowanie-roku-z-Printu-8-700x439.jpg 700w\" sizes=\"(max-width: 700px) 100vw, 700px\" \/> <img decoding=\"async\" loading=\"lazy\" class=\"aligncenter wp-image-7220\" src=\"http:\/\/blog.printu.pl\/wp-content\/uploads\/2016\/03\/Podsumowanie-roku-z-Printu-9.jpg\" alt=\"Podsumowanie roku z Printu (9)\" width=\"700\" height=\"393\" srcset=\"https:\/\/s3-eu-central-1.amazonaws.com\/printu-blog\/wp-content\/uploads\/2016\/03\/Podsumowanie-roku-z-Printu-9.jpg 890w, https:\/\/s3-eu-central-1.amazonaws.com\/printu-blog\/wp-content\/uploads\/2016\/03\/Podsumowanie-roku-z-Printu-9-300x169.jpg 300w, https:\/\/s3-eu-central-1.amazonaws.com\/printu-blog\/wp-content\/uploads\/2016\/03\/Podsumowanie-roku-z-Printu-9-768x431.jpg 768w, https:\/\/s3-eu-central-1.amazonaws.com\/printu-blog\/wp-content\/uploads\/2016\/03\/Podsumowanie-roku-z-Printu-9-700x393.jpg 700w\" sizes=\"(max-width: 700px) 100vw, 700px\" \/> <img decoding=\"async\" loading=\"lazy\" class=\"aligncenter wp-image-7221\" src=\"http:\/\/blog.printu.pl\/wp-content\/uploads\/2016\/03\/Podsumowanie-roku-z-Printu-10.jpg\" alt=\"Podsumowanie roku z Printu (10)\" width=\"700\" height=\"465\" srcset=\"https:\/\/s3-eu-central-1.amazonaws.com\/printu-blog\/wp-content\/uploads\/2016\/03\/Podsumowanie-roku-z-Printu-10.jpg 890w, https:\/\/s3-eu-central-1.amazonaws.com\/printu-blog\/wp-content\/uploads\/2016\/03\/Podsumowanie-roku-z-Printu-10-300x199.jpg 300w, https:\/\/s3-eu-central-1.amazonaws.com\/printu-blog\/wp-content\/uploads\/2016\/03\/Podsumowanie-roku-z-Printu-10-768x510.jpg 768w, https:\/\/s3-eu-central-1.amazonaws.com\/printu-blog\/wp-content\/uploads\/2016\/03\/Podsumowanie-roku-z-Printu-10-700x465.jpg 700w\" sizes=\"(max-width: 700px) 100vw, 700px\" \/> <img decoding=\"async\" loading=\"lazy\" class=\"aligncenter wp-image-7222\" src=\"http:\/\/blog.printu.pl\/wp-content\/uploads\/2016\/03\/Podsumowanie-roku-z-Printu-11.jpg\" alt=\"Podsumowanie roku z Printu (11)\" width=\"700\" height=\"465\" srcset=\"https:\/\/s3-eu-central-1.amazonaws.com\/printu-blog\/wp-content\/uploads\/2016\/03\/Podsumowanie-roku-z-Printu-11.jpg 890w, https:\/\/s3-eu-central-1.amazonaws.com\/printu-blog\/wp-content\/uploads\/2016\/03\/Podsumowanie-roku-z-Printu-11-300x199.jpg 300w, https:\/\/s3-eu-central-1.amazonaws.com\/printu-blog\/wp-content\/uploads\/2016\/03\/Podsumowanie-roku-z-Printu-11-768x510.jpg 768w, https:\/\/s3-eu-central-1.amazonaws.com\/printu-blog\/wp-content\/uploads\/2016\/03\/Podsumowanie-roku-z-Printu-11-700x465.jpg 700w\" sizes=\"(max-width: 700px) 100vw, 700px\" \/> <img decoding=\"async\" loading=\"lazy\" class=\"aligncenter wp-image-7223\" src=\"http:\/\/blog.printu.pl\/wp-content\/uploads\/2016\/03\/Podsumowanie-roku-z-Printu-12.jpg\" alt=\"Podsumowanie roku z Printu (12)\" width=\"700\" height=\"317\" srcset=\"https:\/\/s3-eu-central-1.amazonaws.com\/printu-blog\/wp-content\/uploads\/2016\/03\/Podsumowanie-roku-z-Printu-12.jpg 890w, https:\/\/s3-eu-central-1.amazonaws.com\/printu-blog\/wp-content\/uploads\/2016\/03\/Podsumowanie-roku-z-Printu-12-300x136.jpg 300w, https:\/\/s3-eu-central-1.amazonaws.com\/printu-blog\/wp-content\/uploads\/2016\/03\/Podsumowanie-roku-z-Printu-12-768x348.jpg 768w, https:\/\/s3-eu-central-1.amazonaws.com\/printu-blog\/wp-content\/uploads\/2016\/03\/Podsumowanie-roku-z-Printu-12-700x317.jpg 700w\" sizes=\"(max-width: 700px) 100vw, 700px\" \/> <img decoding=\"async\" loading=\"lazy\" class=\"aligncenter wp-image-7224\" src=\"http:\/\/blog.printu.pl\/wp-content\/uploads\/2016\/03\/Podsumowanie-roku-z-Printu-13.jpg\" alt=\"Podsumowanie roku z Printu (13)\" width=\"700\" height=\"541\" srcset=\"https:\/\/s3-eu-central-1.amazonaws.com\/printu-blog\/wp-content\/uploads\/2016\/03\/Podsumowanie-roku-z-Printu-13.jpg 890w, https:\/\/s3-eu-central-1.amazonaws.com\/printu-blog\/wp-content\/uploads\/2016\/03\/Podsumowanie-roku-z-Printu-13-300x232.jpg 300w, https:\/\/s3-eu-central-1.amazonaws.com\/printu-blog\/wp-content\/uploads\/2016\/03\/Podsumowanie-roku-z-Printu-13-768x594.jpg 768w, https:\/\/s3-eu-central-1.amazonaws.com\/printu-blog\/wp-content\/uploads\/2016\/03\/Podsumowanie-roku-z-Printu-13-647x500.jpg 647w\" sizes=\"(max-width: 700px) 100vw, 700px\" \/> <img decoding=\"async\" loading=\"lazy\" class=\"aligncenter wp-image-7225\" src=\"http:\/\/blog.printu.pl\/wp-content\/uploads\/2016\/03\/Podsumowanie-roku-z-Printu-14.jpg\" alt=\"Podsumowanie roku z Printu (14)\" width=\"700\" height=\"310\" srcset=\"https:\/\/s3-eu-central-1.amazonaws.com\/printu-blog\/wp-content\/uploads\/2016\/03\/Podsumowanie-roku-z-Printu-14.jpg 890w, https:\/\/s3-eu-central-1.amazonaws.com\/printu-blog\/wp-content\/uploads\/2016\/03\/Podsumowanie-roku-z-Printu-14-300x133.jpg 300w, https:\/\/s3-eu-central-1.amazonaws.com\/printu-blog\/wp-content\/uploads\/2016\/03\/Podsumowanie-roku-z-Printu-14-768x340.jpg 768w, https:\/\/s3-eu-central-1.amazonaws.com\/printu-blog\/wp-content\/uploads\/2016\/03\/Podsumowanie-roku-z-Printu-14-700x310.jpg 700w\" sizes=\"(max-width: 700px) 100vw, 700px\" \/> <img decoding=\"async\" loading=\"lazy\" class=\"aligncenter wp-image-7226\" src=\"http:\/\/blog.printu.pl\/wp-content\/uploads\/2016\/03\/Podsumowanie-roku-z-Printu-15.jpg\" alt=\"Podsumowanie roku z Printu (15)\" width=\"700\" height=\"446\" srcset=\"https:\/\/s3-eu-central-1.amazonaws.com\/printu-blog\/wp-content\/uploads\/2016\/03\/Podsumowanie-roku-z-Printu-15.jpg 890w, https:\/\/s3-eu-central-1.amazonaws.com\/printu-blog\/wp-content\/uploads\/2016\/03\/Podsumowanie-roku-z-Printu-15-300x191.jpg 300w, https:\/\/s3-eu-central-1.amazonaws.com\/printu-blog\/wp-content\/uploads\/2016\/03\/Podsumowanie-roku-z-Printu-15-768x489.jpg 768w, https:\/\/s3-eu-central-1.amazonaws.com\/printu-blog\/wp-content\/uploads\/2016\/03\/Podsumowanie-roku-z-Printu-15-700x446.jpg 700w\" sizes=\"(max-width: 700px) 100vw, 700px\" \/> <img decoding=\"async\" loading=\"lazy\" class=\"aligncenter wp-image-7227\" src=\"http:\/\/blog.printu.pl\/wp-content\/uploads\/2016\/03\/Podsumowanie-roku-z-Printu-16.jpg\" alt=\"Podsumowanie roku z Printu (16)\" width=\"700\" height=\"440\" srcset=\"https:\/\/s3-eu-central-1.amazonaws.com\/printu-blog\/wp-content\/uploads\/2016\/03\/Podsumowanie-roku-z-Printu-16.jpg 890w, https:\/\/s3-eu-central-1.amazonaws.com\/printu-blog\/wp-content\/uploads\/2016\/03\/Podsumowanie-roku-z-Printu-16-300x188.jpg 300w, https:\/\/s3-eu-central-1.amazonaws.com\/printu-blog\/wp-content\/uploads\/2016\/03\/Podsumowanie-roku-z-Printu-16-768x482.jpg 768w, https:\/\/s3-eu-central-1.amazonaws.com\/printu-blog\/wp-content\/uploads\/2016\/03\/Podsumowanie-roku-z-Printu-16-700x440.jpg 700w\" sizes=\"(max-width: 700px) 100vw, 700px\" \/> <img decoding=\"async\" loading=\"lazy\" class=\"aligncenter wp-image-7228\" src=\"http:\/\/blog.printu.pl\/wp-content\/uploads\/2016\/03\/Podsumowanie-roku-z-Printu-17.jpg\" alt=\"Podsumowanie roku z Printu (17)\" width=\"700\" height=\"450\" srcset=\"https:\/\/s3-eu-central-1.amazonaws.com\/printu-blog\/wp-content\/uploads\/2016\/03\/Podsumowanie-roku-z-Printu-17.jpg 890w, https:\/\/s3-eu-central-1.amazonaws.com\/printu-blog\/wp-content\/uploads\/2016\/03\/Podsumowanie-roku-z-Printu-17-300x193.jpg 300w, https:\/\/s3-eu-central-1.amazonaws.com\/printu-blog\/wp-content\/uploads\/2016\/03\/Podsumowanie-roku-z-Printu-17-768x494.jpg 768w, https:\/\/s3-eu-central-1.amazonaws.com\/printu-blog\/wp-content\/uploads\/2016\/03\/Podsumowanie-roku-z-Printu-17-700x450.jpg 700w\" sizes=\"(max-width: 700px) 100vw, 700px\" \/> <img decoding=\"async\" loading=\"lazy\" class=\"aligncenter wp-image-7229\" src=\"http:\/\/blog.printu.pl\/wp-content\/uploads\/2016\/03\/Podsumowanie-roku-z-Printu-18.jpg\" alt=\"Podsumowanie roku z Printu (18)\" width=\"700\" height=\"455\" srcset=\"https:\/\/s3-eu-central-1.amazonaws.com\/printu-blog\/wp-content\/uploads\/2016\/03\/Podsumowanie-roku-z-Printu-18.jpg 890w, https:\/\/s3-eu-central-1.amazonaws.com\/printu-blog\/wp-content\/uploads\/2016\/03\/Podsumowanie-roku-z-Printu-18-300x195.jpg 300w, https:\/\/s3-eu-central-1.amazonaws.com\/printu-blog\/wp-content\/uploads\/2016\/03\/Podsumowanie-roku-z-Printu-18-768x500.jpg 768w, https:\/\/s3-eu-central-1.amazonaws.com\/printu-blog\/wp-content\/uploads\/2016\/03\/Podsumowanie-roku-z-Printu-18-700x455.jpg 700w\" sizes=\"(max-width: 700px) 100vw, 700px\" \/> <img decoding=\"async\" loading=\"lazy\" class=\"aligncenter wp-image-7230\" src=\"http:\/\/blog.printu.pl\/wp-content\/uploads\/2016\/03\/Podsumowanie-roku-z-Printu-19.jpg\" alt=\"Podsumowanie roku z Printu (19)\" width=\"700\" height=\"432\" srcset=\"https:\/\/s3-eu-central-1.amazonaws.com\/printu-blog\/wp-content\/uploads\/2016\/03\/Podsumowanie-roku-z-Printu-19.jpg 890w, https:\/\/s3-eu-central-1.amazonaws.com\/printu-blog\/wp-content\/uploads\/2016\/03\/Podsumowanie-roku-z-Printu-19-300x185.jpg 300w, https:\/\/s3-eu-central-1.amazonaws.com\/printu-blog\/wp-content\/uploads\/2016\/03\/Podsumowanie-roku-z-Printu-19-768x474.jpg 768w, https:\/\/s3-eu-central-1.amazonaws.com\/printu-blog\/wp-content\/uploads\/2016\/03\/Podsumowanie-roku-z-Printu-19-700x432.jpg 700w\" sizes=\"(max-width: 700px) 100vw, 700px\" \/> <img decoding=\"async\" loading=\"lazy\" class=\"aligncenter wp-image-7231\" src=\"http:\/\/blog.printu.pl\/wp-content\/uploads\/2016\/03\/Podsumowanie-roku-z-Printu-20.jpg\" alt=\"Podsumowanie roku z Printu (20)\" width=\"700\" height=\"471\" srcset=\"https:\/\/s3-eu-central-1.amazonaws.com\/printu-blog\/wp-content\/uploads\/2016\/03\/Podsumowanie-roku-z-Printu-20.jpg 890w, https:\/\/s3-eu-central-1.amazonaws.com\/printu-blog\/wp-content\/uploads\/2016\/03\/Podsumowanie-roku-z-Printu-20-300x202.jpg 300w, https:\/\/s3-eu-central-1.amazonaws.com\/printu-blog\/wp-content\/uploads\/2016\/03\/Podsumowanie-roku-z-Printu-20-768x517.jpg 768w, https:\/\/s3-eu-central-1.amazonaws.com\/printu-blog\/wp-content\/uploads\/2016\/03\/Podsumowanie-roku-z-Printu-20-700x471.jpg 700w\" sizes=\"(max-width: 700px) 100vw, 700px\" \/> <img decoding=\"async\" loading=\"lazy\" class=\"aligncenter wp-image-7232\" src=\"http:\/\/blog.printu.pl\/wp-content\/uploads\/2016\/03\/Podsumowanie-roku-z-Printu-21.jpg\" alt=\"Podsumowanie roku z Printu (21)\" width=\"700\" height=\"465\" srcset=\"https:\/\/s3-eu-central-1.amazonaws.com\/printu-blog\/wp-content\/uploads\/2016\/03\/Podsumowanie-roku-z-Printu-21.jpg 890w, https:\/\/s3-eu-central-1.amazonaws.com\/printu-blog\/wp-content\/uploads\/2016\/03\/Podsumowanie-roku-z-Printu-21-300x199.jpg 300w, https:\/\/s3-eu-central-1.amazonaws.com\/printu-blog\/wp-content\/uploads\/2016\/03\/Podsumowanie-roku-z-Printu-21-768x510.jpg 768w, https:\/\/s3-eu-central-1.amazonaws.com\/printu-blog\/wp-content\/uploads\/2016\/03\/Podsumowanie-roku-z-Printu-21-700x465.jpg 700w\" sizes=\"(max-width: 700px) 100vw, 700px\" \/> <img decoding=\"async\" loading=\"lazy\" class=\"aligncenter wp-image-7233\" src=\"http:\/\/blog.printu.pl\/wp-content\/uploads\/2016\/03\/Podsumowanie-roku-z-Printu-22.jpg\" alt=\"Podsumowanie roku z Printu (22)\" width=\"700\" height=\"483\" srcset=\"https:\/\/s3-eu-central-1.amazonaws.com\/printu-blog\/wp-content\/uploads\/2016\/03\/Podsumowanie-roku-z-Printu-22.jpg 890w, https:\/\/s3-eu-central-1.amazonaws.com\/printu-blog\/wp-content\/uploads\/2016\/03\/Podsumowanie-roku-z-Printu-22-300x207.jpg 300w, https:\/\/s3-eu-central-1.amazonaws.com\/printu-blog\/wp-content\/uploads\/2016\/03\/Podsumowanie-roku-z-Printu-22-768x530.jpg 768w, https:\/\/s3-eu-central-1.amazonaws.com\/printu-blog\/wp-content\/uploads\/2016\/03\/Podsumowanie-roku-z-Printu-22-700x483.jpg 700w\" sizes=\"(max-width: 700px) 100vw, 700px\" \/> <img decoding=\"async\" loading=\"lazy\" class=\"aligncenter wp-image-7234\" src=\"http:\/\/blog.printu.pl\/wp-content\/uploads\/2016\/03\/Podsumowanie-roku-z-Printu-23.jpg\" alt=\"Podsumowanie roku z Printu (23)\" width=\"700\" height=\"534\" srcset=\"https:\/\/s3-eu-central-1.amazonaws.com\/printu-blog\/wp-content\/uploads\/2016\/03\/Podsumowanie-roku-z-Printu-23.jpg 890w, https:\/\/s3-eu-central-1.amazonaws.com\/printu-blog\/wp-content\/uploads\/2016\/03\/Podsumowanie-roku-z-Printu-23-300x229.jpg 300w, https:\/\/s3-eu-central-1.amazonaws.com\/printu-blog\/wp-content\/uploads\/2016\/03\/Podsumowanie-roku-z-Printu-23-768x586.jpg 768w, https:\/\/s3-eu-central-1.amazonaws.com\/printu-blog\/wp-content\/uploads\/2016\/03\/Podsumowanie-roku-z-Printu-23-655x500.jpg 655w\" sizes=\"(max-width: 700px) 100vw, 700px\" \/><\/p>\n","protected":false},"excerpt":{"rendered":"<p>Asia z bloga hubisiowo.pl zaprojektowa\u0142a prze\u015bliczne podsumowanie roku 2015. Cz\u0119\u015b\u0107 zdj\u0119\u0107 pochodzi z przepi\u0119knej sesji rodzinnej, kt\u00f3ra odby\u0142a si\u0119 na terenie agroturystyki nieopodal Olsztyna na tle kwitn\u0105cej lawendy. A jako \u017ce Asia przyk\u0142ada wag\u0119 do tworzenia rodzinnej historii, nie mog\u0142o si\u0119 oby\u0107 bez stworzenia cudnej ksi\u0105\u017cki &#8211; posumowania roku 2015. Asia pracowa\u0142a na bazie szablonu &hellip;<\/p>\n","protected":false},"author":4,"featured_media":0,"comment_status":"open","ping_status":"closed","sticky":false,"template":"","format":"standard","meta":[],"categories":[143],"tags":[141,1184],"yoast_head":"<!-- This site is optimized with the Yoast SEO plugin v19.13 - https:\/\/yoast.com\/wordpress\/plugins\/seo\/ -->\n<title>Podsumowanie roku z PRINTU - Printu.pl<\/title>\n<meta name=\"robots\" content=\"index, follow, max-snippet:-1, max-image-preview:large, max-video-preview:-1\" \/>\n<link rel=\"canonical\" href=\"https:\/\/printu.pl\/blog\/2016\/03\/05\/podsumowanie-roku-z-printu\/\" \/>\n<meta property=\"og:locale\" content=\"pl_PL\" \/>\n<meta property=\"og:type\" content=\"article\" \/>\n<meta property=\"og:title\" content=\"Podsumowanie roku z PRINTU - Printu.pl\" \/>\n<meta property=\"og:description\" content=\"Asia z bloga hubisiowo.pl zaprojektowa\u0142a prze\u015bliczne podsumowanie roku 2015. Cz\u0119\u015b\u0107 zdj\u0119\u0107 pochodzi z przepi\u0119knej sesji rodzinnej, kt\u00f3ra odby\u0142a si\u0119 na terenie agroturystyki nieopodal Olsztyna na tle kwitn\u0105cej lawendy. A jako \u017ce Asia przyk\u0142ada wag\u0119 do tworzenia rodzinnej historii, nie mog\u0142o si\u0119 oby\u0107 bez stworzenia cudnej ksi\u0105\u017cki &#8211; posumowania roku 2015. Asia pracowa\u0142a na bazie szablonu &hellip;\" \/>\n<meta property=\"og:url\" content=\"https:\/\/printu.pl\/blog\/2016\/03\/05\/podsumowanie-roku-z-printu\/\" \/>\n<meta property=\"og:site_name\" content=\"blog\" \/>\n<meta property=\"article:publisher\" content=\"https:\/\/www.facebook.com\/printupl\" \/>\n<meta property=\"article:published_time\" content=\"2016-03-05T16:27:27+00:00\" \/>\n<meta property=\"article:modified_time\" content=\"2016-03-16T16:49:03+00:00\" \/>\n<meta property=\"og:image\" content=\"http:\/\/blog.printu.pl\/wp-content\/uploads\/2016\/03\/Podsumowanie-roku-z-printu.jpg\" \/>\n<meta name=\"author\" content=\"Katarzyna\" \/>\n<meta name=\"twitter:card\" content=\"summary_large_image\" \/>\n<meta name=\"twitter:creator\" content=\"@printupl\" \/>\n<meta name=\"twitter:site\" content=\"@printupl\" \/>\n<meta name=\"twitter:label1\" content=\"Napisane przez\" \/>\n\t<meta name=\"twitter:data1\" content=\"Katarzyna\" \/>\n<!-- \/ Yoast SEO plugin. -->","yoast_head_json":{"title":"Podsumowanie roku z PRINTU - Printu.pl","robots":{"index":"index","follow":"follow","max-snippet":"max-snippet:-1","max-image-preview":"max-image-preview:large","max-video-preview":"max-video-preview:-1"},"canonical":"https:\/\/printu.pl\/blog\/2016\/03\/05\/podsumowanie-roku-z-printu\/","og_locale":"pl_PL","og_type":"article","og_title":"Podsumowanie roku z PRINTU - Printu.pl","og_description":"Asia z bloga hubisiowo.pl zaprojektowa\u0142a prze\u015bliczne podsumowanie roku 2015. Cz\u0119\u015b\u0107 zdj\u0119\u0107 pochodzi z przepi\u0119knej sesji rodzinnej, kt\u00f3ra odby\u0142a si\u0119 na terenie agroturystyki nieopodal Olsztyna na tle kwitn\u0105cej lawendy. A jako \u017ce Asia przyk\u0142ada wag\u0119 do tworzenia rodzinnej historii, nie mog\u0142o si\u0119 oby\u0107 bez stworzenia cudnej ksi\u0105\u017cki &#8211; posumowania roku 2015. Asia pracowa\u0142a na bazie szablonu &hellip;","og_url":"https:\/\/printu.pl\/blog\/2016\/03\/05\/podsumowanie-roku-z-printu\/","og_site_name":"blog","article_publisher":"https:\/\/www.facebook.com\/printupl","article_published_time":"2016-03-05T16:27:27+00:00","article_modified_time":"2016-03-16T16:49:03+00:00","og_image":[{"url":"http:\/\/blog.printu.pl\/wp-content\/uploads\/2016\/03\/Podsumowanie-roku-z-printu.jpg"}],"author":"Katarzyna","twitter_card":"summary_large_image","twitter_creator":"@printupl","twitter_site":"@printupl","twitter_misc":{"Napisane przez":"Katarzyna"},"schema":{"@context":"https:\/\/schema.org","@graph":[{"@type":"Article","@id":"https:\/\/printu.pl\/blog\/2016\/03\/05\/podsumowanie-roku-z-printu\/#article","isPartOf":{"@id":"https:\/\/printu.pl\/blog\/2016\/03\/05\/podsumowanie-roku-z-printu\/"},"author":{"name":"Katarzyna","@id":"https:\/\/printu.pl\/blog\/#\/schema\/person\/1552825435ffb2cc058d57ea4dd17e22"},"headline":"Podsumowanie roku z PRINTU","datePublished":"2016-03-05T16:27:27+00:00","dateModified":"2016-03-16T16:49:03+00:00","mainEntityOfPage":{"@id":"https:\/\/printu.pl\/blog\/2016\/03\/05\/podsumowanie-roku-z-printu\/"},"wordCount":79,"commentCount":0,"publisher":{"@id":"https:\/\/printu.pl\/blog\/#organization"},"keywords":["fotoksi\u0105\u017cka PRINTU","podsumowanie roku"],"articleSection":["Napisali o nas"],"inLanguage":"pl-PL","potentialAction":[{"@type":"CommentAction","name":"Comment","target":["https:\/\/printu.pl\/blog\/2016\/03\/05\/podsumowanie-roku-z-printu\/#respond"]}]},{"@type":"WebPage","@id":"https:\/\/printu.pl\/blog\/2016\/03\/05\/podsumowanie-roku-z-printu\/","url":"https:\/\/printu.pl\/blog\/2016\/03\/05\/podsumowanie-roku-z-printu\/","name":"Podsumowanie roku z PRINTU - Printu.pl","isPartOf":{"@id":"https:\/\/printu.pl\/blog\/#website"},"datePublished":"2016-03-05T16:27:27+00:00","dateModified":"2016-03-16T16:49:03+00:00","breadcrumb":{"@id":"https:\/\/printu.pl\/blog\/2016\/03\/05\/podsumowanie-roku-z-printu\/#breadcrumb"},"inLanguage":"pl-PL","potentialAction":[{"@type":"ReadAction","target":["https:\/\/printu.pl\/blog\/2016\/03\/05\/podsumowanie-roku-z-printu\/"]}]},{"@type":"BreadcrumbList","@id":"https:\/\/printu.pl\/blog\/2016\/03\/05\/podsumowanie-roku-z-printu\/#breadcrumb","itemListElement":[{"@type":"ListItem","position":1,"name":"Strona g\u0142\u00f3wna","item":"https:\/\/printu.pl\/blog\/"},{"@type":"ListItem","position":2,"name":"Podsumowanie roku z PRINTU"}]},{"@type":"WebSite","@id":"https:\/\/printu.pl\/blog\/#website","url":"https:\/\/printu.pl\/blog\/","name":"blog","description":"blog","publisher":{"@id":"https:\/\/printu.pl\/blog\/#organization"},"potentialAction":[{"@type":"SearchAction","target":{"@type":"EntryPoint","urlTemplate":"https:\/\/printu.pl\/blog\/?s={search_term_string}"},"query-input":"required name=search_term_string"}],"inLanguage":"pl-PL"},{"@type":"Organization","@id":"https:\/\/printu.pl\/blog\/#organization","name":"blog","url":"https:\/\/printu.pl\/blog\/","logo":{"@type":"ImageObject","inLanguage":"pl-PL","@id":"https:\/\/printu.pl\/blog\/#\/schema\/logo\/image\/","url":"https:\/\/s3-eu-central-1.amazonaws.com\/printu-blog\/wp-content\/uploads\/2017\/02\/printu-logo.png","contentUrl":"https:\/\/s3-eu-central-1.amazonaws.com\/printu-blog\/wp-content\/uploads\/2017\/02\/printu-logo.png","width":143,"height":34,"caption":" blog"},"image":{"@id":"https:\/\/printu.pl\/blog\/#\/schema\/logo\/image\/"},"sameAs":["https:\/\/instagram.com\/printupl","https:\/\/www.facebook.com\/printupl","https:\/\/twitter.com\/printupl"]},{"@type":"Person","@id":"https:\/\/printu.pl\/blog\/#\/schema\/person\/1552825435ffb2cc058d57ea4dd17e22","name":"Katarzyna","image":{"@type":"ImageObject","inLanguage":"pl-PL","@id":"https:\/\/printu.pl\/blog\/#\/schema\/person\/image\/","url":"https:\/\/secure.gravatar.com\/avatar\/39b1f1f0db1aa82c65afeee9d7610280?s=96&d=mm&r=g","contentUrl":"https:\/\/secure.gravatar.com\/avatar\/39b1f1f0db1aa82c65afeee9d7610280?s=96&d=mm&r=g","caption":"Katarzyna"}}]}},"_links":{"self":[{"href":"https:\/\/printu.pl\/blog\/wp-json\/wp\/v2\/posts\/7210"}],"collection":[{"href":"https:\/\/printu.pl\/blog\/wp-json\/wp\/v2\/posts"}],"about":[{"href":"https:\/\/printu.pl\/blog\/wp-json\/wp\/v2\/types\/post"}],"author":[{"embeddable":true,"href":"https:\/\/printu.pl\/blog\/wp-json\/wp\/v2\/users\/4"}],"replies":[{"embeddable":true,"href":"https:\/\/printu.pl\/blog\/wp-json\/wp\/v2\/comments?post=7210"}],"version-history":[{"count":4,"href":"https:\/\/printu.pl\/blog\/wp-json\/wp\/v2\/posts\/7210\/revisions"}],"predecessor-version":[{"id":7241,"href":"https:\/\/printu.pl\/blog\/wp-json\/wp\/v2\/posts\/7210\/revisions\/7241"}],"wp:attachment":[{"href":"https:\/\/printu.pl\/blog\/wp-json\/wp\/v2\/media?parent=7210"}],"wp:term":[{"taxonomy":"category","embeddable":true,"href":"https:\/\/printu.pl\/blog\/wp-json\/wp\/v2\/categories?post=7210"},{"taxonomy":"post_tag","embeddable":true,"href":"https:\/\/printu.pl\/blog\/wp-json\/wp\/v2\/tags?post=7210"}],"curies":[{"name":"wp","href":"https:\/\/api.w.org\/{rel}","templated":true}]}}