{"id":722,"date":"2013-10-07T17:14:55","date_gmt":"2013-10-07T15:14:55","guid":{"rendered":"http:\/\/blog.printu.pl\/?p=722"},"modified":"2015-12-16T19:36:03","modified_gmt":"2015-12-16T18:36:03","slug":"jesienna-sesja-zdjeciowa","status":"publish","type":"post","link":"https:\/\/printu.pl\/blog\/2013\/10\/07\/jesienna-sesja-zdjeciowa\/","title":{"rendered":"Jesienna sesja zdj\u0119ciowa"},"content":{"rendered":"<p><img decoding=\"async\" loading=\"lazy\" class=\"alignnone  wp-image-757\" src=\"http:\/\/blog.printu.pl\/wp-content\/uploads\/2013\/10\/jesienna-sesja-zdj\u0119ciowa.jpg\" alt=\"Jesienna sesja zdj\u0119ciowa\" width=\"700\" height=\"350\" srcset=\"https:\/\/s3-eu-central-1.amazonaws.com\/printu-blog\/wp-content\/uploads\/2013\/10\/jesienna-sesja-zdj%C4%99ciowa.jpg 700w, https:\/\/s3-eu-central-1.amazonaws.com\/printu-blog\/wp-content\/uploads\/2013\/10\/jesienna-sesja-zdj%C4%99ciowa-300x150.jpg 300w\" sizes=\"(max-width: 700px) 100vw, 700px\" \/><\/p>\n<p>Jesie\u0144 to zazwyczaj ta pora roku, kt\u00f3ra nie kojarzy nam si\u0119 najlepiej. Jest ona nied\u0142ugim wst\u0119pem do zimy, dni ma zazwyczaj ponure, szare i dosy\u0107 zimne. Na szcz\u0119\u015bcie zdarzaj\u0105 si\u0119 jej jeszcze przeb\u0142yski i potrafi zaoferowa\u0107 nam pi\u0119kn\u0105, s\u0142oneczn\u0105 pogod\u0119. Najcz\u0119\u015bciej s\u0142onko przebija si\u0119 popo\u0142udniami, daj\u0105c ostre, mocne \u015bwiat\u0142o. Uchwycone np. pod li\u015bcie b\u0119dzie dawa\u0107 zdumiewaj\u0105cy efekt!<\/p>\n<p><!--more-->Du\u017co sesji zdj\u0119ciowych odbywa si\u0119 w\u0142a\u015bnie jesieni\u0105. S\u0105 one dosy\u0107 trudne w realizacji i planowaniu, poniewa\u017c nie posiadamy a\u017c takiej pewno\u015bci co do pogody jak latem. Dlatego <strong>podczas jesieni najbardziej lubi\u0119 sesje spontaniczne, kt\u00f3re wychodz\u0105 z tego, \u017ce aparat mam po prostu zawsze przy sobie. I Wy zabierzcie sw\u00f3j na dzisiejszy spacer!<\/strong><\/p>\n<h2><strong>Wykorzystaj \u015bwiat\u0142o!<\/strong><\/h2>\n<p style=\"text-align: center;\"><img decoding=\"async\" loading=\"lazy\" class=\"wp-image-735 aligncenter\" src=\"http:\/\/blog.printu.pl\/wp-content\/uploads\/2013\/10\/jesie\u0144.jpg\" alt=\"Jesienna sesja zdj\u0119ciowa\" width=\"680\" height=\"1024\" srcset=\"https:\/\/s3-eu-central-1.amazonaws.com\/printu-blog\/wp-content\/uploads\/2013\/10\/jesie%C5%84.jpg 680w, https:\/\/s3-eu-central-1.amazonaws.com\/printu-blog\/wp-content\/uploads\/2013\/10\/jesie%C5%84-199x300.jpg 199w, https:\/\/s3-eu-central-1.amazonaws.com\/printu-blog\/wp-content\/uploads\/2013\/10\/jesie%C5%84-332x500.jpg 332w\" sizes=\"(max-width: 680px) 100vw, 680px\" \/><\/p>\n<p>Jesieni\u0105 kr\u00f3luj\u0105 kolory br\u0105zu, bordo, ciemnej czerwieni, pomara\u0144czy, zgni\u0142ej \u017c\u00f3\u0142ci. Mimo panuj\u0105cych stereotyp\u00f3w jesie\u0144, mo\u017cna ukaza\u0107 jako czas \u017cywych i jaskrawych kolor\u00f3w, np. zestawi\u0107 otoczenie z \u017cywym ubiorem modela. \u015awiat\u0142o o tej porze roku jest bardzo ciekawe, lecz kapry\u015bne. My\u015bl\u0119, \u017ce ciekawym oka\u017ce si\u0119 fotografowanie pod s\u0142o\u0144ce oraz uchwycenie momentu, kiedy na przyk\u0142ad pada ono przez suche li\u015bcie. Warto tak\u017ce poeksperymentowa\u0107, uchwyci\u0107 \u015bwiat\u0142o tak, jak dot\u0105d nie mieli\u015bmy okazji. Ustawi\u0107 modela tak, by cie\u0144 li\u015bci pada\u0142 na niego, lub przebija\u0142 si\u0119 przez bukiet zebranych jesiennych kwiat\u00f3w.<\/p>\n<h2><strong>W plener, Drodzy Rodzice<\/strong><\/h2>\n<p>Mo\u017ce pomy\u015blicie, \u017ce jestem nudna, bo powtarzam to w prawie ka\u017cdym swoim artykule, ale Drodzy Rodzice &#8211; plener ponad wszystko! Jesienny spacer, szale\u0144stwa na placu zabaw, zbieranie grzyb\u00f3w, li\u015bci i kasztan\u00f3w, tworzenie bukiet\u00f3w z wrzos\u00f3w, przeskoki przez kupki zgrabionych li\u015bciach, to tylko niekt\u00f3re propozycje z listy jesiennych zaj\u0119\u0107 z dzieckiem, podczas kt\u00f3rych mo\u017cna zrobi\u0107 naprawd\u0119 ciekawe uj\u0119cia. Pami\u0119tajmy jednak, \u017ce ubi\u00f3r malucha jest r\u00f3wnie wa\u017cny, co artystyczny aspekt. Chodzi mi tutaj o to, \u017ceby nie wybiera\u0107 na zdj\u0119cia zbyt zimnego dnia, by dziecko ubrane by\u0142o swobodnie i nie wygl\u0105da\u0142o zbyt \u201emisiowato\u201d (cho\u0107 oczywi\u015bcie misiowe kubraczki maj\u0105 sw\u00f3j urok) :)<\/p>\n<h2><strong>Warto eksperymentowa\u0107<\/strong><\/h2>\n<p>Zach\u0119cam Was r\u00f3wnie\u017c do eksperymentowania z jesienn\u0105 aur\u0105, bez Waszych ma\u0142ych modeli. Zwyk\u0142y spacer po mie\u015bcie, b\u0105d\u017a parku, potrafi przynie\u015b\u0107 ze sob\u0105 wiele nowych inspiracji i rozwi\u0105za\u0144, kt\u00f3re mo\u017cecie przerzuci\u0107 na fotografi\u0119 swoich dzieci, tak by by\u0142y to kadry kreatywne. Trening czyni mistrza, a praktyka i szeroko otwarte oczy, doskona\u0142ego rodzinnego fotografa.<\/p>\n<h2><strong>Wi\u0119cej o fotografowaniu jesieni\u0105 przeczytasz we wpisach:<\/strong><\/h2>\n<p><a href=\"http:\/\/blog.printu.pl\/2014\/10\/04\/jesienna-sesja-malucha\/\" target=\"_blank\">Jesienna sesja malucha<\/a><a href=\"http:\/\/blog.printu.pl\/2013\/10\/10\/fotografowanie-dzieci-w-sezonie-jesiennym\/\" target=\"_blank\"><br \/>\nFotografowanie dzieci w sezonie jesiennym<br \/>\n<\/a><a href=\"http:\/\/blog.printu.pl\/2014\/10\/10\/emocje-podczas-sesji\/\" target=\"_blank\">Emocje podczas sesji jesiennej<\/a><\/p>\n","protected":false},"excerpt":{"rendered":"<p>Dlatego podczas jesieni najbardziej lubi\u0119 sesje spontaniczne, kt\u00f3re wychodz\u0105 z tego, \u017ce aparat mam po prostu zawsze przy sobie. I Wy zabierzcie sw\u00f3j na dzisiejszy spacer!<\/p>\n","protected":false},"author":6,"featured_media":0,"comment_status":"open","ping_status":"open","sticky":false,"template":"","format":"standard","meta":[],"categories":[8],"tags":[212,211],"yoast_head":"<!-- This site is optimized with the Yoast SEO plugin v19.13 - https:\/\/yoast.com\/wordpress\/plugins\/seo\/ -->\n<title>Jesienna sesja zdj\u0119ciowa - Printu.pl<\/title>\n<meta name=\"robots\" content=\"index, follow, max-snippet:-1, max-image-preview:large, max-video-preview:-1\" \/>\n<link rel=\"canonical\" href=\"https:\/\/printu.pl\/blog\/2013\/10\/07\/jesienna-sesja-zdjeciowa\/\" \/>\n<meta property=\"og:locale\" content=\"pl_PL\" \/>\n<meta property=\"og:type\" content=\"article\" \/>\n<meta property=\"og:title\" content=\"Jesienna sesja zdj\u0119ciowa - Printu.pl\" \/>\n<meta property=\"og:description\" content=\"Dlatego podczas jesieni najbardziej lubi\u0119 sesje spontaniczne, kt\u00f3re wychodz\u0105 z tego, \u017ce aparat mam po prostu zawsze przy sobie. I Wy zabierzcie sw\u00f3j na dzisiejszy spacer!\" \/>\n<meta property=\"og:url\" content=\"https:\/\/printu.pl\/blog\/2013\/10\/07\/jesienna-sesja-zdjeciowa\/\" \/>\n<meta property=\"og:site_name\" content=\"blog\" \/>\n<meta property=\"article:publisher\" content=\"https:\/\/www.facebook.com\/printupl\" \/>\n<meta property=\"article:published_time\" content=\"2013-10-07T15:14:55+00:00\" \/>\n<meta property=\"article:modified_time\" content=\"2015-12-16T18:36:03+00:00\" \/>\n<meta name=\"author\" content=\"Patrycja\" \/>\n<meta name=\"twitter:card\" content=\"summary_large_image\" \/>\n<meta name=\"twitter:creator\" content=\"@printupl\" \/>\n<meta name=\"twitter:site\" content=\"@printupl\" \/>\n<meta name=\"twitter:label1\" content=\"Napisane przez\" \/>\n\t<meta name=\"twitter:data1\" content=\"Patrycja\" \/>\n\t<meta name=\"twitter:label2\" content=\"Szacowany czas czytania\" \/>\n\t<meta name=\"twitter:data2\" content=\"2 minuty\" \/>\n<!-- \/ Yoast SEO plugin. -->","yoast_head_json":{"title":"Jesienna sesja zdj\u0119ciowa - Printu.pl","robots":{"index":"index","follow":"follow","max-snippet":"max-snippet:-1","max-image-preview":"max-image-preview:large","max-video-preview":"max-video-preview:-1"},"canonical":"https:\/\/printu.pl\/blog\/2013\/10\/07\/jesienna-sesja-zdjeciowa\/","og_locale":"pl_PL","og_type":"article","og_title":"Jesienna sesja zdj\u0119ciowa - Printu.pl","og_description":"Dlatego podczas jesieni najbardziej lubi\u0119 sesje spontaniczne, kt\u00f3re wychodz\u0105 z tego, \u017ce aparat mam po prostu zawsze przy sobie. I Wy zabierzcie sw\u00f3j na dzisiejszy spacer!","og_url":"https:\/\/printu.pl\/blog\/2013\/10\/07\/jesienna-sesja-zdjeciowa\/","og_site_name":"blog","article_publisher":"https:\/\/www.facebook.com\/printupl","article_published_time":"2013-10-07T15:14:55+00:00","article_modified_time":"2015-12-16T18:36:03+00:00","author":"Patrycja","twitter_card":"summary_large_image","twitter_creator":"@printupl","twitter_site":"@printupl","twitter_misc":{"Napisane przez":"Patrycja","Szacowany czas czytania":"2 minuty"},"schema":{"@context":"https:\/\/schema.org","@graph":[{"@type":"Article","@id":"https:\/\/printu.pl\/blog\/2013\/10\/07\/jesienna-sesja-zdjeciowa\/#article","isPartOf":{"@id":"https:\/\/printu.pl\/blog\/2013\/10\/07\/jesienna-sesja-zdjeciowa\/"},"author":{"name":"Patrycja","@id":"https:\/\/printu.pl\/blog\/#\/schema\/person\/ed562f68ed42d428b16b542265929637"},"headline":"Jesienna sesja zdj\u0119ciowa","datePublished":"2013-10-07T15:14:55+00:00","dateModified":"2015-12-16T18:36:03+00:00","mainEntityOfPage":{"@id":"https:\/\/printu.pl\/blog\/2013\/10\/07\/jesienna-sesja-zdjeciowa\/"},"wordCount":457,"commentCount":2,"publisher":{"@id":"https:\/\/printu.pl\/blog\/#organization"},"keywords":["jesienna sesja zdj\u0119ciowa","sesja jesienna"],"articleSection":["Poradnik FOTO"],"inLanguage":"pl-PL","potentialAction":[{"@type":"CommentAction","name":"Comment","target":["https:\/\/printu.pl\/blog\/2013\/10\/07\/jesienna-sesja-zdjeciowa\/#respond"]}]},{"@type":"WebPage","@id":"https:\/\/printu.pl\/blog\/2013\/10\/07\/jesienna-sesja-zdjeciowa\/","url":"https:\/\/printu.pl\/blog\/2013\/10\/07\/jesienna-sesja-zdjeciowa\/","name":"Jesienna sesja zdj\u0119ciowa - Printu.pl","isPartOf":{"@id":"https:\/\/printu.pl\/blog\/#website"},"datePublished":"2013-10-07T15:14:55+00:00","dateModified":"2015-12-16T18:36:03+00:00","breadcrumb":{"@id":"https:\/\/printu.pl\/blog\/2013\/10\/07\/jesienna-sesja-zdjeciowa\/#breadcrumb"},"inLanguage":"pl-PL","potentialAction":[{"@type":"ReadAction","target":["https:\/\/printu.pl\/blog\/2013\/10\/07\/jesienna-sesja-zdjeciowa\/"]}]},{"@type":"BreadcrumbList","@id":"https:\/\/printu.pl\/blog\/2013\/10\/07\/jesienna-sesja-zdjeciowa\/#breadcrumb","itemListElement":[{"@type":"ListItem","position":1,"name":"Strona g\u0142\u00f3wna","item":"https:\/\/printu.pl\/blog\/"},{"@type":"ListItem","position":2,"name":"Jesienna sesja zdj\u0119ciowa"}]},{"@type":"WebSite","@id":"https:\/\/printu.pl\/blog\/#website","url":"https:\/\/printu.pl\/blog\/","name":"blog","description":"blog","publisher":{"@id":"https:\/\/printu.pl\/blog\/#organization"},"potentialAction":[{"@type":"SearchAction","target":{"@type":"EntryPoint","urlTemplate":"https:\/\/printu.pl\/blog\/?s={search_term_string}"},"query-input":"required name=search_term_string"}],"inLanguage":"pl-PL"},{"@type":"Organization","@id":"https:\/\/printu.pl\/blog\/#organization","name":"blog","url":"https:\/\/printu.pl\/blog\/","logo":{"@type":"ImageObject","inLanguage":"pl-PL","@id":"https:\/\/printu.pl\/blog\/#\/schema\/logo\/image\/","url":"https:\/\/s3-eu-central-1.amazonaws.com\/printu-blog\/wp-content\/uploads\/2017\/02\/printu-logo.png","contentUrl":"https:\/\/s3-eu-central-1.amazonaws.com\/printu-blog\/wp-content\/uploads\/2017\/02\/printu-logo.png","width":143,"height":34,"caption":" blog"},"image":{"@id":"https:\/\/printu.pl\/blog\/#\/schema\/logo\/image\/"},"sameAs":["https:\/\/instagram.com\/printupl","https:\/\/www.facebook.com\/printupl","https:\/\/twitter.com\/printupl"]},{"@type":"Person","@id":"https:\/\/printu.pl\/blog\/#\/schema\/person\/ed562f68ed42d428b16b542265929637","name":"Patrycja","image":{"@type":"ImageObject","inLanguage":"pl-PL","@id":"https:\/\/printu.pl\/blog\/#\/schema\/person\/image\/","url":"https:\/\/secure.gravatar.com\/avatar\/31e32a674461b1a1276cd0b9061f10a2?s=96&d=mm&r=g","contentUrl":"https:\/\/secure.gravatar.com\/avatar\/31e32a674461b1a1276cd0b9061f10a2?s=96&d=mm&r=g","caption":"Patrycja"}}]}},"_links":{"self":[{"href":"https:\/\/printu.pl\/blog\/wp-json\/wp\/v2\/posts\/722"}],"collection":[{"href":"https:\/\/printu.pl\/blog\/wp-json\/wp\/v2\/posts"}],"about":[{"href":"https:\/\/printu.pl\/blog\/wp-json\/wp\/v2\/types\/post"}],"author":[{"embeddable":true,"href":"https:\/\/printu.pl\/blog\/wp-json\/wp\/v2\/users\/6"}],"replies":[{"embeddable":true,"href":"https:\/\/printu.pl\/blog\/wp-json\/wp\/v2\/comments?post=722"}],"version-history":[{"count":17,"href":"https:\/\/printu.pl\/blog\/wp-json\/wp\/v2\/posts\/722\/revisions"}],"predecessor-version":[{"id":6309,"href":"https:\/\/printu.pl\/blog\/wp-json\/wp\/v2\/posts\/722\/revisions\/6309"}],"wp:attachment":[{"href":"https:\/\/printu.pl\/blog\/wp-json\/wp\/v2\/media?parent=722"}],"wp:term":[{"taxonomy":"category","embeddable":true,"href":"https:\/\/printu.pl\/blog\/wp-json\/wp\/v2\/categories?post=722"},{"taxonomy":"post_tag","embeddable":true,"href":"https:\/\/printu.pl\/blog\/wp-json\/wp\/v2\/tags?post=722"}],"curies":[{"name":"wp","href":"https:\/\/api.w.org\/{rel}","templated":true}]}}