{"id":7259,"date":"2016-02-20T13:37:47","date_gmt":"2016-02-20T12:37:47","guid":{"rendered":"http:\/\/blog.printu.pl\/?p=7259"},"modified":"2016-03-31T14:07:11","modified_gmt":"2016-03-31T12:07:11","slug":"wspolne-ogladanie-zdjec-zaciesnia-rodzinne-wiezi","status":"publish","type":"post","link":"https:\/\/printu.pl\/blog\/2016\/02\/20\/wspolne-ogladanie-zdjec-zaciesnia-rodzinne-wiezi\/","title":{"rendered":"Wsp\u00f3lne ogl\u0105danie zdj\u0119\u0107 zacie\u015bnia rodzinne wi\u0119zi"},"content":{"rendered":"<p><a href=\"http:\/\/blog.printu.pl\/wp-content\/uploads\/2016\/03\/Magiczne-chwile.jpg\"><img decoding=\"async\" loading=\"lazy\" class=\"aligncenter size-full wp-image-7260\" src=\"http:\/\/blog.printu.pl\/wp-content\/uploads\/2016\/03\/Magiczne-chwile.jpg\" alt=\"Magiczne chwile\" width=\"700\" height=\"350\" srcset=\"https:\/\/s3-eu-central-1.amazonaws.com\/printu-blog\/wp-content\/uploads\/2016\/03\/Magiczne-chwile.jpg 700w, https:\/\/s3-eu-central-1.amazonaws.com\/printu-blog\/wp-content\/uploads\/2016\/03\/Magiczne-chwile-300x150.jpg 300w\" sizes=\"(max-width: 700px) 100vw, 700px\" \/><\/a>Iza z bloga <a href=\"http:\/\/nianio.com.pl\/magiczne-chwile-z-rodzina\/\" target=\"_blank\">nianio.com.pl<\/a> pisze o tym, \u017ce czas p\u0119dzi jak szalony, ale na szcz\u0119\u015bcie istnieje spos\u00f3b na jego zatrzymanie &#8211; zdj\u0119cia. Lubi wraca\u0107 wspomnieniami do pi\u0119knych chwil i \u0142apie si\u0119 na tym, \u017ce cz\u0119\u015bciej ni\u017c po komputer, si\u0119ga po <a href=\"http:\/\/printu.pl\/fotoksiazka\/\" target=\"_blank\">fotoksi\u0105\u017cki Printu<\/a>. Dlaczego? Poniewa\u017c oprawa fotografii ma ogromne znaczenie, fotoksi\u0105\u017cka ma sw\u00f3j urok a co najwa\u017cniejsze &#8211; wsp\u00f3lne ogl\u0105danie zdj\u0119\u0107 i wspominanie, zacie\u015bnia rodzinne wi\u0119zi.<\/p>\n","protected":false},"excerpt":{"rendered":"<p>Iza z bloga nianio.com.pl pisze o tym, \u017ce czas p\u0119dzi jak szalony, ale na szcz\u0119\u015bcie istnieje spos\u00f3b na jego zatrzymanie &#8211; zdj\u0119cia. Lubi wraca\u0107 wspomnieniami do pi\u0119knych chwil i \u0142apie si\u0119 na tym, \u017ce cz\u0119\u015bciej ni\u017c po komputer, si\u0119ga po fotoksi\u0105\u017cki Printu. Dlaczego? Poniewa\u017c oprawa fotografii ma ogromne znaczenie, fotoksi\u0105\u017cka ma sw\u00f3j urok a co &hellip;<\/p>\n","protected":false},"author":4,"featured_media":0,"comment_status":"open","ping_status":"closed","sticky":false,"template":"","format":"standard","meta":[],"categories":[143],"tags":[],"yoast_head":"<!-- This site is optimized with the Yoast SEO plugin v19.13 - https:\/\/yoast.com\/wordpress\/plugins\/seo\/ -->\n<title>Wsp\u00f3lne ogl\u0105danie zdj\u0119\u0107 zacie\u015bnia rodzinne wi\u0119zi - Printu.pl<\/title>\n<meta name=\"robots\" content=\"index, follow, max-snippet:-1, max-image-preview:large, max-video-preview:-1\" \/>\n<link rel=\"canonical\" href=\"https:\/\/printu.pl\/blog\/2016\/02\/20\/wspolne-ogladanie-zdjec-zaciesnia-rodzinne-wiezi\/\" \/>\n<meta property=\"og:locale\" content=\"pl_PL\" \/>\n<meta property=\"og:type\" content=\"article\" \/>\n<meta property=\"og:title\" content=\"Wsp\u00f3lne ogl\u0105danie zdj\u0119\u0107 zacie\u015bnia rodzinne wi\u0119zi - Printu.pl\" \/>\n<meta property=\"og:description\" content=\"Iza z bloga nianio.com.pl pisze o tym, \u017ce czas p\u0119dzi jak szalony, ale na szcz\u0119\u015bcie istnieje spos\u00f3b na jego zatrzymanie &#8211; zdj\u0119cia. Lubi wraca\u0107 wspomnieniami do pi\u0119knych chwil i \u0142apie si\u0119 na tym, \u017ce cz\u0119\u015bciej ni\u017c po komputer, si\u0119ga po fotoksi\u0105\u017cki Printu. Dlaczego? Poniewa\u017c oprawa fotografii ma ogromne znaczenie, fotoksi\u0105\u017cka ma sw\u00f3j urok a co &hellip;\" \/>\n<meta property=\"og:url\" content=\"https:\/\/printu.pl\/blog\/2016\/02\/20\/wspolne-ogladanie-zdjec-zaciesnia-rodzinne-wiezi\/\" \/>\n<meta property=\"og:site_name\" content=\"blog\" \/>\n<meta property=\"article:publisher\" content=\"https:\/\/www.facebook.com\/printupl\" \/>\n<meta property=\"article:published_time\" content=\"2016-02-20T12:37:47+00:00\" \/>\n<meta property=\"article:modified_time\" content=\"2016-03-31T12:07:11+00:00\" \/>\n<meta property=\"og:image\" content=\"http:\/\/blog.printu.pl\/wp-content\/uploads\/2016\/03\/Magiczne-chwile.jpg\" \/>\n<meta name=\"author\" content=\"Katarzyna\" \/>\n<meta name=\"twitter:card\" content=\"summary_large_image\" \/>\n<meta name=\"twitter:creator\" content=\"@printupl\" \/>\n<meta name=\"twitter:site\" content=\"@printupl\" \/>\n<meta name=\"twitter:label1\" content=\"Napisane przez\" \/>\n\t<meta name=\"twitter:data1\" content=\"Katarzyna\" \/>\n<!-- \/ Yoast SEO plugin. -->","yoast_head_json":{"title":"Wsp\u00f3lne ogl\u0105danie zdj\u0119\u0107 zacie\u015bnia rodzinne wi\u0119zi - Printu.pl","robots":{"index":"index","follow":"follow","max-snippet":"max-snippet:-1","max-image-preview":"max-image-preview:large","max-video-preview":"max-video-preview:-1"},"canonical":"https:\/\/printu.pl\/blog\/2016\/02\/20\/wspolne-ogladanie-zdjec-zaciesnia-rodzinne-wiezi\/","og_locale":"pl_PL","og_type":"article","og_title":"Wsp\u00f3lne ogl\u0105danie zdj\u0119\u0107 zacie\u015bnia rodzinne wi\u0119zi - Printu.pl","og_description":"Iza z bloga nianio.com.pl pisze o tym, \u017ce czas p\u0119dzi jak szalony, ale na szcz\u0119\u015bcie istnieje spos\u00f3b na jego zatrzymanie &#8211; zdj\u0119cia. Lubi wraca\u0107 wspomnieniami do pi\u0119knych chwil i \u0142apie si\u0119 na tym, \u017ce cz\u0119\u015bciej ni\u017c po komputer, si\u0119ga po fotoksi\u0105\u017cki Printu. Dlaczego? Poniewa\u017c oprawa fotografii ma ogromne znaczenie, fotoksi\u0105\u017cka ma sw\u00f3j urok a co &hellip;","og_url":"https:\/\/printu.pl\/blog\/2016\/02\/20\/wspolne-ogladanie-zdjec-zaciesnia-rodzinne-wiezi\/","og_site_name":"blog","article_publisher":"https:\/\/www.facebook.com\/printupl","article_published_time":"2016-02-20T12:37:47+00:00","article_modified_time":"2016-03-31T12:07:11+00:00","og_image":[{"url":"http:\/\/blog.printu.pl\/wp-content\/uploads\/2016\/03\/Magiczne-chwile.jpg"}],"author":"Katarzyna","twitter_card":"summary_large_image","twitter_creator":"@printupl","twitter_site":"@printupl","twitter_misc":{"Napisane przez":"Katarzyna"},"schema":{"@context":"https:\/\/schema.org","@graph":[{"@type":"Article","@id":"https:\/\/printu.pl\/blog\/2016\/02\/20\/wspolne-ogladanie-zdjec-zaciesnia-rodzinne-wiezi\/#article","isPartOf":{"@id":"https:\/\/printu.pl\/blog\/2016\/02\/20\/wspolne-ogladanie-zdjec-zaciesnia-rodzinne-wiezi\/"},"author":{"name":"Katarzyna","@id":"https:\/\/printu.pl\/blog\/#\/schema\/person\/1552825435ffb2cc058d57ea4dd17e22"},"headline":"Wsp\u00f3lne ogl\u0105danie zdj\u0119\u0107 zacie\u015bnia rodzinne wi\u0119zi","datePublished":"2016-02-20T12:37:47+00:00","dateModified":"2016-03-31T12:07:11+00:00","mainEntityOfPage":{"@id":"https:\/\/printu.pl\/blog\/2016\/02\/20\/wspolne-ogladanie-zdjec-zaciesnia-rodzinne-wiezi\/"},"wordCount":92,"commentCount":0,"publisher":{"@id":"https:\/\/printu.pl\/blog\/#organization"},"articleSection":["Napisali o nas"],"inLanguage":"pl-PL","potentialAction":[{"@type":"CommentAction","name":"Comment","target":["https:\/\/printu.pl\/blog\/2016\/02\/20\/wspolne-ogladanie-zdjec-zaciesnia-rodzinne-wiezi\/#respond"]}]},{"@type":"WebPage","@id":"https:\/\/printu.pl\/blog\/2016\/02\/20\/wspolne-ogladanie-zdjec-zaciesnia-rodzinne-wiezi\/","url":"https:\/\/printu.pl\/blog\/2016\/02\/20\/wspolne-ogladanie-zdjec-zaciesnia-rodzinne-wiezi\/","name":"Wsp\u00f3lne ogl\u0105danie zdj\u0119\u0107 zacie\u015bnia rodzinne wi\u0119zi - Printu.pl","isPartOf":{"@id":"https:\/\/printu.pl\/blog\/#website"},"datePublished":"2016-02-20T12:37:47+00:00","dateModified":"2016-03-31T12:07:11+00:00","breadcrumb":{"@id":"https:\/\/printu.pl\/blog\/2016\/02\/20\/wspolne-ogladanie-zdjec-zaciesnia-rodzinne-wiezi\/#breadcrumb"},"inLanguage":"pl-PL","potentialAction":[{"@type":"ReadAction","target":["https:\/\/printu.pl\/blog\/2016\/02\/20\/wspolne-ogladanie-zdjec-zaciesnia-rodzinne-wiezi\/"]}]},{"@type":"BreadcrumbList","@id":"https:\/\/printu.pl\/blog\/2016\/02\/20\/wspolne-ogladanie-zdjec-zaciesnia-rodzinne-wiezi\/#breadcrumb","itemListElement":[{"@type":"ListItem","position":1,"name":"Strona g\u0142\u00f3wna","item":"https:\/\/printu.pl\/blog\/"},{"@type":"ListItem","position":2,"name":"Wsp\u00f3lne ogl\u0105danie zdj\u0119\u0107 zacie\u015bnia rodzinne wi\u0119zi"}]},{"@type":"WebSite","@id":"https:\/\/printu.pl\/blog\/#website","url":"https:\/\/printu.pl\/blog\/","name":"blog","description":"blog","publisher":{"@id":"https:\/\/printu.pl\/blog\/#organization"},"potentialAction":[{"@type":"SearchAction","target":{"@type":"EntryPoint","urlTemplate":"https:\/\/printu.pl\/blog\/?s={search_term_string}"},"query-input":"required name=search_term_string"}],"inLanguage":"pl-PL"},{"@type":"Organization","@id":"https:\/\/printu.pl\/blog\/#organization","name":"blog","url":"https:\/\/printu.pl\/blog\/","logo":{"@type":"ImageObject","inLanguage":"pl-PL","@id":"https:\/\/printu.pl\/blog\/#\/schema\/logo\/image\/","url":"https:\/\/s3-eu-central-1.amazonaws.com\/printu-blog\/wp-content\/uploads\/2017\/02\/printu-logo.png","contentUrl":"https:\/\/s3-eu-central-1.amazonaws.com\/printu-blog\/wp-content\/uploads\/2017\/02\/printu-logo.png","width":143,"height":34,"caption":" blog"},"image":{"@id":"https:\/\/printu.pl\/blog\/#\/schema\/logo\/image\/"},"sameAs":["https:\/\/instagram.com\/printupl","https:\/\/www.facebook.com\/printupl","https:\/\/twitter.com\/printupl"]},{"@type":"Person","@id":"https:\/\/printu.pl\/blog\/#\/schema\/person\/1552825435ffb2cc058d57ea4dd17e22","name":"Katarzyna","image":{"@type":"ImageObject","inLanguage":"pl-PL","@id":"https:\/\/printu.pl\/blog\/#\/schema\/person\/image\/","url":"https:\/\/secure.gravatar.com\/avatar\/39b1f1f0db1aa82c65afeee9d7610280?s=96&d=mm&r=g","contentUrl":"https:\/\/secure.gravatar.com\/avatar\/39b1f1f0db1aa82c65afeee9d7610280?s=96&d=mm&r=g","caption":"Katarzyna"}}]}},"_links":{"self":[{"href":"https:\/\/printu.pl\/blog\/wp-json\/wp\/v2\/posts\/7259"}],"collection":[{"href":"https:\/\/printu.pl\/blog\/wp-json\/wp\/v2\/posts"}],"about":[{"href":"https:\/\/printu.pl\/blog\/wp-json\/wp\/v2\/types\/post"}],"author":[{"embeddable":true,"href":"https:\/\/printu.pl\/blog\/wp-json\/wp\/v2\/users\/4"}],"replies":[{"embeddable":true,"href":"https:\/\/printu.pl\/blog\/wp-json\/wp\/v2\/comments?post=7259"}],"version-history":[{"count":4,"href":"https:\/\/printu.pl\/blog\/wp-json\/wp\/v2\/posts\/7259\/revisions"}],"predecessor-version":[{"id":7264,"href":"https:\/\/printu.pl\/blog\/wp-json\/wp\/v2\/posts\/7259\/revisions\/7264"}],"wp:attachment":[{"href":"https:\/\/printu.pl\/blog\/wp-json\/wp\/v2\/media?parent=7259"}],"wp:term":[{"taxonomy":"category","embeddable":true,"href":"https:\/\/printu.pl\/blog\/wp-json\/wp\/v2\/categories?post=7259"},{"taxonomy":"post_tag","embeddable":true,"href":"https:\/\/printu.pl\/blog\/wp-json\/wp\/v2\/tags?post=7259"}],"curies":[{"name":"wp","href":"https:\/\/api.w.org\/{rel}","templated":true}]}}