{"id":7420,"date":"2016-06-10T12:48:27","date_gmt":"2016-06-10T10:48:27","guid":{"rendered":"http:\/\/blog.printu.pl\/?p=7420"},"modified":"2016-06-16T12:55:30","modified_gmt":"2016-06-16T10:55:30","slug":"fotoksiazka-dla-taty-2","status":"publish","type":"post","link":"https:\/\/printu.pl\/blog\/2016\/06\/10\/fotoksiazka-dla-taty-2\/","title":{"rendered":"Fotoksi\u0105\u017cka dla taty"},"content":{"rendered":"<p>M\u0105\u017c Agnieszki w tym roku po raz pierwszy obchodzi\u0107 b\u0119dzie dzie\u0144 ojca. Aby wyj\u0105tkowo uczci\u0107 to \u015bwi\u0119to, postanowi\u0142a zaprojektowa\u0107 dla niego fotoksi\u0105\u017ck\u0119 ze zdj\u0119ciami c\u00f3reczki. Kiedy tylko otrzyma\u0142a przesy\u0142k\u0119, nie mog\u0142a si\u0119 powstrzyma\u0107, \u017ceby nie podarowa\u0107 prezentu wcze\u015bniej. Relacj\u0119 z jego wr\u0119czenia znajdziecie <a href=\"http:\/\/www.lifeandchill.pl\/2016\/06\/dla-taty.html\">tutaj<\/a>.\u00a0 Zapraszam Was na <a href=\"http:\/\/printu.pl\/fotoksiazka\/szablony\/dzien-mamy\/\">printu.pl<\/a> do projektowania najpi\u0119kniejszych prezent\u00f3w na dzie\u0144 taty.<\/p>\n","protected":false},"excerpt":{"rendered":"<p>M\u0105\u017c Agnieszki w tym roku po raz pierwszy obchodzi\u0107 b\u0119dzie dzie\u0144 ojca. Aby wyj\u0105tkowo uczci\u0107 to \u015bwi\u0119to, postanowi\u0142a zaprojektowa\u0107 dla niego fotoksi\u0105\u017ck\u0119 ze zdj\u0119ciami c\u00f3reczki. Kiedy tylko otrzyma\u0142a przesy\u0142k\u0119, nie mog\u0142a si\u0119 powstrzyma\u0107, \u017ceby nie podarowa\u0107 prezentu wcze\u015bniej. Relacj\u0119 z jego wr\u0119czenia znajdziecie tutaj.\u00a0 Zapraszam Was na printu.pl do projektowania najpi\u0119kniejszych prezent\u00f3w na dzie\u0144 taty.<\/p>\n","protected":false},"author":4,"featured_media":7423,"comment_status":"open","ping_status":"closed","sticky":false,"template":"","format":"standard","meta":[],"categories":[143],"tags":[196,1152],"yoast_head":"<!-- This site is optimized with the Yoast SEO plugin v19.13 - https:\/\/yoast.com\/wordpress\/plugins\/seo\/ -->\n<title>Fotoksi\u0105\u017cka dla taty - Printu.pl<\/title>\n<meta name=\"robots\" content=\"index, follow, max-snippet:-1, max-image-preview:large, max-video-preview:-1\" \/>\n<link rel=\"canonical\" href=\"https:\/\/printu.pl\/blog\/2016\/06\/10\/fotoksiazka-dla-taty-2\/\" \/>\n<meta property=\"og:locale\" content=\"pl_PL\" \/>\n<meta property=\"og:type\" content=\"article\" \/>\n<meta property=\"og:title\" content=\"Fotoksi\u0105\u017cka dla taty - Printu.pl\" \/>\n<meta property=\"og:description\" content=\"M\u0105\u017c Agnieszki w tym roku po raz pierwszy obchodzi\u0107 b\u0119dzie dzie\u0144 ojca. Aby wyj\u0105tkowo uczci\u0107 to \u015bwi\u0119to, postanowi\u0142a zaprojektowa\u0107 dla niego fotoksi\u0105\u017ck\u0119 ze zdj\u0119ciami c\u00f3reczki. Kiedy tylko otrzyma\u0142a przesy\u0142k\u0119, nie mog\u0142a si\u0119 powstrzyma\u0107, \u017ceby nie podarowa\u0107 prezentu wcze\u015bniej. Relacj\u0119 z jego wr\u0119czenia znajdziecie tutaj.\u00a0 Zapraszam Was na printu.pl do projektowania najpi\u0119kniejszych prezent\u00f3w na dzie\u0144 taty.\" \/>\n<meta property=\"og:url\" content=\"https:\/\/printu.pl\/blog\/2016\/06\/10\/fotoksiazka-dla-taty-2\/\" \/>\n<meta property=\"og:site_name\" content=\"blog\" \/>\n<meta property=\"article:publisher\" content=\"https:\/\/www.facebook.com\/printupl\" \/>\n<meta property=\"article:published_time\" content=\"2016-06-10T10:48:27+00:00\" \/>\n<meta property=\"article:modified_time\" content=\"2016-06-16T10:55:30+00:00\" \/>\n<meta property=\"og:image\" content=\"https:\/\/s3-eu-central-1.amazonaws.com\/printu-blog\/wp-content\/uploads\/2016\/06\/Fotoksi%C4%85%C5%BCka-dla-taty-1.jpg\" \/>\n\t<meta property=\"og:image:width\" content=\"700\" \/>\n\t<meta property=\"og:image:height\" content=\"350\" \/>\n\t<meta property=\"og:image:type\" content=\"image\/jpeg\" \/>\n<meta name=\"author\" content=\"Katarzyna\" \/>\n<meta name=\"twitter:card\" content=\"summary_large_image\" \/>\n<meta name=\"twitter:creator\" content=\"@printupl\" \/>\n<meta name=\"twitter:site\" content=\"@printupl\" \/>\n<meta name=\"twitter:label1\" content=\"Napisane przez\" \/>\n\t<meta name=\"twitter:data1\" content=\"Katarzyna\" \/>\n<!-- \/ Yoast SEO plugin. -->","yoast_head_json":{"title":"Fotoksi\u0105\u017cka dla taty - Printu.pl","robots":{"index":"index","follow":"follow","max-snippet":"max-snippet:-1","max-image-preview":"max-image-preview:large","max-video-preview":"max-video-preview:-1"},"canonical":"https:\/\/printu.pl\/blog\/2016\/06\/10\/fotoksiazka-dla-taty-2\/","og_locale":"pl_PL","og_type":"article","og_title":"Fotoksi\u0105\u017cka dla taty - Printu.pl","og_description":"M\u0105\u017c Agnieszki w tym roku po raz pierwszy obchodzi\u0107 b\u0119dzie dzie\u0144 ojca. Aby wyj\u0105tkowo uczci\u0107 to \u015bwi\u0119to, postanowi\u0142a zaprojektowa\u0107 dla niego fotoksi\u0105\u017ck\u0119 ze zdj\u0119ciami c\u00f3reczki. Kiedy tylko otrzyma\u0142a przesy\u0142k\u0119, nie mog\u0142a si\u0119 powstrzyma\u0107, \u017ceby nie podarowa\u0107 prezentu wcze\u015bniej. Relacj\u0119 z jego wr\u0119czenia znajdziecie tutaj.\u00a0 Zapraszam Was na printu.pl do projektowania najpi\u0119kniejszych prezent\u00f3w na dzie\u0144 taty.","og_url":"https:\/\/printu.pl\/blog\/2016\/06\/10\/fotoksiazka-dla-taty-2\/","og_site_name":"blog","article_publisher":"https:\/\/www.facebook.com\/printupl","article_published_time":"2016-06-10T10:48:27+00:00","article_modified_time":"2016-06-16T10:55:30+00:00","og_image":[{"width":700,"height":350,"url":"https:\/\/s3-eu-central-1.amazonaws.com\/printu-blog\/wp-content\/uploads\/2016\/06\/Fotoksi%C4%85%C5%BCka-dla-taty-1.jpg","type":"image\/jpeg"}],"author":"Katarzyna","twitter_card":"summary_large_image","twitter_creator":"@printupl","twitter_site":"@printupl","twitter_misc":{"Napisane przez":"Katarzyna"},"schema":{"@context":"https:\/\/schema.org","@graph":[{"@type":"Article","@id":"https:\/\/printu.pl\/blog\/2016\/06\/10\/fotoksiazka-dla-taty-2\/#article","isPartOf":{"@id":"https:\/\/printu.pl\/blog\/2016\/06\/10\/fotoksiazka-dla-taty-2\/"},"author":{"name":"Katarzyna","@id":"https:\/\/printu.pl\/blog\/#\/schema\/person\/1552825435ffb2cc058d57ea4dd17e22"},"headline":"Fotoksi\u0105\u017cka dla taty","datePublished":"2016-06-10T10:48:27+00:00","dateModified":"2016-06-16T10:55:30+00:00","mainEntityOfPage":{"@id":"https:\/\/printu.pl\/blog\/2016\/06\/10\/fotoksiazka-dla-taty-2\/"},"wordCount":74,"commentCount":0,"publisher":{"@id":"https:\/\/printu.pl\/blog\/#organization"},"keywords":["fotoksi\u0105\u017cka dla taty","prezent dla taty"],"articleSection":["Napisali o nas"],"inLanguage":"pl-PL","potentialAction":[{"@type":"CommentAction","name":"Comment","target":["https:\/\/printu.pl\/blog\/2016\/06\/10\/fotoksiazka-dla-taty-2\/#respond"]}]},{"@type":"WebPage","@id":"https:\/\/printu.pl\/blog\/2016\/06\/10\/fotoksiazka-dla-taty-2\/","url":"https:\/\/printu.pl\/blog\/2016\/06\/10\/fotoksiazka-dla-taty-2\/","name":"Fotoksi\u0105\u017cka dla taty - Printu.pl","isPartOf":{"@id":"https:\/\/printu.pl\/blog\/#website"},"datePublished":"2016-06-10T10:48:27+00:00","dateModified":"2016-06-16T10:55:30+00:00","breadcrumb":{"@id":"https:\/\/printu.pl\/blog\/2016\/06\/10\/fotoksiazka-dla-taty-2\/#breadcrumb"},"inLanguage":"pl-PL","potentialAction":[{"@type":"ReadAction","target":["https:\/\/printu.pl\/blog\/2016\/06\/10\/fotoksiazka-dla-taty-2\/"]}]},{"@type":"BreadcrumbList","@id":"https:\/\/printu.pl\/blog\/2016\/06\/10\/fotoksiazka-dla-taty-2\/#breadcrumb","itemListElement":[{"@type":"ListItem","position":1,"name":"Strona g\u0142\u00f3wna","item":"https:\/\/printu.pl\/blog\/"},{"@type":"ListItem","position":2,"name":"Fotoksi\u0105\u017cka dla taty"}]},{"@type":"WebSite","@id":"https:\/\/printu.pl\/blog\/#website","url":"https:\/\/printu.pl\/blog\/","name":"blog","description":"blog","publisher":{"@id":"https:\/\/printu.pl\/blog\/#organization"},"potentialAction":[{"@type":"SearchAction","target":{"@type":"EntryPoint","urlTemplate":"https:\/\/printu.pl\/blog\/?s={search_term_string}"},"query-input":"required name=search_term_string"}],"inLanguage":"pl-PL"},{"@type":"Organization","@id":"https:\/\/printu.pl\/blog\/#organization","name":"blog","url":"https:\/\/printu.pl\/blog\/","logo":{"@type":"ImageObject","inLanguage":"pl-PL","@id":"https:\/\/printu.pl\/blog\/#\/schema\/logo\/image\/","url":"https:\/\/s3-eu-central-1.amazonaws.com\/printu-blog\/wp-content\/uploads\/2017\/02\/printu-logo.png","contentUrl":"https:\/\/s3-eu-central-1.amazonaws.com\/printu-blog\/wp-content\/uploads\/2017\/02\/printu-logo.png","width":143,"height":34,"caption":" blog"},"image":{"@id":"https:\/\/printu.pl\/blog\/#\/schema\/logo\/image\/"},"sameAs":["https:\/\/instagram.com\/printupl","https:\/\/www.facebook.com\/printupl","https:\/\/twitter.com\/printupl"]},{"@type":"Person","@id":"https:\/\/printu.pl\/blog\/#\/schema\/person\/1552825435ffb2cc058d57ea4dd17e22","name":"Katarzyna","image":{"@type":"ImageObject","inLanguage":"pl-PL","@id":"https:\/\/printu.pl\/blog\/#\/schema\/person\/image\/","url":"https:\/\/secure.gravatar.com\/avatar\/39b1f1f0db1aa82c65afeee9d7610280?s=96&d=mm&r=g","contentUrl":"https:\/\/secure.gravatar.com\/avatar\/39b1f1f0db1aa82c65afeee9d7610280?s=96&d=mm&r=g","caption":"Katarzyna"}}]}},"_links":{"self":[{"href":"https:\/\/printu.pl\/blog\/wp-json\/wp\/v2\/posts\/7420"}],"collection":[{"href":"https:\/\/printu.pl\/blog\/wp-json\/wp\/v2\/posts"}],"about":[{"href":"https:\/\/printu.pl\/blog\/wp-json\/wp\/v2\/types\/post"}],"author":[{"embeddable":true,"href":"https:\/\/printu.pl\/blog\/wp-json\/wp\/v2\/users\/4"}],"replies":[{"embeddable":true,"href":"https:\/\/printu.pl\/blog\/wp-json\/wp\/v2\/comments?post=7420"}],"version-history":[{"count":1,"href":"https:\/\/printu.pl\/blog\/wp-json\/wp\/v2\/posts\/7420\/revisions"}],"predecessor-version":[{"id":7422,"href":"https:\/\/printu.pl\/blog\/wp-json\/wp\/v2\/posts\/7420\/revisions\/7422"}],"wp:featuredmedia":[{"embeddable":true,"href":"https:\/\/printu.pl\/blog\/wp-json\/wp\/v2\/media\/7423"}],"wp:attachment":[{"href":"https:\/\/printu.pl\/blog\/wp-json\/wp\/v2\/media?parent=7420"}],"wp:term":[{"taxonomy":"category","embeddable":true,"href":"https:\/\/printu.pl\/blog\/wp-json\/wp\/v2\/categories?post=7420"},{"taxonomy":"post_tag","embeddable":true,"href":"https:\/\/printu.pl\/blog\/wp-json\/wp\/v2\/tags?post=7420"}],"curies":[{"name":"wp","href":"https:\/\/api.w.org\/{rel}","templated":true}]}}