{"id":7542,"date":"2016-09-12T13:47:17","date_gmt":"2016-09-12T11:47:17","guid":{"rendered":"http:\/\/blog.printu.pl\/?p=7542"},"modified":"2016-09-16T16:08:30","modified_gmt":"2016-09-16T14:08:30","slug":"prezent-dla-kochanego-taty","status":"publish","type":"post","link":"https:\/\/printu.pl\/blog\/2016\/09\/12\/prezent-dla-kochanego-taty\/","title":{"rendered":"Prezent dla kochanego Taty"},"content":{"rendered":"<div>\n<p>&#8222;Ka\u017cdy mo\u017ce by\u0107 ojcem, ale <a href=\"http:\/\/www.podrugiejstroniebrzucha.pl\/2016\/06\/tata-niech-brzmi-dumnie.html\" target=\"_blank\">trzeba by\u0107 kim\u015b wyj\u0105tkowym, \u017ceby by\u0107 tat\u0105<\/a>&#8222;. I takiemu wyj\u0105tkowemu tacie warto o tej wyj\u0105tkowo\u015bci przypomina\u0107 &#8211; nie tylko od \u015bwi\u0119ta. Iza dla swojego m\u0119\u017ca, taty swoich dzieci zrobi\u0142a pi\u0119kn\u0105 fotoksi\u0105\u017ck\u0119 &#8211; przenios\u0142a na papier najbardziej magiczne momenty swojej rodziny. I cho\u0107 na ok\u0142adce jest dedykacja <a href=\"http:\/\/printu.pl\/fotoksiazka\/szablony\/dla-taty\/\" target=\"_blank\">&#8222;DLA TATY&#8221;<\/a>, na pewno b\u0119dzie to pi\u0119kna pami\u0105tka dla ca\u0142ej rodziny. A Ty komu wyj\u0105tkowemu zaprojektujesz fotoksi\u0105\u017ck\u0119? Zobacz wszystkie nasze <a href=\"http:\/\/printu.pl\/fotoksiazka\/szablony\/\" target=\"_blank\">szablony<\/a>.<\/p>\n<\/div>\n<p><!--more--><\/p>\n<p>Zapraszamy do projektowania wakacyjnych wspomnie\u0144 w PRINTU. Do Waszej dyspozycji s\u0105<a href=\"http:\/\/printu.pl\/fotoksiazka\/szablony\/wakacje\/\" target=\"_blank\">fotoksi\u0105\u017cki wakacyjne<\/a>,<span class=\"Apple-converted-space\">\u00a0<\/span><a href=\"http:\/\/printu.pl\/fotoalbum\/\">fotoalbumy<\/a><span class=\"Apple-converted-space\">\u00a0<\/span>oraz<span class=\"Apple-converted-space\">\u00a0<\/span><a href=\"http:\/\/printu.pl\/instabook\/\">instabooki<\/a>.<\/p>\n","protected":false},"excerpt":{"rendered":"<p>&#8222;Ka\u017cdy mo\u017ce by\u0107 ojcem, ale trzeba by\u0107 kim\u015b wyj\u0105tkowym, \u017ceby by\u0107 tat\u0105&#8222;. I takiemu wyj\u0105tkowemu tacie warto o tej wyj\u0105tkowo\u015bci przypomina\u0107 &#8211; nie tylko od \u015bwi\u0119ta. Iza dla swojego m\u0119\u017ca, taty swoich dzieci zrobi\u0142a pi\u0119kn\u0105 fotoksi\u0105\u017ck\u0119 &#8211; przenios\u0142a na papier najbardziej magiczne momenty swojej rodziny. I cho\u0107 na ok\u0142adce jest dedykacja &#8222;DLA TATY&#8221;, na pewno &hellip;<\/p>\n","protected":false},"author":4,"featured_media":7543,"comment_status":"open","ping_status":"closed","sticky":false,"template":"","format":"standard","meta":[],"categories":[143],"tags":[196],"yoast_head":"<!-- This site is optimized with the Yoast SEO plugin v19.13 - https:\/\/yoast.com\/wordpress\/plugins\/seo\/ -->\n<title>Prezent dla kochanego Taty - Printu.pl<\/title>\n<meta name=\"robots\" content=\"index, follow, max-snippet:-1, max-image-preview:large, max-video-preview:-1\" \/>\n<link rel=\"canonical\" href=\"https:\/\/printu.pl\/blog\/2016\/09\/12\/prezent-dla-kochanego-taty\/\" \/>\n<meta property=\"og:locale\" content=\"pl_PL\" \/>\n<meta property=\"og:type\" content=\"article\" \/>\n<meta property=\"og:title\" content=\"Prezent dla kochanego Taty - Printu.pl\" \/>\n<meta property=\"og:description\" content=\"&#8222;Ka\u017cdy mo\u017ce by\u0107 ojcem, ale trzeba by\u0107 kim\u015b wyj\u0105tkowym, \u017ceby by\u0107 tat\u0105&#8222;. I takiemu wyj\u0105tkowemu tacie warto o tej wyj\u0105tkowo\u015bci przypomina\u0107 &#8211; nie tylko od \u015bwi\u0119ta. Iza dla swojego m\u0119\u017ca, taty swoich dzieci zrobi\u0142a pi\u0119kn\u0105 fotoksi\u0105\u017ck\u0119 &#8211; przenios\u0142a na papier najbardziej magiczne momenty swojej rodziny. I cho\u0107 na ok\u0142adce jest dedykacja &#8222;DLA TATY&#8221;, na pewno &hellip;\" \/>\n<meta property=\"og:url\" content=\"https:\/\/printu.pl\/blog\/2016\/09\/12\/prezent-dla-kochanego-taty\/\" \/>\n<meta property=\"og:site_name\" content=\"blog\" \/>\n<meta property=\"article:publisher\" content=\"https:\/\/www.facebook.com\/printupl\" \/>\n<meta property=\"article:published_time\" content=\"2016-09-12T11:47:17+00:00\" \/>\n<meta property=\"article:modified_time\" content=\"2016-09-16T14:08:30+00:00\" \/>\n<meta property=\"og:image\" content=\"https:\/\/s3-eu-central-1.amazonaws.com\/printu-blog\/wp-content\/uploads\/2016\/09\/Prezent-dla-kochanego-taty.jpg\" \/>\n\t<meta property=\"og:image:width\" content=\"700\" \/>\n\t<meta property=\"og:image:height\" content=\"350\" \/>\n\t<meta property=\"og:image:type\" content=\"image\/jpeg\" \/>\n<meta name=\"author\" content=\"Katarzyna\" \/>\n<meta name=\"twitter:card\" content=\"summary_large_image\" \/>\n<meta name=\"twitter:creator\" content=\"@printupl\" \/>\n<meta name=\"twitter:site\" content=\"@printupl\" \/>\n<meta name=\"twitter:label1\" content=\"Napisane przez\" \/>\n\t<meta name=\"twitter:data1\" content=\"Katarzyna\" \/>\n\t<meta name=\"twitter:label2\" content=\"Szacowany czas czytania\" \/>\n\t<meta name=\"twitter:data2\" content=\"1 minuta\" \/>\n<!-- \/ Yoast SEO plugin. -->","yoast_head_json":{"title":"Prezent dla kochanego Taty - Printu.pl","robots":{"index":"index","follow":"follow","max-snippet":"max-snippet:-1","max-image-preview":"max-image-preview:large","max-video-preview":"max-video-preview:-1"},"canonical":"https:\/\/printu.pl\/blog\/2016\/09\/12\/prezent-dla-kochanego-taty\/","og_locale":"pl_PL","og_type":"article","og_title":"Prezent dla kochanego Taty - Printu.pl","og_description":"&#8222;Ka\u017cdy mo\u017ce by\u0107 ojcem, ale trzeba by\u0107 kim\u015b wyj\u0105tkowym, \u017ceby by\u0107 tat\u0105&#8222;. I takiemu wyj\u0105tkowemu tacie warto o tej wyj\u0105tkowo\u015bci przypomina\u0107 &#8211; nie tylko od \u015bwi\u0119ta. Iza dla swojego m\u0119\u017ca, taty swoich dzieci zrobi\u0142a pi\u0119kn\u0105 fotoksi\u0105\u017ck\u0119 &#8211; przenios\u0142a na papier najbardziej magiczne momenty swojej rodziny. I cho\u0107 na ok\u0142adce jest dedykacja &#8222;DLA TATY&#8221;, na pewno &hellip;","og_url":"https:\/\/printu.pl\/blog\/2016\/09\/12\/prezent-dla-kochanego-taty\/","og_site_name":"blog","article_publisher":"https:\/\/www.facebook.com\/printupl","article_published_time":"2016-09-12T11:47:17+00:00","article_modified_time":"2016-09-16T14:08:30+00:00","og_image":[{"width":700,"height":350,"url":"https:\/\/s3-eu-central-1.amazonaws.com\/printu-blog\/wp-content\/uploads\/2016\/09\/Prezent-dla-kochanego-taty.jpg","type":"image\/jpeg"}],"author":"Katarzyna","twitter_card":"summary_large_image","twitter_creator":"@printupl","twitter_site":"@printupl","twitter_misc":{"Napisane przez":"Katarzyna","Szacowany czas czytania":"1 minuta"},"schema":{"@context":"https:\/\/schema.org","@graph":[{"@type":"Article","@id":"https:\/\/printu.pl\/blog\/2016\/09\/12\/prezent-dla-kochanego-taty\/#article","isPartOf":{"@id":"https:\/\/printu.pl\/blog\/2016\/09\/12\/prezent-dla-kochanego-taty\/"},"author":{"name":"Katarzyna","@id":"https:\/\/printu.pl\/blog\/#\/schema\/person\/1552825435ffb2cc058d57ea4dd17e22"},"headline":"Prezent dla kochanego Taty","datePublished":"2016-09-12T11:47:17+00:00","dateModified":"2016-09-16T14:08:30+00:00","mainEntityOfPage":{"@id":"https:\/\/printu.pl\/blog\/2016\/09\/12\/prezent-dla-kochanego-taty\/"},"wordCount":112,"commentCount":0,"publisher":{"@id":"https:\/\/printu.pl\/blog\/#organization"},"keywords":["fotoksi\u0105\u017cka dla taty"],"articleSection":["Napisali o nas"],"inLanguage":"pl-PL","potentialAction":[{"@type":"CommentAction","name":"Comment","target":["https:\/\/printu.pl\/blog\/2016\/09\/12\/prezent-dla-kochanego-taty\/#respond"]}]},{"@type":"WebPage","@id":"https:\/\/printu.pl\/blog\/2016\/09\/12\/prezent-dla-kochanego-taty\/","url":"https:\/\/printu.pl\/blog\/2016\/09\/12\/prezent-dla-kochanego-taty\/","name":"Prezent dla kochanego Taty - Printu.pl","isPartOf":{"@id":"https:\/\/printu.pl\/blog\/#website"},"datePublished":"2016-09-12T11:47:17+00:00","dateModified":"2016-09-16T14:08:30+00:00","breadcrumb":{"@id":"https:\/\/printu.pl\/blog\/2016\/09\/12\/prezent-dla-kochanego-taty\/#breadcrumb"},"inLanguage":"pl-PL","potentialAction":[{"@type":"ReadAction","target":["https:\/\/printu.pl\/blog\/2016\/09\/12\/prezent-dla-kochanego-taty\/"]}]},{"@type":"BreadcrumbList","@id":"https:\/\/printu.pl\/blog\/2016\/09\/12\/prezent-dla-kochanego-taty\/#breadcrumb","itemListElement":[{"@type":"ListItem","position":1,"name":"Strona g\u0142\u00f3wna","item":"https:\/\/printu.pl\/blog\/"},{"@type":"ListItem","position":2,"name":"Prezent dla kochanego Taty"}]},{"@type":"WebSite","@id":"https:\/\/printu.pl\/blog\/#website","url":"https:\/\/printu.pl\/blog\/","name":"blog","description":"blog","publisher":{"@id":"https:\/\/printu.pl\/blog\/#organization"},"potentialAction":[{"@type":"SearchAction","target":{"@type":"EntryPoint","urlTemplate":"https:\/\/printu.pl\/blog\/?s={search_term_string}"},"query-input":"required name=search_term_string"}],"inLanguage":"pl-PL"},{"@type":"Organization","@id":"https:\/\/printu.pl\/blog\/#organization","name":"blog","url":"https:\/\/printu.pl\/blog\/","logo":{"@type":"ImageObject","inLanguage":"pl-PL","@id":"https:\/\/printu.pl\/blog\/#\/schema\/logo\/image\/","url":"https:\/\/s3-eu-central-1.amazonaws.com\/printu-blog\/wp-content\/uploads\/2017\/02\/printu-logo.png","contentUrl":"https:\/\/s3-eu-central-1.amazonaws.com\/printu-blog\/wp-content\/uploads\/2017\/02\/printu-logo.png","width":143,"height":34,"caption":" blog"},"image":{"@id":"https:\/\/printu.pl\/blog\/#\/schema\/logo\/image\/"},"sameAs":["https:\/\/instagram.com\/printupl","https:\/\/www.facebook.com\/printupl","https:\/\/twitter.com\/printupl"]},{"@type":"Person","@id":"https:\/\/printu.pl\/blog\/#\/schema\/person\/1552825435ffb2cc058d57ea4dd17e22","name":"Katarzyna","image":{"@type":"ImageObject","inLanguage":"pl-PL","@id":"https:\/\/printu.pl\/blog\/#\/schema\/person\/image\/","url":"https:\/\/secure.gravatar.com\/avatar\/39b1f1f0db1aa82c65afeee9d7610280?s=96&d=mm&r=g","contentUrl":"https:\/\/secure.gravatar.com\/avatar\/39b1f1f0db1aa82c65afeee9d7610280?s=96&d=mm&r=g","caption":"Katarzyna"}}]}},"_links":{"self":[{"href":"https:\/\/printu.pl\/blog\/wp-json\/wp\/v2\/posts\/7542"}],"collection":[{"href":"https:\/\/printu.pl\/blog\/wp-json\/wp\/v2\/posts"}],"about":[{"href":"https:\/\/printu.pl\/blog\/wp-json\/wp\/v2\/types\/post"}],"author":[{"embeddable":true,"href":"https:\/\/printu.pl\/blog\/wp-json\/wp\/v2\/users\/4"}],"replies":[{"embeddable":true,"href":"https:\/\/printu.pl\/blog\/wp-json\/wp\/v2\/comments?post=7542"}],"version-history":[{"count":2,"href":"https:\/\/printu.pl\/blog\/wp-json\/wp\/v2\/posts\/7542\/revisions"}],"predecessor-version":[{"id":7552,"href":"https:\/\/printu.pl\/blog\/wp-json\/wp\/v2\/posts\/7542\/revisions\/7552"}],"wp:featuredmedia":[{"embeddable":true,"href":"https:\/\/printu.pl\/blog\/wp-json\/wp\/v2\/media\/7543"}],"wp:attachment":[{"href":"https:\/\/printu.pl\/blog\/wp-json\/wp\/v2\/media?parent=7542"}],"wp:term":[{"taxonomy":"category","embeddable":true,"href":"https:\/\/printu.pl\/blog\/wp-json\/wp\/v2\/categories?post=7542"},{"taxonomy":"post_tag","embeddable":true,"href":"https:\/\/printu.pl\/blog\/wp-json\/wp\/v2\/tags?post=7542"}],"curies":[{"name":"wp","href":"https:\/\/api.w.org\/{rel}","templated":true}]}}