{"id":797,"date":"2013-10-11T12:37:28","date_gmt":"2013-10-11T10:37:28","guid":{"rendered":"http:\/\/blog.printu.pl\/?p=797"},"modified":"2014-10-28T20:21:09","modified_gmt":"2014-10-28T19:21:09","slug":"fotoksiazka-ze-zdjeciami-dziecka","status":"publish","type":"post","link":"https:\/\/printu.pl\/blog\/2013\/10\/11\/fotoksiazka-ze-zdjeciami-dziecka\/","title":{"rendered":"Fotoksi\u0105\u017cka ze zdj\u0119ciami dziecka"},"content":{"rendered":"<p><img decoding=\"async\" loading=\"lazy\" class=\"alignnone  wp-image-799\" alt=\"Fotoksi\u0105\u017cka dziecka\" src=\"http:\/\/blog.printu.pl\/wp-content\/uploads\/2013\/10\/fotoksi\u0105\u017cka-dziecka7.jpg\" width=\"700\" height=\"350\" srcset=\"https:\/\/s3-eu-central-1.amazonaws.com\/printu-blog\/wp-content\/uploads\/2013\/10\/fotoksi%C4%85%C5%BCka-dziecka7.jpg 700w, https:\/\/s3-eu-central-1.amazonaws.com\/printu-blog\/wp-content\/uploads\/2013\/10\/fotoksi%C4%85%C5%BCka-dziecka7-300x150.jpg 300w\" sizes=\"(max-width: 700px) 100vw, 700px\" \/><\/p>\n<p>Fotoksi\u0105\u017cka ze zdj\u0119ciami dziecka to pozycja obowi\u0105zkowa w ka\u017cdym domu. Oto pi\u0119knie oprawione portfolio (fotoksi\u0105\u017cka PRINTU 30&#215;30, twarda oprawa) ze zdj\u0119ciami maluszk\u00f3w autorstwa <a href=\"https:\/\/www.facebook.com\/fotokraina\" target=\"_blank\" rel=\"nofollow\">Iwony Pajewskiej<\/a>. Zapraszam do galerii poni\u017cej!\u00a0Marz\u0105 Ci si\u0119 wspomnienia w r\u00f3wnie pi\u0119knej oprawie? Wejd\u017a na <a href=\"http:\/\/www.printu.pl\" target=\"_blank\">printu<\/a> i zobacz jak mo\u017ce wygl\u0105da\u0107 Twoja fotoksi\u0105\u017cka! Je\u015bli szukasz inspiracji na fotoksi\u0105\u017ck\u0119, sprawd\u017a nasze <a href=\"http:\/\/blog.printu.pl\/2014\/06\/27\/10-pomyslow-fotoksiazke-dziecka\/\" target=\"_blank\">pomys\u0142y na fotoksi\u0105\u017cki dziecka<\/a>.<br \/>\n<!--more--><img decoding=\"async\" class=\"alignnone  wp-image-800\" alt=\"\" src=\"http:\/\/blog.printu.pl\/wp-content\/uploads\/2013\/10\/fotoksi\u0105\u017cka-dziecka1.jpg\" width=\"700\" srcset=\"https:\/\/s3-eu-central-1.amazonaws.com\/printu-blog\/wp-content\/uploads\/2013\/10\/fotoksi%C4%85%C5%BCka-dziecka1.jpg 762w, https:\/\/s3-eu-central-1.amazonaws.com\/printu-blog\/wp-content\/uploads\/2013\/10\/fotoksi%C4%85%C5%BCka-dziecka1-300x200.jpg 300w, https:\/\/s3-eu-central-1.amazonaws.com\/printu-blog\/wp-content\/uploads\/2013\/10\/fotoksi%C4%85%C5%BCka-dziecka1-700x467.jpg 700w\" sizes=\"(max-width: 762px) 100vw, 762px\" \/><\/p>\n<p><img decoding=\"async\" class=\"alignnone  wp-image-801\" alt=\"\" src=\"http:\/\/blog.printu.pl\/wp-content\/uploads\/2013\/10\/fotoksi\u0105\u017cka-dziecka6.jpg\" width=\"700\" srcset=\"https:\/\/s3-eu-central-1.amazonaws.com\/printu-blog\/wp-content\/uploads\/2013\/10\/fotoksi%C4%85%C5%BCka-dziecka6.jpg 762w, https:\/\/s3-eu-central-1.amazonaws.com\/printu-blog\/wp-content\/uploads\/2013\/10\/fotoksi%C4%85%C5%BCka-dziecka6-300x200.jpg 300w, https:\/\/s3-eu-central-1.amazonaws.com\/printu-blog\/wp-content\/uploads\/2013\/10\/fotoksi%C4%85%C5%BCka-dziecka6-700x467.jpg 700w\" sizes=\"(max-width: 762px) 100vw, 762px\" \/><\/p>\n<p><img decoding=\"async\" class=\"alignnone  wp-image-802\" alt=\"\" src=\"http:\/\/blog.printu.pl\/wp-content\/uploads\/2013\/10\/fotoksi\u0105\u017cka-dziecka4.jpg\" width=\"700\" srcset=\"https:\/\/s3-eu-central-1.amazonaws.com\/printu-blog\/wp-content\/uploads\/2013\/10\/fotoksi%C4%85%C5%BCka-dziecka4.jpg 762w, https:\/\/s3-eu-central-1.amazonaws.com\/printu-blog\/wp-content\/uploads\/2013\/10\/fotoksi%C4%85%C5%BCka-dziecka4-300x200.jpg 300w, https:\/\/s3-eu-central-1.amazonaws.com\/printu-blog\/wp-content\/uploads\/2013\/10\/fotoksi%C4%85%C5%BCka-dziecka4-700x467.jpg 700w\" sizes=\"(max-width: 762px) 100vw, 762px\" \/><\/p>\n<p><img decoding=\"async\" class=\"alignnone  wp-image-803\" alt=\"\" src=\"http:\/\/blog.printu.pl\/wp-content\/uploads\/2013\/10\/fotoksi\u0105\u017cka-dziecka11.jpg\" width=\"700\" srcset=\"https:\/\/s3-eu-central-1.amazonaws.com\/printu-blog\/wp-content\/uploads\/2013\/10\/fotoksi%C4%85%C5%BCka-dziecka11.jpg 762w, https:\/\/s3-eu-central-1.amazonaws.com\/printu-blog\/wp-content\/uploads\/2013\/10\/fotoksi%C4%85%C5%BCka-dziecka11-300x200.jpg 300w, https:\/\/s3-eu-central-1.amazonaws.com\/printu-blog\/wp-content\/uploads\/2013\/10\/fotoksi%C4%85%C5%BCka-dziecka11-700x467.jpg 700w\" sizes=\"(max-width: 762px) 100vw, 762px\" \/><\/p>\n<p><img decoding=\"async\" class=\"alignnone  wp-image-804\" alt=\"\" src=\"http:\/\/blog.printu.pl\/wp-content\/uploads\/2013\/10\/fotoksia\u017cka-dziecka3.jpg\" width=\"700\" srcset=\"https:\/\/s3-eu-central-1.amazonaws.com\/printu-blog\/wp-content\/uploads\/2013\/10\/fotoksia%C5%BCka-dziecka3.jpg 762w, https:\/\/s3-eu-central-1.amazonaws.com\/printu-blog\/wp-content\/uploads\/2013\/10\/fotoksia%C5%BCka-dziecka3-300x200.jpg 300w, https:\/\/s3-eu-central-1.amazonaws.com\/printu-blog\/wp-content\/uploads\/2013\/10\/fotoksia%C5%BCka-dziecka3-700x467.jpg 700w\" sizes=\"(max-width: 762px) 100vw, 762px\" \/><\/p>\n<p><img decoding=\"async\" class=\"alignnone  wp-image-806\" alt=\"\" src=\"http:\/\/blog.printu.pl\/wp-content\/uploads\/2013\/10\/fotoksia\u017cka-dziecka2.jpg\" width=\"700\" srcset=\"https:\/\/s3-eu-central-1.amazonaws.com\/printu-blog\/wp-content\/uploads\/2013\/10\/fotoksia%C5%BCka-dziecka2.jpg 762w, https:\/\/s3-eu-central-1.amazonaws.com\/printu-blog\/wp-content\/uploads\/2013\/10\/fotoksia%C5%BCka-dziecka2-300x200.jpg 300w, https:\/\/s3-eu-central-1.amazonaws.com\/printu-blog\/wp-content\/uploads\/2013\/10\/fotoksia%C5%BCka-dziecka2-700x467.jpg 700w\" sizes=\"(max-width: 762px) 100vw, 762px\" \/><\/p>\n","protected":false},"excerpt":{"rendered":"<p>Fotoksi\u0105\u017cka ze zdj\u0119ciami dziecka to pozycja obowi\u0105zkowa w ka\u017cdym domu. Oto pi\u0119knie oprawione portfolio (fotoksi\u0105\u017cka PRINTU 30&#215;30, twarda oprawa) ze zdj\u0119ciami maluszk\u00f3w autorstwa Iwony Pajewskiej. Zapraszam do galerii! <\/p>\n","protected":false},"author":4,"featured_media":0,"comment_status":"open","ping_status":"open","sticky":false,"template":"","format":"standard","meta":[],"categories":[66],"tags":[250,218,173,249],"yoast_head":"<!-- This site is optimized with the Yoast SEO plugin v19.13 - https:\/\/yoast.com\/wordpress\/plugins\/seo\/ -->\n<title>Fotoksi\u0105\u017cka ze zdj\u0119ciami dziecka - Printu.pl<\/title>\n<meta name=\"robots\" content=\"index, follow, max-snippet:-1, max-image-preview:large, max-video-preview:-1\" \/>\n<link rel=\"canonical\" href=\"https:\/\/printu.pl\/blog\/2013\/10\/11\/fotoksiazka-ze-zdjeciami-dziecka\/\" \/>\n<meta property=\"og:locale\" content=\"pl_PL\" \/>\n<meta property=\"og:type\" content=\"article\" \/>\n<meta property=\"og:title\" content=\"Fotoksi\u0105\u017cka ze zdj\u0119ciami dziecka - Printu.pl\" \/>\n<meta property=\"og:description\" content=\"Fotoksi\u0105\u017cka ze zdj\u0119ciami dziecka to pozycja obowi\u0105zkowa w ka\u017cdym domu. Oto pi\u0119knie oprawione portfolio (fotoksi\u0105\u017cka PRINTU 30x30, twarda oprawa) ze zdj\u0119ciami maluszk\u00f3w autorstwa Iwony Pajewskiej. Zapraszam do galerii!\" \/>\n<meta property=\"og:url\" content=\"https:\/\/printu.pl\/blog\/2013\/10\/11\/fotoksiazka-ze-zdjeciami-dziecka\/\" \/>\n<meta property=\"og:site_name\" content=\"blog\" \/>\n<meta property=\"article:publisher\" content=\"https:\/\/www.facebook.com\/printupl\" \/>\n<meta property=\"article:published_time\" content=\"2013-10-11T10:37:28+00:00\" \/>\n<meta property=\"article:modified_time\" content=\"2014-10-28T19:21:09+00:00\" \/>\n<meta name=\"author\" content=\"Katarzyna\" \/>\n<meta name=\"twitter:card\" content=\"summary_large_image\" \/>\n<meta name=\"twitter:creator\" content=\"@printupl\" \/>\n<meta name=\"twitter:site\" content=\"@printupl\" \/>\n<meta name=\"twitter:label1\" content=\"Napisane przez\" \/>\n\t<meta name=\"twitter:data1\" content=\"Katarzyna\" \/>\n<!-- \/ Yoast SEO plugin. -->","yoast_head_json":{"title":"Fotoksi\u0105\u017cka ze zdj\u0119ciami dziecka - Printu.pl","robots":{"index":"index","follow":"follow","max-snippet":"max-snippet:-1","max-image-preview":"max-image-preview:large","max-video-preview":"max-video-preview:-1"},"canonical":"https:\/\/printu.pl\/blog\/2013\/10\/11\/fotoksiazka-ze-zdjeciami-dziecka\/","og_locale":"pl_PL","og_type":"article","og_title":"Fotoksi\u0105\u017cka ze zdj\u0119ciami dziecka - Printu.pl","og_description":"Fotoksi\u0105\u017cka ze zdj\u0119ciami dziecka to pozycja obowi\u0105zkowa w ka\u017cdym domu. Oto pi\u0119knie oprawione portfolio (fotoksi\u0105\u017cka PRINTU 30x30, twarda oprawa) ze zdj\u0119ciami maluszk\u00f3w autorstwa Iwony Pajewskiej. Zapraszam do galerii!","og_url":"https:\/\/printu.pl\/blog\/2013\/10\/11\/fotoksiazka-ze-zdjeciami-dziecka\/","og_site_name":"blog","article_publisher":"https:\/\/www.facebook.com\/printupl","article_published_time":"2013-10-11T10:37:28+00:00","article_modified_time":"2014-10-28T19:21:09+00:00","author":"Katarzyna","twitter_card":"summary_large_image","twitter_creator":"@printupl","twitter_site":"@printupl","twitter_misc":{"Napisane przez":"Katarzyna"},"schema":{"@context":"https:\/\/schema.org","@graph":[{"@type":"Article","@id":"https:\/\/printu.pl\/blog\/2013\/10\/11\/fotoksiazka-ze-zdjeciami-dziecka\/#article","isPartOf":{"@id":"https:\/\/printu.pl\/blog\/2013\/10\/11\/fotoksiazka-ze-zdjeciami-dziecka\/"},"author":{"name":"Katarzyna","@id":"https:\/\/printu.pl\/blog\/#\/schema\/person\/1552825435ffb2cc058d57ea4dd17e22"},"headline":"Fotoksi\u0105\u017cka ze zdj\u0119ciami dziecka","datePublished":"2013-10-11T10:37:28+00:00","dateModified":"2014-10-28T19:21:09+00:00","mainEntityOfPage":{"@id":"https:\/\/printu.pl\/blog\/2013\/10\/11\/fotoksiazka-ze-zdjeciami-dziecka\/"},"wordCount":82,"commentCount":0,"publisher":{"@id":"https:\/\/printu.pl\/blog\/#organization"},"keywords":["fotoksi\u0105\u017cka dzieci","fotoksi\u0105\u017cka dziecka","fotoksia\u017cka z dzieckiem","fotoksi\u0105\u017cka ze zdj\u0119ciami dziecka"],"articleSection":["Inspiracje"],"inLanguage":"pl-PL","potentialAction":[{"@type":"CommentAction","name":"Comment","target":["https:\/\/printu.pl\/blog\/2013\/10\/11\/fotoksiazka-ze-zdjeciami-dziecka\/#respond"]}]},{"@type":"WebPage","@id":"https:\/\/printu.pl\/blog\/2013\/10\/11\/fotoksiazka-ze-zdjeciami-dziecka\/","url":"https:\/\/printu.pl\/blog\/2013\/10\/11\/fotoksiazka-ze-zdjeciami-dziecka\/","name":"Fotoksi\u0105\u017cka ze zdj\u0119ciami dziecka - Printu.pl","isPartOf":{"@id":"https:\/\/printu.pl\/blog\/#website"},"datePublished":"2013-10-11T10:37:28+00:00","dateModified":"2014-10-28T19:21:09+00:00","breadcrumb":{"@id":"https:\/\/printu.pl\/blog\/2013\/10\/11\/fotoksiazka-ze-zdjeciami-dziecka\/#breadcrumb"},"inLanguage":"pl-PL","potentialAction":[{"@type":"ReadAction","target":["https:\/\/printu.pl\/blog\/2013\/10\/11\/fotoksiazka-ze-zdjeciami-dziecka\/"]}]},{"@type":"BreadcrumbList","@id":"https:\/\/printu.pl\/blog\/2013\/10\/11\/fotoksiazka-ze-zdjeciami-dziecka\/#breadcrumb","itemListElement":[{"@type":"ListItem","position":1,"name":"Strona g\u0142\u00f3wna","item":"https:\/\/printu.pl\/blog\/"},{"@type":"ListItem","position":2,"name":"Fotoksi\u0105\u017cka ze zdj\u0119ciami dziecka"}]},{"@type":"WebSite","@id":"https:\/\/printu.pl\/blog\/#website","url":"https:\/\/printu.pl\/blog\/","name":"blog","description":"blog","publisher":{"@id":"https:\/\/printu.pl\/blog\/#organization"},"potentialAction":[{"@type":"SearchAction","target":{"@type":"EntryPoint","urlTemplate":"https:\/\/printu.pl\/blog\/?s={search_term_string}"},"query-input":"required name=search_term_string"}],"inLanguage":"pl-PL"},{"@type":"Organization","@id":"https:\/\/printu.pl\/blog\/#organization","name":"blog","url":"https:\/\/printu.pl\/blog\/","logo":{"@type":"ImageObject","inLanguage":"pl-PL","@id":"https:\/\/printu.pl\/blog\/#\/schema\/logo\/image\/","url":"https:\/\/s3-eu-central-1.amazonaws.com\/printu-blog\/wp-content\/uploads\/2017\/02\/printu-logo.png","contentUrl":"https:\/\/s3-eu-central-1.amazonaws.com\/printu-blog\/wp-content\/uploads\/2017\/02\/printu-logo.png","width":143,"height":34,"caption":" blog"},"image":{"@id":"https:\/\/printu.pl\/blog\/#\/schema\/logo\/image\/"},"sameAs":["https:\/\/instagram.com\/printupl","https:\/\/www.facebook.com\/printupl","https:\/\/twitter.com\/printupl"]},{"@type":"Person","@id":"https:\/\/printu.pl\/blog\/#\/schema\/person\/1552825435ffb2cc058d57ea4dd17e22","name":"Katarzyna","image":{"@type":"ImageObject","inLanguage":"pl-PL","@id":"https:\/\/printu.pl\/blog\/#\/schema\/person\/image\/","url":"https:\/\/secure.gravatar.com\/avatar\/39b1f1f0db1aa82c65afeee9d7610280?s=96&d=mm&r=g","contentUrl":"https:\/\/secure.gravatar.com\/avatar\/39b1f1f0db1aa82c65afeee9d7610280?s=96&d=mm&r=g","caption":"Katarzyna"}}]}},"_links":{"self":[{"href":"https:\/\/printu.pl\/blog\/wp-json\/wp\/v2\/posts\/797"}],"collection":[{"href":"https:\/\/printu.pl\/blog\/wp-json\/wp\/v2\/posts"}],"about":[{"href":"https:\/\/printu.pl\/blog\/wp-json\/wp\/v2\/types\/post"}],"author":[{"embeddable":true,"href":"https:\/\/printu.pl\/blog\/wp-json\/wp\/v2\/users\/4"}],"replies":[{"embeddable":true,"href":"https:\/\/printu.pl\/blog\/wp-json\/wp\/v2\/comments?post=797"}],"version-history":[{"count":14,"href":"https:\/\/printu.pl\/blog\/wp-json\/wp\/v2\/posts\/797\/revisions"}],"predecessor-version":[{"id":3145,"href":"https:\/\/printu.pl\/blog\/wp-json\/wp\/v2\/posts\/797\/revisions\/3145"}],"wp:attachment":[{"href":"https:\/\/printu.pl\/blog\/wp-json\/wp\/v2\/media?parent=797"}],"wp:term":[{"taxonomy":"category","embeddable":true,"href":"https:\/\/printu.pl\/blog\/wp-json\/wp\/v2\/categories?post=797"},{"taxonomy":"post_tag","embeddable":true,"href":"https:\/\/printu.pl\/blog\/wp-json\/wp\/v2\/tags?post=797"}],"curies":[{"name":"wp","href":"https:\/\/api.w.org\/{rel}","templated":true}]}}