{"id":810,"date":"2013-10-11T13:34:54","date_gmt":"2013-10-11T11:34:54","guid":{"rendered":"http:\/\/blog.printu.pl\/?p=810"},"modified":"2015-12-16T19:33:04","modified_gmt":"2015-12-16T18:33:04","slug":"napisali-o-nas-kreatywnik","status":"publish","type":"post","link":"https:\/\/printu.pl\/blog\/2013\/10\/11\/napisali-o-nas-kreatywnik\/","title":{"rendered":"Napisali o nas &#8211; Kreatywnik"},"content":{"rendered":"<p><img decoding=\"async\" loading=\"lazy\" class=\"alignnone  wp-image-824\" src=\"http:\/\/blog.printu.pl\/wp-content\/uploads\/2013\/10\/anatomia-dla-dzieci-cz\u0119\u015bci-cia\u0142a.jpg\" alt=\"Fotoksi\u0105\u017cka edukacyjna dla dziecka\" width=\"700\" height=\"350\" srcset=\"https:\/\/s3-eu-central-1.amazonaws.com\/printu-blog\/wp-content\/uploads\/2013\/10\/anatomia-dla-dzieci-cz%C4%99%C5%9Bci-cia%C5%82a.jpg 700w, https:\/\/s3-eu-central-1.amazonaws.com\/printu-blog\/wp-content\/uploads\/2013\/10\/anatomia-dla-dzieci-cz%C4%99%C5%9Bci-cia%C5%82a-300x150.jpg 300w\" sizes=\"(max-width: 700px) 100vw, 700px\" \/><\/p>\n<blockquote><p>&#8222;Przygotowanie anatomicznej fotoksi\u0105\u017cki to by\u0142o w\u0142a\u015bnie to, czego w naszej przygodzie z cz\u0119\u015bciami cia\u0142a brakowa\u0142o. Tu\u017c po tym, gdy w mojej g\u0142owie za\u015bwita\u0142a wspomniana my\u015bl, razem z dzieciakami przyst\u0105pili\u015bmy do realizacji pomys\u0142u. Napstrykali\u015bmy ponad setk\u0119 zdj\u0119\u0107, by w razie potrzeby mie\u0107 z czego korzysta\u0107.<\/p>\n<p><!--more-->Nie musz\u0119 chyba wspomina\u0107, \u017ce doskonale bawili\u015bmy si\u0119 przygotowuj\u0105c kolejne &#8222;kadry&#8221; naszej publikacji (&#8230;).<\/p>\n<p>Firm drukuj\u0105cych fotoksi\u0105\u017cki na rynku pojawia si\u0119 coraz wi\u0119cej. Osobi\u015bcie korzysta\u0142am kiedy\u015b z us\u0142ug podobnej, jednak produkt, jaki wtedy otrzyma\u0142am do pi\u0119t nie dorasta ksi\u0105\u017ckom, kt\u00f3re przygotowa\u0142o dla nas PRINTU.&#8221;<\/p><\/blockquote>\n<p><strong><strong>Zapraszamy do ca\u0142ego wpisu redaktor Agnieszki z bloga &#8222;Kreatywnik.bloog.pl&#8221; tutaj:<br \/>\n<a href=\"http:\/\/kreatywnik.bloog.pl\/id,338548531,title,Zagadkowa-anatomia-czyli-nasz-pomysl-na-fotoksiazke,index.html\" target=\"_blank\">&#8222;Zagadkowa anatomia czyli nasz pomys\u0142 na fotoksi\u0105\u017ck\u0119&#8221;<br \/>\n<\/a><\/strong><\/strong><\/p>\n<p>A jaki pomys\u0142 na fotoksi\u0105\u017ck\u0119 dla swojej pociechy Ty zrealizujesz? Je\u015bli szukasz inspiracji, zajrzyj do wpisu: <a href=\"http:\/\/blog.printu.pl\/2014\/06\/27\/10-pomyslow-fotoksiazke-dziecka\/\" target=\"_blank\">10 pomys\u0142\u00f3w na fotoksi\u0105\u017ck\u0119 dziecka<\/a><\/p>\n<p style=\"outline: 0px none; margin: 0px; padding: 0px 0px 20px; border: 0px none; vertical-align: baseline; font-family: Tahoma,Geneva,sans-serif; font-size: 16px; font-style: normal; color: #000000; line-height: 1.5; font-variant: normal; font-weight: normal; letter-spacing: normal; text-indent: 0px; text-transform: none; white-space: normal; word-spacing: 0px; background-color: #ffffff; text-align: center;\"><img decoding=\"async\" loading=\"lazy\" class=\"size-full wp-image-825 aligncenter\" src=\"http:\/\/blog.printu.pl\/wp-content\/uploads\/2013\/10\/poznaj-cz\u0119\u015bci-ludzkiego-cia\u0142a.jpg\" alt=\"Fotoksi\u0105\u017cka edukacyjna dla dziecka\" width=\"600\" height=\"398\" srcset=\"https:\/\/s3-eu-central-1.amazonaws.com\/printu-blog\/wp-content\/uploads\/2013\/10\/poznaj-cz%C4%99%C5%9Bci-ludzkiego-cia%C5%82a.jpg 600w, https:\/\/s3-eu-central-1.amazonaws.com\/printu-blog\/wp-content\/uploads\/2013\/10\/poznaj-cz%C4%99%C5%9Bci-ludzkiego-cia%C5%82a-300x199.jpg 300w\" sizes=\"(max-width: 600px) 100vw, 600px\" \/><\/p>\n<p style=\"outline: 0px none; margin: 0px; padding: 0px 0px 20px; border: 0px none; vertical-align: baseline; font-family: Tahoma,Geneva,sans-serif; font-size: 16px; font-style: normal; color: #000000; line-height: 1.5; font-variant: normal; font-weight: normal; letter-spacing: normal; text-indent: 0px; text-transform: none; white-space: normal; word-spacing: 0px; background-color: #ffffff; text-align: center;\"><img decoding=\"async\" loading=\"lazy\" class=\" wp-image-823 aligncenter\" src=\"http:\/\/blog.printu.pl\/wp-content\/uploads\/2013\/10\/cz\u0119\u015bci-ludzkiego-cia\u0142a.jpg\" alt=\"Fotoksi\u0105\u017cka edukacyjna dla dziecka\" width=\"600\" height=\"385\" srcset=\"https:\/\/s3-eu-central-1.amazonaws.com\/printu-blog\/wp-content\/uploads\/2013\/10\/cz%C4%99%C5%9Bci-ludzkiego-cia%C5%82a.jpg 600w, https:\/\/s3-eu-central-1.amazonaws.com\/printu-blog\/wp-content\/uploads\/2013\/10\/cz%C4%99%C5%9Bci-ludzkiego-cia%C5%82a-300x193.jpg 300w\" sizes=\"(max-width: 600px) 100vw, 600px\" \/><\/p>\n<p style=\"outline: 0px none; margin: 0px; padding: 0px 0px 20px; border: 0px none; vertical-align: baseline; font-family: Tahoma,Geneva,sans-serif; font-size: 16px; font-style: normal; color: #000000; line-height: 1.5; font-variant: normal; font-weight: normal; letter-spacing: normal; text-indent: 0px; text-transform: none; white-space: normal; word-spacing: 0px; background-color: #ffffff; text-align: center;\"><img decoding=\"async\" loading=\"lazy\" class=\"size-full wp-image-818 aligncenter\" src=\"http:\/\/blog.printu.pl\/wp-content\/uploads\/2013\/10\/fotoksi\u0105\u017cka-dla-dzieci-2.jpg\" alt=\"Fotoksi\u0105\u017cka edukacyjna dla dziecka\" width=\"600\" height=\"398\" srcset=\"https:\/\/s3-eu-central-1.amazonaws.com\/printu-blog\/wp-content\/uploads\/2013\/10\/fotoksi%C4%85%C5%BCka-dla-dzieci-2.jpg 600w, https:\/\/s3-eu-central-1.amazonaws.com\/printu-blog\/wp-content\/uploads\/2013\/10\/fotoksi%C4%85%C5%BCka-dla-dzieci-2-300x199.jpg 300w\" sizes=\"(max-width: 600px) 100vw, 600px\" \/><\/p>\n<p style=\"outline: 0px none; margin: 0px; padding: 0px 0px 20px; border: 0px none; vertical-align: baseline; font-family: Tahoma,Geneva,sans-serif; font-size: 16px; font-style: normal; color: #000000; line-height: 1.5; font-variant: normal; font-weight: normal; letter-spacing: normal; text-indent: 0px; text-transform: none; white-space: normal; word-spacing: 0px; background-color: #ffffff; text-align: center;\"><img decoding=\"async\" loading=\"lazy\" class=\"size-full wp-image-819 aligncenter\" src=\"http:\/\/blog.printu.pl\/wp-content\/uploads\/2013\/10\/fotoksi\u0105\u017cka-z-wierszykami.jpg\" alt=\"Fotoksi\u0105\u017cka edukacyjna dla dziecka\" width=\"600\" height=\"398\" srcset=\"https:\/\/s3-eu-central-1.amazonaws.com\/printu-blog\/wp-content\/uploads\/2013\/10\/fotoksi%C4%85%C5%BCka-z-wierszykami.jpg 600w, https:\/\/s3-eu-central-1.amazonaws.com\/printu-blog\/wp-content\/uploads\/2013\/10\/fotoksi%C4%85%C5%BCka-z-wierszykami-300x199.jpg 300w\" sizes=\"(max-width: 600px) 100vw, 600px\" \/><\/p>\n<p style=\"outline: 0px none; margin: 0px; padding: 0px 0px 20px; border: 0px none; vertical-align: baseline; font-family: Tahoma,Geneva,sans-serif; font-size: 16px; font-style: normal; color: #000000; line-height: 1.5; font-variant: normal; font-weight: normal; letter-spacing: normal; text-indent: 0px; text-transform: none; white-space: normal; word-spacing: 0px; background-color: #ffffff; text-align: center;\"><img decoding=\"async\" loading=\"lazy\" class=\"size-full wp-image-820 aligncenter\" src=\"http:\/\/blog.printu.pl\/wp-content\/uploads\/2013\/10\/fotoksi\u0105\u017cka-dzieci.jpg\" alt=\"Fotoksi\u0105\u017cka edukacyjna dla dziecka\" width=\"600\" height=\"398\" srcset=\"https:\/\/s3-eu-central-1.amazonaws.com\/printu-blog\/wp-content\/uploads\/2013\/10\/fotoksi%C4%85%C5%BCka-dzieci.jpg 600w, https:\/\/s3-eu-central-1.amazonaws.com\/printu-blog\/wp-content\/uploads\/2013\/10\/fotoksi%C4%85%C5%BCka-dzieci-300x199.jpg 300w\" sizes=\"(max-width: 600px) 100vw, 600px\" \/><\/p>\n<p style=\"outline: 0px none; margin: 0px; padding: 0px 0px 20px; border: 0px none; vertical-align: baseline; font-family: Tahoma,Geneva,sans-serif; font-size: 16px; font-style: normal; color: #000000; line-height: 1.5; font-variant: normal; font-weight: normal; letter-spacing: normal; text-indent: 0px; text-transform: none; white-space: normal; word-spacing: 0px; background-color: #ffffff; text-align: center;\"><img decoding=\"async\" loading=\"lazy\" class=\"size-full wp-image-821 aligncenter\" src=\"http:\/\/blog.printu.pl\/wp-content\/uploads\/2013\/10\/fotoksi\u0105\u017cka-robiona-z-dzie\u0107mi.jpg\" alt=\"Fotoksi\u0105\u017cka edukacyjna dla dziecka\" width=\"600\" height=\"398\" srcset=\"https:\/\/s3-eu-central-1.amazonaws.com\/printu-blog\/wp-content\/uploads\/2013\/10\/fotoksi%C4%85%C5%BCka-robiona-z-dzie%C4%87mi.jpg 600w, https:\/\/s3-eu-central-1.amazonaws.com\/printu-blog\/wp-content\/uploads\/2013\/10\/fotoksi%C4%85%C5%BCka-robiona-z-dzie%C4%87mi-300x199.jpg 300w\" sizes=\"(max-width: 600px) 100vw, 600px\" \/><\/p>\n<p style=\"outline: 0px none; margin: 0px; padding: 0px 0px 20px; border: 0px none; vertical-align: baseline; font-family: Tahoma,Geneva,sans-serif; font-size: 16px; font-style: normal; color: #000000; line-height: 1.5; font-variant: normal; font-weight: normal; letter-spacing: normal; text-indent: 0px; text-transform: none; white-space: normal; word-spacing: 0px; background-color: #ffffff; text-align: center;\"><img decoding=\"async\" loading=\"lazy\" class=\"size-full wp-image-822 aligncenter\" src=\"http:\/\/blog.printu.pl\/wp-content\/uploads\/2013\/10\/anatomia-dla-dzieci.jpg\" alt=\"Anatomia dla najm\u0142odszych\" width=\"600\" height=\"398\" srcset=\"https:\/\/s3-eu-central-1.amazonaws.com\/printu-blog\/wp-content\/uploads\/2013\/10\/anatomia-dla-dzieci.jpg 600w, https:\/\/s3-eu-central-1.amazonaws.com\/printu-blog\/wp-content\/uploads\/2013\/10\/anatomia-dla-dzieci-300x199.jpg 300w\" sizes=\"(max-width: 600px) 100vw, 600px\" \/><\/p>\n<p style=\"outline: 0px none; margin: 0px; padding: 0px 0px 20px; border: 0px none; vertical-align: baseline; font-family: Tahoma,Geneva,sans-serif; font-size: 16px; font-style: normal; color: #000000; line-height: 1.5; font-variant: normal; font-weight: normal; letter-spacing: normal; text-indent: 0px; text-transform: none; white-space: normal; word-spacing: 0px; background-color: #ffffff; text-align: center;\"><strong>Fotoksi\u0105\u017ck\u0119 edukacyjn\u0105 dla swojej pociechy stworzysz <a href=\"https:\/\/printu.pl\/fotoksiazka\/\" target=\"_blank\">TUTAJ<\/a>.<\/strong><\/p>\n","protected":false},"excerpt":{"rendered":"<p>Przygotowanie anatomicznej fotoksi\u0105\u017cki to by\u0142o w\u0142a\u015bnie to, czego w naszej przygodzie z cz\u0119\u015bciami cia\u0142a brakowa\u0142o. Tu\u017c po tym, gdy w mojej g\u0142owie za\u015bwita\u0142a wspomniana my\u015bl, razem z dzieciakami przyst\u0105pili\u015bmy do realizacji pomys\u0142u. <\/p>\n","protected":false},"author":4,"featured_media":0,"comment_status":"open","ping_status":"open","sticky":false,"template":"","format":"standard","meta":[],"categories":[143],"tags":[253,252,254,255,614,251,139,213,214,851],"yoast_head":"<!-- This site is optimized with the Yoast SEO plugin v19.13 - https:\/\/yoast.com\/wordpress\/plugins\/seo\/ -->\n<title>Napisali o nas - Kreatywnik - Printu.pl<\/title>\n<meta name=\"robots\" content=\"index, follow, max-snippet:-1, max-image-preview:large, max-video-preview:-1\" \/>\n<link rel=\"canonical\" href=\"https:\/\/printu.pl\/blog\/2013\/10\/11\/napisali-o-nas-kreatywnik\/\" \/>\n<meta property=\"og:locale\" content=\"pl_PL\" \/>\n<meta property=\"og:type\" content=\"article\" \/>\n<meta property=\"og:title\" content=\"Napisali o nas - Kreatywnik - Printu.pl\" \/>\n<meta property=\"og:description\" content=\"Przygotowanie anatomicznej fotoksi\u0105\u017cki to by\u0142o w\u0142a\u015bnie to, czego w naszej przygodzie z cz\u0119\u015bciami cia\u0142a brakowa\u0142o. Tu\u017c po tym, gdy w mojej g\u0142owie za\u015bwita\u0142a wspomniana my\u015bl, razem z dzieciakami przyst\u0105pili\u015bmy do realizacji pomys\u0142u.\" \/>\n<meta property=\"og:url\" content=\"https:\/\/printu.pl\/blog\/2013\/10\/11\/napisali-o-nas-kreatywnik\/\" \/>\n<meta property=\"og:site_name\" content=\"blog\" \/>\n<meta property=\"article:publisher\" content=\"https:\/\/www.facebook.com\/printupl\" \/>\n<meta property=\"article:published_time\" content=\"2013-10-11T11:34:54+00:00\" \/>\n<meta property=\"article:modified_time\" content=\"2015-12-16T18:33:04+00:00\" \/>\n<meta property=\"og:image\" content=\"http:\/\/blog.printu.pl\/wp-content\/uploads\/2013\/10\/anatomia-dla-dzieci.jpg\" \/>\n<meta name=\"author\" content=\"Katarzyna\" \/>\n<meta name=\"twitter:card\" content=\"summary_large_image\" \/>\n<meta name=\"twitter:creator\" content=\"@printupl\" \/>\n<meta name=\"twitter:site\" content=\"@printupl\" \/>\n<meta name=\"twitter:label1\" content=\"Napisane przez\" \/>\n\t<meta name=\"twitter:data1\" content=\"Katarzyna\" \/>\n\t<meta name=\"twitter:label2\" content=\"Szacowany czas czytania\" \/>\n\t<meta name=\"twitter:data2\" content=\"1 minuta\" \/>\n<!-- \/ Yoast SEO plugin. -->","yoast_head_json":{"title":"Napisali o nas - Kreatywnik - Printu.pl","robots":{"index":"index","follow":"follow","max-snippet":"max-snippet:-1","max-image-preview":"max-image-preview:large","max-video-preview":"max-video-preview:-1"},"canonical":"https:\/\/printu.pl\/blog\/2013\/10\/11\/napisali-o-nas-kreatywnik\/","og_locale":"pl_PL","og_type":"article","og_title":"Napisali o nas - Kreatywnik - Printu.pl","og_description":"Przygotowanie anatomicznej fotoksi\u0105\u017cki to by\u0142o w\u0142a\u015bnie to, czego w naszej przygodzie z cz\u0119\u015bciami cia\u0142a brakowa\u0142o. Tu\u017c po tym, gdy w mojej g\u0142owie za\u015bwita\u0142a wspomniana my\u015bl, razem z dzieciakami przyst\u0105pili\u015bmy do realizacji pomys\u0142u.","og_url":"https:\/\/printu.pl\/blog\/2013\/10\/11\/napisali-o-nas-kreatywnik\/","og_site_name":"blog","article_publisher":"https:\/\/www.facebook.com\/printupl","article_published_time":"2013-10-11T11:34:54+00:00","article_modified_time":"2015-12-16T18:33:04+00:00","og_image":[{"url":"http:\/\/blog.printu.pl\/wp-content\/uploads\/2013\/10\/anatomia-dla-dzieci.jpg"}],"author":"Katarzyna","twitter_card":"summary_large_image","twitter_creator":"@printupl","twitter_site":"@printupl","twitter_misc":{"Napisane przez":"Katarzyna","Szacowany czas czytania":"1 minuta"},"schema":{"@context":"https:\/\/schema.org","@graph":[{"@type":"Article","@id":"https:\/\/printu.pl\/blog\/2013\/10\/11\/napisali-o-nas-kreatywnik\/#article","isPartOf":{"@id":"https:\/\/printu.pl\/blog\/2013\/10\/11\/napisali-o-nas-kreatywnik\/"},"author":{"name":"Katarzyna","@id":"https:\/\/printu.pl\/blog\/#\/schema\/person\/1552825435ffb2cc058d57ea4dd17e22"},"headline":"Napisali o nas &#8211; Kreatywnik","datePublished":"2013-10-11T11:34:54+00:00","dateModified":"2015-12-16T18:33:04+00:00","mainEntityOfPage":{"@id":"https:\/\/printu.pl\/blog\/2013\/10\/11\/napisali-o-nas-kreatywnik\/"},"wordCount":173,"commentCount":1,"publisher":{"@id":"https:\/\/printu.pl\/blog\/#organization"},"keywords":["anatomia cz\u0142owieka dla dzieci","anatomia dla dzieci","anatomia dla najm\u0142odszych","anatomia obrazkowa","fotoksi\u0105\u017cka bajka","fotoksi\u0105\u017cka inspiracje","napisali o nas","opinie o fotoksi\u0105\u017cce","opinie o fotoksi\u0105\u017ckach","pomys\u0142 na fotoksi\u0105\u017ck\u0119"],"articleSection":["Napisali o nas"],"inLanguage":"pl-PL","potentialAction":[{"@type":"CommentAction","name":"Comment","target":["https:\/\/printu.pl\/blog\/2013\/10\/11\/napisali-o-nas-kreatywnik\/#respond"]}]},{"@type":"WebPage","@id":"https:\/\/printu.pl\/blog\/2013\/10\/11\/napisali-o-nas-kreatywnik\/","url":"https:\/\/printu.pl\/blog\/2013\/10\/11\/napisali-o-nas-kreatywnik\/","name":"Napisali o nas - Kreatywnik - Printu.pl","isPartOf":{"@id":"https:\/\/printu.pl\/blog\/#website"},"datePublished":"2013-10-11T11:34:54+00:00","dateModified":"2015-12-16T18:33:04+00:00","breadcrumb":{"@id":"https:\/\/printu.pl\/blog\/2013\/10\/11\/napisali-o-nas-kreatywnik\/#breadcrumb"},"inLanguage":"pl-PL","potentialAction":[{"@type":"ReadAction","target":["https:\/\/printu.pl\/blog\/2013\/10\/11\/napisali-o-nas-kreatywnik\/"]}]},{"@type":"BreadcrumbList","@id":"https:\/\/printu.pl\/blog\/2013\/10\/11\/napisali-o-nas-kreatywnik\/#breadcrumb","itemListElement":[{"@type":"ListItem","position":1,"name":"Strona g\u0142\u00f3wna","item":"https:\/\/printu.pl\/blog\/"},{"@type":"ListItem","position":2,"name":"Napisali o nas &#8211; Kreatywnik"}]},{"@type":"WebSite","@id":"https:\/\/printu.pl\/blog\/#website","url":"https:\/\/printu.pl\/blog\/","name":"blog","description":"blog","publisher":{"@id":"https:\/\/printu.pl\/blog\/#organization"},"potentialAction":[{"@type":"SearchAction","target":{"@type":"EntryPoint","urlTemplate":"https:\/\/printu.pl\/blog\/?s={search_term_string}"},"query-input":"required name=search_term_string"}],"inLanguage":"pl-PL"},{"@type":"Organization","@id":"https:\/\/printu.pl\/blog\/#organization","name":"blog","url":"https:\/\/printu.pl\/blog\/","logo":{"@type":"ImageObject","inLanguage":"pl-PL","@id":"https:\/\/printu.pl\/blog\/#\/schema\/logo\/image\/","url":"https:\/\/s3-eu-central-1.amazonaws.com\/printu-blog\/wp-content\/uploads\/2017\/02\/printu-logo.png","contentUrl":"https:\/\/s3-eu-central-1.amazonaws.com\/printu-blog\/wp-content\/uploads\/2017\/02\/printu-logo.png","width":143,"height":34,"caption":" blog"},"image":{"@id":"https:\/\/printu.pl\/blog\/#\/schema\/logo\/image\/"},"sameAs":["https:\/\/instagram.com\/printupl","https:\/\/www.facebook.com\/printupl","https:\/\/twitter.com\/printupl"]},{"@type":"Person","@id":"https:\/\/printu.pl\/blog\/#\/schema\/person\/1552825435ffb2cc058d57ea4dd17e22","name":"Katarzyna","image":{"@type":"ImageObject","inLanguage":"pl-PL","@id":"https:\/\/printu.pl\/blog\/#\/schema\/person\/image\/","url":"https:\/\/secure.gravatar.com\/avatar\/39b1f1f0db1aa82c65afeee9d7610280?s=96&d=mm&r=g","contentUrl":"https:\/\/secure.gravatar.com\/avatar\/39b1f1f0db1aa82c65afeee9d7610280?s=96&d=mm&r=g","caption":"Katarzyna"}}]}},"_links":{"self":[{"href":"https:\/\/printu.pl\/blog\/wp-json\/wp\/v2\/posts\/810"}],"collection":[{"href":"https:\/\/printu.pl\/blog\/wp-json\/wp\/v2\/posts"}],"about":[{"href":"https:\/\/printu.pl\/blog\/wp-json\/wp\/v2\/types\/post"}],"author":[{"embeddable":true,"href":"https:\/\/printu.pl\/blog\/wp-json\/wp\/v2\/users\/4"}],"replies":[{"embeddable":true,"href":"https:\/\/printu.pl\/blog\/wp-json\/wp\/v2\/comments?post=810"}],"version-history":[{"count":20,"href":"https:\/\/printu.pl\/blog\/wp-json\/wp\/v2\/posts\/810\/revisions"}],"predecessor-version":[{"id":6304,"href":"https:\/\/printu.pl\/blog\/wp-json\/wp\/v2\/posts\/810\/revisions\/6304"}],"wp:attachment":[{"href":"https:\/\/printu.pl\/blog\/wp-json\/wp\/v2\/media?parent=810"}],"wp:term":[{"taxonomy":"category","embeddable":true,"href":"https:\/\/printu.pl\/blog\/wp-json\/wp\/v2\/categories?post=810"},{"taxonomy":"post_tag","embeddable":true,"href":"https:\/\/printu.pl\/blog\/wp-json\/wp\/v2\/tags?post=810"}],"curies":[{"name":"wp","href":"https:\/\/api.w.org\/{rel}","templated":true}]}}