{"id":870,"date":"2013-10-17T15:09:43","date_gmt":"2013-10-17T13:09:43","guid":{"rendered":"http:\/\/blog.printu.pl\/?p=870"},"modified":"2015-12-16T19:31:04","modified_gmt":"2015-12-16T18:31:04","slug":"stworz-wlasna-fotoksiazke-printu-cz-ii","status":"publish","type":"post","link":"https:\/\/printu.pl\/blog\/2013\/10\/17\/stworz-wlasna-fotoksiazke-printu-cz-ii\/","title":{"rendered":"Stw\u00f3rz w\u0142asn\u0105 Fotoksi\u0105\u017ck\u0119 Printu \u2013 to dziecinnie proste cz.II"},"content":{"rendered":"<p><img decoding=\"async\" loading=\"lazy\" class=\"alignnone  wp-image-876\" src=\"http:\/\/blog.printu.pl\/wp-content\/uploads\/2013\/10\/\u0142adna-fotoksi\u0105\u017cka.jpg\" alt=\"Tworzenie fotoksi\u0105\u017cki Printu\" width=\"700\" height=\"350\" srcset=\"https:\/\/s3-eu-central-1.amazonaws.com\/printu-blog\/wp-content\/uploads\/2013\/10\/%C5%82adna-fotoksi%C4%85%C5%BCka.jpg 700w, https:\/\/s3-eu-central-1.amazonaws.com\/printu-blog\/wp-content\/uploads\/2013\/10\/%C5%82adna-fotoksi%C4%85%C5%BCka-300x150.jpg 300w\" sizes=\"(max-width: 700px) 100vw, 700px\" \/><\/p>\n<p>Fotoksi\u0105\u017cka to wspania\u0142a sprawa. Wygodna &#8211; i w tworzeniu, i w u\u017cytkowaniu. Ale nawet je\u015bli bardzo dobrze o tym wiesz i nikt Ci\u0119 nie musi co do tego przekonywa\u0107, mo\u017cesz zastanawia\u0107 si\u0119: no dobrze, ale dlaczego w\u0142a\u015bnie Printu? Co znajd\u0119 tu, czego nie ma gdzie indziej? W\u0142a\u015bnie o tym ju\u017c za chwilk\u0119.<\/p>\n<p><!--more-->Zanim jednak o zaletach, to jeszcze par\u0119 zda\u0144 celem uzupe\u0142nienia ca\u0142ego procesu zamawiania ksi\u0105\u017cki. <strong>W poprzedniej cz\u0119\u015bci artyku\u0142u (<a href=\"http:\/\/blog.printu.pl\/2013\/09\/26\/stworz-wlasna-fotoksiazke-printu-cz-i\/\" target=\"_blank\">tutaj<\/a>) za\u0142o\u017cyli\u015bmy konto, wybrali\u015bmy zdj\u0119cia, stworzyli\u015bmy sw\u00f3j w\u0142asny, niepowtarzalny projekt. Co dalej?<\/strong><\/p>\n<p>Dalej aplikacja w bardzo prosty i intuicyjny spos\u00f3b poprowadzi nas sama, zreszt\u0105 podobnie jak to robi\u0142a od pocz\u0105tku. Najpierw zobaczymy PODSUMOWANIE. Znajdziemy tam podstawowe wybrane przez nas parametry, checklist\u0119 do sprawdzenia i odhaczenia oraz podgl\u0105d naszej fotoksi\u0105\u017cki.<\/p>\n<p><img decoding=\"async\" loading=\"lazy\" class=\"alignnone  wp-image-881\" src=\"http:\/\/blog.printu.pl\/wp-content\/uploads\/2013\/10\/fotoksi\u0105\u017cka-podgl\u0105d-zam\u00f3wienia1.jpg\" alt=\"Jak zrobi\u0107 fotoksi\u0105\u017ck\u0119?\" width=\"700\" height=\"522\" srcset=\"https:\/\/s3-eu-central-1.amazonaws.com\/printu-blog\/wp-content\/uploads\/2013\/10\/fotoksi%C4%85%C5%BCka-podgl%C4%85d-zam%C3%B3wienia1.jpg 939w, https:\/\/s3-eu-central-1.amazonaws.com\/printu-blog\/wp-content\/uploads\/2013\/10\/fotoksi%C4%85%C5%BCka-podgl%C4%85d-zam%C3%B3wienia1-300x224.jpg 300w, https:\/\/s3-eu-central-1.amazonaws.com\/printu-blog\/wp-content\/uploads\/2013\/10\/fotoksi%C4%85%C5%BCka-podgl%C4%85d-zam%C3%B3wienia1-768x573.jpg 768w, https:\/\/s3-eu-central-1.amazonaws.com\/printu-blog\/wp-content\/uploads\/2013\/10\/fotoksi%C4%85%C5%BCka-podgl%C4%85d-zam%C3%B3wienia1-671x500.jpg 671w\" sizes=\"(max-width: 700px) 100vw, 700px\" \/><\/p>\n<p>________________________________________________________________________________________<\/p>\n<p align=\"center\"><i>Zwr\u00f3\u0107 uwag\u0119 na mo\u017cliwo\u015b\u0107 w\u0142\u0105czenia automatycznej prezentacji ksi\u0105\u017cki oraz podgl\u0105du na pe\u0142nym ekranie.<\/i><\/p>\n<p>________________________________________________________________________________________<\/p>\n<p>P\u00f3\u017aniej aplikacja zapyta nas o ilo\u015b\u0107 identycznych fotoksi\u0105\u017cek, kt\u00f3r\u0105 chcemy zam\u00f3wi\u0107. Mo\u017cemy wprowadzi\u0107 warto\u015b\u0107 wi\u0119ksz\u0105 ni\u017c 1, je\u015bli np. ten sam album ma by\u0107 pami\u0105tk\u0105 z chrzcin lub \u015blubu wr\u0119czan\u0105 p\u00f3\u017aniej rodzicom i bliskim.<\/p>\n<p>W kolejnym kroku wybieramy form\u0119 wysy\u0142ki. Do wyboru mamy kuriera, gdy wolimy poczeka\u0107 na nasz\u0105 paczuszk\u0119 na miejscu oraz paczkomaty \u2013 opcja dla tych bardziej aktywnych, kt\u00f3rzy w domu rzadko bywaj\u0105, a przesy\u0142ki wol\u0105 odbiera\u0107 osobi\u015bcie o dowolnej porze dnia lub nocy. Na tym etapie mo\u017cna r\u00f3wnie\u017c edytowa\u0107 adres do wysy\u0142ki.<\/p>\n<p><img decoding=\"async\" loading=\"lazy\" class=\"alignnone  wp-image-878\" src=\"http:\/\/blog.printu.pl\/wp-content\/uploads\/2013\/10\/Stw\u00f3rz-w\u0142asn\u0105-Fotoksi\u0105\u017ck\u0119-Printu-to-dziecinnie-proste-cz.2-6.jpg\" alt=\"Jak zrobi\u0107 fotoksi\u0105\u017ck\u0119?\" width=\"700\" height=\"467\" \/><\/p>\n<p>Przed nami ju\u017c tylko ostateczne PODSUMOWANIE. Dopiero w tym kroku, po klikni\u0119ciu Z\u0141\u00d3\u017b ZAM\u00d3WIENIE przejdziemy do p\u0142atno\u015bci, a nasza dyspozycja zostanie przyj\u0119ta do realizacji.<\/p>\n<p><i>\u00a0________________________________________________________________________________________<\/i><\/p>\n<p align=\"center\"><i>Przed zatwierdzeniem sprawd\u017a wszystko dok\u0142adnie ostatni raz. W razie konieczno\u015bci w zasadzie ka\u017cd\u0105 pozycj\u0119 mo\u017cesz jeszcze edytowa\u0107.<\/i><\/p>\n<p>\u00a0________________________________________________________________________________________<\/p>\n<p>Teraz pozostaje ju\u017c tylko odrobin\u0119 poczeka\u0107 na wydruk i dostaw\u0119. W mi\u0119dzyczasie o post\u0119pach w realizacji b\u0119dziesz informowana mailowo, ale mo\u017cesz je r\u00f3wnie\u017c sprawdza\u0107 osobi\u015bcie. Wystarczy zalogowa\u0107 si\u0119 na swoje konto w Printu i wej\u015b\u0107 w zak\u0142adk\u0119 ZAM\u00d3WIENIA. Tam, przy swojej ksi\u0105\u017cce klikn\u0105\u0107 SZCZEG\u00d3\u0141Y ZAM\u00d3WIENIA i gotowe. Wszystkie aktualne informacje o statusie ksi\u0105\u017cki w jednym miejscu.<\/p>\n<p>Nie minie wiele czasu, a ju\u017c kurier puka do drzwi. Ju\u017c plumka na Twojej kom\u00f3rce sms, \u017ce przesy\u0142ka czeka grzecznie w paczkomacie. Odbierasz swoj\u0105 fotoksi\u0105\u017ck\u0119 i ju\u017c wiesz. Ju\u017c wiesz sama dok\u0142adnie, od pierwszego momentu, dlaczego w\u0142a\u015bnie Printu.<\/p>\n<p>\u2026 Wiesz, jak \u0142atwy i mi\u0142y by\u0142 proces tworzenia ksi\u0105\u017cki. Jak przejrzysta i prosta aplikacja, kt\u00f3ra bez zb\u0119dnych funkcji i bez m\u0119tliku przycisk\u00f3w pozwala\u0142a mocno wp\u0142ywa\u0107 na ostateczny efekt, pozwala\u0142a uk\u0142ada\u0107, poprawia\u0107, bawi\u0107 si\u0119 tworzeniem&#8230;<\/p>\n<p>\u2026 Wiesz, \u017ce nie musia\u0142a\u015b \u015bci\u0105ga\u0107 \u017cadnych program\u00f3w, instalowa\u0107, szuka\u0107, uczy\u0107 si\u0119. Po prostu wesz\u0142a\u015b na stron\u0119 Printu.pl, klikn\u0119\u0142a\u015b STW\u00d3RZ KSI\u0104\u017bK\u0118 i dalej posz\u0142o samo&#8230;<\/p>\n<p>\u2026 Wiesz, jak fajnie by\u0142o mie\u0107 kilka przemy\u015blanych opcji do wyboru na ka\u017cdym etapie tworzenia i zamawiania. Format, ok\u0142adka, papier, uk\u0142ad, spos\u00f3b dostawy \u2013 wszystko dok\u0142adnie takie, jak chcesz&#8230;<\/p>\n<p>\u2026 A teraz w ko\u0144cu odbierasz swoj\u0105 fotoksi\u0105\u017ck\u0119 Printu. Bardzo dobrze zabezpieczona przesy\u0142ka. Nie jaka\u015b tam koperta, tylko stabilny kartonik idealnie dopasowany do ksi\u0105\u017cki oraz folia ochronna, dzi\u0119ki kt\u00f3rym nic nie mia\u0142o prawa uszkodzi\u0107 przesy\u0142ki po drodze.<\/p>\n<p><img decoding=\"async\" loading=\"lazy\" class=\"alignnone  wp-image-877\" src=\"http:\/\/blog.printu.pl\/wp-content\/uploads\/2013\/10\/Stw\u00f3rz-w\u0142asn\u0105-Fotoksi\u0105\u017ck\u0119-Printu-to-dziecinnie-proste-cz.2-5b.jpg\" alt=\"Jak zrobi\u0107 fotoksi\u0105\u017ck\u0119?\" width=\"700\" height=\"467\" \/><\/p>\n<p>Ksi\u0105\u017cka jest pi\u0119knie z\u0142o\u017cona, a wysoka jako\u015b\u0107 od razu rzuca si\u0119 w oczy. Cudna oprawa, gruby papier, \u017cywe kolory, dok\u0142adno\u015b\u0107 i precyzja w ka\u017cdym detalu.<\/p>\n<p>A w \u015brodku to co najwa\u017cniejsze \u2013 Twoje zdj\u0119cia. Nawet nie, nie Twoje zdj\u0119cia \u2013 Twoje wspomnienia. Osoby, miejsca i zdarzenia, kt\u00f3re maj\u0105 dla Ciebie znaczenie. Kt\u00f3re chcia\u0142a\u015b uwieczni\u0107, oprawi\u0107 i do kt\u00f3rych pragniesz jeszcze wielokrotnie wraca\u0107. Kt\u00f3re zas\u0142uguj\u0105 na to, by zamiast zalega\u0107 na dysku komputera, zapomniane i bez wyrazu, zago\u015bci\u0107 na Twojej p\u00f3\u0142ce jako pi\u0119kny album. Jako fotoksi\u0105\u017cka Printu.<strong> Ja swoj\u0105 ju\u017c mam \u2013 czy Ty r\u00f3wnie\u017c chcia\u0142by\u015b\/chcia\u0142aby\u015b wydrukowa\u0107 swoje emocje..? Zapraszam na na <a href=\"http:\/\/www.printu.pl\" target=\"_blank\">www.printu.pl<\/a> <\/strong><\/p>\n<p>Zobacz te\u017c jak wygl\u0105da <a href=\"http:\/\/blog.printu.pl\/2014\/04\/03\/6-krokow-do-wlasnej-fotoksiazki-printu\/\" target=\"_blank\">tworzenie fotoksi\u0105\u017cki w 6 krokach. <\/a><\/p>\n","protected":false},"excerpt":{"rendered":"<p>Fotoksi\u0105\u017cka to wspania\u0142a sprawa. Wygodna &#8211; i w tworzeniu, i w u\u017cytkowaniu. Ale nawet je\u015bli bardzo dobrze o tym wiesz i nikt Ci\u0119 nie musi co do tego przekonywa\u0107, mo\u017cesz zastanawia\u0107 si\u0119: no dobrze, ale dlaczego w\u0142a\u015bnie Printu? <\/p>\n","protected":false},"author":5,"featured_media":0,"comment_status":"open","ping_status":"open","sticky":false,"template":"","format":"standard","meta":[],"categories":[8,43],"tags":[152,172,153,119,150,63,173,151,118,122,149,154,155],"yoast_head":"<!-- This site is optimized with the Yoast SEO plugin v19.13 - https:\/\/yoast.com\/wordpress\/plugins\/seo\/ -->\n<title>Stw\u00f3rz w\u0142asn\u0105 Fotoksi\u0105\u017ck\u0119 Printu \u2013 to dziecinnie proste cz.II - Printu.pl<\/title>\n<meta name=\"robots\" content=\"index, follow, max-snippet:-1, max-image-preview:large, max-video-preview:-1\" \/>\n<link rel=\"canonical\" href=\"https:\/\/printu.pl\/blog\/2013\/10\/17\/stworz-wlasna-fotoksiazke-printu-cz-ii\/\" \/>\n<meta property=\"og:locale\" content=\"pl_PL\" \/>\n<meta property=\"og:type\" content=\"article\" \/>\n<meta property=\"og:title\" content=\"Stw\u00f3rz w\u0142asn\u0105 Fotoksi\u0105\u017ck\u0119 Printu \u2013 to dziecinnie proste cz.II - Printu.pl\" \/>\n<meta property=\"og:description\" content=\"Fotoksi\u0105\u017cka to wspania\u0142a sprawa. Wygodna - i w tworzeniu, i w u\u017cytkowaniu. Ale nawet je\u015bli bardzo dobrze o tym wiesz i nikt Ci\u0119 nie musi co do tego przekonywa\u0107, mo\u017cesz zastanawia\u0107 si\u0119: no dobrze, ale dlaczego w\u0142a\u015bnie Printu?\" \/>\n<meta property=\"og:url\" content=\"https:\/\/printu.pl\/blog\/2013\/10\/17\/stworz-wlasna-fotoksiazke-printu-cz-ii\/\" \/>\n<meta property=\"og:site_name\" content=\"blog\" \/>\n<meta property=\"article:publisher\" content=\"https:\/\/www.facebook.com\/printupl\" \/>\n<meta property=\"article:published_time\" content=\"2013-10-17T13:09:43+00:00\" \/>\n<meta property=\"article:modified_time\" content=\"2015-12-16T18:31:04+00:00\" \/>\n<meta name=\"author\" content=\"Iwona\" \/>\n<meta name=\"twitter:card\" content=\"summary_large_image\" \/>\n<meta name=\"twitter:creator\" content=\"@printupl\" \/>\n<meta name=\"twitter:site\" content=\"@printupl\" \/>\n<meta name=\"twitter:label1\" content=\"Napisane przez\" \/>\n\t<meta name=\"twitter:data1\" content=\"Iwona\" \/>\n\t<meta name=\"twitter:label2\" content=\"Szacowany czas czytania\" \/>\n\t<meta name=\"twitter:data2\" content=\"4 minuty\" \/>\n<!-- \/ Yoast SEO plugin. -->","yoast_head_json":{"title":"Stw\u00f3rz w\u0142asn\u0105 Fotoksi\u0105\u017ck\u0119 Printu \u2013 to dziecinnie proste cz.II - Printu.pl","robots":{"index":"index","follow":"follow","max-snippet":"max-snippet:-1","max-image-preview":"max-image-preview:large","max-video-preview":"max-video-preview:-1"},"canonical":"https:\/\/printu.pl\/blog\/2013\/10\/17\/stworz-wlasna-fotoksiazke-printu-cz-ii\/","og_locale":"pl_PL","og_type":"article","og_title":"Stw\u00f3rz w\u0142asn\u0105 Fotoksi\u0105\u017ck\u0119 Printu \u2013 to dziecinnie proste cz.II - Printu.pl","og_description":"Fotoksi\u0105\u017cka to wspania\u0142a sprawa. Wygodna - i w tworzeniu, i w u\u017cytkowaniu. Ale nawet je\u015bli bardzo dobrze o tym wiesz i nikt Ci\u0119 nie musi co do tego przekonywa\u0107, mo\u017cesz zastanawia\u0107 si\u0119: no dobrze, ale dlaczego w\u0142a\u015bnie Printu?","og_url":"https:\/\/printu.pl\/blog\/2013\/10\/17\/stworz-wlasna-fotoksiazke-printu-cz-ii\/","og_site_name":"blog","article_publisher":"https:\/\/www.facebook.com\/printupl","article_published_time":"2013-10-17T13:09:43+00:00","article_modified_time":"2015-12-16T18:31:04+00:00","author":"Iwona","twitter_card":"summary_large_image","twitter_creator":"@printupl","twitter_site":"@printupl","twitter_misc":{"Napisane przez":"Iwona","Szacowany czas czytania":"4 minuty"},"schema":{"@context":"https:\/\/schema.org","@graph":[{"@type":"Article","@id":"https:\/\/printu.pl\/blog\/2013\/10\/17\/stworz-wlasna-fotoksiazke-printu-cz-ii\/#article","isPartOf":{"@id":"https:\/\/printu.pl\/blog\/2013\/10\/17\/stworz-wlasna-fotoksiazke-printu-cz-ii\/"},"author":{"name":"Iwona","@id":"https:\/\/printu.pl\/blog\/#\/schema\/person\/f434bfe5febea26b786a498ae5cbac79"},"headline":"Stw\u00f3rz w\u0142asn\u0105 Fotoksi\u0105\u017ck\u0119 Printu \u2013 to dziecinnie proste cz.II","datePublished":"2013-10-17T13:09:43+00:00","dateModified":"2015-12-16T18:31:04+00:00","mainEntityOfPage":{"@id":"https:\/\/printu.pl\/blog\/2013\/10\/17\/stworz-wlasna-fotoksiazke-printu-cz-ii\/"},"wordCount":727,"commentCount":1,"publisher":{"@id":"https:\/\/printu.pl\/blog\/#organization"},"keywords":["fotoksi\u0105\u017cka gdzie najlepiej","fotoksi\u0105\u017cka inspiracja","fotoksi\u0105\u017cka na ka\u017cd\u0105 okazj\u0119","fotoksi\u0105\u017cka online","fotoksi\u0105\u017cka opinie","fotoksi\u0105\u017cka w 5 minut","fotoksia\u017cka z dzieckiem","gdzie stworzy\u0107 fotoksi\u0105\u017ck\u0119","\u0142adna fotoksi\u0105\u017cka","najlepsza fotoksi\u0105\u017cka","tworzenie fotoksi\u0105\u017cki","Tworzenie fotoksi\u0105\u017cki w programie","Tworzenie fotoksi\u0105\u017cki w programie online"],"articleSection":["Poradnik FOTO","Wydarzenia"],"inLanguage":"pl-PL","potentialAction":[{"@type":"CommentAction","name":"Comment","target":["https:\/\/printu.pl\/blog\/2013\/10\/17\/stworz-wlasna-fotoksiazke-printu-cz-ii\/#respond"]}]},{"@type":"WebPage","@id":"https:\/\/printu.pl\/blog\/2013\/10\/17\/stworz-wlasna-fotoksiazke-printu-cz-ii\/","url":"https:\/\/printu.pl\/blog\/2013\/10\/17\/stworz-wlasna-fotoksiazke-printu-cz-ii\/","name":"Stw\u00f3rz w\u0142asn\u0105 Fotoksi\u0105\u017ck\u0119 Printu \u2013 to dziecinnie proste cz.II - Printu.pl","isPartOf":{"@id":"https:\/\/printu.pl\/blog\/#website"},"datePublished":"2013-10-17T13:09:43+00:00","dateModified":"2015-12-16T18:31:04+00:00","breadcrumb":{"@id":"https:\/\/printu.pl\/blog\/2013\/10\/17\/stworz-wlasna-fotoksiazke-printu-cz-ii\/#breadcrumb"},"inLanguage":"pl-PL","potentialAction":[{"@type":"ReadAction","target":["https:\/\/printu.pl\/blog\/2013\/10\/17\/stworz-wlasna-fotoksiazke-printu-cz-ii\/"]}]},{"@type":"BreadcrumbList","@id":"https:\/\/printu.pl\/blog\/2013\/10\/17\/stworz-wlasna-fotoksiazke-printu-cz-ii\/#breadcrumb","itemListElement":[{"@type":"ListItem","position":1,"name":"Strona g\u0142\u00f3wna","item":"https:\/\/printu.pl\/blog\/"},{"@type":"ListItem","position":2,"name":"Stw\u00f3rz w\u0142asn\u0105 Fotoksi\u0105\u017ck\u0119 Printu \u2013 to dziecinnie proste cz.II"}]},{"@type":"WebSite","@id":"https:\/\/printu.pl\/blog\/#website","url":"https:\/\/printu.pl\/blog\/","name":"blog","description":"blog","publisher":{"@id":"https:\/\/printu.pl\/blog\/#organization"},"potentialAction":[{"@type":"SearchAction","target":{"@type":"EntryPoint","urlTemplate":"https:\/\/printu.pl\/blog\/?s={search_term_string}"},"query-input":"required name=search_term_string"}],"inLanguage":"pl-PL"},{"@type":"Organization","@id":"https:\/\/printu.pl\/blog\/#organization","name":"blog","url":"https:\/\/printu.pl\/blog\/","logo":{"@type":"ImageObject","inLanguage":"pl-PL","@id":"https:\/\/printu.pl\/blog\/#\/schema\/logo\/image\/","url":"https:\/\/s3-eu-central-1.amazonaws.com\/printu-blog\/wp-content\/uploads\/2017\/02\/printu-logo.png","contentUrl":"https:\/\/s3-eu-central-1.amazonaws.com\/printu-blog\/wp-content\/uploads\/2017\/02\/printu-logo.png","width":143,"height":34,"caption":" blog"},"image":{"@id":"https:\/\/printu.pl\/blog\/#\/schema\/logo\/image\/"},"sameAs":["https:\/\/instagram.com\/printupl","https:\/\/www.facebook.com\/printupl","https:\/\/twitter.com\/printupl"]},{"@type":"Person","@id":"https:\/\/printu.pl\/blog\/#\/schema\/person\/f434bfe5febea26b786a498ae5cbac79","name":"Iwona","image":{"@type":"ImageObject","inLanguage":"pl-PL","@id":"https:\/\/printu.pl\/blog\/#\/schema\/person\/image\/","url":"https:\/\/secure.gravatar.com\/avatar\/5bf1effed06ddadd1d572859a8cd5ca5?s=96&d=mm&r=g","contentUrl":"https:\/\/secure.gravatar.com\/avatar\/5bf1effed06ddadd1d572859a8cd5ca5?s=96&d=mm&r=g","caption":"Iwona"}}]}},"_links":{"self":[{"href":"https:\/\/printu.pl\/blog\/wp-json\/wp\/v2\/posts\/870"}],"collection":[{"href":"https:\/\/printu.pl\/blog\/wp-json\/wp\/v2\/posts"}],"about":[{"href":"https:\/\/printu.pl\/blog\/wp-json\/wp\/v2\/types\/post"}],"author":[{"embeddable":true,"href":"https:\/\/printu.pl\/blog\/wp-json\/wp\/v2\/users\/5"}],"replies":[{"embeddable":true,"href":"https:\/\/printu.pl\/blog\/wp-json\/wp\/v2\/comments?post=870"}],"version-history":[{"count":15,"href":"https:\/\/printu.pl\/blog\/wp-json\/wp\/v2\/posts\/870\/revisions"}],"predecessor-version":[{"id":6302,"href":"https:\/\/printu.pl\/blog\/wp-json\/wp\/v2\/posts\/870\/revisions\/6302"}],"wp:attachment":[{"href":"https:\/\/printu.pl\/blog\/wp-json\/wp\/v2\/media?parent=870"}],"wp:term":[{"taxonomy":"category","embeddable":true,"href":"https:\/\/printu.pl\/blog\/wp-json\/wp\/v2\/categories?post=870"},{"taxonomy":"post_tag","embeddable":true,"href":"https:\/\/printu.pl\/blog\/wp-json\/wp\/v2\/tags?post=870"}],"curies":[{"name":"wp","href":"https:\/\/api.w.org\/{rel}","templated":true}]}}