{"id":893,"date":"2013-10-17T17:57:26","date_gmt":"2013-10-17T15:57:26","guid":{"rendered":"http:\/\/blog.printu.pl\/?p=893"},"modified":"2015-12-16T19:30:52","modified_gmt":"2015-12-16T18:30:52","slug":"napisali-o-nas-perfekcyjna-mama-byc","status":"publish","type":"post","link":"https:\/\/printu.pl\/blog\/2013\/10\/17\/napisali-o-nas-perfekcyjna-mama-byc\/","title":{"rendered":"Napisali o nas &#8211; Perfekcyjn\u0105 Mam\u0105 By\u0107"},"content":{"rendered":"<p><img decoding=\"async\" loading=\"lazy\" class=\"alignnone  wp-image-894\" src=\"http:\/\/blog.printu.pl\/wp-content\/uploads\/2013\/10\/tworzenie-fotoksi\u0105\u017cki-printu.jpg\" alt=\"Tworzenie fotoksi\u0105\u017cki Printu\" width=\"700\" height=\"350\" srcset=\"https:\/\/s3-eu-central-1.amazonaws.com\/printu-blog\/wp-content\/uploads\/2013\/10\/tworzenie-fotoksi%C4%85%C5%BCki-printu.jpg 700w, https:\/\/s3-eu-central-1.amazonaws.com\/printu-blog\/wp-content\/uploads\/2013\/10\/tworzenie-fotoksi%C4%85%C5%BCki-printu-300x150.jpg 300w\" sizes=\"(max-width: 700px) 100vw, 700px\" \/><\/p>\n<blockquote><p>&#8222;Wspomnienia to co\u015b co zostaje z nami do ko\u0144ca, zdj\u0119cia pozwalaj\u0105 nam uchwyci\u0107 to, co z nich najpi\u0119kniejsze. Fotoksi\u0105\u017cka to cudny &#8222;wynalazek&#8221;, dzi\u0119ki kt\u00f3remu to co najcenniejsze w jednym miejscu si\u0119 znajdzie :) Tworzenie mojej w\u0142asnej fotoksi\u0105\u017cki sprawi\u0142o mi wielk\u0105 frajd\u0119 i rado\u015b\u0107. Sama stworzy\u0142am idealne miejsce dla naszych wspomnie\u0144&#8221;.<\/p><\/blockquote>\n<p><!--more--><strong>Zapraszamy do ca\u0142ego wpisu redaktor Kornelii z bloga &#8222;Perfekcyjn\u0105 mam\u0105 by\u0107&#8221; tutaj:<br \/>\n<a href=\"http:\/\/perfekcyjnamamabyc.blogspot.com\/2013\/10\/fotoksiazka-printu-zatrzymaj-swoje.html\" target=\"_blank\" rel=\"nofollow\"><strong>\u201e<\/strong>Fotoksi\u0105\u017cka PRINTU &#8211; zatrzymaj swoje wspomnienia&#8221;<\/a><\/strong><\/p>\n<p>Swoj\u0105 fotoksi\u0105\u017ck\u0119 stworzysz <a href=\"https:\/\/printu.pl\/fotoksiazka\/\" target=\"_blank\">TUTAJ<\/a>. Zapraszamy!<strong><br \/>\n<\/strong><\/p>\n","protected":false},"excerpt":{"rendered":"<p>Wspomnienia to co\u015b co zostaje z nami do ko\u0144ca, zdj\u0119cia pozwalaj\u0105 nam uchwyci\u0107 to, co z nich najpi\u0119kniejsze. Fotoksi\u0105\u017cka to cudny &#8222;wynalazek&#8221;, dzi\u0119ki kt\u00f3remu to co najcenniejsze w jednym miejscu si\u0119 znajdzie.<\/p>\n","protected":false},"author":4,"featured_media":0,"comment_status":"open","ping_status":"open","sticky":false,"template":"","format":"standard","meta":[],"categories":[143],"tags":[257,6,139,116,149],"yoast_head":"<!-- This site is optimized with the Yoast SEO plugin v19.13 - https:\/\/yoast.com\/wordpress\/plugins\/seo\/ -->\n<title>Napisali o nas - Perfekcyjn\u0105 Mam\u0105 By\u0107 - Printu.pl<\/title>\n<meta name=\"robots\" content=\"index, follow, max-snippet:-1, max-image-preview:large, max-video-preview:-1\" \/>\n<link rel=\"canonical\" href=\"https:\/\/printu.pl\/blog\/2013\/10\/17\/napisali-o-nas-perfekcyjna-mama-byc\/\" \/>\n<meta property=\"og:locale\" content=\"pl_PL\" \/>\n<meta property=\"og:type\" content=\"article\" \/>\n<meta property=\"og:title\" content=\"Napisali o nas - Perfekcyjn\u0105 Mam\u0105 By\u0107 - Printu.pl\" \/>\n<meta property=\"og:description\" content=\"Wspomnienia to co\u015b co zostaje z nami do ko\u0144ca, zdj\u0119cia pozwalaj\u0105 nam uchwyci\u0107 to, co z nich najpi\u0119kniejsze. Fotoksi\u0105\u017cka to cudny &quot;wynalazek&quot;, dzi\u0119ki kt\u00f3remu to co najcenniejsze w jednym miejscu si\u0119 znajdzie.\" \/>\n<meta property=\"og:url\" content=\"https:\/\/printu.pl\/blog\/2013\/10\/17\/napisali-o-nas-perfekcyjna-mama-byc\/\" \/>\n<meta property=\"og:site_name\" content=\"blog\" \/>\n<meta property=\"article:publisher\" content=\"https:\/\/www.facebook.com\/printupl\" \/>\n<meta property=\"article:published_time\" content=\"2013-10-17T15:57:26+00:00\" \/>\n<meta property=\"article:modified_time\" content=\"2015-12-16T18:30:52+00:00\" \/>\n<meta name=\"author\" content=\"Katarzyna\" \/>\n<meta name=\"twitter:card\" content=\"summary_large_image\" \/>\n<meta name=\"twitter:creator\" content=\"@printupl\" \/>\n<meta name=\"twitter:site\" content=\"@printupl\" \/>\n<meta name=\"twitter:label1\" content=\"Napisane przez\" \/>\n\t<meta name=\"twitter:data1\" content=\"Katarzyna\" \/>\n<!-- \/ Yoast SEO plugin. -->","yoast_head_json":{"title":"Napisali o nas - Perfekcyjn\u0105 Mam\u0105 By\u0107 - Printu.pl","robots":{"index":"index","follow":"follow","max-snippet":"max-snippet:-1","max-image-preview":"max-image-preview:large","max-video-preview":"max-video-preview:-1"},"canonical":"https:\/\/printu.pl\/blog\/2013\/10\/17\/napisali-o-nas-perfekcyjna-mama-byc\/","og_locale":"pl_PL","og_type":"article","og_title":"Napisali o nas - Perfekcyjn\u0105 Mam\u0105 By\u0107 - Printu.pl","og_description":"Wspomnienia to co\u015b co zostaje z nami do ko\u0144ca, zdj\u0119cia pozwalaj\u0105 nam uchwyci\u0107 to, co z nich najpi\u0119kniejsze. Fotoksi\u0105\u017cka to cudny \"wynalazek\", dzi\u0119ki kt\u00f3remu to co najcenniejsze w jednym miejscu si\u0119 znajdzie.","og_url":"https:\/\/printu.pl\/blog\/2013\/10\/17\/napisali-o-nas-perfekcyjna-mama-byc\/","og_site_name":"blog","article_publisher":"https:\/\/www.facebook.com\/printupl","article_published_time":"2013-10-17T15:57:26+00:00","article_modified_time":"2015-12-16T18:30:52+00:00","author":"Katarzyna","twitter_card":"summary_large_image","twitter_creator":"@printupl","twitter_site":"@printupl","twitter_misc":{"Napisane przez":"Katarzyna"},"schema":{"@context":"https:\/\/schema.org","@graph":[{"@type":"Article","@id":"https:\/\/printu.pl\/blog\/2013\/10\/17\/napisali-o-nas-perfekcyjna-mama-byc\/#article","isPartOf":{"@id":"https:\/\/printu.pl\/blog\/2013\/10\/17\/napisali-o-nas-perfekcyjna-mama-byc\/"},"author":{"name":"Katarzyna","@id":"https:\/\/printu.pl\/blog\/#\/schema\/person\/1552825435ffb2cc058d57ea4dd17e22"},"headline":"Napisali o nas &#8211; Perfekcyjn\u0105 Mam\u0105 By\u0107","datePublished":"2013-10-17T15:57:26+00:00","dateModified":"2015-12-16T18:30:52+00:00","mainEntityOfPage":{"@id":"https:\/\/printu.pl\/blog\/2013\/10\/17\/napisali-o-nas-perfekcyjna-mama-byc\/"},"wordCount":92,"commentCount":0,"publisher":{"@id":"https:\/\/printu.pl\/blog\/#organization"},"keywords":["fotoksi\u0105\u017cka przyk\u0142adowa","jak zrobi\u0107 fotoksi\u0105\u017ck\u0119","napisali o nas","program do fotoksi\u0105\u017cek","tworzenie fotoksi\u0105\u017cki"],"articleSection":["Napisali o nas"],"inLanguage":"pl-PL","potentialAction":[{"@type":"CommentAction","name":"Comment","target":["https:\/\/printu.pl\/blog\/2013\/10\/17\/napisali-o-nas-perfekcyjna-mama-byc\/#respond"]}]},{"@type":"WebPage","@id":"https:\/\/printu.pl\/blog\/2013\/10\/17\/napisali-o-nas-perfekcyjna-mama-byc\/","url":"https:\/\/printu.pl\/blog\/2013\/10\/17\/napisali-o-nas-perfekcyjna-mama-byc\/","name":"Napisali o nas - Perfekcyjn\u0105 Mam\u0105 By\u0107 - Printu.pl","isPartOf":{"@id":"https:\/\/printu.pl\/blog\/#website"},"datePublished":"2013-10-17T15:57:26+00:00","dateModified":"2015-12-16T18:30:52+00:00","breadcrumb":{"@id":"https:\/\/printu.pl\/blog\/2013\/10\/17\/napisali-o-nas-perfekcyjna-mama-byc\/#breadcrumb"},"inLanguage":"pl-PL","potentialAction":[{"@type":"ReadAction","target":["https:\/\/printu.pl\/blog\/2013\/10\/17\/napisali-o-nas-perfekcyjna-mama-byc\/"]}]},{"@type":"BreadcrumbList","@id":"https:\/\/printu.pl\/blog\/2013\/10\/17\/napisali-o-nas-perfekcyjna-mama-byc\/#breadcrumb","itemListElement":[{"@type":"ListItem","position":1,"name":"Strona g\u0142\u00f3wna","item":"https:\/\/printu.pl\/blog\/"},{"@type":"ListItem","position":2,"name":"Napisali o nas &#8211; Perfekcyjn\u0105 Mam\u0105 By\u0107"}]},{"@type":"WebSite","@id":"https:\/\/printu.pl\/blog\/#website","url":"https:\/\/printu.pl\/blog\/","name":"blog","description":"blog","publisher":{"@id":"https:\/\/printu.pl\/blog\/#organization"},"potentialAction":[{"@type":"SearchAction","target":{"@type":"EntryPoint","urlTemplate":"https:\/\/printu.pl\/blog\/?s={search_term_string}"},"query-input":"required name=search_term_string"}],"inLanguage":"pl-PL"},{"@type":"Organization","@id":"https:\/\/printu.pl\/blog\/#organization","name":"blog","url":"https:\/\/printu.pl\/blog\/","logo":{"@type":"ImageObject","inLanguage":"pl-PL","@id":"https:\/\/printu.pl\/blog\/#\/schema\/logo\/image\/","url":"https:\/\/s3-eu-central-1.amazonaws.com\/printu-blog\/wp-content\/uploads\/2017\/02\/printu-logo.png","contentUrl":"https:\/\/s3-eu-central-1.amazonaws.com\/printu-blog\/wp-content\/uploads\/2017\/02\/printu-logo.png","width":143,"height":34,"caption":" blog"},"image":{"@id":"https:\/\/printu.pl\/blog\/#\/schema\/logo\/image\/"},"sameAs":["https:\/\/instagram.com\/printupl","https:\/\/www.facebook.com\/printupl","https:\/\/twitter.com\/printupl"]},{"@type":"Person","@id":"https:\/\/printu.pl\/blog\/#\/schema\/person\/1552825435ffb2cc058d57ea4dd17e22","name":"Katarzyna","image":{"@type":"ImageObject","inLanguage":"pl-PL","@id":"https:\/\/printu.pl\/blog\/#\/schema\/person\/image\/","url":"https:\/\/secure.gravatar.com\/avatar\/39b1f1f0db1aa82c65afeee9d7610280?s=96&d=mm&r=g","contentUrl":"https:\/\/secure.gravatar.com\/avatar\/39b1f1f0db1aa82c65afeee9d7610280?s=96&d=mm&r=g","caption":"Katarzyna"}}]}},"_links":{"self":[{"href":"https:\/\/printu.pl\/blog\/wp-json\/wp\/v2\/posts\/893"}],"collection":[{"href":"https:\/\/printu.pl\/blog\/wp-json\/wp\/v2\/posts"}],"about":[{"href":"https:\/\/printu.pl\/blog\/wp-json\/wp\/v2\/types\/post"}],"author":[{"embeddable":true,"href":"https:\/\/printu.pl\/blog\/wp-json\/wp\/v2\/users\/4"}],"replies":[{"embeddable":true,"href":"https:\/\/printu.pl\/blog\/wp-json\/wp\/v2\/comments?post=893"}],"version-history":[{"count":11,"href":"https:\/\/printu.pl\/blog\/wp-json\/wp\/v2\/posts\/893\/revisions"}],"predecessor-version":[{"id":6301,"href":"https:\/\/printu.pl\/blog\/wp-json\/wp\/v2\/posts\/893\/revisions\/6301"}],"wp:attachment":[{"href":"https:\/\/printu.pl\/blog\/wp-json\/wp\/v2\/media?parent=893"}],"wp:term":[{"taxonomy":"category","embeddable":true,"href":"https:\/\/printu.pl\/blog\/wp-json\/wp\/v2\/categories?post=893"},{"taxonomy":"post_tag","embeddable":true,"href":"https:\/\/printu.pl\/blog\/wp-json\/wp\/v2\/tags?post=893"}],"curies":[{"name":"wp","href":"https:\/\/api.w.org\/{rel}","templated":true}]}}