{"id":1710,"date":"2017-12-12T15:01:19","date_gmt":"2017-12-12T13:01:19","guid":{"rendered":"https:\/\/printu.pl\/inspiracje\/?p=1710"},"modified":"2020-03-17T13:18:02","modified_gmt":"2020-03-17T11:18:02","slug":"10-pomyslow-na-fotoksiazke-dziecka","status":"publish","type":"post","link":"https:\/\/printu.pl\/inspiracje\/10-pomyslow-na-fotoksiazke-dziecka\/","title":{"rendered":"10 pomys\u0142\u00f3w na fotoksi\u0105\u017ck\u0119 dziecka &#8211; najlepsz\u0105 pami\u0105tk\u0119 na d\u0142ugie lata"},"content":{"rendered":"<p>Kiedy na \u015bwiat przychodz\u0105 dzieci, uwieczniasz na fotografiach wszystkie wa\u017cne momenty z ich \u017cycia.<!--more--> A gdzie je chowasz? Gdzie przechowujesz te wszystkie wspomnienia?<\/p>\n<p>Nadaj im wyj\u0105tkow\u0105 opraw\u0119 na d\u0142ugie lata i stw\u00f3rz fotoksi\u0105\u017ck\u0119. Zobacz <strong>10 inspiracji na nowoczesny album fotograficzny<\/strong>, kt\u00f3ry zachwyci ka\u017cdego!<\/p>\n<figure id=\"attachment_91\" aria-describedby=\"caption-attachment-91\" style=\"width: 990px\" class=\"wp-caption alignnone\"><a href=\"https:\/\/printu.pl\/fotoksiazka\/szablony\/dzieci\/\"><img loading=\"lazy\" class=\"wp-image-91 size-full\" src=\"https:\/\/printu.pl\/inspiracje\/wp-content\/uploads\/2017\/12\/12144111\/fotoksiazka-z-wakacji.jpg\" alt=\"\" width=\"990\" height=\"540\" \/><\/a><figcaption id=\"caption-attachment-91\" class=\"wp-caption-text\">Zobacz szablon &#8220;Weso\u0142e historie&#8221; i inne szablony dzieci\u0119ce<\/figcaption><\/figure>\n<div class=\"buttons\"><a class=\"button btn-v2\" href=\"https:\/\/printu.pl\/fotoksiazka\/szablony\/dzieci\/\">Zobacz szablony &gt;<\/a><\/div>\n<h2>1. Fotoksi\u0105\u017cka noworodka<\/h2>\n<p>W pierwszych tygodniach \u017cycia dziecko zmienia si\u0119 niemal z dnia na dzie\u0144, dlatego mi\u0119dzy 5 a 21 dniem \u017cycia warto wykona\u0107<strong> sesj\u0119 noworodkow\u0105<\/strong>, a wspomnienia utrwali\u0107 w postaci fotoksi\u0105\u017cki. Mamy dost\u0119pnych kilkadziesi\u0105t szablon\u00f3w dzieci\u0119cych, kt\u00f3re pomog\u0105 Ci zaprojektowa\u0107 wyj\u0105tkowy album.<\/p>\n<h2>2. Fotoksi\u0105\u017cka niemowlaka<\/h2>\n<p>Pierwszy u\u015bmiech, podniesienie g\u0142\u00f3wki, raczkowanie, nauk\u0119 siadania, wstawania, pierwsze kroczki\u2026 Na kadrach <strong>z\u0142apiesz wiele wzruszaj\u0105cych moment\u00f3w<\/strong>. Podsumowanie roku z szablonem <a href=\"\/fotoksiazka\/szablony\/roczek\/\">Roczek<\/a>, albo <a href=\"\/fotoksiazka\/szablony\/pierwszy-rok-zycia-dziecka\/\">Pierwszy rok \u017cycia dziecka<\/a> to idealny pomys\u0142 na porz\u0105dkowanie wspomnie\u0144.<\/p>\n<h2>3. Fotoksi\u0105\u017cka z Chrzcin<\/h2>\n<p>Fotoreporta\u017c, a nast\u0119pnie fotoksi\u0105\u017cka z <strong>przygotowa\u0144 do chrztu<\/strong>, uroczysto\u015bci w ko\u015bciele oraz rodzinnego spotkania pozwoli Ci zatrzyma\u0107 wyj\u0105tkowe chwile na lata.<\/p>\n<figure id=\"attachment_91\" aria-describedby=\"caption-attachment-91\" style=\"width: 990px\" class=\"wp-caption alignnone\"><a href=\"https:\/\/printu.pl\/fotoksiazka\/szablony\/dzieci\/\"><img loading=\"lazy\" class=\"wp-image-91 size-full\" src=\"https:\/\/printu.pl\/inspiracje\/wp-content\/uploads\/2017\/06\/07104725\/chrzest.jpg\" alt=\"\" width=\"990\" height=\"540\" \/><\/a><figcaption id=\"caption-attachment-91\" class=\"wp-caption-text\">Zobacz szablon &#8220;Chrzest \u015awi\u0119ty&#8221; i inne szablony dzieci\u0119ce<\/figcaption><\/figure>\n<div class=\"buttons\"><a class=\"button btn-v2\" href=\"https:\/\/printu.pl\/fotoksiazka\/szablony\/dzieci\/\">Zobacz szablony &gt;<\/a><\/div>\n<h2>4. Fotoksi\u0105\u017cka urodzinowa<\/h2>\n<p>Tort ze \u015bwieczkami, pi\u0119kne prezenty, zaproszeni go\u015bcie, ogromna <strong>rado\u015b\u0107 dziecka<\/strong>. Uwiecznij wspania\u0142\u0105 zabaw\u0119 i nast\u0119pnie stw\u00f3rz z nich pi\u0119kn\u0105 pami\u0105tk\u0119.<\/p>\n<h2>5. Fotoksi\u0105\u017cka w prezencie<\/h2>\n<p><strong>Dzie\u0144 Babci i Dziadka<\/strong>, Wielkanoc, Miko\u0142aj, Bo\u017ce Narodzenie, urodziny czy imieniny bliskich \u2013 nie ma nic pi\u0119kniejszego jak <strong>fotoksi\u0105\u017cki<\/strong> stworzone z my\u015bl\u0105 o ukochanych osobach.<\/p>\n<h2>6. Fotoksi\u0105\u017cka rodzinna<\/h2>\n<p>Na wi\u0119kszo\u015bci zdj\u0119\u0107 w Waszych albumach znajduje si\u0119 wy\u0142\u0105cznie Twoja pociecha? Musisz to zmieni\u0107! <strong>Fotoksi\u0105\u017cki ze zdj\u0119ciami rodzinnymi<\/strong> b\u0119d\u0105 dla Ciebie i dziecka pi\u0119kn\u0105 pami\u0105tk\u0105. Taki <a href=\"\/fotoksiazka\/szablony\/album-rodzinny\/\">album rodzinny<\/a> pozwoli wraca\u0107 Tobie i Twoim bliskim do najwa\u017cniejszych moment\u00f3w w ka\u017cdej chwili.<br \/>\n<div class=\"theme-title\">Szablony<\/div>\r\n<div id=\"slider_theme2\" class=\"slider_theme2 owl-loaded owl-drag\"> \r\n<div>\r\n<a class=\"cover\" href=\"\/fotoksiazka\/szablony\/album-rodzinny\/\"> <img src=\"https:\/\/cdn-printu.pullit.pl\/media\/catalog\/cache\/LpXpqZ4aCqiURbdZwSI5eCxsjek4bLBYP362VfpF5pIXlp74g8TAuBpHu6h64CaI3R23LJskiuuAsQ%253D%253D\/album_rodzinny.jpg\" \/>\r\n<div class=\"lay1\"><\/div> \r\n<div class=\"see\">Zobacz szablon<\/div><\/a> \r\n<h3><a href=\"\/fotoksiazka\/szablony\/album-rodzinny\/\">Album rodzinny<\/a><\/h3>\r\n<\/div> \r\n<div>\r\n<a class=\"cover\" href=\"\/fotoksiazka\/szablony\/sesja-noworodkowa\/\"> <img src=\"https:\/\/cdn-printu.pullit.pl\/media\/catalog\/cache\/LpXpqZ4aCqiURbdZwFhmNzuCClsJNfMbMoDG%252F8q7tWJnFjzZBtiucanWvILnggJrbhrL0LthT3xxYA%253D%253D\/sesja_noworodkowa.jpg\" \/>\r\n<div class=\"lay1\"><\/div> \r\n<div class=\"see\">Zobacz szablon<\/div><\/a> \r\n<h3><a href=\"\/fotoksiazka\/szablony\/sesja-noworodkowa\/\">Sesja noworodkowa<\/a><\/h3>\r\n<\/div> \r\n<div>\r\n<a class=\"cover\" href=\"\/fotoksiazka\/szablony\/momenty-warte-zapamietania\/\"> <img src=\"https:\/\/cdn-printu.pullit.pl\/media\/catalog\/cache\/LpXpqZ4aCqiURbdZw6SpthXlhO1yvWlvDnKmwTv6WNrjlG3mLMk6SlJj4QqsyKSybckypf0tSn%252FAvQ%253D%253D\/momenty_warte_zapamietania.jpg\" \/>\r\n<div class=\"lay1\"><\/div> \r\n<div class=\"see\">Zobacz szablon<\/div><\/a> \r\n<h3><a href=\"\/fotoksiazka\/szablony\/momenty-warte-zapamietania\/#!\">Momenty warte zapami\u0119tania<\/a><\/h3>\r\n<\/div> \r\n<div>\r\n<a class=\"cover\" href=\"\/fotoksiazka\/szablony\/album-dla-dziecka\/\"> <img src=\"https:\/\/cdn-printu.pullit.pl\/media\/catalog\/cache\/LpXpqZ4aCqiURbdZwSI1UiQ%252BLBVejvxlHbYCGjWtcDQSjB1tYBkl2zBiyCts%252FmNEOw%252FyqGV7L57xSg%253D%253D\/album_dla_dziecka.jpg\" \/>\r\n<div class=\"lay1\"><\/div> \r\n<div class=\"see\">Zobacz szablon<\/div><\/a> \r\n<h3><a href=\"\/fotoksiazka\/szablony\/album-dla-dziecka\/\">Album dla dziecka<\/a><\/h3>\r\n<\/div> \r\n<div>\r\n<a class=\"cover\" href=\"\/fotoksiazka\/szablony\/pierwszy-rok-zycia-dziecka\/\"> <img src=\"https:\/\/cdn-printu.pullit.pl\/media\/catalog\/cache\/LpXpqZ4aCqiURbdZwSkQF2uEOkTELRIB5tggwRhxjoUYwA5DMmvF6LBRVTznp05irkaubmlkRYdUQA%253D%253D\/pierwszy_rok_zycia_dziecka.jpg\" \/>\r\n<div class=\"lay1\"><\/div> \r\n<div class=\"see\">Zobacz szablon<\/div><\/a> \r\n<h3><a href=\"\/fotoksiazka\/szablony\/pierwszy-rok-zycia-dziecka\/\">Pierwszy rok \u017cycia dziecka<\/a><\/h3>\r\n<\/div> \r\n<div>\r\n<a class=\"cover\" href=\"\/fotoksiazka\/szablony\/mietowo-mi\/\"> <img src=\"https:\/\/cdn-printu.pullit.pl\/media\/catalog\/cache\/LpXpqZ4aCqiURbdZw6SsPnJr8WIFkdgOyd%252FRnE91eCHXueqhxCa%252B1HDYUP2Xjt5tQeQRbGJMtLBvsw%253D%253D\/mietowo_mi.jpg\" \/>\r\n<div class=\"lay1\"><\/div> \r\n<div class=\"see\">Zobacz szablon<\/div><\/a> \r\n<h3><a href=\"\/fotoksiazka\/szablony\/mietowo-mi\/\">Mi\u0119towo mi<\/a><\/h3>\r\n<\/div> \r\n<div>\r\n<a class=\"cover\" href=\"\/fotoksiazka\/szablony\/roczek\/\"> <img src=\"https:\/\/cdn-printu.pullit.pl\/media\/catalog\/cache\/LpXpqZ4aCqiURbdZwSsKpRHDEuWH0uOqmjrkkjA0w5ebGHmva4q2a41ijFJA%252B%252FtCGHCxhfVr7Vxdlg%253D%253D\/roczek.jpg\" \/>\r\n<div class=\"lay1\"><\/div> \r\n<div class=\"see\">Zobacz szablon<\/div><\/a> \r\n<h3><a href=\"\/fotoksiazka\/szablony\/roczek\/\">Roczek<\/a><\/h3>\r\n<\/div> \r\n<div>\r\n<a class=\"cover\" href=\"\/fotoksiazka\/szablony\/piekne-wspomnienia\/\"> <img src=\"https:\/\/cdn-printu.pullit.pl\/media\/catalog\/cache\/LpXpqZ4aCqiURbdZw6OidJ6vmAI%252FpOCDwPkMXlcg3tS7PsW9a%252Fp1gL3DJNxOJcKzrXLkNuZPh2x%252BMw%253D%253D\/piekne_wspomnienia.jpg\" \/>\r\n<div class=\"lay1\"><\/div> \r\n<div class=\"see\">Zobacz szablon<\/div><\/a> \r\n<h3><a href=\"\/fotoksiazka\/szablony\/piekne-wspomnienia\/\">Pi\u0119kne wspomnienia<\/a><\/h3>\r\n<\/div> \r\n<div>\r\n<a class=\"cover\" href=\"\/fotoksiazka\/szablony\/pamietnik-ciazy\/\"> <img src=\"https:\/\/cdn-printu.pullit.pl\/media\/catalog\/cache\/LpXpqZ4aCqiURbdZwSI7pYroKlQQ7JD62%252BzvSzPUlgCIKWuEb1X5YGFzACiRbB4Yy3aU9pDX3g8www%253D%253D\/pamietnik_ciazy.jpg\" \/>\r\n<div class=\"lay1\"><\/div> \r\n<div class=\"see\">Zobacz szablon<\/div><\/a> \r\n<h3><a href=\"\/fotoksiazka\/szablony\/pamietnik-ciazy\/\">Pami\u0119tnik ci\u0105\u017cy<\/a><\/h3>\r\n<\/div> \r\n<\/div>\r\n<\/p>\n<div class=\"buttons\"><a class=\"button btn-v2\" href=\"https:\/\/printu.pl\/fotoksiazka\/szablony\/dzieci\/\">Wi\u0119cej szablon\u00f3w &gt;<\/a><\/div>\n<h2>7. Fotoksi\u0105\u017cka z wakacji<\/h2>\n<p>Wyprawa nad morze, wycieczka w g\u00f3ry, wypad nad jezioro, a Ty rejestrujesz na zdj\u0119ciach pi\u0119kne chwile. Zarchiwizuj je w formie fotoksi\u0105\u017cki \u2013 to najlepszy spos\u00f3b na zachowanie wspomnie\u0144.<\/p>\n<h2>8. Fotoksi\u0105\u017cka bajka dziecka<\/h2>\n<p>Ka\u017cde dziecko marzy o tym, aby zosta\u0107 bohaterem bajki, dlatego dajemy Ci szans\u0119 zaprojektowania niepowtarzalnej fotoksi\u0105\u017cki, a Twoim pociechom mo\u017cliwo\u015b\u0107 prze\u017cycia ba\u015bniowej przygody.<\/p>\n<h2>9. Fotoksi\u0105\u017cka szkolna<\/h2>\n<p>Schoolbook to jedyna w swoim rodzaju <strong>ksi\u0105\u017cka ze zdj\u0119ciami uczni\u00f3w i nauczycieli oraz podpisami i opisami<\/strong>. Fotoksi\u0105\u017cka z czas\u00f3w szkolnych b\u0119dzie niepowtarzaln\u0105 pami\u0105tk\u0105 dla Twojego dziecka, albo wzruszaj\u0105cym prezentem dla wychowawcy.<\/p>\n<h2>10. Fotoksi\u0105\u017cka z I Komunii \u015awi\u0119tej<\/h2>\n<p>Niepowtarzalne chwile wymagaj\u0105 wyj\u0105towej oprawy. Idealnym miejscem dla <strong>najpi\u0119kniejszych fotografii z komunii \u015bwi\u0119tej b\u0119dzie fotoksi\u0105\u017cka<\/strong>, fotopami\u0105tka dla dziecka i rodziny.<\/p>\n<figure id=\"attachment_91\" aria-describedby=\"caption-attachment-91\" style=\"width: 990px\" class=\"wp-caption alignnone\"><a href=\"https:\/\/printu.pl\/fotoksiazka\/szablony\/dzieci\/\"><img loading=\"lazy\" class=\"wp-image-91 size-full\" src=\"https:\/\/printu.pl\/inspiracje\/wp-content\/uploads\/2017\/06\/07104729\/komunia-2.jpg\" alt=\"\" width=\"990\" height=\"540\" \/><\/a><figcaption id=\"caption-attachment-91\" class=\"wp-caption-text\">Zobacz szablony &#8220;Pami\u0105tka pierwszej Komunii \u015awi\u0119tej&#8221; i inne szablony dzieci\u0119ce<\/figcaption><\/figure>\n<div class=\"buttons\"><a class=\"button btn-v2\" href=\"https:\/\/printu.pl\/fotoksiazka\/szablony\/dzieci\/\">Zobacz szablony &gt;<\/a><\/div>\n<p><strong>A jak\u0105 ksi\u0105\u017ck\u0119 Ty zaprojektujesz?<\/strong><\/p>\n","protected":false},"excerpt":{"rendered":"<p>Kiedy na \u015bwiat przychodz\u0105 dzieci, uwieczniasz na fotografiach wszystkie wa\u017cne momenty z ich \u017cycia.<\/p>\n","protected":false},"author":5,"featured_media":1724,"comment_status":"closed","ping_status":"closed","sticky":false,"template":"","format":"standard","meta":[],"categories":[24],"tags":[],"acf":[],"yoast_head":"<!-- This site is optimized with the Yoast SEO plugin v18.9 - https:\/\/yoast.com\/wordpress\/plugins\/seo\/ -->\n<title>10 pomys\u0142\u00f3w na fotoksi\u0105\u017ck\u0119 dziecka - sprawd\u017a!<\/title>\n<meta name=\"description\" content=\"Tw\u00f3j smarfon jest pe\u0142en zdj\u0119\u0107 malucha? To najlepszy moment, aby je posegregowa\u0107 i stworzy\u0107 pami\u0105tk\u0119 na d\u0142ugie lata. Poznaj 10 pomys\u0142\u00f3w na fotoksi\u0105\u017ck\u0119 dziecka!\" \/>\n<meta name=\"robots\" content=\"index, follow, max-snippet:-1, max-image-preview:large, max-video-preview:-1\" \/>\n<link rel=\"canonical\" href=\"https:\/\/printu.pl\/inspiracje\/10-pomyslow-na-fotoksiazke-dziecka\/\" \/>\n<meta property=\"og:locale\" content=\"pl_PL\" \/>\n<meta property=\"og:type\" content=\"article\" \/>\n<meta property=\"og:title\" content=\"10 pomys\u0142\u00f3w na fotoksi\u0105\u017ck\u0119 dziecka - sprawd\u017a!\" \/>\n<meta property=\"og:description\" content=\"Tw\u00f3j smarfon jest pe\u0142en zdj\u0119\u0107 malucha? To najlepszy moment, aby je posegregowa\u0107 i stworzy\u0107 pami\u0105tk\u0119 na d\u0142ugie lata. Poznaj 10 pomys\u0142\u00f3w na fotoksi\u0105\u017ck\u0119 dziecka!\" \/>\n<meta property=\"og:url\" content=\"https:\/\/printu.pl\/inspiracje\/10-pomyslow-na-fotoksiazke-dziecka\/\" \/>\n<meta property=\"og:site_name\" content=\"PRINTU\" \/>\n<meta property=\"article:published_time\" content=\"2017-12-12T13:01:19+00:00\" \/>\n<meta property=\"article:modified_time\" content=\"2020-03-17T11:18:02+00:00\" \/>\n<meta property=\"og:image\" content=\"https:\/\/printu.pl\/inspiracje\/wp-content\/uploads\/2017\/12\/12144111\/fotoksiazka-z-wakacji.jpg\" \/>\n\t<meta property=\"og:image:width\" content=\"990\" \/>\n\t<meta property=\"og:image:height\" content=\"540\" \/>\n\t<meta property=\"og:image:type\" content=\"image\/jpeg\" \/>\n<meta name=\"twitter:card\" content=\"summary\" \/>\n<meta name=\"twitter:label1\" content=\"Written by\" \/>\n\t<meta name=\"twitter:data1\" content=\"Paulina\" \/>\n\t<meta name=\"twitter:label2\" content=\"Est. reading time\" \/>\n\t<meta name=\"twitter:data2\" content=\"3 minutes\" \/>\n<!-- \/ Yoast SEO plugin. -->","yoast_head_json":{"title":"10 pomys\u0142\u00f3w na fotoksi\u0105\u017ck\u0119 dziecka - sprawd\u017a!","description":"Tw\u00f3j smarfon jest pe\u0142en zdj\u0119\u0107 malucha? To najlepszy moment, aby je posegregowa\u0107 i stworzy\u0107 pami\u0105tk\u0119 na d\u0142ugie lata. Poznaj 10 pomys\u0142\u00f3w na fotoksi\u0105\u017ck\u0119 dziecka!","robots":{"index":"index","follow":"follow","max-snippet":"max-snippet:-1","max-image-preview":"max-image-preview:large","max-video-preview":"max-video-preview:-1"},"canonical":"https:\/\/printu.pl\/inspiracje\/10-pomyslow-na-fotoksiazke-dziecka\/","og_locale":"pl_PL","og_type":"article","og_title":"10 pomys\u0142\u00f3w na fotoksi\u0105\u017ck\u0119 dziecka - sprawd\u017a!","og_description":"Tw\u00f3j smarfon jest pe\u0142en zdj\u0119\u0107 malucha? To najlepszy moment, aby je posegregowa\u0107 i stworzy\u0107 pami\u0105tk\u0119 na d\u0142ugie lata. Poznaj 10 pomys\u0142\u00f3w na fotoksi\u0105\u017ck\u0119 dziecka!","og_url":"https:\/\/printu.pl\/inspiracje\/10-pomyslow-na-fotoksiazke-dziecka\/","og_site_name":"PRINTU","article_published_time":"2017-12-12T13:01:19+00:00","article_modified_time":"2020-03-17T11:18:02+00:00","og_image":[{"width":990,"height":540,"url":"https:\/\/printu.pl\/inspiracje\/wp-content\/uploads\/2017\/12\/12144111\/fotoksiazka-z-wakacji.jpg","type":"image\/jpeg"}],"twitter_card":"summary","twitter_misc":{"Written by":"Paulina","Est. reading time":"3 minutes"},"schema":{"@context":"https:\/\/schema.org","@graph":[{"@type":"WebSite","@id":"https:\/\/printu.pl\/inspiracje\/#website","url":"https:\/\/printu.pl\/inspiracje\/","name":"PRINTU","description":"Poradnik","potentialAction":[{"@type":"SearchAction","target":{"@type":"EntryPoint","urlTemplate":"https:\/\/printu.pl\/inspiracje\/?s={search_term_string}"},"query-input":"required name=search_term_string"}],"inLanguage":"pl-PL"},{"@type":"ImageObject","inLanguage":"pl-PL","@id":"https:\/\/printu.pl\/inspiracje\/10-pomyslow-na-fotoksiazke-dziecka\/#primaryimage","url":"https:\/\/printu.pl\/inspiracje\/wp-content\/uploads\/2017\/12\/12144111\/fotoksiazka-z-wakacji.jpg","contentUrl":"https:\/\/printu.pl\/inspiracje\/wp-content\/uploads\/2017\/12\/12144111\/fotoksiazka-z-wakacji.jpg","width":990,"height":540},{"@type":"WebPage","@id":"https:\/\/printu.pl\/inspiracje\/10-pomyslow-na-fotoksiazke-dziecka\/#webpage","url":"https:\/\/printu.pl\/inspiracje\/10-pomyslow-na-fotoksiazke-dziecka\/","name":"10 pomys\u0142\u00f3w na fotoksi\u0105\u017ck\u0119 dziecka - sprawd\u017a!","isPartOf":{"@id":"https:\/\/printu.pl\/inspiracje\/#website"},"primaryImageOfPage":{"@id":"https:\/\/printu.pl\/inspiracje\/10-pomyslow-na-fotoksiazke-dziecka\/#primaryimage"},"datePublished":"2017-12-12T13:01:19+00:00","dateModified":"2020-03-17T11:18:02+00:00","author":{"@id":"https:\/\/printu.pl\/inspiracje\/#\/schema\/person\/47f4f333314db9401b0d2d73438dedd1"},"description":"Tw\u00f3j smarfon jest pe\u0142en zdj\u0119\u0107 malucha? To najlepszy moment, aby je posegregowa\u0107 i stworzy\u0107 pami\u0105tk\u0119 na d\u0142ugie lata. Poznaj 10 pomys\u0142\u00f3w na fotoksi\u0105\u017ck\u0119 dziecka!","breadcrumb":{"@id":"https:\/\/printu.pl\/inspiracje\/10-pomyslow-na-fotoksiazke-dziecka\/#breadcrumb"},"inLanguage":"pl-PL","potentialAction":[{"@type":"ReadAction","target":["https:\/\/printu.pl\/inspiracje\/10-pomyslow-na-fotoksiazke-dziecka\/"]}]},{"@type":"BreadcrumbList","@id":"https:\/\/printu.pl\/inspiracje\/10-pomyslow-na-fotoksiazke-dziecka\/#breadcrumb","itemListElement":[{"@type":"ListItem","position":1,"name":"Poradnik","item":"https:\/\/printu.pl\/inspiracje\/"},{"@type":"ListItem","position":2,"name":"Dzieci","item":"https:\/\/printu.pl\/inspiracje\/k-dzieci\/"},{"@type":"ListItem","position":3,"name":"10 pomys\u0142\u00f3w na fotoksi\u0105\u017ck\u0119 dziecka &#8211; najlepsz\u0105 pami\u0105tk\u0119 na d\u0142ugie lata"}]},{"@type":"Person","@id":"https:\/\/printu.pl\/inspiracje\/#\/schema\/person\/47f4f333314db9401b0d2d73438dedd1","name":"Paulina"}]}},"_links":{"self":[{"href":"https:\/\/printu.pl\/inspiracje\/wp-json\/wp\/v2\/posts\/1710"}],"collection":[{"href":"https:\/\/printu.pl\/inspiracje\/wp-json\/wp\/v2\/posts"}],"about":[{"href":"https:\/\/printu.pl\/inspiracje\/wp-json\/wp\/v2\/types\/post"}],"author":[{"embeddable":true,"href":"https:\/\/printu.pl\/inspiracje\/wp-json\/wp\/v2\/users\/5"}],"replies":[{"embeddable":true,"href":"https:\/\/printu.pl\/inspiracje\/wp-json\/wp\/v2\/comments?post=1710"}],"version-history":[{"count":5,"href":"https:\/\/printu.pl\/inspiracje\/wp-json\/wp\/v2\/posts\/1710\/revisions"}],"predecessor-version":[{"id":4804,"href":"https:\/\/printu.pl\/inspiracje\/wp-json\/wp\/v2\/posts\/1710\/revisions\/4804"}],"wp:featuredmedia":[{"embeddable":true,"href":"https:\/\/printu.pl\/inspiracje\/wp-json\/wp\/v2\/media\/1724"}],"wp:attachment":[{"href":"https:\/\/printu.pl\/inspiracje\/wp-json\/wp\/v2\/media?parent=1710"}],"wp:term":[{"taxonomy":"category","embeddable":true,"href":"https:\/\/printu.pl\/inspiracje\/wp-json\/wp\/v2\/categories?post=1710"},{"taxonomy":"post_tag","embeddable":true,"href":"https:\/\/printu.pl\/inspiracje\/wp-json\/wp\/v2\/tags?post=1710"}],"curies":[{"name":"wp","href":"https:\/\/api.w.org\/{rel}","templated":true}]}}