{"id":2166,"date":"2018-01-18T16:25:38","date_gmt":"2018-01-18T14:25:38","guid":{"rendered":"https:\/\/printu.pl\/inspiracje\/?p=2166"},"modified":"2018-01-18T16:49:06","modified_gmt":"2018-01-18T14:49:06","slug":"moda-sesje-ciazowe-dlaczego-powinnas-ja-zorganizowac","status":"publish","type":"post","link":"https:\/\/printu.pl\/inspiracje\/moda-sesje-ciazowe-dlaczego-powinnas-ja-zorganizowac\/","title":{"rendered":"Moda na sesje ci\u0105\u017cowe. Dlaczego powinna\u015b j\u0105 zorganizowa\u0107?"},"content":{"rendered":"<p>W ostatnich latach sesje ci\u0105\u017cowe ciesz\u0105 si\u0119 bardzo du\u017c\u0105 popularno\u015bci\u0105 w\u015br\u00f3d przysz\u0142ych mam. <!--more-->Coraz wi\u0119cej z nas chce uwieczni\u0107 na zdj\u0119ciach wyj\u0105tkowe 9 miesi\u0119cy, kt\u00f3re min\u0105 szybko i niepostrze\u017cenie.<\/p>\n<p>Zastanawiasz si\u0119, czy <strong>sesja ci\u0105\u017cowa<\/strong> to pomys\u0142 dobry dla ciebie? Sprawd\u017a, dlaczego powinna\u015b si\u0119 na ni\u0105 zdecydowa\u0107.<\/p>\n<figure id=\"attachment_91\" aria-describedby=\"caption-attachment-91\" style=\"width: 990px\" class=\"wp-caption alignnone\"><a href=\"https:\/\/printu.pl\/fotoksiazka\/szablony\/dzieci\/\"><img loading=\"lazy\" class=\"wp-image-91 size-full\" src=\"https:\/\/printu.pl\/inspiracje\/wp-content\/uploads\/2018\/01\/11124303\/insp323-ciaza03.jpg\" alt=\"\" width=\"990\" height=\"540\" \/><\/a><figcaption id=\"caption-attachment-91\" class=\"wp-caption-text\">Zobacz szablon &#8220;Pami\u0119tnik ci\u0105\u017cowy&#8221; i inne szablony dzieci\u0119ce<\/figcaption><\/figure>\n<div class=\"buttons\"><a class=\"button btn-v2\" href=\"https:\/\/printu.pl\/fotoksiazka\/szablony\/dzieci\/\">Wi\u0119cej szablon\u00f3w &gt;<\/a><\/div>\n<h2>Sesje ci\u0105\u017cowe &#8211; trend ostatnich lat<\/h2>\n<p>Zdj\u0119cia w ci\u0105\u017cy w ostatnim czasie staj\u0105 si\u0119 prawdziwym hitem. Ci\u0119\u017carne ch\u0119tni aran\u017cuj\u0105 sceneri\u0119 i sw\u00f3j wygl\u0105d po to, by w wyj\u0105tkowy spos\u00f3b uwieczni\u0107 <strong>cudowny czas \u201cstanu b\u0142ogos\u0142awionego\u201d<\/strong>.<\/p>\n<p>Okazuje si\u0119, \u017ce sesja w ci\u0105\u017cy dawniej nie by\u0142a r\u00f3wnie popularna, co dzi\u015b. Niegdy\u015b pocz\u0119cie dziecka traktowano z wi\u0119kszym dystansem, pozostawiaj\u0105c wie\u015b\u0107 o nim tylko dla najbli\u017cszego grona. Sama ci\u0119\u017carna nie zawsze chcia\u0142a by\u0107 fotografowana. Jak jest dzi\u015b?<\/p>\n<p>Panie z coraz wi\u0119ksz\u0105 ch\u0119ci\u0105 pokazuj\u0105 \u015bwiatu sw\u00f3j <strong>ci\u0105\u017cowy brzuszek<\/strong>, podkre\u015blaj\u0105c go strojem i uwieczniaj\u0105c na fotografiach. Ta wspania\u0142a tendencja sprawia, \u017ce po up\u0142ywie 9 miesi\u0119cy ci\u0105\u017cy pozostaj\u0105 nam <strong>cudowne wspomnienia w postaci fotografii<\/strong>, kt\u00f3re przez reszt\u0119 \u017cycia b\u0119d\u0105 wzrusza\u0142y nas i naszych najbli\u017cszych.<\/p>\n<div class=\"theme-title\">Szablony<\/div>\r\n<div id=\"slider_theme2\" class=\"slider_theme2 owl-loaded owl-drag\"> \r\n<div>\r\n<a class=\"cover\" href=\"\/fotoksiazka\/szablony\/album-rodzinny\/\"> <img src=\"https:\/\/cdn-printu.pullit.pl\/media\/catalog\/cache\/LpXpqZ4aCqiURbdZwSI5eCxsjek4bLBYP362VfpF5pIXlp74g8TAuBpHu6h64CaI3R23LJskiuuAsQ%253D%253D\/album_rodzinny.jpg\" \/>\r\n<div class=\"lay1\"><\/div> \r\n<div class=\"see\">Zobacz szablon<\/div><\/a> \r\n<h3><a href=\"\/fotoksiazka\/szablony\/album-rodzinny\/\">Album rodzinny<\/a><\/h3>\r\n<\/div> \r\n<div>\r\n<a class=\"cover\" href=\"\/fotoksiazka\/szablony\/sesja-noworodkowa\/\"> <img src=\"https:\/\/cdn-printu.pullit.pl\/media\/catalog\/cache\/LpXpqZ4aCqiURbdZwFhmNzuCClsJNfMbMoDG%252F8q7tWJnFjzZBtiucanWvILnggJrbhrL0LthT3xxYA%253D%253D\/sesja_noworodkowa.jpg\" \/>\r\n<div class=\"lay1\"><\/div> \r\n<div class=\"see\">Zobacz szablon<\/div><\/a> \r\n<h3><a href=\"\/fotoksiazka\/szablony\/sesja-noworodkowa\/\">Sesja noworodkowa<\/a><\/h3>\r\n<\/div> \r\n<div>\r\n<a class=\"cover\" href=\"\/fotoksiazka\/szablony\/momenty-warte-zapamietania\/\"> <img src=\"https:\/\/cdn-printu.pullit.pl\/media\/catalog\/cache\/LpXpqZ4aCqiURbdZw6SpthXlhO1yvWlvDnKmwTv6WNrjlG3mLMk6SlJj4QqsyKSybckypf0tSn%252FAvQ%253D%253D\/momenty_warte_zapamietania.jpg\" \/>\r\n<div class=\"lay1\"><\/div> \r\n<div class=\"see\">Zobacz szablon<\/div><\/a> \r\n<h3><a href=\"\/fotoksiazka\/szablony\/momenty-warte-zapamietania\/#!\">Momenty warte zapami\u0119tania<\/a><\/h3>\r\n<\/div> \r\n<div>\r\n<a class=\"cover\" href=\"\/fotoksiazka\/szablony\/album-dla-dziecka\/\"> <img src=\"https:\/\/cdn-printu.pullit.pl\/media\/catalog\/cache\/LpXpqZ4aCqiURbdZwSI1UiQ%252BLBVejvxlHbYCGjWtcDQSjB1tYBkl2zBiyCts%252FmNEOw%252FyqGV7L57xSg%253D%253D\/album_dla_dziecka.jpg\" \/>\r\n<div class=\"lay1\"><\/div> \r\n<div class=\"see\">Zobacz szablon<\/div><\/a> \r\n<h3><a href=\"\/fotoksiazka\/szablony\/album-dla-dziecka\/\">Album dla dziecka<\/a><\/h3>\r\n<\/div> \r\n<div>\r\n<a class=\"cover\" href=\"\/fotoksiazka\/szablony\/pierwszy-rok-zycia-dziecka\/\"> <img src=\"https:\/\/cdn-printu.pullit.pl\/media\/catalog\/cache\/LpXpqZ4aCqiURbdZwSkQF2uEOkTELRIB5tggwRhxjoUYwA5DMmvF6LBRVTznp05irkaubmlkRYdUQA%253D%253D\/pierwszy_rok_zycia_dziecka.jpg\" \/>\r\n<div class=\"lay1\"><\/div> \r\n<div class=\"see\">Zobacz szablon<\/div><\/a> \r\n<h3><a href=\"\/fotoksiazka\/szablony\/pierwszy-rok-zycia-dziecka\/\">Pierwszy rok \u017cycia dziecka<\/a><\/h3>\r\n<\/div> \r\n<div>\r\n<a class=\"cover\" href=\"\/fotoksiazka\/szablony\/mietowo-mi\/\"> <img src=\"https:\/\/cdn-printu.pullit.pl\/media\/catalog\/cache\/LpXpqZ4aCqiURbdZw6SsPnJr8WIFkdgOyd%252FRnE91eCHXueqhxCa%252B1HDYUP2Xjt5tQeQRbGJMtLBvsw%253D%253D\/mietowo_mi.jpg\" \/>\r\n<div class=\"lay1\"><\/div> \r\n<div class=\"see\">Zobacz szablon<\/div><\/a> \r\n<h3><a href=\"\/fotoksiazka\/szablony\/mietowo-mi\/\">Mi\u0119towo mi<\/a><\/h3>\r\n<\/div> \r\n<div>\r\n<a class=\"cover\" href=\"\/fotoksiazka\/szablony\/roczek\/\"> <img src=\"https:\/\/cdn-printu.pullit.pl\/media\/catalog\/cache\/LpXpqZ4aCqiURbdZwSsKpRHDEuWH0uOqmjrkkjA0w5ebGHmva4q2a41ijFJA%252B%252FtCGHCxhfVr7Vxdlg%253D%253D\/roczek.jpg\" \/>\r\n<div class=\"lay1\"><\/div> \r\n<div class=\"see\">Zobacz szablon<\/div><\/a> \r\n<h3><a href=\"\/fotoksiazka\/szablony\/roczek\/\">Roczek<\/a><\/h3>\r\n<\/div> \r\n<div>\r\n<a class=\"cover\" href=\"\/fotoksiazka\/szablony\/piekne-wspomnienia\/\"> <img src=\"https:\/\/cdn-printu.pullit.pl\/media\/catalog\/cache\/LpXpqZ4aCqiURbdZw6OidJ6vmAI%252FpOCDwPkMXlcg3tS7PsW9a%252Fp1gL3DJNxOJcKzrXLkNuZPh2x%252BMw%253D%253D\/piekne_wspomnienia.jpg\" \/>\r\n<div class=\"lay1\"><\/div> \r\n<div class=\"see\">Zobacz szablon<\/div><\/a> \r\n<h3><a href=\"\/fotoksiazka\/szablony\/piekne-wspomnienia\/\">Pi\u0119kne wspomnienia<\/a><\/h3>\r\n<\/div> \r\n<div>\r\n<a class=\"cover\" href=\"\/fotoksiazka\/szablony\/pamietnik-ciazy\/\"> <img src=\"https:\/\/cdn-printu.pullit.pl\/media\/catalog\/cache\/LpXpqZ4aCqiURbdZwSI7pYroKlQQ7JD62%252BzvSzPUlgCIKWuEb1X5YGFzACiRbB4Yy3aU9pDX3g8www%253D%253D\/pamietnik_ciazy.jpg\" \/>\r\n<div class=\"lay1\"><\/div> \r\n<div class=\"see\">Zobacz szablon<\/div><\/a> \r\n<h3><a href=\"\/fotoksiazka\/szablony\/pamietnik-ciazy\/\">Pami\u0119tnik ci\u0105\u017cy<\/a><\/h3>\r\n<\/div> \r\n<\/div>\r\n\n<div class=\"buttons\"><a class=\"button btn-v2\" href=\"https:\/\/printu.pl\/fotoksiazka\/szablony\/dzieci\/\">Wi\u0119cej szablon\u00f3w &gt;<\/a><\/div>\n<h2>Sesje ci\u0105\u017cowe &#8211; wyb\u00f3r scenerii<\/h2>\n<p>Je\u015bli zastanawiasz si\u0119 nad <strong>w\u0142asn\u0105 sesj\u0105 ci\u0105\u017cow\u0105,<\/strong> z pewno\u015bci\u0105 twoje my\u015bli zaprz\u0105ta wyb\u00f3r odpowiednich okoliczno\u015bci. W\u015br\u00f3d trend\u00f3w zauwa\u017cy\u0107 mo\u017cna sesje ci\u0105\u017cowe na \u0142\u0105ce, w lesie, na pla\u017cy, ale i w domowym zaciszu.<\/p>\n<p>Wa\u017cne, aby miejsce twojej sesji ci\u0105\u017cowej by\u0142o dla ciebie <strong>w pe\u0142ni komfortowe<\/strong>. To gwarancja <strong>doskonale wykonanych zdj\u0119\u0107<\/strong> &#8211; gdy b\u0119dziesz czu\u0142a si\u0119 dobrze, doskonale wyjd\u0105 zar\u00f3wno te wykonane na malowniczej polanie, jak i w twojej sypialni.<\/p>\n<h2>Wygl\u0105d przysz\u0142ej mamy na sesji ci\u0105\u017cowej<\/h2>\n<p>W makija\u017cu, czy saute? Sesja w eleganckiej sukni, czy mo\u017ce rozbierana &#8211; wzorem najwi\u0119kszych celebrytek? Zr\u00f3b tyle, na ile si\u0119 odwa\u017cysz &#8211; pami\u0119taj, \u017ce <strong>zdj\u0119cia z sesji ci\u0105\u017cowej<\/strong> po latach b\u0119dzie chcia\u0142o ogl\u0105da\u0107 ca\u0142e grono twoich bliskich.<\/p>\n<p>Je\u015bli chcesz, wykonaj dwie partie zdj\u0119\u0107 &#8211; eleganckie, kt\u00f3re udost\u0119pnisz wszystkim, zainteresowanym osobom i te wykonywane nago, prezentuj\u0105ce pi\u0119kno kobiecego cia\u0142a w ci\u0105\u017cy &#8211; do wgl\u0105du tylko dla najbli\u017cszych os\u00f3b.<\/p>\n<p>Wskaz\u00f3wka: <strong>ka\u017cdorazowo warto podkre\u015bli\u0107 sw\u00f3j ci\u0105\u017cowy brzuszek<\/strong> &#8211; czy to strojem, czy zabawnymi ilustracjami.<\/p>\n<h2>Rola przysz\u0142ego taty<\/h2>\n<p>Nie zapominajmy, \u017ce ci\u0105\u017ca dotyczy was obojga. Warto pozwoli\u0107 przysz\u0142emu tacie na uczestniczenie w sesji ci\u0105\u017cowej, czy nawet jego udzia\u0142 w kilku fotografiach. Dla ciebie to gwarancja, \u017ce przed obiektywem b\u0119dziesz czu\u0142a si\u0119 pewniej i bardziej komfortowo, dla niego &#8211; bez w\u0105tpienia niesamowite wyr\u00f3\u017cnienie.<\/p>\n<div class=\"buttons\"><a class=\"button btn-v2\" href=\"https:\/\/printu.pl\/fotoksiazka\/\">Poznaj fotoksi\u0105\u017ck\u0119 &gt;<\/a><\/div>\n<h2><\/h2>\n<h2>Zdj\u0119cia z sesji ci\u0105\u017cowej &#8211; jak je oprawi\u0107?<\/h2>\n<p>Sta\u0142o si\u0119 &#8211; pierwsz\u0105 <a href=\"https:\/\/printu.pl\/inspiracje\/sesja-ciazowa\/\">sesj\u0119 ci\u0105\u017cow\u0105<\/a> masz ju\u017c za sob\u0105 i mo\u017cesz <strong>cieszy\u0107 si\u0119 poruszaj\u0105cymi zdj\u0119ciami<\/strong>. Nast\u0119pnym etapem jest zapewnienie im nale\u017cytej oprawy, kt\u00f3ra pozwoli tobie i twoim bliskim wygodnie m\u00f3c przegl\u0105da\u0107 fotografie przez ca\u0142e lata.<\/p>\n<p>No\u015bniki cyfrowe i <strong>tradycyjne albumy<\/strong> z pewno\u015bci\u0105 nie sprawdz\u0105 si\u0119 r\u00f3wnie znakomicie, co <strong>okazjonalny Fotoalbum czy Fotoksi\u0105\u017cka<\/strong>. Innowacyjna aplikacja pozwoli ci na dowolne rozmieszczenie zdj\u0119\u0107 z sesji ci\u0105\u017cowej, dodanie dowolnych podpis\u00f3w i wyb\u00f3r odpowiedniego szablonu. Zaprojektowanie tak <strong>znakomitej pami\u0105tki<\/strong> zajmie ci zaledwie kilka chwil, a ju\u017c po kilku dniach otrzymasz j\u0105 poczt\u0105.<\/p>\n<h2>Doskona\u0142a pami\u0105tka dla bliskich<\/h2>\n<p><strong>Fotoalbum lub Fotoksi\u0105\u017cka ze zdj\u0119ciami z sesji ci\u0105\u017cowej<\/strong> to wspania\u0142a pami\u0105tka dla ciebie i twojej rodziny. R\u00f3wnie\u017c i twoje dziecko, kt\u00f3rego dopiero si\u0119 spodziewasz z ch\u0119ci\u0105 za par\u0119 lat obejrzy wykonane w tym cudownym czasie fotografie. To r\u00f3wnie\u017c znakomity pomys\u0142 na <strong>pami\u0105tkowy prezent dla m\u0119\u017ca, czy rodzic\u00f3w<\/strong>.<\/p>\n<p>Zdj\u0119cia z sesji ci\u0105\u017cowej mo\u017cesz wykorzysta\u0107 r\u00f3wnie\u017c do stworzenia <strong>minimalistycznego Minibooka<\/strong>, kt\u00f3ry w wygodny spos\u00f3b prze\u015blesz poczt\u0105 tym bliskim, kt\u00f3rzy akurat nie mog\u0105 towarzyszy\u0107 ci w tym wyj\u0105tkowym momencie \u017cycia.<\/p>\n<p>Wniosek jest jeden &#8211; sesj\u0119 ci\u0105\u017cow\u0105 powinna wykona\u0107 bez wyj\u0105tku ka\u017cda ci\u0119\u017carna, a zw\u0142aszcza ta, kt\u00f3ra prze\u017cywa ten wyj\u0105tkowy stan po raz pierwszy w \u017cyciu. Po latach, ty, twoje dziecko oraz wasi najbli\u017csi ze wzruszeniem i rado\u015bci\u0105 b\u0119dziecie przegl\u0105da\u0107 <a href=\"\/fotoksiazka\/szablony\/pamietnik-ciazy\/\">pami\u0119tnik ci\u0105\u017cy<\/a>, czyli\u00a0<strong>zdj\u0119cia z jednego z najpi\u0119kniejszych okres\u00f3w \u017cycia kobiety<\/strong>.<\/p>\n<figure id=\"attachment_91\" aria-describedby=\"caption-attachment-91\" style=\"width: 990px\" class=\"wp-caption alignnone\"><a href=\"https:\/\/printu.pl\/fotoksiazka\/szablony\/dzieci\/\"><img loading=\"lazy\" class=\"wp-image-91 size-full\" src=\"https:\/\/printu.pl\/inspiracje\/wp-content\/uploads\/2018\/01\/10125044\/fotoksiazka-z-dzieckiem.jpg\" alt=\"\" width=\"990\" height=\"540\" \/><\/a><figcaption id=\"caption-attachment-91\" class=\"wp-caption-text\">Zobacz szablon &#8220;Roczek&#8221; i inne szablony dzieci\u0119ce<\/figcaption><\/figure>\n<div class=\"buttons\"><a class=\"button btn-v2\" href=\"https:\/\/printu.pl\/fotoksiazka\/szablony\/dzieci\/\">Wi\u0119cej szablon\u00f3w &gt;<\/a><\/div>\n","protected":false},"excerpt":{"rendered":"<p>W ostatnich latach sesje ci\u0105\u017cowe ciesz\u0105 si\u0119 bardzo du\u017c\u0105 popularno\u015bci\u0105 w\u015br\u00f3d przysz\u0142ych mam.<\/p>\n","protected":false},"author":5,"featured_media":2172,"comment_status":"closed","ping_status":"closed","sticky":false,"template":"","format":"standard","meta":[],"categories":[24],"tags":[],"acf":[],"yoast_head":"<!-- This site is optimized with the Yoast SEO plugin v18.9 - https:\/\/yoast.com\/wordpress\/plugins\/seo\/ -->\n<title>Moda na sesje ci\u0105\u017cowe. Dlaczego powinna\u015b j\u0105 zorganizowa\u0107? - PRINTU<\/title>\n<meta name=\"robots\" content=\"index, follow, max-snippet:-1, max-image-preview:large, max-video-preview:-1\" \/>\n<link rel=\"canonical\" href=\"https:\/\/printu.pl\/inspiracje\/moda-sesje-ciazowe-dlaczego-powinnas-ja-zorganizowac\/\" \/>\n<meta property=\"og:locale\" content=\"pl_PL\" \/>\n<meta property=\"og:type\" content=\"article\" \/>\n<meta property=\"og:title\" content=\"Moda na sesje ci\u0105\u017cowe. Dlaczego powinna\u015b j\u0105 zorganizowa\u0107? - PRINTU\" \/>\n<meta property=\"og:description\" content=\"W ostatnich latach sesje ci\u0105\u017cowe ciesz\u0105 si\u0119 bardzo du\u017c\u0105 popularno\u015bci\u0105 w\u015br\u00f3d przysz\u0142ych mam.\" \/>\n<meta property=\"og:url\" content=\"https:\/\/printu.pl\/inspiracje\/moda-sesje-ciazowe-dlaczego-powinnas-ja-zorganizowac\/\" \/>\n<meta property=\"og:site_name\" content=\"PRINTU\" \/>\n<meta property=\"article:published_time\" content=\"2018-01-18T14:25:38+00:00\" \/>\n<meta property=\"article:modified_time\" content=\"2018-01-18T14:49:06+00:00\" \/>\n<meta property=\"og:image\" content=\"https:\/\/printu.pl\/inspiracje\/wp-content\/uploads\/2018\/01\/18164837\/insp323-ciaza031.jpg\" \/>\n\t<meta property=\"og:image:width\" content=\"990\" \/>\n\t<meta property=\"og:image:height\" content=\"540\" \/>\n\t<meta property=\"og:image:type\" content=\"image\/jpeg\" \/>\n<meta name=\"twitter:card\" content=\"summary\" \/>\n<meta name=\"twitter:label1\" content=\"Written by\" \/>\n\t<meta name=\"twitter:data1\" content=\"Paulina\" \/>\n\t<meta name=\"twitter:label2\" content=\"Est. reading time\" \/>\n\t<meta name=\"twitter:data2\" content=\"4 minutes\" \/>\n<!-- \/ Yoast SEO plugin. -->","yoast_head_json":{"title":"Moda na sesje ci\u0105\u017cowe. Dlaczego powinna\u015b j\u0105 zorganizowa\u0107? - PRINTU","robots":{"index":"index","follow":"follow","max-snippet":"max-snippet:-1","max-image-preview":"max-image-preview:large","max-video-preview":"max-video-preview:-1"},"canonical":"https:\/\/printu.pl\/inspiracje\/moda-sesje-ciazowe-dlaczego-powinnas-ja-zorganizowac\/","og_locale":"pl_PL","og_type":"article","og_title":"Moda na sesje ci\u0105\u017cowe. Dlaczego powinna\u015b j\u0105 zorganizowa\u0107? - PRINTU","og_description":"W ostatnich latach sesje ci\u0105\u017cowe ciesz\u0105 si\u0119 bardzo du\u017c\u0105 popularno\u015bci\u0105 w\u015br\u00f3d przysz\u0142ych mam.","og_url":"https:\/\/printu.pl\/inspiracje\/moda-sesje-ciazowe-dlaczego-powinnas-ja-zorganizowac\/","og_site_name":"PRINTU","article_published_time":"2018-01-18T14:25:38+00:00","article_modified_time":"2018-01-18T14:49:06+00:00","og_image":[{"width":990,"height":540,"url":"https:\/\/printu.pl\/inspiracje\/wp-content\/uploads\/2018\/01\/18164837\/insp323-ciaza031.jpg","type":"image\/jpeg"}],"twitter_card":"summary","twitter_misc":{"Written by":"Paulina","Est. reading time":"4 minutes"},"schema":{"@context":"https:\/\/schema.org","@graph":[{"@type":"WebSite","@id":"https:\/\/printu.pl\/inspiracje\/#website","url":"https:\/\/printu.pl\/inspiracje\/","name":"PRINTU","description":"Poradnik","potentialAction":[{"@type":"SearchAction","target":{"@type":"EntryPoint","urlTemplate":"https:\/\/printu.pl\/inspiracje\/?s={search_term_string}"},"query-input":"required name=search_term_string"}],"inLanguage":"pl-PL"},{"@type":"ImageObject","inLanguage":"pl-PL","@id":"https:\/\/printu.pl\/inspiracje\/moda-sesje-ciazowe-dlaczego-powinnas-ja-zorganizowac\/#primaryimage","url":"https:\/\/printu.pl\/inspiracje\/wp-content\/uploads\/2018\/01\/18164837\/insp323-ciaza031.jpg","contentUrl":"https:\/\/printu.pl\/inspiracje\/wp-content\/uploads\/2018\/01\/18164837\/insp323-ciaza031.jpg","width":990,"height":540},{"@type":"WebPage","@id":"https:\/\/printu.pl\/inspiracje\/moda-sesje-ciazowe-dlaczego-powinnas-ja-zorganizowac\/#webpage","url":"https:\/\/printu.pl\/inspiracje\/moda-sesje-ciazowe-dlaczego-powinnas-ja-zorganizowac\/","name":"Moda na sesje ci\u0105\u017cowe. Dlaczego powinna\u015b j\u0105 zorganizowa\u0107? - PRINTU","isPartOf":{"@id":"https:\/\/printu.pl\/inspiracje\/#website"},"primaryImageOfPage":{"@id":"https:\/\/printu.pl\/inspiracje\/moda-sesje-ciazowe-dlaczego-powinnas-ja-zorganizowac\/#primaryimage"},"datePublished":"2018-01-18T14:25:38+00:00","dateModified":"2018-01-18T14:49:06+00:00","author":{"@id":"https:\/\/printu.pl\/inspiracje\/#\/schema\/person\/47f4f333314db9401b0d2d73438dedd1"},"breadcrumb":{"@id":"https:\/\/printu.pl\/inspiracje\/moda-sesje-ciazowe-dlaczego-powinnas-ja-zorganizowac\/#breadcrumb"},"inLanguage":"pl-PL","potentialAction":[{"@type":"ReadAction","target":["https:\/\/printu.pl\/inspiracje\/moda-sesje-ciazowe-dlaczego-powinnas-ja-zorganizowac\/"]}]},{"@type":"BreadcrumbList","@id":"https:\/\/printu.pl\/inspiracje\/moda-sesje-ciazowe-dlaczego-powinnas-ja-zorganizowac\/#breadcrumb","itemListElement":[{"@type":"ListItem","position":1,"name":"Poradnik","item":"https:\/\/printu.pl\/inspiracje\/"},{"@type":"ListItem","position":2,"name":"Dzieci","item":"https:\/\/printu.pl\/inspiracje\/k-dzieci\/"},{"@type":"ListItem","position":3,"name":"Moda na sesje ci\u0105\u017cowe. Dlaczego powinna\u015b j\u0105 zorganizowa\u0107?"}]},{"@type":"Person","@id":"https:\/\/printu.pl\/inspiracje\/#\/schema\/person\/47f4f333314db9401b0d2d73438dedd1","name":"Paulina"}]}},"_links":{"self":[{"href":"https:\/\/printu.pl\/inspiracje\/wp-json\/wp\/v2\/posts\/2166"}],"collection":[{"href":"https:\/\/printu.pl\/inspiracje\/wp-json\/wp\/v2\/posts"}],"about":[{"href":"https:\/\/printu.pl\/inspiracje\/wp-json\/wp\/v2\/types\/post"}],"author":[{"embeddable":true,"href":"https:\/\/printu.pl\/inspiracje\/wp-json\/wp\/v2\/users\/5"}],"replies":[{"embeddable":true,"href":"https:\/\/printu.pl\/inspiracje\/wp-json\/wp\/v2\/comments?post=2166"}],"version-history":[{"count":4,"href":"https:\/\/printu.pl\/inspiracje\/wp-json\/wp\/v2\/posts\/2166\/revisions"}],"predecessor-version":[{"id":2170,"href":"https:\/\/printu.pl\/inspiracje\/wp-json\/wp\/v2\/posts\/2166\/revisions\/2170"}],"wp:featuredmedia":[{"embeddable":true,"href":"https:\/\/printu.pl\/inspiracje\/wp-json\/wp\/v2\/media\/2172"}],"wp:attachment":[{"href":"https:\/\/printu.pl\/inspiracje\/wp-json\/wp\/v2\/media?parent=2166"}],"wp:term":[{"taxonomy":"category","embeddable":true,"href":"https:\/\/printu.pl\/inspiracje\/wp-json\/wp\/v2\/categories?post=2166"},{"taxonomy":"post_tag","embeddable":true,"href":"https:\/\/printu.pl\/inspiracje\/wp-json\/wp\/v2\/tags?post=2166"}],"curies":[{"name":"wp","href":"https:\/\/api.w.org\/{rel}","templated":true}]}}