{"id":2200,"date":"2018-02-19T20:06:55","date_gmt":"2018-02-19T18:06:55","guid":{"rendered":"https:\/\/printu.pl\/inspiracje\/?p=2200"},"modified":"2018-02-19T20:06:55","modified_gmt":"2018-02-19T18:06:55","slug":"co-kupic-na-roczek","status":"publish","type":"post","link":"https:\/\/printu.pl\/inspiracje\/co-kupic-na-roczek\/","title":{"rendered":"Pierwsze urodziny dziecka. Co kupi\u0107 na roczek?"},"content":{"rendered":"<p>Pierwsze urodziny ka\u017cdego dziecka s\u0105 wyj\u0105tkowe. Przez pierwszy rok \u017cycia zachodzi tyle zmian w jego \u017cyciu, \u017ce naprawd\u0119 warto odpowiednio uczci\u0107 up\u0142yw ostatnich dwunastu miesi\u0119cy.<!--more--><\/p>\n<p>Jednak przy okazji tego \u015bwi\u0119ta pojawia si\u0119 pytanie: <strong>co kupi\u0107 na roczek<\/strong>?<\/p>\n<figure id=\"attachment_91\" aria-describedby=\"caption-attachment-91\" style=\"width: 990px\" class=\"wp-caption alignnone\"><a href=\"https:\/\/printu.pl\/fotoksiazka\/szablony\/dzieci\/\"><img loading=\"lazy\" class=\"wp-image-91 size-full\" src=\"https:\/\/printu.pl\/inspiracje\/wp-content\/uploads\/2018\/02\/14195336\/insp342-dzieci061.jpg\" alt=\"\" width=\"990\" height=\"540\" \/><\/a><figcaption id=\"caption-attachment-91\" class=\"wp-caption-text\">Zobacz szablon &#8220;Hej ho&#8221; i inne szablony dzieci\u0119ce<\/figcaption><\/figure>\n<div class=\"buttons\"><a class=\"button btn-v2\" href=\"https:\/\/printu.pl\/fotoksiazka\/szablony\/dzieci\/\">Wi\u0119cej szablon\u00f3w &gt;<\/a><\/div>\n<h2>Wyj\u0105tkowa kolekcja zdj\u0119\u0107<\/h2>\n<p>Kiedy <strong>niemowl\u0119 pojawia si\u0119 na \u015bwiecie<\/strong>, rodzice trac\u0105 g\u0142ow\u0119 na jego punkcie. Telefony kom\u00f3rkowe przepe\u0142nione s\u0105 jego zdj\u0119ciami, a ka\u017cda chwila po\u015bwi\u0119cana jest najm\u0142odszemu cz\u0142onkowi rodziny. Jednak czas rado\u015bci po narodzinach mija bardzo szybko, wi\u0119c warto uchroni\u0107 ten wyj\u0105tkowy okres od zapomnienia.<\/p>\n<p>Gromadzone w telefonach zdj\u0119cia idealnie sprawdz\u0105 si\u0119 w <strong>dedykowanym malcowi fotoalbumie<\/strong>. Wersja elektroniczna pozwoli na wydrukowanie ich w bardzo wysokiej jako\u015bci. Taki <strong>nowoczesny album dla noworodka<\/strong> b\u0119dzie stanowi\u0107 oryginaln\u0105 kolekcj\u0119 zdj\u0119\u0107, kt\u00f3r\u0105 b\u0119dzie mo\u017cna przegl\u0105da\u0107 w ka\u017cdej chwili bez konieczno\u015bci uruchamiania telefonu kom\u00f3rkowego.<\/p>\n<p>Taki album b\u0119dzie mi\u0142\u0105<strong> pami\u0105tk\u0105 zar\u00f3wno dla rodzic\u00f3w<\/strong>, jak te\u017c w przysz\u0142o\u015bci dla samego dziecka, kt\u00f3ry jest jego bohaterem.<\/p>\n<div class=\"theme-title\">Szablony<\/div>\r\n<div id=\"slider_theme2\" class=\"slider_theme2 owl-loaded owl-drag\"> \r\n<div>\r\n<a class=\"cover\" href=\"\/fotoksiazka\/szablony\/album-rodzinny\/\"> <img src=\"https:\/\/cdn-printu.pullit.pl\/media\/catalog\/cache\/LpXpqZ4aCqiURbdZwSI5eCxsjek4bLBYP362VfpF5pIXlp74g8TAuBpHu6h64CaI3R23LJskiuuAsQ%253D%253D\/album_rodzinny.jpg\" \/>\r\n<div class=\"lay1\"><\/div> \r\n<div class=\"see\">Zobacz szablon<\/div><\/a> \r\n<h3><a href=\"\/fotoksiazka\/szablony\/album-rodzinny\/\">Album rodzinny<\/a><\/h3>\r\n<\/div> \r\n<div>\r\n<a class=\"cover\" href=\"\/fotoksiazka\/szablony\/sesja-noworodkowa\/\"> <img src=\"https:\/\/cdn-printu.pullit.pl\/media\/catalog\/cache\/LpXpqZ4aCqiURbdZwFhmNzuCClsJNfMbMoDG%252F8q7tWJnFjzZBtiucanWvILnggJrbhrL0LthT3xxYA%253D%253D\/sesja_noworodkowa.jpg\" \/>\r\n<div class=\"lay1\"><\/div> \r\n<div class=\"see\">Zobacz szablon<\/div><\/a> \r\n<h3><a href=\"\/fotoksiazka\/szablony\/sesja-noworodkowa\/\">Sesja noworodkowa<\/a><\/h3>\r\n<\/div> \r\n<div>\r\n<a class=\"cover\" href=\"\/fotoksiazka\/szablony\/momenty-warte-zapamietania\/\"> <img src=\"https:\/\/cdn-printu.pullit.pl\/media\/catalog\/cache\/LpXpqZ4aCqiURbdZw6SpthXlhO1yvWlvDnKmwTv6WNrjlG3mLMk6SlJj4QqsyKSybckypf0tSn%252FAvQ%253D%253D\/momenty_warte_zapamietania.jpg\" \/>\r\n<div class=\"lay1\"><\/div> \r\n<div class=\"see\">Zobacz szablon<\/div><\/a> \r\n<h3><a href=\"\/fotoksiazka\/szablony\/momenty-warte-zapamietania\/#!\">Momenty warte zapami\u0119tania<\/a><\/h3>\r\n<\/div> \r\n<div>\r\n<a class=\"cover\" href=\"\/fotoksiazka\/szablony\/album-dla-dziecka\/\"> <img src=\"https:\/\/cdn-printu.pullit.pl\/media\/catalog\/cache\/LpXpqZ4aCqiURbdZwSI1UiQ%252BLBVejvxlHbYCGjWtcDQSjB1tYBkl2zBiyCts%252FmNEOw%252FyqGV7L57xSg%253D%253D\/album_dla_dziecka.jpg\" \/>\r\n<div class=\"lay1\"><\/div> \r\n<div class=\"see\">Zobacz szablon<\/div><\/a> \r\n<h3><a href=\"\/fotoksiazka\/szablony\/album-dla-dziecka\/\">Album dla dziecka<\/a><\/h3>\r\n<\/div> \r\n<div>\r\n<a class=\"cover\" href=\"\/fotoksiazka\/szablony\/pierwszy-rok-zycia-dziecka\/\"> <img src=\"https:\/\/cdn-printu.pullit.pl\/media\/catalog\/cache\/LpXpqZ4aCqiURbdZwSkQF2uEOkTELRIB5tggwRhxjoUYwA5DMmvF6LBRVTznp05irkaubmlkRYdUQA%253D%253D\/pierwszy_rok_zycia_dziecka.jpg\" \/>\r\n<div class=\"lay1\"><\/div> \r\n<div class=\"see\">Zobacz szablon<\/div><\/a> \r\n<h3><a href=\"\/fotoksiazka\/szablony\/pierwszy-rok-zycia-dziecka\/\">Pierwszy rok \u017cycia dziecka<\/a><\/h3>\r\n<\/div> \r\n<div>\r\n<a class=\"cover\" href=\"\/fotoksiazka\/szablony\/mietowo-mi\/\"> <img src=\"https:\/\/cdn-printu.pullit.pl\/media\/catalog\/cache\/LpXpqZ4aCqiURbdZw6SsPnJr8WIFkdgOyd%252FRnE91eCHXueqhxCa%252B1HDYUP2Xjt5tQeQRbGJMtLBvsw%253D%253D\/mietowo_mi.jpg\" \/>\r\n<div class=\"lay1\"><\/div> \r\n<div class=\"see\">Zobacz szablon<\/div><\/a> \r\n<h3><a href=\"\/fotoksiazka\/szablony\/mietowo-mi\/\">Mi\u0119towo mi<\/a><\/h3>\r\n<\/div> \r\n<div>\r\n<a class=\"cover\" href=\"\/fotoksiazka\/szablony\/roczek\/\"> <img src=\"https:\/\/cdn-printu.pullit.pl\/media\/catalog\/cache\/LpXpqZ4aCqiURbdZwSsKpRHDEuWH0uOqmjrkkjA0w5ebGHmva4q2a41ijFJA%252B%252FtCGHCxhfVr7Vxdlg%253D%253D\/roczek.jpg\" \/>\r\n<div class=\"lay1\"><\/div> \r\n<div class=\"see\">Zobacz szablon<\/div><\/a> \r\n<h3><a href=\"\/fotoksiazka\/szablony\/roczek\/\">Roczek<\/a><\/h3>\r\n<\/div> \r\n<div>\r\n<a class=\"cover\" href=\"\/fotoksiazka\/szablony\/piekne-wspomnienia\/\"> <img src=\"https:\/\/cdn-printu.pullit.pl\/media\/catalog\/cache\/LpXpqZ4aCqiURbdZw6OidJ6vmAI%252FpOCDwPkMXlcg3tS7PsW9a%252Fp1gL3DJNxOJcKzrXLkNuZPh2x%252BMw%253D%253D\/piekne_wspomnienia.jpg\" \/>\r\n<div class=\"lay1\"><\/div> \r\n<div class=\"see\">Zobacz szablon<\/div><\/a> \r\n<h3><a href=\"\/fotoksiazka\/szablony\/piekne-wspomnienia\/\">Pi\u0119kne wspomnienia<\/a><\/h3>\r\n<\/div> \r\n<div>\r\n<a class=\"cover\" href=\"\/fotoksiazka\/szablony\/pamietnik-ciazy\/\"> <img src=\"https:\/\/cdn-printu.pullit.pl\/media\/catalog\/cache\/LpXpqZ4aCqiURbdZwSI7pYroKlQQ7JD62%252BzvSzPUlgCIKWuEb1X5YGFzACiRbB4Yy3aU9pDX3g8www%253D%253D\/pamietnik_ciazy.jpg\" \/>\r\n<div class=\"lay1\"><\/div> \r\n<div class=\"see\">Zobacz szablon<\/div><\/a> \r\n<h3><a href=\"\/fotoksiazka\/szablony\/pamietnik-ciazy\/\">Pami\u0119tnik ci\u0105\u017cy<\/a><\/h3>\r\n<\/div> \r\n<\/div>\r\n\n<div class=\"buttons\"><a class=\"button btn-v2\" href=\"https:\/\/printu.pl\/fotoksiazka\/szablony\/dzieci\/\">Wi\u0119cej szablon\u00f3w &gt;<\/a><\/div>\n<h2>Oryginalny prezent na roczek<\/h2>\n<p>Cz\u0119stymi podarunkami z okazji pierwszych urodzin s\u0105 zabawki. Ich producenci prze\u015bcigaj\u0105 si\u0119 w wymy\u015blaniu nowych wzor\u00f3w i modeli, a sklepowe p\u00f3\u0142ki uginaj\u0105 si\u0119 od misi\u00f3w, lalek i klock\u00f3w. Jednak wyb\u00f3r zabawki dla tak ma\u0142ego dziecka wymaga szczeg\u00f3lnej rozwagi. I chodzi tu nie tylko o to, aby wybra\u0107 <strong>oryginalny prezent na roczek<\/strong>, ale przede wszystkim o to, aby by\u0142 on w pe\u0142ni bezpieczny dla ma\u0142ego w\u0142a\u015bciciela.<\/p>\n<p>Zbyt ma\u0142e elementy w zabawce mog\u0105 zosta\u0107 przez dziecko po\u0142kni\u0119te. Poza tym zbyt g\u0142o\u015bne graj\u0105ce zabawki mog\u0105 by\u0107 dla niekt\u00f3rych maluch\u00f3w m\u0119cz\u0105ce i najzwyczajniej dziecko mo\u017ce jej si\u0119 ba\u0107. Dlatego te\u017c nale\u017cy pami\u0119ta\u0107, \u017ce <strong>oryginalny prezent na roczek musi by\u0107 jednocze\u015bnie bezpieczny i funkcjonalny<\/strong>.<\/p>\n<div class=\"buttons\"><a class=\"button btn-v2\" href=\"https:\/\/printu.pl\/fotoksiazka\/\">Poznaj fotoksi\u0105\u017ck\u0119 &gt;<\/a><\/div>\n<h2>Fotoksi\u0105\u017cka na pierwsze urodziny<\/h2>\n<p>Ciekaw\u0105 propozycj\u0105 prezentu na roczek jest <strong>fotoksi\u0105\u017cka<\/strong>. I chocia\u017c pozornie wydaje si\u0119 to zbyt powa\u017cny podarunek dla dziecka, fotoksi\u0105\u017cka na <strong>pierwsze urodziny<\/strong> mo\u017ce okaza\u0107 si\u0119 strza\u0142em w dziesi\u0105tk\u0119. Jej wysoka jako\u015b\u0107 wykonania i wydruku zdj\u0119\u0107 sprawi\u0105, \u017ce nawet amatorskie zdj\u0119cia malucha \u2013 kt\u00f3rych w pierwszym roku \u017cycia wykonano pewnie w tysi\u0105cach \u2013 b\u0119d\u0105 prezentowa\u0142y g\u0142\u0119bokie barwy i ostro\u015b\u0107 fotografii.<\/p>\n<p>Zgromadzone w formie<strong> dziennika pierwszego roku \u017cycia<\/strong> b\u0119d\u0105 wspania\u0142\u0105 pami\u0105tk\u0105 dla ma\u0142ego solenizanta na lata. Bowiem fotoksi\u0105\u017cka na pierwsze urodziny b\u0119dzie dostarcza\u0142a niezwyk\u0142ych emocji nie tylko w dniu urodzin, ale r\u00f3wnie\u017c za ka\u017cdym razem, kiedy jej w\u0142a\u015bciciel b\u0119dzie po ni\u0105 si\u0119ga\u0142 w przysz\u0142o\u015bci.<\/p>\n<h2>Prezent dla dziecka i rodzic\u00f3w<\/h2>\n<p>Zakup fotoksi\u0105\u017cki na pierwsze urodziny warto rozwa\u017cy\u0107 r\u00f3wnie\u017c z innego powodu. Dobrze przemy\u015blana b\u0119dzie ciekawym podarunkiem nie tylko dla ma\u0142ego solenizanta, ale r\u00f3wnie\u017c mi\u0142\u0105 niespodziank\u0105 dla jego rodzic\u00f3w. Zaj\u0119ci opiek\u0105 nad najm\u0142odszym cz\u0142onkiem rodziny, nie maj\u0105 z regu\u0142y czasu wywo\u0142a\u0107 zdj\u0119\u0107 robionych swojej pociesze.<strong> Fotoksi\u0105\u017cka na pierwsze urodziny<\/strong> b\u0119dzie zatem mi\u0142\u0105 niespodziank\u0105 r\u00f3wnie\u017c dla nich. W ko\u0144cu kto\u015b zgromadzi i uporz\u0105dkuje zdj\u0119cia ich skarbu w jednym miejscu.<\/p>\n<h2>Jeden produkt, wiele mo\u017cliwo\u015bci<\/h2>\n<p>Zalet\u0105 <strong>fotoksi\u0105\u017cki na pierwsze urodziny<\/strong> jest mo\u017cliwo\u015b\u0107 autorskiego projektowania jej wygl\u0105du. Drukarnie udost\u0119pniaj\u0105 r\u00f3\u017cne szablony na t\u0119 okazj\u0119. Mo\u017cna przygotowa\u0107 album wy\u0142\u0105cznie ze zdj\u0119ciami malucha lub uzupe\u0142ni\u0107 go o zdj\u0119cia najbli\u017cszych cz\u0142onk\u00f3w rodziny. <strong>Fotografie mog\u0105 dotyczy\u0107 ca\u0142ego pierwszego roku \u017cycia<\/strong> lub jedynie najciekawszych wydarze\u0144 z tego okresu. Pierwszy z\u0105bek, moment, w kiedym maluch sam siedzia\u0142 czy czas raczkowania to momenty, kt\u00f3re warto uwieczni\u0107.<\/p>\n<p>Fotoksi\u0105\u017cka pozwoli na <strong>wyeksponowanie wszystkich wzruszaj\u0105cych moment\u00f3w w odpowiedni spos\u00f3b<\/strong>. R\u00f3\u017cnorodne szablony sprawiaj\u0105 r\u00f3wnie\u017c, \u017ce kwestia tego co kupi\u0107 na roczek nie b\u0119dzie ju\u017c \u017cadnym problemem.<\/p>\n<figure id=\"attachment_91\" aria-describedby=\"caption-attachment-91\" style=\"width: 990px\" class=\"wp-caption alignnone\"><a href=\"https:\/\/printu.pl\/fotoksiazka\/szablony\/dzieci\/\"><img loading=\"lazy\" class=\"wp-image-91 size-full\" src=\"https:\/\/printu.pl\/inspiracje\/wp-content\/uploads\/2017\/12\/12144119\/fotoksiazka.jpg\" alt=\"\" width=\"990\" height=\"540\" \/><\/a><figcaption id=\"caption-attachment-91\" class=\"wp-caption-text\">Zobacz szablon &#8220;Album dla dziecka&#8221; i inne szablony dzieci\u0119ce<\/figcaption><\/figure>\n<div class=\"buttons\"><a class=\"button btn-v2\" href=\"https:\/\/printu.pl\/fotoksiazka\/szablony\/dzieci\/\">Wi\u0119cej szablon\u00f3w &gt;<\/a><\/div>\n","protected":false},"excerpt":{"rendered":"<p>Pierwsze urodziny ka\u017cdego dziecka s\u0105 wyj\u0105tkowe. Przez pierwszy rok \u017cycia zachodzi tyle zmian w jego \u017cyciu, \u017ce naprawd\u0119 warto odpowiednio uczci\u0107 up\u0142yw ostatnich dwunastu miesi\u0119cy.<\/p>\n","protected":false},"author":5,"featured_media":2239,"comment_status":"closed","ping_status":"closed","sticky":false,"template":"","format":"standard","meta":[],"categories":[24],"tags":[],"acf":[],"yoast_head":"<!-- This site is optimized with the Yoast SEO plugin v18.9 - https:\/\/yoast.com\/wordpress\/plugins\/seo\/ -->\n<title>Pierwsze urodziny dziecka. Co kupi\u0107 na roczek? - PRINTU<\/title>\n<meta name=\"robots\" content=\"index, follow, max-snippet:-1, max-image-preview:large, max-video-preview:-1\" \/>\n<link rel=\"canonical\" href=\"https:\/\/printu.pl\/inspiracje\/co-kupic-na-roczek\/\" \/>\n<meta property=\"og:locale\" content=\"pl_PL\" \/>\n<meta property=\"og:type\" content=\"article\" \/>\n<meta property=\"og:title\" content=\"Pierwsze urodziny dziecka. Co kupi\u0107 na roczek? - PRINTU\" \/>\n<meta property=\"og:description\" content=\"Pierwsze urodziny ka\u017cdego dziecka s\u0105 wyj\u0105tkowe. Przez pierwszy rok \u017cycia zachodzi tyle zmian w jego \u017cyciu, \u017ce naprawd\u0119 warto odpowiednio uczci\u0107 up\u0142yw ostatnich dwunastu miesi\u0119cy.\" \/>\n<meta property=\"og:url\" content=\"https:\/\/printu.pl\/inspiracje\/co-kupic-na-roczek\/\" \/>\n<meta property=\"og:site_name\" content=\"PRINTU\" \/>\n<meta property=\"article:published_time\" content=\"2018-02-19T18:06:55+00:00\" \/>\n<meta property=\"og:image\" content=\"https:\/\/printu.pl\/inspiracje\/wp-content\/uploads\/2018\/02\/14194908\/insp342-dzieci06.jpg\" \/>\n\t<meta property=\"og:image:width\" content=\"990\" \/>\n\t<meta property=\"og:image:height\" content=\"540\" \/>\n\t<meta property=\"og:image:type\" content=\"image\/jpeg\" \/>\n<meta name=\"twitter:card\" content=\"summary\" \/>\n<meta name=\"twitter:label1\" content=\"Written by\" \/>\n\t<meta name=\"twitter:data1\" content=\"Paulina\" \/>\n\t<meta name=\"twitter:label2\" content=\"Est. reading time\" \/>\n\t<meta name=\"twitter:data2\" content=\"4 minutes\" \/>\n<!-- \/ Yoast SEO plugin. -->","yoast_head_json":{"title":"Pierwsze urodziny dziecka. Co kupi\u0107 na roczek? - PRINTU","robots":{"index":"index","follow":"follow","max-snippet":"max-snippet:-1","max-image-preview":"max-image-preview:large","max-video-preview":"max-video-preview:-1"},"canonical":"https:\/\/printu.pl\/inspiracje\/co-kupic-na-roczek\/","og_locale":"pl_PL","og_type":"article","og_title":"Pierwsze urodziny dziecka. Co kupi\u0107 na roczek? - PRINTU","og_description":"Pierwsze urodziny ka\u017cdego dziecka s\u0105 wyj\u0105tkowe. Przez pierwszy rok \u017cycia zachodzi tyle zmian w jego \u017cyciu, \u017ce naprawd\u0119 warto odpowiednio uczci\u0107 up\u0142yw ostatnich dwunastu miesi\u0119cy.","og_url":"https:\/\/printu.pl\/inspiracje\/co-kupic-na-roczek\/","og_site_name":"PRINTU","article_published_time":"2018-02-19T18:06:55+00:00","og_image":[{"width":990,"height":540,"url":"https:\/\/printu.pl\/inspiracje\/wp-content\/uploads\/2018\/02\/14194908\/insp342-dzieci06.jpg","type":"image\/jpeg"}],"twitter_card":"summary","twitter_misc":{"Written by":"Paulina","Est. reading time":"4 minutes"},"schema":{"@context":"https:\/\/schema.org","@graph":[{"@type":"WebSite","@id":"https:\/\/printu.pl\/inspiracje\/#website","url":"https:\/\/printu.pl\/inspiracje\/","name":"PRINTU","description":"Poradnik","potentialAction":[{"@type":"SearchAction","target":{"@type":"EntryPoint","urlTemplate":"https:\/\/printu.pl\/inspiracje\/?s={search_term_string}"},"query-input":"required name=search_term_string"}],"inLanguage":"pl-PL"},{"@type":"ImageObject","inLanguage":"pl-PL","@id":"https:\/\/printu.pl\/inspiracje\/co-kupic-na-roczek\/#primaryimage","url":"https:\/\/printu.pl\/inspiracje\/wp-content\/uploads\/2018\/02\/14194908\/insp342-dzieci06.jpg","contentUrl":"https:\/\/printu.pl\/inspiracje\/wp-content\/uploads\/2018\/02\/14194908\/insp342-dzieci06.jpg","width":990,"height":540},{"@type":"WebPage","@id":"https:\/\/printu.pl\/inspiracje\/co-kupic-na-roczek\/#webpage","url":"https:\/\/printu.pl\/inspiracje\/co-kupic-na-roczek\/","name":"Pierwsze urodziny dziecka. Co kupi\u0107 na roczek? - PRINTU","isPartOf":{"@id":"https:\/\/printu.pl\/inspiracje\/#website"},"primaryImageOfPage":{"@id":"https:\/\/printu.pl\/inspiracje\/co-kupic-na-roczek\/#primaryimage"},"datePublished":"2018-02-19T18:06:55+00:00","dateModified":"2018-02-19T18:06:55+00:00","author":{"@id":"https:\/\/printu.pl\/inspiracje\/#\/schema\/person\/47f4f333314db9401b0d2d73438dedd1"},"breadcrumb":{"@id":"https:\/\/printu.pl\/inspiracje\/co-kupic-na-roczek\/#breadcrumb"},"inLanguage":"pl-PL","potentialAction":[{"@type":"ReadAction","target":["https:\/\/printu.pl\/inspiracje\/co-kupic-na-roczek\/"]}]},{"@type":"BreadcrumbList","@id":"https:\/\/printu.pl\/inspiracje\/co-kupic-na-roczek\/#breadcrumb","itemListElement":[{"@type":"ListItem","position":1,"name":"Poradnik","item":"https:\/\/printu.pl\/inspiracje\/"},{"@type":"ListItem","position":2,"name":"Dzieci","item":"https:\/\/printu.pl\/inspiracje\/k-dzieci\/"},{"@type":"ListItem","position":3,"name":"Pierwsze urodziny dziecka. Co kupi\u0107 na roczek?"}]},{"@type":"Person","@id":"https:\/\/printu.pl\/inspiracje\/#\/schema\/person\/47f4f333314db9401b0d2d73438dedd1","name":"Paulina"}]}},"_links":{"self":[{"href":"https:\/\/printu.pl\/inspiracje\/wp-json\/wp\/v2\/posts\/2200"}],"collection":[{"href":"https:\/\/printu.pl\/inspiracje\/wp-json\/wp\/v2\/posts"}],"about":[{"href":"https:\/\/printu.pl\/inspiracje\/wp-json\/wp\/v2\/types\/post"}],"author":[{"embeddable":true,"href":"https:\/\/printu.pl\/inspiracje\/wp-json\/wp\/v2\/users\/5"}],"replies":[{"embeddable":true,"href":"https:\/\/printu.pl\/inspiracje\/wp-json\/wp\/v2\/comments?post=2200"}],"version-history":[{"count":3,"href":"https:\/\/printu.pl\/inspiracje\/wp-json\/wp\/v2\/posts\/2200\/revisions"}],"predecessor-version":[{"id":2262,"href":"https:\/\/printu.pl\/inspiracje\/wp-json\/wp\/v2\/posts\/2200\/revisions\/2262"}],"wp:featuredmedia":[{"embeddable":true,"href":"https:\/\/printu.pl\/inspiracje\/wp-json\/wp\/v2\/media\/2239"}],"wp:attachment":[{"href":"https:\/\/printu.pl\/inspiracje\/wp-json\/wp\/v2\/media?parent=2200"}],"wp:term":[{"taxonomy":"category","embeddable":true,"href":"https:\/\/printu.pl\/inspiracje\/wp-json\/wp\/v2\/categories?post=2200"},{"taxonomy":"post_tag","embeddable":true,"href":"https:\/\/printu.pl\/inspiracje\/wp-json\/wp\/v2\/tags?post=2200"}],"curies":[{"name":"wp","href":"https:\/\/api.w.org\/{rel}","templated":true}]}}